{"id":14284,"date":"2019-12-03T10:40:46","date_gmt":"2019-12-03T13:40:46","guid":{"rendered":"http:\/\/srv.portalnpm.com.br\/?p=14284"},"modified":"2019-12-03T10:40:46","modified_gmt":"2019-12-03T13:40:46","slug":"lula-recorre-ao-supremo-contra-condenacao-do-trf-4-no-caso-do-sitio","status":"publish","type":"post","link":"https:\/\/portalnpm.com\/index.php\/2019\/12\/03\/lula-recorre-ao-supremo-contra-condenacao-do-trf-4-no-caso-do-sitio\/","title":{"rendered":"Lula recorre ao Supremo contra condena\u00e7\u00e3o do TRF-4 no caso do s\u00edtio"},"content":{"rendered":"<p style=\"text-align: justify;\">A defesa do ex-presidente Luiz In\u00e1cio Lula da Silva (PT) pediu nesta segunda-feira, 2, ao Supremo Tribunal Federal (STF) a anula\u00e7\u00e3o do julgamento que levou \u00e0 condena\u00e7\u00e3o de 17 anos e um m\u00eas de pris\u00e3o imposta pelo Tribunal Regional Federal (TRF-4), o Tribunal da Lava Jato, no caso do s\u00edtio de Atibaia. A senten\u00e7a foi a mais pesada contra o petista, acusado de corrup\u00e7\u00e3o passiva e lavagem de dinheiro.<\/p>\n<p>&nbsp;<\/p>\n<p style=\"text-align: justify;\">O advogado Cristiano Zanin, que defende Lula, classificou como \u201cconstrangimento ilegal\u201d a decis\u00e3o do tribunal, que elevou a pena do petista antes prevista em 12 anos e 11 meses de reclus\u00e3o O defensor do ex-presidente afirma que, se o Supremo negar seguimento ao pedido, estaria cometendo uma \u201cgrave ilegalidade\u201d<\/p>\n<p style=\"text-align: justify;\">\u201cEm um Estado Democr\u00e1tico de Direito, n\u00e3o pode um constrangimento ilegal contra a liberdade de um cidad\u00e3o deixar de ser sanado pelo Poder Judici\u00e1rio por obst\u00e1culo de regra procedimental. Ali\u00e1s, muito pelo contr\u00e1rio, como j\u00e1 exposto acima, a possibilidade de imediato afastamento de constrangimento ilegal em Habeas Corpus \u00e9 previsto tanto em lei, como no Regimento Interno desta Excelsa Corte.\u201d<\/p>\n<p style=\"text-align: justify;\">A defesa alega que o desembargador Jo\u00e3o Pedro Gebran Neto, relator da Lava Jato no TRF-4, julgou o m\u00e9rito do processo enquanto haviam recursos que mereciam an\u00e1lise, em uma \u201cinvers\u00e3o tumultu\u00e1ria do processo\u201d. Zanin se refere a uma peti\u00e7\u00e3o avaliada em 30 de outubro relacionadas a troca de mensagens atribu\u00eddas aos procuradores da Lava Jato em Curitiba e o ex-juiz Sergio Moro. O pedido foi rejeitado, mas o prazo para recurso, segundo a defesa, iria at\u00e9 o dia 03 de dezembro.<\/p>\n<p style=\"text-align: justify;\">\u201cConsiderando que as referidas mensagens refor\u00e7am a suspei\u00e7\u00e3o tanto dos procuradores da Lava Jato, quanto do ex-Juiz S\u00e9rgio Moro, que instruiu quase a totalidade da a\u00e7\u00e3o penal que deu origem \u00e0 referida apela\u00e7\u00e3o \u2013 quest\u00e3o essa que foi arguida nas raz\u00f5es recursais, e tem potencial para anular todo o processo -, resta evidente que a suspei\u00e7\u00e3o e as demais quest\u00f5es prejudiciais de m\u00e9rito n\u00e3o poderiam ter sido analisadas antes do esgotamento dos recursos cab\u00edveis sobre essa mat\u00e9ria\u201d, argumenta Zanin.<\/p>\n<p style=\"text-align: justify;\">S\u00edtio de Atibaia<\/p>\n<p style=\"text-align: justify;\">Por unanimidade, o TRF-4 condenou Lula a 17 anos e um m\u00eas de pris\u00e3o na a\u00e7\u00e3o penal sobre o s\u00edtio de Atibaia, em S\u00e3o Paulo. O petista \u00e9 acusado de corrup\u00e7\u00e3o passiva e lavagem de dinheiro em obras e reformas avaliadas em R$ 1 milh\u00e3o no im\u00f3vel, que est\u00e1 em nome de Fernando Bittar, filho do amigo de Lula e ex-prefeito de Campinas, Jac\u00f3 Bittar.<\/p>\n<p style=\"text-align: justify;\">A Lava Jato apontou que o s\u00edtio passou por tr\u00eas reformas: uma sob comando do pecuarista Jos\u00e9 Carlos Bumlai, no valor de R$ 150 mil, outra da Odebrecht, de R$ 700 mil, e uma terceira reforma na cozinha, pela OAS, de R$ 170 mil. Total de R$ 1,02 milh\u00e3o gastos pelos acusados. Os pagamentos tiveram rela\u00e7\u00e3o com neg\u00f3cios na Petrobras e os caixas de propinas acertados entre as empreiteiras e o PT.<\/p>\n<p style=\"text-align: justify;\">\u201cA responsabilidade do ex-presidente Lula \u00e9 bastante elevada. Ocupava o grau de m\u00e1ximo dirigente da na\u00e7\u00e3o brasileira\u201d, registrou o desembargador Gebran Neto, relator da Lava Jato, em seu voto. \u201cHavia a expectativa que se comportasse em conformidade com o Direito e que coibisse ilicitudes. Ao rev\u00e9s disso, o que se verifica, nesses casos, \u00e9 uma participa\u00e7\u00e3o e uma responsabiliza\u00e7\u00e3o pela pratica dos diversos atos de corrup\u00e7\u00e3o.\u201d<\/p>\n<p style=\"text-align: justify;\">Sua posi\u00e7\u00e3o foi acompanhada pelos desembargadores Leandro Paulsen e Carlos Eduardo Thompson Flores, da 8\u00aa Turma.<\/p>\n<p style=\"text-align: justify;\"><strong>Fonte<\/strong>: Estad\u00e3o Conte\u00fado<\/p>\n","protected":false},"excerpt":{"rendered":"<p>A defesa do ex-presidente Luiz In\u00e1cio Lula da Silva (PT) pediu nesta segunda-feira, 2, ao Supremo Tribunal Federal (STF) a anula\u00e7\u00e3o do julgamento que levou \u00e0 condena\u00e7\u00e3o de 17 anos e um m\u00eas de pris\u00e3o imposta pelo Tribunal Regional Federal (TRF-4), o Tribunal da Lava Jato, no caso do s\u00edtio de Atibaia. A senten\u00e7a foi &hellip;<\/p>\n","protected":false},"author":8,"featured_media":14285,"comment_status":"open","ping_status":"open","sticky":false,"template":"","format":"standard","meta":{"content-type":"","rop_custom_images_group":[],"rop_custom_messages_group":[],"rop_publish_now":"initial","rop_publish_now_accounts":{"facebook_2648258775420054_1618374048415101":""},"rop_publish_now_history":[],"rop_publish_now_status":"pending","footnotes":"","_jetpack_memberships_contains_paid_content":false},"categories":[130],"tags":[536,3611,1635],"yoast_head":"<!-- This site is optimized with the Yoast SEO plugin v22.3 - https:\/\/yoast.com\/wordpress\/plugins\/seo\/ -->\n<title>Lula recorre ao Supremo contra condena\u00e7\u00e3o do TRF-4 no caso do s\u00edtio - Portal NPM<\/title>\n<meta name=\"robots\" content=\"index, follow, max-snippet:-1, max-image-preview:large, max-video-preview:-1\" \/>\n<link rel=\"canonical\" href=\"https:\/\/portalnpm.com\/index.php\/2019\/12\/03\/lula-recorre-ao-supremo-contra-condenacao-do-trf-4-no-caso-do-sitio\/\" \/>\n<meta property=\"og:locale\" content=\"pt_BR\" \/>\n<meta property=\"og:type\" content=\"article\" \/>\n<meta property=\"og:title\" content=\"Lula recorre ao Supremo contra condena\u00e7\u00e3o do TRF-4 no caso do s\u00edtio - Portal NPM\" \/>\n<meta property=\"og:description\" content=\"A defesa do ex-presidente Luiz In\u00e1cio Lula da Silva (PT) pediu nesta segunda-feira, 2, ao Supremo Tribunal Federal (STF) a anula\u00e7\u00e3o do julgamento que levou \u00e0 condena\u00e7\u00e3o de 17 anos e um m\u00eas de pris\u00e3o imposta pelo Tribunal Regional Federal (TRF-4), o Tribunal da Lava Jato, no caso do s\u00edtio de Atibaia. A senten\u00e7a foi &hellip;\" \/>\n<meta property=\"og:url\" content=\"https:\/\/portalnpm.com\/index.php\/2019\/12\/03\/lula-recorre-ao-supremo-contra-condenacao-do-trf-4-no-caso-do-sitio\/\" \/>\n<meta property=\"og:site_name\" content=\"Portal NPM\" \/>\n<meta property=\"article:published_time\" content=\"2019-12-03T13:40:46+00:00\" \/>\n<meta name=\"author\" content=\"Zenilton Lima\" \/>\n<meta name=\"twitter:card\" content=\"summary_large_image\" \/>\n<meta name=\"twitter:label1\" content=\"Escrito por\" \/>\n\t<meta name=\"twitter:data1\" content=\"Zenilton Lima\" \/>\n\t<meta name=\"twitter:label2\" content=\"Est. tempo de leitura\" \/>\n\t<meta name=\"twitter:data2\" content=\"3 minutos\" \/>\n<script type=\"application\/ld+json\" class=\"yoast-schema-graph\">{\"@context\":\"https:\/\/schema.org\",\"@graph\":[{\"@type\":\"WebPage\",\"@id\":\"https:\/\/portalnpm.com\/index.php\/2019\/12\/03\/lula-recorre-ao-supremo-contra-condenacao-do-trf-4-no-caso-do-sitio\/\",\"url\":\"https:\/\/portalnpm.com\/index.php\/2019\/12\/03\/lula-recorre-ao-supremo-contra-condenacao-do-trf-4-no-caso-do-sitio\/\",\"name\":\"Lula recorre ao Supremo contra condena\u00e7\u00e3o do TRF-4 no caso do s\u00edtio - Portal NPM\",\"isPartOf\":{\"@id\":\"https:\/\/portalnpm.com\/#website\"},\"primaryImageOfPage\":{\"@id\":\"https:\/\/portalnpm.com\/index.php\/2019\/12\/03\/lula-recorre-ao-supremo-contra-condenacao-do-trf-4-no-caso-do-sitio\/#primaryimage\"},\"image\":{\"@id\":\"https:\/\/portalnpm.com\/index.php\/2019\/12\/03\/lula-recorre-ao-supremo-contra-condenacao-do-trf-4-no-caso-do-sitio\/#primaryimage\"},\"thumbnailUrl\":\"\",\"datePublished\":\"2019-12-03T13:40:46+00:00\",\"dateModified\":\"2019-12-03T13:40:46+00:00\",\"author\":{\"@id\":\"https:\/\/portalnpm.com\/#\/schema\/person\/35cb55186eae3f074b6783da6d35591e\"},\"breadcrumb\":{\"@id\":\"https:\/\/portalnpm.com\/index.php\/2019\/12\/03\/lula-recorre-ao-supremo-contra-condenacao-do-trf-4-no-caso-do-sitio\/#breadcrumb\"},\"inLanguage\":\"pt-BR\",\"potentialAction\":[{\"@type\":\"ReadAction\",\"target\":[\"https:\/\/portalnpm.com\/index.php\/2019\/12\/03\/lula-recorre-ao-supremo-contra-condenacao-do-trf-4-no-caso-do-sitio\/\"]}]},{\"@type\":\"ImageObject\",\"inLanguage\":\"pt-BR\",\"@id\":\"https:\/\/portalnpm.com\/index.php\/2019\/12\/03\/lula-recorre-ao-supremo-contra-condenacao-do-trf-4-no-caso-do-sitio\/#primaryimage\",\"url\":\"\",\"contentUrl\":\"\"},{\"@type\":\"BreadcrumbList\",\"@id\":\"https:\/\/portalnpm.com\/index.php\/2019\/12\/03\/lula-recorre-ao-supremo-contra-condenacao-do-trf-4-no-caso-do-sitio\/#breadcrumb\",\"itemListElement\":[{\"@type\":\"ListItem\",\"position\":1,\"name\":\"In\u00edcio\",\"item\":\"https:\/\/portalnpm.com\/\"},{\"@type\":\"ListItem\",\"position\":2,\"name\":\"Lula recorre ao Supremo contra condena\u00e7\u00e3o do TRF-4 no caso do s\u00edtio\"}]},{\"@type\":\"WebSite\",\"@id\":\"https:\/\/portalnpm.com\/#website\",\"url\":\"https:\/\/portalnpm.com\/\",\"name\":\"Portal NPM\",\"description\":\"Not\u00edcias em Primeira M\u00e3o\",\"potentialAction\":[{\"@type\":\"SearchAction\",\"target\":{\"@type\":\"EntryPoint\",\"urlTemplate\":\"https:\/\/portalnpm.com\/?s={search_term_string}\"},\"query-input\":\"required name=search_term_string\"}],\"inLanguage\":\"pt-BR\"},{\"@type\":\"Person\",\"@id\":\"https:\/\/portalnpm.com\/#\/schema\/person\/35cb55186eae3f074b6783da6d35591e\",\"name\":\"Zenilton Lima\",\"image\":{\"@type\":\"ImageObject\",\"inLanguage\":\"pt-BR\",\"@id\":\"https:\/\/portalnpm.com\/#\/schema\/person\/image\/\",\"url\":\"https:\/\/portalnpm.com\/wp-content\/uploads\/2024\/12\/avatar_user_8_1733658137-96x96.jpeg\",\"contentUrl\":\"https:\/\/portalnpm.com\/wp-content\/uploads\/2024\/12\/avatar_user_8_1733658137-96x96.jpeg\",\"caption\":\"Zenilton Lima\"},\"url\":\"https:\/\/portalnpm.com\/index.php\/author\/zenilton\/\"}]}<\/script>\n<!-- \/ Yoast SEO plugin. -->","yoast_head_json":{"title":"Lula recorre ao Supremo contra condena\u00e7\u00e3o do TRF-4 no caso do s\u00edtio - Portal NPM","robots":{"index":"index","follow":"follow","max-snippet":"max-snippet:-1","max-image-preview":"max-image-preview:large","max-video-preview":"max-video-preview:-1"},"canonical":"https:\/\/portalnpm.com\/index.php\/2019\/12\/03\/lula-recorre-ao-supremo-contra-condenacao-do-trf-4-no-caso-do-sitio\/","og_locale":"pt_BR","og_type":"article","og_title":"Lula recorre ao Supremo contra condena\u00e7\u00e3o do TRF-4 no caso do s\u00edtio - Portal NPM","og_description":"A defesa do ex-presidente Luiz In\u00e1cio Lula da Silva (PT) pediu nesta segunda-feira, 2, ao Supremo Tribunal Federal (STF) a anula\u00e7\u00e3o do julgamento que levou \u00e0 condena\u00e7\u00e3o de 17 anos e um m\u00eas de pris\u00e3o imposta pelo Tribunal Regional Federal (TRF-4), o Tribunal da Lava Jato, no caso do s\u00edtio de Atibaia. A senten\u00e7a foi &hellip;","og_url":"https:\/\/portalnpm.com\/index.php\/2019\/12\/03\/lula-recorre-ao-supremo-contra-condenacao-do-trf-4-no-caso-do-sitio\/","og_site_name":"Portal NPM","article_published_time":"2019-12-03T13:40:46+00:00","author":"Zenilton Lima","twitter_card":"summary_large_image","twitter_misc":{"Escrito por":"Zenilton Lima","Est. tempo de leitura":"3 minutos"},"schema":{"@context":"https:\/\/schema.org","@graph":[{"@type":"WebPage","@id":"https:\/\/portalnpm.com\/index.php\/2019\/12\/03\/lula-recorre-ao-supremo-contra-condenacao-do-trf-4-no-caso-do-sitio\/","url":"https:\/\/portalnpm.com\/index.php\/2019\/12\/03\/lula-recorre-ao-supremo-contra-condenacao-do-trf-4-no-caso-do-sitio\/","name":"Lula recorre ao Supremo contra condena\u00e7\u00e3o do TRF-4 no caso do s\u00edtio - Portal NPM","isPartOf":{"@id":"https:\/\/portalnpm.com\/#website"},"primaryImageOfPage":{"@id":"https:\/\/portalnpm.com\/index.php\/2019\/12\/03\/lula-recorre-ao-supremo-contra-condenacao-do-trf-4-no-caso-do-sitio\/#primaryimage"},"image":{"@id":"https:\/\/portalnpm.com\/index.php\/2019\/12\/03\/lula-recorre-ao-supremo-contra-condenacao-do-trf-4-no-caso-do-sitio\/#primaryimage"},"thumbnailUrl":"","datePublished":"2019-12-03T13:40:46+00:00","dateModified":"2019-12-03T13:40:46+00:00","author":{"@id":"https:\/\/portalnpm.com\/#\/schema\/person\/35cb55186eae3f074b6783da6d35591e"},"breadcrumb":{"@id":"https:\/\/portalnpm.com\/index.php\/2019\/12\/03\/lula-recorre-ao-supremo-contra-condenacao-do-trf-4-no-caso-do-sitio\/#breadcrumb"},"inLanguage":"pt-BR","potentialAction":[{"@type":"ReadAction","target":["https:\/\/portalnpm.com\/index.php\/2019\/12\/03\/lula-recorre-ao-supremo-contra-condenacao-do-trf-4-no-caso-do-sitio\/"]}]},{"@type":"ImageObject","inLanguage":"pt-BR","@id":"https:\/\/portalnpm.com\/index.php\/2019\/12\/03\/lula-recorre-ao-supremo-contra-condenacao-do-trf-4-no-caso-do-sitio\/#primaryimage","url":"","contentUrl":""},{"@type":"BreadcrumbList","@id":"https:\/\/portalnpm.com\/index.php\/2019\/12\/03\/lula-recorre-ao-supremo-contra-condenacao-do-trf-4-no-caso-do-sitio\/#breadcrumb","itemListElement":[{"@type":"ListItem","position":1,"name":"In\u00edcio","item":"https:\/\/portalnpm.com\/"},{"@type":"ListItem","position":2,"name":"Lula recorre ao Supremo contra condena\u00e7\u00e3o do TRF-4 no caso do s\u00edtio"}]},{"@type":"WebSite","@id":"https:\/\/portalnpm.com\/#website","url":"https:\/\/portalnpm.com\/","name":"Portal NPM","description":"Not\u00edcias em Primeira M\u00e3o","potentialAction":[{"@type":"SearchAction","target":{"@type":"EntryPoint","urlTemplate":"https:\/\/portalnpm.com\/?s={search_term_string}"},"query-input":"required name=search_term_string"}],"inLanguage":"pt-BR"},{"@type":"Person","@id":"https:\/\/portalnpm.com\/#\/schema\/person\/35cb55186eae3f074b6783da6d35591e","name":"Zenilton Lima","image":{"@type":"ImageObject","inLanguage":"pt-BR","@id":"https:\/\/portalnpm.com\/#\/schema\/person\/image\/","url":"https:\/\/portalnpm.com\/wp-content\/uploads\/2024\/12\/avatar_user_8_1733658137-96x96.jpeg","contentUrl":"https:\/\/portalnpm.com\/wp-content\/uploads\/2024\/12\/avatar_user_8_1733658137-96x96.jpeg","caption":"Zenilton Lima"},"url":"https:\/\/portalnpm.com\/index.php\/author\/zenilton\/"}]}},"jetpack_sharing_enabled":true,"jetpack_featured_media_url":"","_links":{"self":[{"href":"https:\/\/portalnpm.com\/index.php\/wp-json\/wp\/v2\/posts\/14284"}],"collection":[{"href":"https:\/\/portalnpm.com\/index.php\/wp-json\/wp\/v2\/posts"}],"about":[{"href":"https:\/\/portalnpm.com\/index.php\/wp-json\/wp\/v2\/types\/post"}],"author":[{"embeddable":true,"href":"https:\/\/portalnpm.com\/index.php\/wp-json\/wp\/v2\/users\/8"}],"replies":[{"embeddable":true,"href":"https:\/\/portalnpm.com\/index.php\/wp-json\/wp\/v2\/comments?post=14284"}],"version-history":[{"count":0,"href":"https:\/\/portalnpm.com\/index.php\/wp-json\/wp\/v2\/posts\/14284\/revisions"}],"wp:featuredmedia":[{"embeddable":true,"href":"https:\/\/portalnpm.com\/index.php\/wp-json\/"}],"wp:attachment":[{"href":"https:\/\/portalnpm.com\/index.php\/wp-json\/wp\/v2\/media?parent=14284"}],"wp:term":[{"taxonomy":"category","embeddable":true,"href":"https:\/\/portalnpm.com\/index.php\/wp-json\/wp\/v2\/categories?post=14284"},{"taxonomy":"post_tag","embeddable":true,"href":"https:\/\/portalnpm.com\/index.php\/wp-json\/wp\/v2\/tags?post=14284"}],"curies":[{"name":"wp","href":"https:\/\/api.w.org\/{rel}","templated":true}]}}