{"id":14335,"date":"2019-12-07T13:01:04","date_gmt":"2019-12-07T16:01:04","guid":{"rendered":"http:\/\/srv.portalnpm.com.br\/?p=14335"},"modified":"2019-12-07T13:01:04","modified_gmt":"2019-12-07T16:01:04","slug":"firmino-filho-nao-descarta-alianca-com-pt-para-2022-e-fala-em-magica-do-senador-ciro-nogueira","status":"publish","type":"post","link":"https:\/\/portalnpm.com\/index.php\/2019\/12\/07\/firmino-filho-nao-descarta-alianca-com-pt-para-2022-e-fala-em-magica-do-senador-ciro-nogueira\/","title":{"rendered":"Firmino Filho n\u00e3o descarta alian\u00e7a com PT para 2022 e fala em &#8220;m\u00e1gica&#8221; do senador Ciro Nogueira"},"content":{"rendered":"<p style=\"text-align: justify;\">O prefeito de Teresina, Firmino Filho (PSDB), n\u00e3o descarta uma coliga\u00e7\u00e3o do PT com o PSDB nas elei\u00e7\u00f5es de 2022, por\u00e9m ressaltou que ocorreria via senador Ciro Nogueira, presidente nacional do Progressistas. A declara\u00e7\u00e3o foi dada em entrevista ontem (6) na sa\u00edda de\u00a0<a href=\"https:\/\/cidadeverde.com\/noticias\/313662\/ciro-nogueira-e-firmino-pagam-promessa-e-percorrem-50-km-em-prol-de-prefeito\">uma romaria ao lado de Ciro Nogueira<\/a>\u00a0e do presidente da sigla no Piau\u00ed, deputado J\u00falio Arcoverde.<\/p>\n<p style=\"text-align: justify;\">\n<p style=\"text-align: justify;\">Firmino Filho revelou que seria pouco prov\u00e1vel uma coliga\u00e7\u00e3o com Wellington Dias nas elei\u00e7\u00f5es para o governo, mas que ela poderia ocorrer com interven\u00e7\u00e3o de Ciro Nogueira.<\/p>\n<p style=\"text-align: justify;\">&#8220;2022 est\u00e1 muito longe. Acho pouco prov\u00e1vel, mas o Ciro \u00e9 meio m\u00e1gico, vamos ver se ele consegue fazer essa m\u00e1gica&#8221;, brincou.<\/p>\n<p style=\"text-align: justify;\">Ciro e Firmino v\u00e3o passar as pr\u00f3ximas 40 horas em caminhada at\u00e9 o munic\u00edpio de Pau D\u2019Arco, em uma romaria religiosa. Na sa\u00edda do percurso, o senador Ciro Nogueira reafirmou sua alian\u00e7a com o prefeito de Teresina tanto para as elei\u00e7\u00f5es de 2020 como para 2022.<\/p>\n<p style=\"text-align: justify;\"><img fetchpriority=\"high\" decoding=\"async\" class=\"aligncenter size-full wp-image-14337\" src=\"http:\/\/portalnpm.com\/wp-content\/uploads\/2019\/12\/cb249503af744cd4db318c1851344275.jpg\" alt=\"\" width=\"790\" height=\"526\" \/><\/p>\n<p style=\"text-align: justify;\">Ao ser questionado sobre a escolha da chapa majorit\u00e1ria para o governo e Senado em 2022, Ciro assinalou que o nome majorit\u00e1rio ser\u00e1 de um progressista. &#8220;Primeiro, vai se escolher um candidato a governo, que eu defendo que seja do Progressistas. Depois n\u00f3s vamos tratar dessas quest\u00f5es de senado. Todo mundo sabe que \u00e9 eu candidato preferido \u00e9 o governador Wellington Dias&#8221;, disse Ciro.<\/p>\n<p style=\"text-align: justify;\">O senador assinalou ainda a cria\u00e7\u00e3o de uma outra chapa caso n\u00e3o haja um entendimento diante das condi\u00e7\u00f5es do Progressistas na coliga\u00e7\u00e3o com o PT. &#8220;Vamos ter uma chapa alternativa se n\u00e3o houver (um entendimento) e n\u00f3s vamos ter um enfrentamento, n\u00e3o tenho d\u00favidas. Mas, podem ter certeza que o prefeito Firmino vai estar comigo. Minha alian\u00e7a com ele \u00e9 indissol\u00favel. N\u00f3s vamos estar no palanque em 2022 e quero muito contar com o Wellington tamb\u00e9m&#8221;, afirmou.<\/p>\n<p style=\"text-align: justify;\"><strong>Alian\u00e7a com Wellington Dias<\/strong><\/p>\n<p style=\"text-align: justify;\">Sobre a pol\u00eamica dos \u00e1udios que circularam nas redes sociais com declara\u00e7\u00f5es sobre a alian\u00e7a com Wellington Dias, Ciro afirmou que coliga\u00e7\u00e3o com o governador \u00e9 consolidada. \u201cO \u00e1udio mais importante sou eu aqui. Tenho uma alian\u00e7a consolidada com o governador que n\u00e3o \u00e9 de agora, \u00e9 de oito anos. A minha alian\u00e7a maior que eu tenho \u00e9 com o Piau\u00ed\u201d, afirmou o senador apontando o pagamento do funcionalismo p\u00fablico e a liga\u00e7\u00e3o com os prefeitos como fruto dessa alian\u00e7a.<\/p>\n<p style=\"text-align: justify;\"><strong>Silvio Mendes<\/strong><\/p>\n<p style=\"text-align: justify;\">Ciro revelou ainda o nome de S\u00edlvio Mendes como um nome forte para a sucess\u00e3o de Firmino Filho em 2020.<\/p>\n<p style=\"text-align: justify;\">\u201cO ex-prefeito S\u00edlvio Mendes \u00e9 um nome acima de qualquer refer\u00eancia. O comando dessa sucess\u00e3o \u00e9 com o prefeito Firmino, tanto o nome de prefeito como o de vice. A escolha que ele fizer vai contar com o apoio dos progressistas\u201d, disse.<\/p>\n<p style=\"text-align: justify;\"><strong>F\u00e1bio Novo<\/strong><\/p>\n<p style=\"text-align: justify;\">Para o senador, o nome escolhido pelo PT para a pr\u00e9-candidatura na capital foi assertivo. \u201cF\u00e1bio (Novo) \u00e9 um homem que tem uma hist\u00f3ria bonita, um homem corajoso, competente. Acho que o PT escolheu seu melhor nome. Tem que ser assim, escolher sempre o melhor nome\u201d, avaliou.<\/p>\n<p style=\"text-align: justify;\"><strong>Governo Bolsonaro<\/strong><\/p>\n<p style=\"text-align: justify;\">O senador progressista voltou a apontar a instabilidade do governo de Bolsonaro como fator negativo para o comando do pa\u00eds. \u201c\u00c9 um governo com muita instabilidade. O pa\u00eds est\u00e1 precisando de estabilidade. Mas \u00e9 um governo corajoso que est\u00e1 fazendo algumas medidas certas, agora precisa de mais estabilidade&#8221;.<\/p>\n<p style=\"text-align: justify;\"><strong><em>Fonte: Valmir Mac\u00eado<br \/>\nvalmirmacedo@cidadeverde.com<\/em><\/strong><\/p>\n","protected":false},"excerpt":{"rendered":"<p>O prefeito de Teresina, Firmino Filho (PSDB), n\u00e3o descarta uma coliga\u00e7\u00e3o do PT com o PSDB nas elei\u00e7\u00f5es de 2022, por\u00e9m ressaltou que ocorreria via senador Ciro Nogueira, presidente nacional do Progressistas. A declara\u00e7\u00e3o foi dada em entrevista ontem (6) na sa\u00edda de\u00a0uma romaria ao lado de Ciro Nogueira\u00a0e do presidente da sigla no Piau\u00ed, &hellip;<\/p>\n","protected":false},"author":4,"featured_media":14336,"comment_status":"open","ping_status":"open","sticky":false,"template":"","format":"standard","meta":{"content-type":"","rop_custom_images_group":[],"rop_custom_messages_group":[],"rop_publish_now":"initial","rop_publish_now_accounts":{"facebook_2648258775420054_1618374048415101":""},"rop_publish_now_history":[],"rop_publish_now_status":"pending","footnotes":"","_jetpack_memberships_contains_paid_content":false},"categories":[113,130],"tags":[444,535,741,403],"yoast_head":"<!-- This site is optimized with the Yoast SEO plugin v22.3 - https:\/\/yoast.com\/wordpress\/plugins\/seo\/ -->\n<title>Firmino Filho n\u00e3o descarta alian\u00e7a com PT para 2022 e fala em &quot;m\u00e1gica&quot; do senador Ciro Nogueira - Portal NPM<\/title>\n<meta name=\"robots\" content=\"index, follow, max-snippet:-1, max-image-preview:large, max-video-preview:-1\" \/>\n<link rel=\"canonical\" href=\"https:\/\/portalnpm.com\/index.php\/2019\/12\/07\/firmino-filho-nao-descarta-alianca-com-pt-para-2022-e-fala-em-magica-do-senador-ciro-nogueira\/\" \/>\n<meta property=\"og:locale\" content=\"pt_BR\" \/>\n<meta property=\"og:type\" content=\"article\" \/>\n<meta property=\"og:title\" content=\"Firmino Filho n\u00e3o descarta alian\u00e7a com PT para 2022 e fala em &quot;m\u00e1gica&quot; do senador Ciro Nogueira - Portal NPM\" \/>\n<meta property=\"og:description\" content=\"O prefeito de Teresina, Firmino Filho (PSDB), n\u00e3o descarta uma coliga\u00e7\u00e3o do PT com o PSDB nas elei\u00e7\u00f5es de 2022, por\u00e9m ressaltou que ocorreria via senador Ciro Nogueira, presidente nacional do Progressistas. A declara\u00e7\u00e3o foi dada em entrevista ontem (6) na sa\u00edda de\u00a0uma romaria ao lado de Ciro Nogueira\u00a0e do presidente da sigla no Piau\u00ed, &hellip;\" \/>\n<meta property=\"og:url\" content=\"https:\/\/portalnpm.com\/index.php\/2019\/12\/07\/firmino-filho-nao-descarta-alianca-com-pt-para-2022-e-fala-em-magica-do-senador-ciro-nogueira\/\" \/>\n<meta property=\"og:site_name\" content=\"Portal NPM\" \/>\n<meta property=\"article:published_time\" content=\"2019-12-07T16:01:04+00:00\" \/>\n<meta name=\"author\" content=\"Reda\u00e7\u00e3o\" \/>\n<meta name=\"twitter:card\" content=\"summary_large_image\" \/>\n<meta name=\"twitter:label1\" content=\"Escrito por\" \/>\n\t<meta name=\"twitter:data1\" content=\"Reda\u00e7\u00e3o\" \/>\n\t<meta name=\"twitter:label2\" content=\"Est. tempo de leitura\" \/>\n\t<meta name=\"twitter:data2\" content=\"3 minutos\" \/>\n<script type=\"application\/ld+json\" class=\"yoast-schema-graph\">{\"@context\":\"https:\/\/schema.org\",\"@graph\":[{\"@type\":\"WebPage\",\"@id\":\"https:\/\/portalnpm.com\/index.php\/2019\/12\/07\/firmino-filho-nao-descarta-alianca-com-pt-para-2022-e-fala-em-magica-do-senador-ciro-nogueira\/\",\"url\":\"https:\/\/portalnpm.com\/index.php\/2019\/12\/07\/firmino-filho-nao-descarta-alianca-com-pt-para-2022-e-fala-em-magica-do-senador-ciro-nogueira\/\",\"name\":\"Firmino Filho n\u00e3o descarta alian\u00e7a com PT para 2022 e fala em \\\"m\u00e1gica\\\" do senador Ciro Nogueira - Portal NPM\",\"isPartOf\":{\"@id\":\"https:\/\/portalnpm.com\/#website\"},\"primaryImageOfPage\":{\"@id\":\"https:\/\/portalnpm.com\/index.php\/2019\/12\/07\/firmino-filho-nao-descarta-alianca-com-pt-para-2022-e-fala-em-magica-do-senador-ciro-nogueira\/#primaryimage\"},\"image\":{\"@id\":\"https:\/\/portalnpm.com\/index.php\/2019\/12\/07\/firmino-filho-nao-descarta-alianca-com-pt-para-2022-e-fala-em-magica-do-senador-ciro-nogueira\/#primaryimage\"},\"thumbnailUrl\":\"\",\"datePublished\":\"2019-12-07T16:01:04+00:00\",\"dateModified\":\"2019-12-07T16:01:04+00:00\",\"author\":{\"@id\":\"https:\/\/portalnpm.com\/#\/schema\/person\/0b5f230ec96cee25504fa328e7f2b733\"},\"breadcrumb\":{\"@id\":\"https:\/\/portalnpm.com\/index.php\/2019\/12\/07\/firmino-filho-nao-descarta-alianca-com-pt-para-2022-e-fala-em-magica-do-senador-ciro-nogueira\/#breadcrumb\"},\"inLanguage\":\"pt-BR\",\"potentialAction\":[{\"@type\":\"ReadAction\",\"target\":[\"https:\/\/portalnpm.com\/index.php\/2019\/12\/07\/firmino-filho-nao-descarta-alianca-com-pt-para-2022-e-fala-em-magica-do-senador-ciro-nogueira\/\"]}]},{\"@type\":\"ImageObject\",\"inLanguage\":\"pt-BR\",\"@id\":\"https:\/\/portalnpm.com\/index.php\/2019\/12\/07\/firmino-filho-nao-descarta-alianca-com-pt-para-2022-e-fala-em-magica-do-senador-ciro-nogueira\/#primaryimage\",\"url\":\"\",\"contentUrl\":\"\"},{\"@type\":\"BreadcrumbList\",\"@id\":\"https:\/\/portalnpm.com\/index.php\/2019\/12\/07\/firmino-filho-nao-descarta-alianca-com-pt-para-2022-e-fala-em-magica-do-senador-ciro-nogueira\/#breadcrumb\",\"itemListElement\":[{\"@type\":\"ListItem\",\"position\":1,\"name\":\"In\u00edcio\",\"item\":\"https:\/\/portalnpm.com\/\"},{\"@type\":\"ListItem\",\"position\":2,\"name\":\"Firmino Filho n\u00e3o descarta alian\u00e7a com PT para 2022 e fala em &#8220;m\u00e1gica&#8221; do senador Ciro Nogueira\"}]},{\"@type\":\"WebSite\",\"@id\":\"https:\/\/portalnpm.com\/#website\",\"url\":\"https:\/\/portalnpm.com\/\",\"name\":\"Portal NPM\",\"description\":\"Not\u00edcias em Primeira M\u00e3o\",\"potentialAction\":[{\"@type\":\"SearchAction\",\"target\":{\"@type\":\"EntryPoint\",\"urlTemplate\":\"https:\/\/portalnpm.com\/?s={search_term_string}\"},\"query-input\":\"required name=search_term_string\"}],\"inLanguage\":\"pt-BR\"},{\"@type\":\"Person\",\"@id\":\"https:\/\/portalnpm.com\/#\/schema\/person\/0b5f230ec96cee25504fa328e7f2b733\",\"name\":\"Reda\u00e7\u00e3o\",\"image\":{\"@type\":\"ImageObject\",\"inLanguage\":\"pt-BR\",\"@id\":\"https:\/\/portalnpm.com\/#\/schema\/person\/image\/\",\"url\":\"https:\/\/portalnpm.com\/wp-content\/uploads\/2024\/03\/avatar_user_4_1710097212-96x96.png\",\"contentUrl\":\"https:\/\/portalnpm.com\/wp-content\/uploads\/2024\/03\/avatar_user_4_1710097212-96x96.png\",\"caption\":\"Reda\u00e7\u00e3o\"},\"url\":\"https:\/\/portalnpm.com\/index.php\/author\/redacao\/\"}]}<\/script>\n<!-- \/ Yoast SEO plugin. -->","yoast_head_json":{"title":"Firmino Filho n\u00e3o descarta alian\u00e7a com PT para 2022 e fala em \"m\u00e1gica\" do senador Ciro Nogueira - Portal NPM","robots":{"index":"index","follow":"follow","max-snippet":"max-snippet:-1","max-image-preview":"max-image-preview:large","max-video-preview":"max-video-preview:-1"},"canonical":"https:\/\/portalnpm.com\/index.php\/2019\/12\/07\/firmino-filho-nao-descarta-alianca-com-pt-para-2022-e-fala-em-magica-do-senador-ciro-nogueira\/","og_locale":"pt_BR","og_type":"article","og_title":"Firmino Filho n\u00e3o descarta alian\u00e7a com PT para 2022 e fala em \"m\u00e1gica\" do senador Ciro Nogueira - Portal NPM","og_description":"O prefeito de Teresina, Firmino Filho (PSDB), n\u00e3o descarta uma coliga\u00e7\u00e3o do PT com o PSDB nas elei\u00e7\u00f5es de 2022, por\u00e9m ressaltou que ocorreria via senador Ciro Nogueira, presidente nacional do Progressistas. A declara\u00e7\u00e3o foi dada em entrevista ontem (6) na sa\u00edda de\u00a0uma romaria ao lado de Ciro Nogueira\u00a0e do presidente da sigla no Piau\u00ed, &hellip;","og_url":"https:\/\/portalnpm.com\/index.php\/2019\/12\/07\/firmino-filho-nao-descarta-alianca-com-pt-para-2022-e-fala-em-magica-do-senador-ciro-nogueira\/","og_site_name":"Portal NPM","article_published_time":"2019-12-07T16:01:04+00:00","author":"Reda\u00e7\u00e3o","twitter_card":"summary_large_image","twitter_misc":{"Escrito por":"Reda\u00e7\u00e3o","Est. tempo de leitura":"3 minutos"},"schema":{"@context":"https:\/\/schema.org","@graph":[{"@type":"WebPage","@id":"https:\/\/portalnpm.com\/index.php\/2019\/12\/07\/firmino-filho-nao-descarta-alianca-com-pt-para-2022-e-fala-em-magica-do-senador-ciro-nogueira\/","url":"https:\/\/portalnpm.com\/index.php\/2019\/12\/07\/firmino-filho-nao-descarta-alianca-com-pt-para-2022-e-fala-em-magica-do-senador-ciro-nogueira\/","name":"Firmino Filho n\u00e3o descarta alian\u00e7a com PT para 2022 e fala em \"m\u00e1gica\" do senador Ciro Nogueira - Portal NPM","isPartOf":{"@id":"https:\/\/portalnpm.com\/#website"},"primaryImageOfPage":{"@id":"https:\/\/portalnpm.com\/index.php\/2019\/12\/07\/firmino-filho-nao-descarta-alianca-com-pt-para-2022-e-fala-em-magica-do-senador-ciro-nogueira\/#primaryimage"},"image":{"@id":"https:\/\/portalnpm.com\/index.php\/2019\/12\/07\/firmino-filho-nao-descarta-alianca-com-pt-para-2022-e-fala-em-magica-do-senador-ciro-nogueira\/#primaryimage"},"thumbnailUrl":"","datePublished":"2019-12-07T16:01:04+00:00","dateModified":"2019-12-07T16:01:04+00:00","author":{"@id":"https:\/\/portalnpm.com\/#\/schema\/person\/0b5f230ec96cee25504fa328e7f2b733"},"breadcrumb":{"@id":"https:\/\/portalnpm.com\/index.php\/2019\/12\/07\/firmino-filho-nao-descarta-alianca-com-pt-para-2022-e-fala-em-magica-do-senador-ciro-nogueira\/#breadcrumb"},"inLanguage":"pt-BR","potentialAction":[{"@type":"ReadAction","target":["https:\/\/portalnpm.com\/index.php\/2019\/12\/07\/firmino-filho-nao-descarta-alianca-com-pt-para-2022-e-fala-em-magica-do-senador-ciro-nogueira\/"]}]},{"@type":"ImageObject","inLanguage":"pt-BR","@id":"https:\/\/portalnpm.com\/index.php\/2019\/12\/07\/firmino-filho-nao-descarta-alianca-com-pt-para-2022-e-fala-em-magica-do-senador-ciro-nogueira\/#primaryimage","url":"","contentUrl":""},{"@type":"BreadcrumbList","@id":"https:\/\/portalnpm.com\/index.php\/2019\/12\/07\/firmino-filho-nao-descarta-alianca-com-pt-para-2022-e-fala-em-magica-do-senador-ciro-nogueira\/#breadcrumb","itemListElement":[{"@type":"ListItem","position":1,"name":"In\u00edcio","item":"https:\/\/portalnpm.com\/"},{"@type":"ListItem","position":2,"name":"Firmino Filho n\u00e3o descarta alian\u00e7a com PT para 2022 e fala em &#8220;m\u00e1gica&#8221; do senador Ciro Nogueira"}]},{"@type":"WebSite","@id":"https:\/\/portalnpm.com\/#website","url":"https:\/\/portalnpm.com\/","name":"Portal NPM","description":"Not\u00edcias em Primeira M\u00e3o","potentialAction":[{"@type":"SearchAction","target":{"@type":"EntryPoint","urlTemplate":"https:\/\/portalnpm.com\/?s={search_term_string}"},"query-input":"required name=search_term_string"}],"inLanguage":"pt-BR"},{"@type":"Person","@id":"https:\/\/portalnpm.com\/#\/schema\/person\/0b5f230ec96cee25504fa328e7f2b733","name":"Reda\u00e7\u00e3o","image":{"@type":"ImageObject","inLanguage":"pt-BR","@id":"https:\/\/portalnpm.com\/#\/schema\/person\/image\/","url":"https:\/\/portalnpm.com\/wp-content\/uploads\/2024\/03\/avatar_user_4_1710097212-96x96.png","contentUrl":"https:\/\/portalnpm.com\/wp-content\/uploads\/2024\/03\/avatar_user_4_1710097212-96x96.png","caption":"Reda\u00e7\u00e3o"},"url":"https:\/\/portalnpm.com\/index.php\/author\/redacao\/"}]}},"jetpack_sharing_enabled":true,"jetpack_featured_media_url":"","_links":{"self":[{"href":"https:\/\/portalnpm.com\/index.php\/wp-json\/wp\/v2\/posts\/14335"}],"collection":[{"href":"https:\/\/portalnpm.com\/index.php\/wp-json\/wp\/v2\/posts"}],"about":[{"href":"https:\/\/portalnpm.com\/index.php\/wp-json\/wp\/v2\/types\/post"}],"author":[{"embeddable":true,"href":"https:\/\/portalnpm.com\/index.php\/wp-json\/wp\/v2\/users\/4"}],"replies":[{"embeddable":true,"href":"https:\/\/portalnpm.com\/index.php\/wp-json\/wp\/v2\/comments?post=14335"}],"version-history":[{"count":0,"href":"https:\/\/portalnpm.com\/index.php\/wp-json\/wp\/v2\/posts\/14335\/revisions"}],"wp:featuredmedia":[{"embeddable":true,"href":"https:\/\/portalnpm.com\/index.php\/wp-json\/"}],"wp:attachment":[{"href":"https:\/\/portalnpm.com\/index.php\/wp-json\/wp\/v2\/media?parent=14335"}],"wp:term":[{"taxonomy":"category","embeddable":true,"href":"https:\/\/portalnpm.com\/index.php\/wp-json\/wp\/v2\/categories?post=14335"},{"taxonomy":"post_tag","embeddable":true,"href":"https:\/\/portalnpm.com\/index.php\/wp-json\/wp\/v2\/tags?post=14335"}],"curies":[{"name":"wp","href":"https:\/\/api.w.org\/{rel}","templated":true}]}}