{"id":14396,"date":"2019-12-11T08:26:43","date_gmt":"2019-12-11T11:26:43","guid":{"rendered":"http:\/\/srv.portalnpm.com.br\/?p=14396"},"modified":"2019-12-11T08:26:43","modified_gmt":"2019-12-11T11:26:43","slug":"ex-senador-joao-vicente-diz-que-e-meta-do-ptb-ter-candidato-em-2022-e-nao-descarta-alianca-com-pt","status":"publish","type":"post","link":"https:\/\/portalnpm.com\/index.php\/2019\/12\/11\/ex-senador-joao-vicente-diz-que-e-meta-do-ptb-ter-candidato-em-2022-e-nao-descarta-alianca-com-pt\/","title":{"rendered":"Ex-senador Jo\u00e3o Vicente diz que \u00e9 meta do PTB ter candidato em 2022 e n\u00e3o descarta alian\u00e7a com PT"},"content":{"rendered":"<p style=\"text-align: justify;\">O ex-senador Jo\u00e3o Vicente Claudino, presidente estadual do PTB, revelou nesta ter\u00e7a-feira (10) que \u00e9 meta do seu partido lan\u00e7ar candidato a governador em 2022. Segundo ele, isso \u00e9 um objetivo a ser perseguido e vai depender muito do desempenho da legenda nas elei\u00e7\u00f5es municipais. JVC n\u00e3o descarta, inclusive, ser o nome a disputar a sucess\u00e3o do governador Wellington Dias, com o aval do pr\u00f3prio petista.<\/p>\n<p style=\"text-align: justify;\">\n<p style=\"text-align: justify;\">\u201c\u00c9 uma meta. Eu tive na reuni\u00e3o do PTB nacional em novembro e \u00e9 uma meta at\u00e9 do PTB nacional ter um candidato a presidente em 2022. Foi estabelecido isso l\u00e1. Ent\u00e3o, o PTB espera que nos estados se fa\u00e7a palanque. Se vai ter um candidato a presidente tem que ter os palanques nos estados\u201d, disse em entrevista \u00e0 TV Cidade Verde.<\/p>\n<p style=\"text-align: justify;\">Para Jo\u00e3o Vicente, \u00e9 normal que seu nome seja especulado para disputar o Pal\u00e1cio de Karnak. \u2018\u2019Dentro desse rol \u00e9 o natural, mas no meio desse caminho tem tantas lideran\u00e7as que est\u00e3o florescendo no PTB. A gente vai fazer com que isso se sedimente. E tamb\u00e9m aqueles que v\u00e3o vir para o partido. Vamos convidar lideran\u00e7as para virem pro PTB\u201d, destacou.<\/p>\n<p style=\"text-align: justify;\">O presidente estadual da sigla n\u00e3o descartou que esse cen\u00e1rio aconte\u00e7a com o apoio do pr\u00f3prio PT. \u201cO PTB construiu essa alian\u00e7a (com o PT) na campanha passada e n\u00f3s hoje, como presidente, consolidamos esse entendimento e vamos seguir nesse caminho que agrada a grande maioria do PTB\u201d, afirmou, ressaltando que o resultado das urnas em 2020 ser\u00e1 muito importante para o partido.<\/p>\n<p style=\"text-align: justify;\">\u201cSe o PTB sair forte como n\u00f3s estamos planejando para 2020, ter essa sua reconstru\u00e7\u00e3o e o crescimento efetivo de triplicarmos o n\u00famero de vereadores, no m\u00ednimo dobrarmos o n\u00famero de prefeitos. Se consolidar voltar a ser uma grande for\u00e7a pol\u00edtica dentro do estado do Piau\u00ed, ele se credencia a ter nomes e quadros para 2022\u201d, afirmou.<\/p>\n<p style=\"text-align: justify;\"><img fetchpriority=\"high\" decoding=\"async\" class=\"aligncenter size-full wp-image-14398\" src=\"http:\/\/portalnpm.com\/wp-content\/uploads\/2019\/12\/07-25-27-c5065ec962a66fdc2af0bf0491ca3fe1.jpg\" alt=\"\" width=\"790\" height=\"526\" \/><\/p>\n<p style=\"text-align: justify;\"><strong>Partido tamb\u00e9m de olho no Pal\u00e1cio da Cidade<\/strong><\/p>\n<p style=\"text-align: justify;\">Se o PTB j\u00e1 est\u00e1 de olho no Pal\u00e1cio de Karnak, imagine no Pal\u00e1cio da Cidade. A legenda tamb\u00e9m n\u00e3o descarta lan\u00e7ar um nome para disputar a sucess\u00e3o do prefeito de Teresina, Firmino Filho.<\/p>\n<p style=\"text-align: justify;\">\u201cN\u00e3o \u00e9 uma tend\u00eancia descartada. Quando o presidente Roberto Jefferson esteve aqui, ele levou um relat\u00f3rio que nos pediu sobre possibilidade de candidatura e em quantos munic\u00edpios do Piau\u00ed. Naquele momento n\u00f3s informamos que ir\u00edamos lan\u00e7ar candidatos em 55 munic\u00edpios \u2013 esse n\u00famero at\u00e9 j\u00e1 se ampliou depois dessa visita dele \u2013 e at\u00e9 inclu\u00edmos Teresina. Se vai ocorrer, vamos amadurecer. N\u00f3s t\u00ednhamos que mostrar que, naquele momento, a possibilidade existia. Se l\u00e1 na frente isso se consolida, o tempo \u00e9 que vai dizer\u201d, afirmou em entrevista \u00e0 TV Cidade Verde.<\/p>\n<p style=\"text-align: justify;\">Jo\u00e3o Vicente ressaltou que tamb\u00e9m n\u00e3o est\u00e3o descartadas alian\u00e7as com outros partidos, no entanto, tudo tem que ser constru\u00eddo no di\u00e1logo.<\/p>\n<p style=\"text-align: justify;\">\u201cO PTB s\u00f3 teve duas posturas em Teresina at\u00e9 hoje: em 2012 e 2016 candidatura pr\u00f3pria e nos outros momentos foi aliado do PSDB. S\u00f3 vivemos esses dois momentos. Qualquer outro momento que v\u00e1 viver ou ser vivido pelo PTB ser\u00e1 um momento novo. Tem que ser constru\u00eddo com muita transpar\u00eancia, sinceridade, para quem est\u00e1 fora dos partidos, ou seja, a popula\u00e7\u00e3o\u201d, finalizou.<\/p>\n<p style=\"text-align: justify;\"><strong>Fonte: Cidade Verde<\/strong><\/p>\n","protected":false},"excerpt":{"rendered":"<p>O ex-senador Jo\u00e3o Vicente Claudino, presidente estadual do PTB, revelou nesta ter\u00e7a-feira (10) que \u00e9 meta do seu partido lan\u00e7ar candidato a governador em 2022. Segundo ele, isso \u00e9 um objetivo a ser perseguido e vai depender muito do desempenho da legenda nas elei\u00e7\u00f5es municipais. JVC n\u00e3o descarta, inclusive, ser o nome a disputar a &hellip;<\/p>\n","protected":false},"author":4,"featured_media":14397,"comment_status":"open","ping_status":"open","sticky":false,"template":"","format":"standard","meta":{"content-type":"","rop_custom_images_group":[],"rop_custom_messages_group":[],"rop_publish_now":"initial","rop_publish_now_accounts":{"facebook_2648258775420054_1618374048415101":""},"rop_publish_now_history":[],"rop_publish_now_status":"pending","footnotes":"","_jetpack_memberships_contains_paid_content":false},"categories":[113,130],"tags":[444,1583,403,1236],"yoast_head":"<!-- This site is optimized with the Yoast SEO plugin v22.3 - https:\/\/yoast.com\/wordpress\/plugins\/seo\/ -->\n<title>Ex-senador Jo\u00e3o Vicente diz que \u00e9 meta do PTB ter candidato em 2022 e n\u00e3o descarta alian\u00e7a com PT - Portal NPM<\/title>\n<meta name=\"robots\" content=\"index, follow, max-snippet:-1, max-image-preview:large, max-video-preview:-1\" \/>\n<link rel=\"canonical\" href=\"https:\/\/portalnpm.com\/index.php\/2019\/12\/11\/ex-senador-joao-vicente-diz-que-e-meta-do-ptb-ter-candidato-em-2022-e-nao-descarta-alianca-com-pt\/\" \/>\n<meta property=\"og:locale\" content=\"pt_BR\" \/>\n<meta property=\"og:type\" content=\"article\" \/>\n<meta property=\"og:title\" content=\"Ex-senador Jo\u00e3o Vicente diz que \u00e9 meta do PTB ter candidato em 2022 e n\u00e3o descarta alian\u00e7a com PT - Portal NPM\" \/>\n<meta property=\"og:description\" content=\"O ex-senador Jo\u00e3o Vicente Claudino, presidente estadual do PTB, revelou nesta ter\u00e7a-feira (10) que \u00e9 meta do seu partido lan\u00e7ar candidato a governador em 2022. Segundo ele, isso \u00e9 um objetivo a ser perseguido e vai depender muito do desempenho da legenda nas elei\u00e7\u00f5es municipais. JVC n\u00e3o descarta, inclusive, ser o nome a disputar a &hellip;\" \/>\n<meta property=\"og:url\" content=\"https:\/\/portalnpm.com\/index.php\/2019\/12\/11\/ex-senador-joao-vicente-diz-que-e-meta-do-ptb-ter-candidato-em-2022-e-nao-descarta-alianca-com-pt\/\" \/>\n<meta property=\"og:site_name\" content=\"Portal NPM\" \/>\n<meta property=\"article:published_time\" content=\"2019-12-11T11:26:43+00:00\" \/>\n<meta name=\"author\" content=\"Reda\u00e7\u00e3o\" \/>\n<meta name=\"twitter:card\" content=\"summary_large_image\" \/>\n<meta name=\"twitter:label1\" content=\"Escrito por\" \/>\n\t<meta name=\"twitter:data1\" content=\"Reda\u00e7\u00e3o\" \/>\n\t<meta name=\"twitter:label2\" content=\"Est. tempo de leitura\" \/>\n\t<meta name=\"twitter:data2\" content=\"3 minutos\" \/>\n<script type=\"application\/ld+json\" class=\"yoast-schema-graph\">{\"@context\":\"https:\/\/schema.org\",\"@graph\":[{\"@type\":\"WebPage\",\"@id\":\"https:\/\/portalnpm.com\/index.php\/2019\/12\/11\/ex-senador-joao-vicente-diz-que-e-meta-do-ptb-ter-candidato-em-2022-e-nao-descarta-alianca-com-pt\/\",\"url\":\"https:\/\/portalnpm.com\/index.php\/2019\/12\/11\/ex-senador-joao-vicente-diz-que-e-meta-do-ptb-ter-candidato-em-2022-e-nao-descarta-alianca-com-pt\/\",\"name\":\"Ex-senador Jo\u00e3o Vicente diz que \u00e9 meta do PTB ter candidato em 2022 e n\u00e3o descarta alian\u00e7a com PT - Portal NPM\",\"isPartOf\":{\"@id\":\"https:\/\/portalnpm.com\/#website\"},\"primaryImageOfPage\":{\"@id\":\"https:\/\/portalnpm.com\/index.php\/2019\/12\/11\/ex-senador-joao-vicente-diz-que-e-meta-do-ptb-ter-candidato-em-2022-e-nao-descarta-alianca-com-pt\/#primaryimage\"},\"image\":{\"@id\":\"https:\/\/portalnpm.com\/index.php\/2019\/12\/11\/ex-senador-joao-vicente-diz-que-e-meta-do-ptb-ter-candidato-em-2022-e-nao-descarta-alianca-com-pt\/#primaryimage\"},\"thumbnailUrl\":\"\",\"datePublished\":\"2019-12-11T11:26:43+00:00\",\"dateModified\":\"2019-12-11T11:26:43+00:00\",\"author\":{\"@id\":\"https:\/\/portalnpm.com\/#\/schema\/person\/0b5f230ec96cee25504fa328e7f2b733\"},\"breadcrumb\":{\"@id\":\"https:\/\/portalnpm.com\/index.php\/2019\/12\/11\/ex-senador-joao-vicente-diz-que-e-meta-do-ptb-ter-candidato-em-2022-e-nao-descarta-alianca-com-pt\/#breadcrumb\"},\"inLanguage\":\"pt-BR\",\"potentialAction\":[{\"@type\":\"ReadAction\",\"target\":[\"https:\/\/portalnpm.com\/index.php\/2019\/12\/11\/ex-senador-joao-vicente-diz-que-e-meta-do-ptb-ter-candidato-em-2022-e-nao-descarta-alianca-com-pt\/\"]}]},{\"@type\":\"ImageObject\",\"inLanguage\":\"pt-BR\",\"@id\":\"https:\/\/portalnpm.com\/index.php\/2019\/12\/11\/ex-senador-joao-vicente-diz-que-e-meta-do-ptb-ter-candidato-em-2022-e-nao-descarta-alianca-com-pt\/#primaryimage\",\"url\":\"\",\"contentUrl\":\"\"},{\"@type\":\"BreadcrumbList\",\"@id\":\"https:\/\/portalnpm.com\/index.php\/2019\/12\/11\/ex-senador-joao-vicente-diz-que-e-meta-do-ptb-ter-candidato-em-2022-e-nao-descarta-alianca-com-pt\/#breadcrumb\",\"itemListElement\":[{\"@type\":\"ListItem\",\"position\":1,\"name\":\"In\u00edcio\",\"item\":\"https:\/\/portalnpm.com\/\"},{\"@type\":\"ListItem\",\"position\":2,\"name\":\"Ex-senador Jo\u00e3o Vicente diz que \u00e9 meta do PTB ter candidato em 2022 e n\u00e3o descarta alian\u00e7a com PT\"}]},{\"@type\":\"WebSite\",\"@id\":\"https:\/\/portalnpm.com\/#website\",\"url\":\"https:\/\/portalnpm.com\/\",\"name\":\"Portal NPM\",\"description\":\"Not\u00edcias em Primeira M\u00e3o\",\"potentialAction\":[{\"@type\":\"SearchAction\",\"target\":{\"@type\":\"EntryPoint\",\"urlTemplate\":\"https:\/\/portalnpm.com\/?s={search_term_string}\"},\"query-input\":\"required name=search_term_string\"}],\"inLanguage\":\"pt-BR\"},{\"@type\":\"Person\",\"@id\":\"https:\/\/portalnpm.com\/#\/schema\/person\/0b5f230ec96cee25504fa328e7f2b733\",\"name\":\"Reda\u00e7\u00e3o\",\"image\":{\"@type\":\"ImageObject\",\"inLanguage\":\"pt-BR\",\"@id\":\"https:\/\/portalnpm.com\/#\/schema\/person\/image\/\",\"url\":\"https:\/\/portalnpm.com\/wp-content\/uploads\/2024\/03\/avatar_user_4_1710097212-96x96.png\",\"contentUrl\":\"https:\/\/portalnpm.com\/wp-content\/uploads\/2024\/03\/avatar_user_4_1710097212-96x96.png\",\"caption\":\"Reda\u00e7\u00e3o\"},\"url\":\"https:\/\/portalnpm.com\/index.php\/author\/redacao\/\"}]}<\/script>\n<!-- \/ Yoast SEO plugin. -->","yoast_head_json":{"title":"Ex-senador Jo\u00e3o Vicente diz que \u00e9 meta do PTB ter candidato em 2022 e n\u00e3o descarta alian\u00e7a com PT - Portal NPM","robots":{"index":"index","follow":"follow","max-snippet":"max-snippet:-1","max-image-preview":"max-image-preview:large","max-video-preview":"max-video-preview:-1"},"canonical":"https:\/\/portalnpm.com\/index.php\/2019\/12\/11\/ex-senador-joao-vicente-diz-que-e-meta-do-ptb-ter-candidato-em-2022-e-nao-descarta-alianca-com-pt\/","og_locale":"pt_BR","og_type":"article","og_title":"Ex-senador Jo\u00e3o Vicente diz que \u00e9 meta do PTB ter candidato em 2022 e n\u00e3o descarta alian\u00e7a com PT - Portal NPM","og_description":"O ex-senador Jo\u00e3o Vicente Claudino, presidente estadual do PTB, revelou nesta ter\u00e7a-feira (10) que \u00e9 meta do seu partido lan\u00e7ar candidato a governador em 2022. Segundo ele, isso \u00e9 um objetivo a ser perseguido e vai depender muito do desempenho da legenda nas elei\u00e7\u00f5es municipais. JVC n\u00e3o descarta, inclusive, ser o nome a disputar a &hellip;","og_url":"https:\/\/portalnpm.com\/index.php\/2019\/12\/11\/ex-senador-joao-vicente-diz-que-e-meta-do-ptb-ter-candidato-em-2022-e-nao-descarta-alianca-com-pt\/","og_site_name":"Portal NPM","article_published_time":"2019-12-11T11:26:43+00:00","author":"Reda\u00e7\u00e3o","twitter_card":"summary_large_image","twitter_misc":{"Escrito por":"Reda\u00e7\u00e3o","Est. tempo de leitura":"3 minutos"},"schema":{"@context":"https:\/\/schema.org","@graph":[{"@type":"WebPage","@id":"https:\/\/portalnpm.com\/index.php\/2019\/12\/11\/ex-senador-joao-vicente-diz-que-e-meta-do-ptb-ter-candidato-em-2022-e-nao-descarta-alianca-com-pt\/","url":"https:\/\/portalnpm.com\/index.php\/2019\/12\/11\/ex-senador-joao-vicente-diz-que-e-meta-do-ptb-ter-candidato-em-2022-e-nao-descarta-alianca-com-pt\/","name":"Ex-senador Jo\u00e3o Vicente diz que \u00e9 meta do PTB ter candidato em 2022 e n\u00e3o descarta alian\u00e7a com PT - Portal NPM","isPartOf":{"@id":"https:\/\/portalnpm.com\/#website"},"primaryImageOfPage":{"@id":"https:\/\/portalnpm.com\/index.php\/2019\/12\/11\/ex-senador-joao-vicente-diz-que-e-meta-do-ptb-ter-candidato-em-2022-e-nao-descarta-alianca-com-pt\/#primaryimage"},"image":{"@id":"https:\/\/portalnpm.com\/index.php\/2019\/12\/11\/ex-senador-joao-vicente-diz-que-e-meta-do-ptb-ter-candidato-em-2022-e-nao-descarta-alianca-com-pt\/#primaryimage"},"thumbnailUrl":"","datePublished":"2019-12-11T11:26:43+00:00","dateModified":"2019-12-11T11:26:43+00:00","author":{"@id":"https:\/\/portalnpm.com\/#\/schema\/person\/0b5f230ec96cee25504fa328e7f2b733"},"breadcrumb":{"@id":"https:\/\/portalnpm.com\/index.php\/2019\/12\/11\/ex-senador-joao-vicente-diz-que-e-meta-do-ptb-ter-candidato-em-2022-e-nao-descarta-alianca-com-pt\/#breadcrumb"},"inLanguage":"pt-BR","potentialAction":[{"@type":"ReadAction","target":["https:\/\/portalnpm.com\/index.php\/2019\/12\/11\/ex-senador-joao-vicente-diz-que-e-meta-do-ptb-ter-candidato-em-2022-e-nao-descarta-alianca-com-pt\/"]}]},{"@type":"ImageObject","inLanguage":"pt-BR","@id":"https:\/\/portalnpm.com\/index.php\/2019\/12\/11\/ex-senador-joao-vicente-diz-que-e-meta-do-ptb-ter-candidato-em-2022-e-nao-descarta-alianca-com-pt\/#primaryimage","url":"","contentUrl":""},{"@type":"BreadcrumbList","@id":"https:\/\/portalnpm.com\/index.php\/2019\/12\/11\/ex-senador-joao-vicente-diz-que-e-meta-do-ptb-ter-candidato-em-2022-e-nao-descarta-alianca-com-pt\/#breadcrumb","itemListElement":[{"@type":"ListItem","position":1,"name":"In\u00edcio","item":"https:\/\/portalnpm.com\/"},{"@type":"ListItem","position":2,"name":"Ex-senador Jo\u00e3o Vicente diz que \u00e9 meta do PTB ter candidato em 2022 e n\u00e3o descarta alian\u00e7a com PT"}]},{"@type":"WebSite","@id":"https:\/\/portalnpm.com\/#website","url":"https:\/\/portalnpm.com\/","name":"Portal NPM","description":"Not\u00edcias em Primeira M\u00e3o","potentialAction":[{"@type":"SearchAction","target":{"@type":"EntryPoint","urlTemplate":"https:\/\/portalnpm.com\/?s={search_term_string}"},"query-input":"required name=search_term_string"}],"inLanguage":"pt-BR"},{"@type":"Person","@id":"https:\/\/portalnpm.com\/#\/schema\/person\/0b5f230ec96cee25504fa328e7f2b733","name":"Reda\u00e7\u00e3o","image":{"@type":"ImageObject","inLanguage":"pt-BR","@id":"https:\/\/portalnpm.com\/#\/schema\/person\/image\/","url":"https:\/\/portalnpm.com\/wp-content\/uploads\/2024\/03\/avatar_user_4_1710097212-96x96.png","contentUrl":"https:\/\/portalnpm.com\/wp-content\/uploads\/2024\/03\/avatar_user_4_1710097212-96x96.png","caption":"Reda\u00e7\u00e3o"},"url":"https:\/\/portalnpm.com\/index.php\/author\/redacao\/"}]}},"jetpack_sharing_enabled":true,"jetpack_featured_media_url":"","_links":{"self":[{"href":"https:\/\/portalnpm.com\/index.php\/wp-json\/wp\/v2\/posts\/14396"}],"collection":[{"href":"https:\/\/portalnpm.com\/index.php\/wp-json\/wp\/v2\/posts"}],"about":[{"href":"https:\/\/portalnpm.com\/index.php\/wp-json\/wp\/v2\/types\/post"}],"author":[{"embeddable":true,"href":"https:\/\/portalnpm.com\/index.php\/wp-json\/wp\/v2\/users\/4"}],"replies":[{"embeddable":true,"href":"https:\/\/portalnpm.com\/index.php\/wp-json\/wp\/v2\/comments?post=14396"}],"version-history":[{"count":0,"href":"https:\/\/portalnpm.com\/index.php\/wp-json\/wp\/v2\/posts\/14396\/revisions"}],"wp:featuredmedia":[{"embeddable":true,"href":"https:\/\/portalnpm.com\/index.php\/wp-json\/"}],"wp:attachment":[{"href":"https:\/\/portalnpm.com\/index.php\/wp-json\/wp\/v2\/media?parent=14396"}],"wp:term":[{"taxonomy":"category","embeddable":true,"href":"https:\/\/portalnpm.com\/index.php\/wp-json\/wp\/v2\/categories?post=14396"},{"taxonomy":"post_tag","embeddable":true,"href":"https:\/\/portalnpm.com\/index.php\/wp-json\/wp\/v2\/tags?post=14396"}],"curies":[{"name":"wp","href":"https:\/\/api.w.org\/{rel}","templated":true}]}}