{"id":14401,"date":"2019-12-11T14:50:21","date_gmt":"2019-12-11T17:50:21","guid":{"rendered":"http:\/\/srv.portalnpm.com.br\/?p=14401"},"modified":"2019-12-11T14:50:21","modified_gmt":"2019-12-11T17:50:21","slug":"sao-juliao-prefeito-dr-jonas-alencar-anuncia-atracoes-para-o-59o-aniversario-veja-programacao","status":"publish","type":"post","link":"https:\/\/portalnpm.com\/index.php\/2019\/12\/11\/sao-juliao-prefeito-dr-jonas-alencar-anuncia-atracoes-para-o-59o-aniversario-veja-programacao\/","title":{"rendered":"S\u00c3O JULI\u00c3O | Prefeito Dr. Jonas Alencar anuncia atra\u00e7\u00f5es para o 59\u00ba anivers\u00e1rio. Veja programa\u00e7\u00e3o!"},"content":{"rendered":"<p style=\"text-align: justify;\">O prefeito de S\u00e3o Juli\u00e3o \u2013 PI, Dr. Jonas (PSB) divulgou nesta tarde de quarta-feira, 11 de dezembro, as atra\u00e7\u00f5es da festa de 59 anos de emancipa\u00e7\u00e3o pol\u00edtica do munic\u00edpio.<\/p>\n<p>&nbsp;<\/p>\n<p style=\"text-align: justify;\">As atividades iniciam na tarde de ter\u00e7a-feira, dia 17 de dezembro, com Torneios de Damas, Domin\u00f3 e Sinuca na Pra\u00e7a Central de S\u00e3o Juli\u00e3o \u2013 PI.<\/p>\n<figure id=\"attachment_14402\" aria-describedby=\"caption-attachment-14402\" style=\"width: 768px\" class=\"wp-caption aligncenter\"><img fetchpriority=\"high\" decoding=\"async\" class=\"size-full wp-image-14402\" src=\"http:\/\/portalnpm.com\/wp-content\/uploads\/2019\/12\/436d3cd6-2c4e-401a-a234-7f55abe1519c.jpg\" alt=\"\" width=\"768\" height=\"768\" \/><figcaption id=\"caption-attachment-14402\" class=\"wp-caption-text\">Programa\u00e7\u00e3o dia 17 de dezembro \u2013 Dia do Evang\u00e9lico<\/figcaption><\/figure>\n<p style=\"text-align: justify;\">Na parte da noite do dia 17 de dezembro, Dia do Evang\u00e9lico, tem a programa\u00e7\u00e3o a partir das 17h envolvendo os evang\u00e9licos do munic\u00edpio.<\/p>\n<p style=\"text-align: justify;\">19h \u2013 Culto em Pra\u00e7a P\u00fablica com a prega\u00e7\u00e3o do preletor\u00a0<strong>Natanael Fa\u00e7anha<\/strong>\u00a0e no louvor as bandas\u00a0<strong>GDA<\/strong>\u00a0e\u00a0<strong>Gera\u00e7\u00e3o de Valores.<\/strong><\/p>\n<figure id=\"attachment_14403\" aria-describedby=\"caption-attachment-14403\" style=\"width: 768px\" class=\"wp-caption aligncenter\"><img decoding=\"async\" class=\"size-full wp-image-14403\" src=\"http:\/\/portalnpm.com\/wp-content\/uploads\/2019\/12\/7903b4f8-e844-4ca8-b07b-726563e8b8f1.jpg\" alt=\"\" width=\"768\" height=\"923\" \/><figcaption id=\"caption-attachment-14403\" class=\"wp-caption-text\">Programa\u00e7\u00e3o dia 18 de dezembro<\/figcaption><\/figure>\n<p style=\"text-align: justify;\">Na quarta-feira, dia 18 de dezembro, dia do anivers\u00e1rio de 59 anos de emancipa\u00e7\u00e3o pol\u00edtica de S\u00e3o Juli\u00e3o \u2013 PI, na parte da tarde, tem a final do Campeonato Municipal de Futebol Amador de S\u00e3o Juli\u00e3o \u2013 PI 2019.<\/p>\n<p style=\"text-align: justify;\">15H \u2013 Est\u00e1dio \u201cO Otacil\u00e3o\u201d \u2013 Final do campeonato entre\u00a0<strong>Real S\u00e3o Ju x Fujona<\/strong><\/p>\n<p style=\"text-align: justify;\">Na parte da noite, shows em Pra\u00e7a P\u00fablica com o cantor\u00a0<strong>Almir, ex-Fevers, Edson Lima e Gatinha Manhosa e o cantor Eric Land.<\/strong><\/p>\n<p style=\"text-align: justify;\"><strong>Sucessos do Almir, ex-Fevers:<\/strong><\/p>\n<p><iframe title=\"Almir Bezerra - 20 Super Sucessos Vol. 2 - (Completo \/ Oficial)\" width=\"500\" height=\"281\" src=\"https:\/\/www.youtube.com\/embed\/ucBCyb3jt5I?feature=oembed\" frameborder=\"0\" allow=\"accelerometer; autoplay; clipboard-write; encrypted-media; gyroscope; picture-in-picture; web-share\" referrerpolicy=\"strict-origin-when-cross-origin\" allowfullscreen><\/iframe><\/p>\n<p>https:\/\/youtu.be\/qo1e49qiCmQ?list=PLZvrsuBo0uybPoRkN3oLiawuZnrVzyRWZ<\/p>\n<p><strong>Novo repert\u00f3rio do Eric Land:<\/strong><\/p>\n<p>https:\/\/youtu.be\/SK7oA9_nfi0<\/p>\n<p><strong>Fonte<\/strong>: Portal \u00c9 Not\u00edcias<\/p>\n","protected":false},"excerpt":{"rendered":"<p>O prefeito de S\u00e3o Juli\u00e3o \u2013 PI, Dr. Jonas (PSB) divulgou nesta tarde de quarta-feira, 11 de dezembro, as atra\u00e7\u00f5es da festa de 59 anos de emancipa\u00e7\u00e3o pol\u00edtica do munic\u00edpio. &nbsp; As atividades iniciam na tarde de ter\u00e7a-feira, dia 17 de dezembro, com Torneios de Damas, Domin\u00f3 e Sinuca na Pra\u00e7a Central de S\u00e3o Juli\u00e3o &hellip;<\/p>\n","protected":false},"author":8,"featured_media":14404,"comment_status":"open","ping_status":"open","sticky":false,"template":"","format":"standard","meta":{"content-type":"","rop_custom_images_group":[],"rop_custom_messages_group":[],"rop_publish_now":"initial","rop_publish_now_accounts":{"facebook_2648258775420054_1618374048415101":""},"rop_publish_now_history":[],"rop_publish_now_status":"pending","footnotes":"","_jetpack_memberships_contains_paid_content":false},"categories":[136],"tags":[116,1323,3622],"yoast_head":"<!-- This site is optimized with the Yoast SEO plugin v22.3 - https:\/\/yoast.com\/wordpress\/plugins\/seo\/ -->\n<title>S\u00c3O JULI\u00c3O | Prefeito Dr. Jonas Alencar anuncia atra\u00e7\u00f5es para o 59\u00ba anivers\u00e1rio. Veja programa\u00e7\u00e3o! - Portal NPM<\/title>\n<meta name=\"robots\" content=\"index, follow, max-snippet:-1, max-image-preview:large, max-video-preview:-1\" \/>\n<link rel=\"canonical\" href=\"https:\/\/portalnpm.com\/index.php\/2019\/12\/11\/sao-juliao-prefeito-dr-jonas-alencar-anuncia-atracoes-para-o-59o-aniversario-veja-programacao\/\" \/>\n<meta property=\"og:locale\" content=\"pt_BR\" \/>\n<meta property=\"og:type\" content=\"article\" \/>\n<meta property=\"og:title\" content=\"S\u00c3O JULI\u00c3O | Prefeito Dr. Jonas Alencar anuncia atra\u00e7\u00f5es para o 59\u00ba anivers\u00e1rio. Veja programa\u00e7\u00e3o! - Portal NPM\" \/>\n<meta property=\"og:description\" content=\"O prefeito de S\u00e3o Juli\u00e3o \u2013 PI, Dr. Jonas (PSB) divulgou nesta tarde de quarta-feira, 11 de dezembro, as atra\u00e7\u00f5es da festa de 59 anos de emancipa\u00e7\u00e3o pol\u00edtica do munic\u00edpio. &nbsp; As atividades iniciam na tarde de ter\u00e7a-feira, dia 17 de dezembro, com Torneios de Damas, Domin\u00f3 e Sinuca na Pra\u00e7a Central de S\u00e3o Juli\u00e3o &hellip;\" \/>\n<meta property=\"og:url\" content=\"https:\/\/portalnpm.com\/index.php\/2019\/12\/11\/sao-juliao-prefeito-dr-jonas-alencar-anuncia-atracoes-para-o-59o-aniversario-veja-programacao\/\" \/>\n<meta property=\"og:site_name\" content=\"Portal NPM\" \/>\n<meta property=\"article:published_time\" content=\"2019-12-11T17:50:21+00:00\" \/>\n<meta name=\"author\" content=\"Zenilton Lima\" \/>\n<meta name=\"twitter:card\" content=\"summary_large_image\" \/>\n<meta name=\"twitter:label1\" content=\"Escrito por\" \/>\n\t<meta name=\"twitter:data1\" content=\"Zenilton Lima\" \/>\n\t<meta name=\"twitter:label2\" content=\"Est. tempo de leitura\" \/>\n\t<meta name=\"twitter:data2\" content=\"1 minuto\" \/>\n<script type=\"application\/ld+json\" class=\"yoast-schema-graph\">{\"@context\":\"https:\/\/schema.org\",\"@graph\":[{\"@type\":\"WebPage\",\"@id\":\"https:\/\/portalnpm.com\/index.php\/2019\/12\/11\/sao-juliao-prefeito-dr-jonas-alencar-anuncia-atracoes-para-o-59o-aniversario-veja-programacao\/\",\"url\":\"https:\/\/portalnpm.com\/index.php\/2019\/12\/11\/sao-juliao-prefeito-dr-jonas-alencar-anuncia-atracoes-para-o-59o-aniversario-veja-programacao\/\",\"name\":\"S\u00c3O JULI\u00c3O | Prefeito Dr. Jonas Alencar anuncia atra\u00e7\u00f5es para o 59\u00ba anivers\u00e1rio. Veja programa\u00e7\u00e3o! - Portal NPM\",\"isPartOf\":{\"@id\":\"https:\/\/portalnpm.com\/#website\"},\"primaryImageOfPage\":{\"@id\":\"https:\/\/portalnpm.com\/index.php\/2019\/12\/11\/sao-juliao-prefeito-dr-jonas-alencar-anuncia-atracoes-para-o-59o-aniversario-veja-programacao\/#primaryimage\"},\"image\":{\"@id\":\"https:\/\/portalnpm.com\/index.php\/2019\/12\/11\/sao-juliao-prefeito-dr-jonas-alencar-anuncia-atracoes-para-o-59o-aniversario-veja-programacao\/#primaryimage\"},\"thumbnailUrl\":\"\",\"datePublished\":\"2019-12-11T17:50:21+00:00\",\"dateModified\":\"2019-12-11T17:50:21+00:00\",\"author\":{\"@id\":\"https:\/\/portalnpm.com\/#\/schema\/person\/35cb55186eae3f074b6783da6d35591e\"},\"breadcrumb\":{\"@id\":\"https:\/\/portalnpm.com\/index.php\/2019\/12\/11\/sao-juliao-prefeito-dr-jonas-alencar-anuncia-atracoes-para-o-59o-aniversario-veja-programacao\/#breadcrumb\"},\"inLanguage\":\"pt-BR\",\"potentialAction\":[{\"@type\":\"ReadAction\",\"target\":[\"https:\/\/portalnpm.com\/index.php\/2019\/12\/11\/sao-juliao-prefeito-dr-jonas-alencar-anuncia-atracoes-para-o-59o-aniversario-veja-programacao\/\"]}]},{\"@type\":\"ImageObject\",\"inLanguage\":\"pt-BR\",\"@id\":\"https:\/\/portalnpm.com\/index.php\/2019\/12\/11\/sao-juliao-prefeito-dr-jonas-alencar-anuncia-atracoes-para-o-59o-aniversario-veja-programacao\/#primaryimage\",\"url\":\"\",\"contentUrl\":\"\"},{\"@type\":\"BreadcrumbList\",\"@id\":\"https:\/\/portalnpm.com\/index.php\/2019\/12\/11\/sao-juliao-prefeito-dr-jonas-alencar-anuncia-atracoes-para-o-59o-aniversario-veja-programacao\/#breadcrumb\",\"itemListElement\":[{\"@type\":\"ListItem\",\"position\":1,\"name\":\"In\u00edcio\",\"item\":\"https:\/\/portalnpm.com\/\"},{\"@type\":\"ListItem\",\"position\":2,\"name\":\"S\u00c3O JULI\u00c3O | Prefeito Dr. Jonas Alencar anuncia atra\u00e7\u00f5es para o 59\u00ba anivers\u00e1rio. Veja programa\u00e7\u00e3o!\"}]},{\"@type\":\"WebSite\",\"@id\":\"https:\/\/portalnpm.com\/#website\",\"url\":\"https:\/\/portalnpm.com\/\",\"name\":\"Portal NPM\",\"description\":\"Not\u00edcias em Primeira M\u00e3o\",\"potentialAction\":[{\"@type\":\"SearchAction\",\"target\":{\"@type\":\"EntryPoint\",\"urlTemplate\":\"https:\/\/portalnpm.com\/?s={search_term_string}\"},\"query-input\":\"required name=search_term_string\"}],\"inLanguage\":\"pt-BR\"},{\"@type\":\"Person\",\"@id\":\"https:\/\/portalnpm.com\/#\/schema\/person\/35cb55186eae3f074b6783da6d35591e\",\"name\":\"Zenilton Lima\",\"image\":{\"@type\":\"ImageObject\",\"inLanguage\":\"pt-BR\",\"@id\":\"https:\/\/portalnpm.com\/#\/schema\/person\/image\/\",\"url\":\"https:\/\/portalnpm.com\/wp-content\/uploads\/2024\/12\/avatar_user_8_1733658137-96x96.jpeg\",\"contentUrl\":\"https:\/\/portalnpm.com\/wp-content\/uploads\/2024\/12\/avatar_user_8_1733658137-96x96.jpeg\",\"caption\":\"Zenilton Lima\"},\"url\":\"https:\/\/portalnpm.com\/index.php\/author\/zenilton\/\"}]}<\/script>\n<!-- \/ Yoast SEO plugin. -->","yoast_head_json":{"title":"S\u00c3O JULI\u00c3O | Prefeito Dr. Jonas Alencar anuncia atra\u00e7\u00f5es para o 59\u00ba anivers\u00e1rio. Veja programa\u00e7\u00e3o! - Portal NPM","robots":{"index":"index","follow":"follow","max-snippet":"max-snippet:-1","max-image-preview":"max-image-preview:large","max-video-preview":"max-video-preview:-1"},"canonical":"https:\/\/portalnpm.com\/index.php\/2019\/12\/11\/sao-juliao-prefeito-dr-jonas-alencar-anuncia-atracoes-para-o-59o-aniversario-veja-programacao\/","og_locale":"pt_BR","og_type":"article","og_title":"S\u00c3O JULI\u00c3O | Prefeito Dr. Jonas Alencar anuncia atra\u00e7\u00f5es para o 59\u00ba anivers\u00e1rio. Veja programa\u00e7\u00e3o! - Portal NPM","og_description":"O prefeito de S\u00e3o Juli\u00e3o \u2013 PI, Dr. Jonas (PSB) divulgou nesta tarde de quarta-feira, 11 de dezembro, as atra\u00e7\u00f5es da festa de 59 anos de emancipa\u00e7\u00e3o pol\u00edtica do munic\u00edpio. &nbsp; As atividades iniciam na tarde de ter\u00e7a-feira, dia 17 de dezembro, com Torneios de Damas, Domin\u00f3 e Sinuca na Pra\u00e7a Central de S\u00e3o Juli\u00e3o &hellip;","og_url":"https:\/\/portalnpm.com\/index.php\/2019\/12\/11\/sao-juliao-prefeito-dr-jonas-alencar-anuncia-atracoes-para-o-59o-aniversario-veja-programacao\/","og_site_name":"Portal NPM","article_published_time":"2019-12-11T17:50:21+00:00","author":"Zenilton Lima","twitter_card":"summary_large_image","twitter_misc":{"Escrito por":"Zenilton Lima","Est. tempo de leitura":"1 minuto"},"schema":{"@context":"https:\/\/schema.org","@graph":[{"@type":"WebPage","@id":"https:\/\/portalnpm.com\/index.php\/2019\/12\/11\/sao-juliao-prefeito-dr-jonas-alencar-anuncia-atracoes-para-o-59o-aniversario-veja-programacao\/","url":"https:\/\/portalnpm.com\/index.php\/2019\/12\/11\/sao-juliao-prefeito-dr-jonas-alencar-anuncia-atracoes-para-o-59o-aniversario-veja-programacao\/","name":"S\u00c3O JULI\u00c3O | Prefeito Dr. Jonas Alencar anuncia atra\u00e7\u00f5es para o 59\u00ba anivers\u00e1rio. Veja programa\u00e7\u00e3o! - Portal NPM","isPartOf":{"@id":"https:\/\/portalnpm.com\/#website"},"primaryImageOfPage":{"@id":"https:\/\/portalnpm.com\/index.php\/2019\/12\/11\/sao-juliao-prefeito-dr-jonas-alencar-anuncia-atracoes-para-o-59o-aniversario-veja-programacao\/#primaryimage"},"image":{"@id":"https:\/\/portalnpm.com\/index.php\/2019\/12\/11\/sao-juliao-prefeito-dr-jonas-alencar-anuncia-atracoes-para-o-59o-aniversario-veja-programacao\/#primaryimage"},"thumbnailUrl":"","datePublished":"2019-12-11T17:50:21+00:00","dateModified":"2019-12-11T17:50:21+00:00","author":{"@id":"https:\/\/portalnpm.com\/#\/schema\/person\/35cb55186eae3f074b6783da6d35591e"},"breadcrumb":{"@id":"https:\/\/portalnpm.com\/index.php\/2019\/12\/11\/sao-juliao-prefeito-dr-jonas-alencar-anuncia-atracoes-para-o-59o-aniversario-veja-programacao\/#breadcrumb"},"inLanguage":"pt-BR","potentialAction":[{"@type":"ReadAction","target":["https:\/\/portalnpm.com\/index.php\/2019\/12\/11\/sao-juliao-prefeito-dr-jonas-alencar-anuncia-atracoes-para-o-59o-aniversario-veja-programacao\/"]}]},{"@type":"ImageObject","inLanguage":"pt-BR","@id":"https:\/\/portalnpm.com\/index.php\/2019\/12\/11\/sao-juliao-prefeito-dr-jonas-alencar-anuncia-atracoes-para-o-59o-aniversario-veja-programacao\/#primaryimage","url":"","contentUrl":""},{"@type":"BreadcrumbList","@id":"https:\/\/portalnpm.com\/index.php\/2019\/12\/11\/sao-juliao-prefeito-dr-jonas-alencar-anuncia-atracoes-para-o-59o-aniversario-veja-programacao\/#breadcrumb","itemListElement":[{"@type":"ListItem","position":1,"name":"In\u00edcio","item":"https:\/\/portalnpm.com\/"},{"@type":"ListItem","position":2,"name":"S\u00c3O JULI\u00c3O | Prefeito Dr. Jonas Alencar anuncia atra\u00e7\u00f5es para o 59\u00ba anivers\u00e1rio. Veja programa\u00e7\u00e3o!"}]},{"@type":"WebSite","@id":"https:\/\/portalnpm.com\/#website","url":"https:\/\/portalnpm.com\/","name":"Portal NPM","description":"Not\u00edcias em Primeira M\u00e3o","potentialAction":[{"@type":"SearchAction","target":{"@type":"EntryPoint","urlTemplate":"https:\/\/portalnpm.com\/?s={search_term_string}"},"query-input":"required name=search_term_string"}],"inLanguage":"pt-BR"},{"@type":"Person","@id":"https:\/\/portalnpm.com\/#\/schema\/person\/35cb55186eae3f074b6783da6d35591e","name":"Zenilton Lima","image":{"@type":"ImageObject","inLanguage":"pt-BR","@id":"https:\/\/portalnpm.com\/#\/schema\/person\/image\/","url":"https:\/\/portalnpm.com\/wp-content\/uploads\/2024\/12\/avatar_user_8_1733658137-96x96.jpeg","contentUrl":"https:\/\/portalnpm.com\/wp-content\/uploads\/2024\/12\/avatar_user_8_1733658137-96x96.jpeg","caption":"Zenilton Lima"},"url":"https:\/\/portalnpm.com\/index.php\/author\/zenilton\/"}]}},"jetpack_sharing_enabled":true,"jetpack_featured_media_url":"","_links":{"self":[{"href":"https:\/\/portalnpm.com\/index.php\/wp-json\/wp\/v2\/posts\/14401"}],"collection":[{"href":"https:\/\/portalnpm.com\/index.php\/wp-json\/wp\/v2\/posts"}],"about":[{"href":"https:\/\/portalnpm.com\/index.php\/wp-json\/wp\/v2\/types\/post"}],"author":[{"embeddable":true,"href":"https:\/\/portalnpm.com\/index.php\/wp-json\/wp\/v2\/users\/8"}],"replies":[{"embeddable":true,"href":"https:\/\/portalnpm.com\/index.php\/wp-json\/wp\/v2\/comments?post=14401"}],"version-history":[{"count":0,"href":"https:\/\/portalnpm.com\/index.php\/wp-json\/wp\/v2\/posts\/14401\/revisions"}],"wp:featuredmedia":[{"embeddable":true,"href":"https:\/\/portalnpm.com\/index.php\/wp-json\/"}],"wp:attachment":[{"href":"https:\/\/portalnpm.com\/index.php\/wp-json\/wp\/v2\/media?parent=14401"}],"wp:term":[{"taxonomy":"category","embeddable":true,"href":"https:\/\/portalnpm.com\/index.php\/wp-json\/wp\/v2\/categories?post=14401"},{"taxonomy":"post_tag","embeddable":true,"href":"https:\/\/portalnpm.com\/index.php\/wp-json\/wp\/v2\/tags?post=14401"}],"curies":[{"name":"wp","href":"https:\/\/api.w.org\/{rel}","templated":true}]}}