{"id":14423,"date":"2019-12-15T13:04:14","date_gmt":"2019-12-15T16:04:14","guid":{"rendered":"http:\/\/srv.portalnpm.com.br\/?p=14423"},"modified":"2019-12-15T13:04:14","modified_gmt":"2019-12-15T16:04:14","slug":"segundo-mao-santa-governador-wellington-dias-saira-vitorioso-em-2022","status":"publish","type":"post","link":"https:\/\/portalnpm.com\/index.php\/2019\/12\/15\/segundo-mao-santa-governador-wellington-dias-saira-vitorioso-em-2022\/","title":{"rendered":"Segundo M\u00e3o Santa, governador Wellington Dias sair\u00e1 vitorioso em 2022"},"content":{"rendered":"<p style=\"text-align: justify;\">O governador Wellington Dias (PT) ganhar\u00e1 as elei\u00e7\u00f5es de 2022 no Piau\u00ed. A previs\u00e3o \u00e9 do prefeito M\u00e3o Santa e foi manifestada em conversa que tive com ele em Parna\u00edba, na festa de anivers\u00e1rio da R\u00e1dio Igara\u00e7u.<\/p>\n<p style=\"text-align: justify;\">\n<p style=\"text-align: justify;\">Segundo M\u00e3o Santa, o governador j\u00e1 est\u00e1 preparando a vice-governadora Regina Sousa (PT) para ser a sua sucessora. \u201cE ela \u00e9 uma boa pessoa, n\u00e3o tenha d\u00favida\u201d.<\/p>\n<p style=\"text-align: justify;\">Na avalia\u00e7\u00e3o do prefeito de Parna\u00edba, que \u00e9 um dos principais advers\u00e1rios do governador e do PT no Piau\u00ed, Wellington Dias ganhar\u00e1 as elei\u00e7\u00f5es porque \u00e9 forte e a oposi\u00e7\u00e3o \u00e9 fraca.<\/p>\n<p style=\"text-align: justify;\">\u201cEle n\u00e3o tem oposi\u00e7\u00e3o. Na Assembleia Legislativa, ela \u00e9 pequena e fraquinha\u201d, afirmou.<\/p>\n<p style=\"text-align: justify;\">\u201cEle \u00e9 o dono de tudo no Piau\u00ed. Ele manda em tudo, controla tudo. Ningu\u00e9m se arrisca a desafi\u00e1-lo. \u00c9 o homem mais poderoso da hist\u00f3ria do Piau\u00ed\u201d, sentenciou M\u00e3o Santa.<\/p>\n<p style=\"text-align: justify;\"><strong>S\u00f3 H<\/strong><\/p>\n<p style=\"text-align: justify;\">O prefeito parnaibano afirmou que os que se insinuam como eventuais advers\u00e1rios do governador est\u00e3o, na verdade, apenas fazendo fita.<\/p>\n<p style=\"text-align: justify;\">\u201cQuerem mais prest\u00edgio no governo. N\u00e3o v\u00e3o para lugar algum. A vit\u00f3ria \u00e9 dele, governador\u201d.<\/p>\n<p style=\"text-align: justify;\">Pelos c\u00e1lculos de M\u00e3o Santa, o governador Wellington Dias far\u00e1 o sucessor (na pessoa da vice-governadora Regina Sousa) e tamb\u00e9m indicar\u00e1 o novo vice-governador.<\/p>\n<p style=\"text-align: justify;\">\u201cN\u00e3o \u00e9 tudo. Ele se eleger\u00e1 tamb\u00e9m senador sem botar for\u00e7a. Ningu\u00e9m ganha dele, nem eu, que tenho credibilidade\u201d.<\/p>\n<figure id=\"attachment_14425\" aria-describedby=\"caption-attachment-14425\" style=\"width: 1280px\" class=\"wp-caption aligncenter\"><img fetchpriority=\"high\" decoding=\"async\" class=\"size-full wp-image-14425\" src=\"http:\/\/portalnpm.com\/wp-content\/uploads\/2019\/12\/12-01-49-igara\u00e7u2.jpg\" alt=\"\" width=\"1280\" height=\"960\" \/><figcaption id=\"caption-attachment-14425\" class=\"wp-caption-text\">M\u00e3o Santa com dona Adalgisa e padre Jo\u00e3o Maria, na R\u00e1dio Igara\u00e7u<\/figcaption><\/figure>\n<p style=\"text-align: justify;\"><strong>Ele l\u00e1 e eu c\u00e1\u201d<\/strong><\/p>\n<p style=\"text-align: justify;\">As declara\u00e7\u00f5es do prefeito, naquele tom irrequieto que marca a sua personalidade, foram dadas em conversa em uma das depend\u00eancias da R\u00e1dio Igara\u00e7u, na Pra\u00e7a Santo Ant\u00f4nio, no dia 30 de novembro, um s\u00e1bado, ao meio-dia.<\/p>\n<p style=\"text-align: justify;\">Ele conversou sobre o assunto momentos antes de entrar nos est\u00fadios para comemorar os 38 anos de funda\u00e7\u00e3o da emissora.<\/p>\n<p style=\"text-align: justify;\">M\u00e3o Santa disse que respeita o governador e \u00e9 respeitado por ele. \u201cMas \u00e9 ele l\u00e1 e eu c\u00e1. E t\u00e1 bom demais essa dist\u00e2ncia regulamentar\u201d, frisou.<\/p>\n<p style=\"text-align: justify;\">No programa especial pelos 38 anos da r\u00e1dio, al\u00e9m de um pronunciamento de M\u00e3o Santa, houve outro, gravado, do bispo em\u00e9rito de Parna\u00edba, dom Alfredo, a ben\u00e7\u00e3o pelo padre Jo\u00e3o Maria e o corte do bolo.<\/p>\n<p style=\"text-align: justify;\">Al\u00e9m de diretores da r\u00e1dio, estiveram presentes funcion\u00e1rios e ex-funcion\u00e1rios da emissora, alguns que est\u00e3o na casa desde a sua funda\u00e7\u00e3o.<\/p>\n<p style=\"text-align: justify;\"><strong>Migra\u00e7\u00e3o<\/strong><\/p>\n<p style=\"text-align: justify;\">Aos microfones, M\u00e3o Santa contou que a r\u00e1dio foi fundada por ele e seu irm\u00e3o, Ant\u00f4nio Jos\u00e9 de Moraes Souza, no in\u00edcio da d\u00e9cada de 1980.<\/p>\n<p style=\"text-align: justify;\">A r\u00e1dio\u00a0 comemora seus 38 anos com a migra\u00e7\u00e3o para a Frequ\u00eancia Modulada.<\/p>\n<p style=\"text-align: justify;\">A Igara\u00e7u, que desde 1981 era sintonizada na frequ\u00eancia AM 550 kHz, opera hoje na frequ\u00eancia 95.7 MHz.<\/p>\n<p style=\"text-align: justify;\">Fui a Parna\u00edba participar do SaLiPa (Sal\u00e3o do Livro de Parna\u00edba), realizado no per\u00edodo\u00a0de 28 de novembro a 1\u00ba de dezembro\u00a0pela Funda\u00e7\u00e3o Quixote, na Universidade Federal do Delta do Parna\u00edba, com o apoio do Governo do Estado, atrav\u00e9s das Secretarias de Cultura e de Sa\u00fade, e tamb\u00e9m da Universidade Federal do Piau\u00ed.<\/p>\n<p style=\"text-align: justify;\">Tamb\u00e9m aproveitei para dar andamento a pesquisas para uma nova biografia que estou escrevendo.<\/p>\n<p style=\"text-align: justify;\">Quando soube de minha presen\u00e7a na cidade, M\u00e3o Santa me convidou para participar do ato celebrando os 38 anos de sua r\u00e1dio..<\/p>\n<figure id=\"attachment_14424\" aria-describedby=\"caption-attachment-14424\" style=\"width: 750px\" class=\"wp-caption aligncenter\"><img decoding=\"async\" class=\"size-full wp-image-14424\" src=\"http:\/\/portalnpm.com\/wp-content\/uploads\/2019\/12\/12-00-36-mao_santa26.jpg\" alt=\"\" width=\"750\" height=\"550\" \/><figcaption id=\"caption-attachment-14424\" class=\"wp-caption-text\">Governador Wellington Dias com o prefeito M\u00e3o Santa, nas cheias de Parna\u00edba, no in\u00edcio do ano<\/figcaption><\/figure>\n<p style=\"text-align: justify;\"><strong>Fonte: Cidade Verde<\/strong><\/p>\n","protected":false},"excerpt":{"rendered":"<p>O governador Wellington Dias (PT) ganhar\u00e1 as elei\u00e7\u00f5es de 2022 no Piau\u00ed. A previs\u00e3o \u00e9 do prefeito M\u00e3o Santa e foi manifestada em conversa que tive com ele em Parna\u00edba, na festa de anivers\u00e1rio da R\u00e1dio Igara\u00e7u. Segundo M\u00e3o Santa, o governador j\u00e1 est\u00e1 preparando a vice-governadora Regina Sousa (PT) para ser a sua sucessora. &hellip;<\/p>\n","protected":false},"author":4,"featured_media":14426,"comment_status":"open","ping_status":"open","sticky":false,"template":"","format":"standard","meta":{"content-type":"","rop_custom_images_group":[],"rop_custom_messages_group":[],"rop_publish_now":"initial","rop_publish_now_accounts":{"facebook_2648258775420054_1618374048415101":""},"rop_publish_now_history":[],"rop_publish_now_status":"pending","footnotes":"","_jetpack_memberships_contains_paid_content":false},"categories":[113,130],"tags":[1120,633,407],"yoast_head":"<!-- This site is optimized with the Yoast SEO plugin v22.3 - https:\/\/yoast.com\/wordpress\/plugins\/seo\/ -->\n<title>Segundo M\u00e3o Santa, governador Wellington Dias sair\u00e1 vitorioso em 2022 - Portal NPM<\/title>\n<meta name=\"robots\" content=\"index, follow, max-snippet:-1, max-image-preview:large, max-video-preview:-1\" \/>\n<link rel=\"canonical\" href=\"https:\/\/portalnpm.com\/index.php\/2019\/12\/15\/segundo-mao-santa-governador-wellington-dias-saira-vitorioso-em-2022\/\" \/>\n<meta property=\"og:locale\" content=\"pt_BR\" \/>\n<meta property=\"og:type\" content=\"article\" \/>\n<meta property=\"og:title\" content=\"Segundo M\u00e3o Santa, governador Wellington Dias sair\u00e1 vitorioso em 2022 - Portal NPM\" \/>\n<meta property=\"og:description\" content=\"O governador Wellington Dias (PT) ganhar\u00e1 as elei\u00e7\u00f5es de 2022 no Piau\u00ed. A previs\u00e3o \u00e9 do prefeito M\u00e3o Santa e foi manifestada em conversa que tive com ele em Parna\u00edba, na festa de anivers\u00e1rio da R\u00e1dio Igara\u00e7u. Segundo M\u00e3o Santa, o governador j\u00e1 est\u00e1 preparando a vice-governadora Regina Sousa (PT) para ser a sua sucessora. &hellip;\" \/>\n<meta property=\"og:url\" content=\"https:\/\/portalnpm.com\/index.php\/2019\/12\/15\/segundo-mao-santa-governador-wellington-dias-saira-vitorioso-em-2022\/\" \/>\n<meta property=\"og:site_name\" content=\"Portal NPM\" \/>\n<meta property=\"article:published_time\" content=\"2019-12-15T16:04:14+00:00\" \/>\n<meta name=\"author\" content=\"Reda\u00e7\u00e3o\" \/>\n<meta name=\"twitter:card\" content=\"summary_large_image\" \/>\n<meta name=\"twitter:label1\" content=\"Escrito por\" \/>\n\t<meta name=\"twitter:data1\" content=\"Reda\u00e7\u00e3o\" \/>\n\t<meta name=\"twitter:label2\" content=\"Est. tempo de leitura\" \/>\n\t<meta name=\"twitter:data2\" content=\"3 minutos\" \/>\n<script type=\"application\/ld+json\" class=\"yoast-schema-graph\">{\"@context\":\"https:\/\/schema.org\",\"@graph\":[{\"@type\":\"WebPage\",\"@id\":\"https:\/\/portalnpm.com\/index.php\/2019\/12\/15\/segundo-mao-santa-governador-wellington-dias-saira-vitorioso-em-2022\/\",\"url\":\"https:\/\/portalnpm.com\/index.php\/2019\/12\/15\/segundo-mao-santa-governador-wellington-dias-saira-vitorioso-em-2022\/\",\"name\":\"Segundo M\u00e3o Santa, governador Wellington Dias sair\u00e1 vitorioso em 2022 - Portal NPM\",\"isPartOf\":{\"@id\":\"https:\/\/portalnpm.com\/#website\"},\"primaryImageOfPage\":{\"@id\":\"https:\/\/portalnpm.com\/index.php\/2019\/12\/15\/segundo-mao-santa-governador-wellington-dias-saira-vitorioso-em-2022\/#primaryimage\"},\"image\":{\"@id\":\"https:\/\/portalnpm.com\/index.php\/2019\/12\/15\/segundo-mao-santa-governador-wellington-dias-saira-vitorioso-em-2022\/#primaryimage\"},\"thumbnailUrl\":\"\",\"datePublished\":\"2019-12-15T16:04:14+00:00\",\"dateModified\":\"2019-12-15T16:04:14+00:00\",\"author\":{\"@id\":\"https:\/\/portalnpm.com\/#\/schema\/person\/0b5f230ec96cee25504fa328e7f2b733\"},\"breadcrumb\":{\"@id\":\"https:\/\/portalnpm.com\/index.php\/2019\/12\/15\/segundo-mao-santa-governador-wellington-dias-saira-vitorioso-em-2022\/#breadcrumb\"},\"inLanguage\":\"pt-BR\",\"potentialAction\":[{\"@type\":\"ReadAction\",\"target\":[\"https:\/\/portalnpm.com\/index.php\/2019\/12\/15\/segundo-mao-santa-governador-wellington-dias-saira-vitorioso-em-2022\/\"]}]},{\"@type\":\"ImageObject\",\"inLanguage\":\"pt-BR\",\"@id\":\"https:\/\/portalnpm.com\/index.php\/2019\/12\/15\/segundo-mao-santa-governador-wellington-dias-saira-vitorioso-em-2022\/#primaryimage\",\"url\":\"\",\"contentUrl\":\"\"},{\"@type\":\"BreadcrumbList\",\"@id\":\"https:\/\/portalnpm.com\/index.php\/2019\/12\/15\/segundo-mao-santa-governador-wellington-dias-saira-vitorioso-em-2022\/#breadcrumb\",\"itemListElement\":[{\"@type\":\"ListItem\",\"position\":1,\"name\":\"In\u00edcio\",\"item\":\"https:\/\/portalnpm.com\/\"},{\"@type\":\"ListItem\",\"position\":2,\"name\":\"Segundo M\u00e3o Santa, governador Wellington Dias sair\u00e1 vitorioso em 2022\"}]},{\"@type\":\"WebSite\",\"@id\":\"https:\/\/portalnpm.com\/#website\",\"url\":\"https:\/\/portalnpm.com\/\",\"name\":\"Portal NPM\",\"description\":\"Not\u00edcias em Primeira M\u00e3o\",\"potentialAction\":[{\"@type\":\"SearchAction\",\"target\":{\"@type\":\"EntryPoint\",\"urlTemplate\":\"https:\/\/portalnpm.com\/?s={search_term_string}\"},\"query-input\":\"required name=search_term_string\"}],\"inLanguage\":\"pt-BR\"},{\"@type\":\"Person\",\"@id\":\"https:\/\/portalnpm.com\/#\/schema\/person\/0b5f230ec96cee25504fa328e7f2b733\",\"name\":\"Reda\u00e7\u00e3o\",\"image\":{\"@type\":\"ImageObject\",\"inLanguage\":\"pt-BR\",\"@id\":\"https:\/\/portalnpm.com\/#\/schema\/person\/image\/\",\"url\":\"https:\/\/portalnpm.com\/wp-content\/uploads\/2024\/03\/avatar_user_4_1710097212-96x96.png\",\"contentUrl\":\"https:\/\/portalnpm.com\/wp-content\/uploads\/2024\/03\/avatar_user_4_1710097212-96x96.png\",\"caption\":\"Reda\u00e7\u00e3o\"},\"url\":\"https:\/\/portalnpm.com\/index.php\/author\/redacao\/\"}]}<\/script>\n<!-- \/ Yoast SEO plugin. -->","yoast_head_json":{"title":"Segundo M\u00e3o Santa, governador Wellington Dias sair\u00e1 vitorioso em 2022 - Portal NPM","robots":{"index":"index","follow":"follow","max-snippet":"max-snippet:-1","max-image-preview":"max-image-preview:large","max-video-preview":"max-video-preview:-1"},"canonical":"https:\/\/portalnpm.com\/index.php\/2019\/12\/15\/segundo-mao-santa-governador-wellington-dias-saira-vitorioso-em-2022\/","og_locale":"pt_BR","og_type":"article","og_title":"Segundo M\u00e3o Santa, governador Wellington Dias sair\u00e1 vitorioso em 2022 - Portal NPM","og_description":"O governador Wellington Dias (PT) ganhar\u00e1 as elei\u00e7\u00f5es de 2022 no Piau\u00ed. A previs\u00e3o \u00e9 do prefeito M\u00e3o Santa e foi manifestada em conversa que tive com ele em Parna\u00edba, na festa de anivers\u00e1rio da R\u00e1dio Igara\u00e7u. Segundo M\u00e3o Santa, o governador j\u00e1 est\u00e1 preparando a vice-governadora Regina Sousa (PT) para ser a sua sucessora. &hellip;","og_url":"https:\/\/portalnpm.com\/index.php\/2019\/12\/15\/segundo-mao-santa-governador-wellington-dias-saira-vitorioso-em-2022\/","og_site_name":"Portal NPM","article_published_time":"2019-12-15T16:04:14+00:00","author":"Reda\u00e7\u00e3o","twitter_card":"summary_large_image","twitter_misc":{"Escrito por":"Reda\u00e7\u00e3o","Est. tempo de leitura":"3 minutos"},"schema":{"@context":"https:\/\/schema.org","@graph":[{"@type":"WebPage","@id":"https:\/\/portalnpm.com\/index.php\/2019\/12\/15\/segundo-mao-santa-governador-wellington-dias-saira-vitorioso-em-2022\/","url":"https:\/\/portalnpm.com\/index.php\/2019\/12\/15\/segundo-mao-santa-governador-wellington-dias-saira-vitorioso-em-2022\/","name":"Segundo M\u00e3o Santa, governador Wellington Dias sair\u00e1 vitorioso em 2022 - Portal NPM","isPartOf":{"@id":"https:\/\/portalnpm.com\/#website"},"primaryImageOfPage":{"@id":"https:\/\/portalnpm.com\/index.php\/2019\/12\/15\/segundo-mao-santa-governador-wellington-dias-saira-vitorioso-em-2022\/#primaryimage"},"image":{"@id":"https:\/\/portalnpm.com\/index.php\/2019\/12\/15\/segundo-mao-santa-governador-wellington-dias-saira-vitorioso-em-2022\/#primaryimage"},"thumbnailUrl":"","datePublished":"2019-12-15T16:04:14+00:00","dateModified":"2019-12-15T16:04:14+00:00","author":{"@id":"https:\/\/portalnpm.com\/#\/schema\/person\/0b5f230ec96cee25504fa328e7f2b733"},"breadcrumb":{"@id":"https:\/\/portalnpm.com\/index.php\/2019\/12\/15\/segundo-mao-santa-governador-wellington-dias-saira-vitorioso-em-2022\/#breadcrumb"},"inLanguage":"pt-BR","potentialAction":[{"@type":"ReadAction","target":["https:\/\/portalnpm.com\/index.php\/2019\/12\/15\/segundo-mao-santa-governador-wellington-dias-saira-vitorioso-em-2022\/"]}]},{"@type":"ImageObject","inLanguage":"pt-BR","@id":"https:\/\/portalnpm.com\/index.php\/2019\/12\/15\/segundo-mao-santa-governador-wellington-dias-saira-vitorioso-em-2022\/#primaryimage","url":"","contentUrl":""},{"@type":"BreadcrumbList","@id":"https:\/\/portalnpm.com\/index.php\/2019\/12\/15\/segundo-mao-santa-governador-wellington-dias-saira-vitorioso-em-2022\/#breadcrumb","itemListElement":[{"@type":"ListItem","position":1,"name":"In\u00edcio","item":"https:\/\/portalnpm.com\/"},{"@type":"ListItem","position":2,"name":"Segundo M\u00e3o Santa, governador Wellington Dias sair\u00e1 vitorioso em 2022"}]},{"@type":"WebSite","@id":"https:\/\/portalnpm.com\/#website","url":"https:\/\/portalnpm.com\/","name":"Portal NPM","description":"Not\u00edcias em Primeira M\u00e3o","potentialAction":[{"@type":"SearchAction","target":{"@type":"EntryPoint","urlTemplate":"https:\/\/portalnpm.com\/?s={search_term_string}"},"query-input":"required name=search_term_string"}],"inLanguage":"pt-BR"},{"@type":"Person","@id":"https:\/\/portalnpm.com\/#\/schema\/person\/0b5f230ec96cee25504fa328e7f2b733","name":"Reda\u00e7\u00e3o","image":{"@type":"ImageObject","inLanguage":"pt-BR","@id":"https:\/\/portalnpm.com\/#\/schema\/person\/image\/","url":"https:\/\/portalnpm.com\/wp-content\/uploads\/2024\/03\/avatar_user_4_1710097212-96x96.png","contentUrl":"https:\/\/portalnpm.com\/wp-content\/uploads\/2024\/03\/avatar_user_4_1710097212-96x96.png","caption":"Reda\u00e7\u00e3o"},"url":"https:\/\/portalnpm.com\/index.php\/author\/redacao\/"}]}},"jetpack_sharing_enabled":true,"jetpack_featured_media_url":"","_links":{"self":[{"href":"https:\/\/portalnpm.com\/index.php\/wp-json\/wp\/v2\/posts\/14423"}],"collection":[{"href":"https:\/\/portalnpm.com\/index.php\/wp-json\/wp\/v2\/posts"}],"about":[{"href":"https:\/\/portalnpm.com\/index.php\/wp-json\/wp\/v2\/types\/post"}],"author":[{"embeddable":true,"href":"https:\/\/portalnpm.com\/index.php\/wp-json\/wp\/v2\/users\/4"}],"replies":[{"embeddable":true,"href":"https:\/\/portalnpm.com\/index.php\/wp-json\/wp\/v2\/comments?post=14423"}],"version-history":[{"count":0,"href":"https:\/\/portalnpm.com\/index.php\/wp-json\/wp\/v2\/posts\/14423\/revisions"}],"wp:featuredmedia":[{"embeddable":true,"href":"https:\/\/portalnpm.com\/index.php\/wp-json\/"}],"wp:attachment":[{"href":"https:\/\/portalnpm.com\/index.php\/wp-json\/wp\/v2\/media?parent=14423"}],"wp:term":[{"taxonomy":"category","embeddable":true,"href":"https:\/\/portalnpm.com\/index.php\/wp-json\/wp\/v2\/categories?post=14423"},{"taxonomy":"post_tag","embeddable":true,"href":"https:\/\/portalnpm.com\/index.php\/wp-json\/wp\/v2\/tags?post=14423"}],"curies":[{"name":"wp","href":"https:\/\/api.w.org\/{rel}","templated":true}]}}