{"id":14485,"date":"2019-12-18T09:37:00","date_gmt":"2019-12-18T12:37:00","guid":{"rendered":"http:\/\/srv.portalnpm.com.br\/?p=14485"},"modified":"2019-12-18T09:37:00","modified_gmt":"2019-12-18T12:37:00","slug":"desmembrada-de-fronteiras-instalada-em-18-de-dezembro-de-1960-sao-juliao-pi-completa-seus-59-anos-de-emancipacao-politica","status":"publish","type":"post","link":"https:\/\/portalnpm.com\/index.php\/2019\/12\/18\/desmembrada-de-fronteiras-instalada-em-18-de-dezembro-de-1960-sao-juliao-pi-completa-seus-59-anos-de-emancipacao-politica\/","title":{"rendered":"Desmembrada de Fronteiras, instalada em 18 de dezembro de 1960, S\u00e3o Juli\u00e3o (PI) completa seus 59 anos de Emancipa\u00e7\u00e3o Pol\u00edtica"},"content":{"rendered":"<p style=\"text-align: justify;\">A cidade e munic\u00edpio de S\u00e3o Juli\u00e3o em sua origem, insere-se no mesmo contexto de quase todas as povoa\u00e7\u00f5es piauienses, nascida e desenvolvida a partir de colonos vindos de outros estados. Os Pernambucanos chegaram na regi\u00e3o no ano de 1865.<\/p>\n<p style=\"text-align: justify;\"><img fetchpriority=\"high\" decoding=\"async\" class=\"aligncenter size-full wp-image-14486\" src=\"http:\/\/portalnpm.com\/wp-content\/uploads\/2019\/12\/08-31-04-WhatsApp-Image-2019-12-18-at-08.36.37-2-1140x855.jpeg\" alt=\"\" width=\"1140\" height=\"855\" \/><\/p>\n<p style=\"text-align: justify;\">Entre estes, veio com seus familiares, Ant\u00f4nio Rodrigues, que contraiu n\u00fapcias com uma cabocla, a qual teria vinda do Cear\u00e1 tamb\u00e9m com seus familiares. Do matrim\u00f4nio nasceram Jo\u00e3o e Francisco de Brito. Estes cresceram, casaram e constru\u00edram suas casas, que juntamente com a do pai, deram origem ao povoado que futuramente receberia o nome de S\u00e3o Juli\u00e3o.<\/p>\n<p style=\"text-align: justify;\">Nome este, em homenagem ao antigo morador do lugar, o Sr. Juli\u00e3o, casado com dona Concei\u00e7\u00e3o, uma capela foi constru\u00edda nessa \u00e9poca, e mais tarde em 1873 foi iniciada a constru\u00e7\u00e3o da igreja matriz, tendo sido inaugurada em 1878 e passando por v\u00e1rias reformas at\u00e9 os dias atuais.<\/p>\n<p style=\"text-align: justify;\">A mesma teve como Padroeira Nossa Senhora da Concei\u00e7\u00e3o em homenagem a Dona Concei\u00e7\u00e3o.<\/p>\n<p style=\"text-align: justify;\">Em 1876, chegou a S\u00e3o Juli\u00e3o, um cidad\u00e3o de nome Batista, que afian\u00e7ado pelos irm\u00e3os Jo\u00e3o e Francisco de Brito, comprou gado nas fazendas Nacionais no valor de 11 contos de Reis, tendo desaparecido ap\u00f3s a compra, irm\u00e3os como fiadores tiveram que pagar, como n\u00e3o tinham condi\u00e7\u00f5es, entregaram suas tr\u00eas casas e tr\u00eas vazantes (planta\u00e7\u00f5es) ao governo, indo morar em baixo de um juazeiro.<\/p>\n<p style=\"text-align: justify;\">Pouco depois chegaram ao lugar os senhores: Ant\u00f4nio Rodrigues, Vitalino Sabino, Elpidio de Brito, Tim\u00f3teo Evangelista, Cirino de Lima, entre outros o Capit\u00e3o Ant\u00f4nio Pereira, que se dedicaram \u00e0 cria\u00e7\u00e3o de gado e lavoura, desenvolvendo no povoado grande atividades agropecu\u00e1ria e agr\u00edcola.<\/p>\n<p style=\"text-align: justify;\">Com o crescimento de desenvolvimento do povoado, nasceu \u00e0 id\u00e9ia de emancipa\u00e7\u00e3o administrativa.<\/p>\n<p style=\"text-align: justify;\">O movimento teve como principais l\u00edderes os cidad\u00e3os: Joviano Maximino de Alencar, na \u00e9poca vereador em 04 legislatura, exercendo em dois mandatos, cargo de presidente da c\u00e2mara municipal de Fronteiras. Ant\u00f4nio Elpidio Ramos, Nicomedes da Silva Rocha, Jo\u00e3o Francisco de Paula, Jaime Leopoldino da Rocha, Francisco Valentin da Rocha e Const\u00e2ncio Gomes Sobrinho, filho do senhor Joaquim Gomes Sobrinho, na \u00e9poca prefeito de Fronteiras, da qual S\u00e3o Juli\u00e3o, foi desmembrado.<\/p>\n<p style=\"text-align: justify;\">Para S\u00e3o Juli\u00e3o conseguir a categoria de munic\u00edpio, era necess\u00e1rio que houvesse uma doa\u00e7\u00e3o de no m\u00ednimo 80 hectares de terras.<\/p>\n<p style=\"text-align: justify;\">Os senhores, Nicomedes da Silva Rocha doou 50 Ha, Francisco Elpidio Ramos doou 50 Ha e Joviano M\u00e1ximino de Alencar doou 50 Ha, perfazendo um total de 150 Ha.<\/p>\n<p style=\"text-align: justify;\">E no mesmo ano em 01 de dezembro de 1960, foi sancionada, promulgada e registrada \u00e0 Lei n.\u00ba 2.042, elevando S\u00e3o Juli\u00e3o \u00e0 categoria de munic\u00edpio, que foi oficialmente instalada em 18 de Dezembro de 1960.<\/p>\n<p style=\"text-align: justify;\">Elevado \u00e0 categoria de munic\u00edpio e distrito com a denomina\u00e7\u00e3o de S\u00e3o Juli\u00e3o, pela Lei Estadual n\u00ba 2042, de 01-12-1960, desmembrado de Fronteiras.<\/p>\n<p style=\"text-align: justify;\">Sede no atual distrito de S\u00e3o Juli\u00e3o (ex-povoado). Constitu\u00eddo do distrito sede. Instalado em 18-12-1960.<\/p>\n<p style=\"text-align: justify;\"><img decoding=\"async\" class=\"size-full wp-image-14487\" src=\"http:\/\/portalnpm.com\/wp-content\/uploads\/2019\/12\/08-31-01-WhatsApp-Image-2019-12-18-at-08.36.37-1-1140x855.jpeg\" alt=\"\" width=\"1140\" height=\"855\" \/> <img decoding=\"async\" class=\"size-medium wp-image-14488\" src=\"http:\/\/portalnpm.com\/wp-content\/uploads\/2019\/12\/08-31-45-WhatsApp-Image-2019-12-18-at-08.16.44-e1576669580749-1140x815.jpeg\" alt=\"\" width=\"1140\" height=\"815\" \/> <img loading=\"lazy\" decoding=\"async\" class=\"size-medium wp-image-14489\" src=\"http:\/\/portalnpm.com\/wp-content\/uploads\/2019\/12\/08-31-11-IBGE-SJ-1-e1576669400284.jpg\" alt=\"\" width=\"1055\" height=\"679\" \/> <img loading=\"lazy\" decoding=\"async\" class=\"size-medium wp-image-14490\" src=\"http:\/\/portalnpm.com\/wp-content\/uploads\/2019\/12\/08-31-04-WhatsApp-Image-2019-12-18-at-08.36.37-2-1140x855-1.jpeg\" alt=\"\" width=\"1140\" height=\"855\" \/><\/p>\n<p><strong>Fonte: Di\u00e1rio GM, com informa\u00e7\u00f5es do IBGE e fotos cedidas por Bruno Liberato<\/strong><\/p>\n","protected":false},"excerpt":{"rendered":"<p>A cidade e munic\u00edpio de S\u00e3o Juli\u00e3o em sua origem, insere-se no mesmo contexto de quase todas as povoa\u00e7\u00f5es piauienses, nascida e desenvolvida a partir de colonos vindos de outros estados. Os Pernambucanos chegaram na regi\u00e3o no ano de 1865. Entre estes, veio com seus familiares, Ant\u00f4nio Rodrigues, que contraiu n\u00fapcias com uma cabocla, a &hellip;<\/p>\n","protected":false},"author":4,"featured_media":14491,"comment_status":"open","ping_status":"open","sticky":false,"template":"","format":"standard","meta":{"content-type":"","rop_custom_images_group":[],"rop_custom_messages_group":[],"rop_publish_now":"initial","rop_publish_now_accounts":{"facebook_2648258775420054_1618374048415101":""},"rop_publish_now_history":[],"rop_publish_now_status":"pending","footnotes":"","_jetpack_memberships_contains_paid_content":false},"categories":[113,109,136],"tags":[3632,116,207,137],"yoast_head":"<!-- This site is optimized with the Yoast SEO plugin v22.3 - https:\/\/yoast.com\/wordpress\/plugins\/seo\/ -->\n<title>Desmembrada de Fronteiras, instalada em 18 de dezembro de 1960, S\u00e3o Juli\u00e3o (PI) completa seus 59 anos de Emancipa\u00e7\u00e3o Pol\u00edtica - Portal NPM<\/title>\n<meta name=\"robots\" content=\"index, follow, max-snippet:-1, max-image-preview:large, max-video-preview:-1\" \/>\n<link rel=\"canonical\" href=\"https:\/\/portalnpm.com\/index.php\/2019\/12\/18\/desmembrada-de-fronteiras-instalada-em-18-de-dezembro-de-1960-sao-juliao-pi-completa-seus-59-anos-de-emancipacao-politica\/\" \/>\n<meta property=\"og:locale\" content=\"pt_BR\" \/>\n<meta property=\"og:type\" content=\"article\" \/>\n<meta property=\"og:title\" content=\"Desmembrada de Fronteiras, instalada em 18 de dezembro de 1960, S\u00e3o Juli\u00e3o (PI) completa seus 59 anos de Emancipa\u00e7\u00e3o Pol\u00edtica - Portal NPM\" \/>\n<meta property=\"og:description\" content=\"A cidade e munic\u00edpio de S\u00e3o Juli\u00e3o em sua origem, insere-se no mesmo contexto de quase todas as povoa\u00e7\u00f5es piauienses, nascida e desenvolvida a partir de colonos vindos de outros estados. Os Pernambucanos chegaram na regi\u00e3o no ano de 1865. Entre estes, veio com seus familiares, Ant\u00f4nio Rodrigues, que contraiu n\u00fapcias com uma cabocla, a &hellip;\" \/>\n<meta property=\"og:url\" content=\"https:\/\/portalnpm.com\/index.php\/2019\/12\/18\/desmembrada-de-fronteiras-instalada-em-18-de-dezembro-de-1960-sao-juliao-pi-completa-seus-59-anos-de-emancipacao-politica\/\" \/>\n<meta property=\"og:site_name\" content=\"Portal NPM\" \/>\n<meta property=\"article:published_time\" content=\"2019-12-18T12:37:00+00:00\" \/>\n<meta name=\"author\" content=\"Reda\u00e7\u00e3o\" \/>\n<meta name=\"twitter:card\" content=\"summary_large_image\" \/>\n<meta name=\"twitter:label1\" content=\"Escrito por\" \/>\n\t<meta name=\"twitter:data1\" content=\"Reda\u00e7\u00e3o\" \/>\n\t<meta name=\"twitter:label2\" content=\"Est. tempo de leitura\" \/>\n\t<meta name=\"twitter:data2\" content=\"3 minutos\" \/>\n<script type=\"application\/ld+json\" class=\"yoast-schema-graph\">{\"@context\":\"https:\/\/schema.org\",\"@graph\":[{\"@type\":\"WebPage\",\"@id\":\"https:\/\/portalnpm.com\/index.php\/2019\/12\/18\/desmembrada-de-fronteiras-instalada-em-18-de-dezembro-de-1960-sao-juliao-pi-completa-seus-59-anos-de-emancipacao-politica\/\",\"url\":\"https:\/\/portalnpm.com\/index.php\/2019\/12\/18\/desmembrada-de-fronteiras-instalada-em-18-de-dezembro-de-1960-sao-juliao-pi-completa-seus-59-anos-de-emancipacao-politica\/\",\"name\":\"Desmembrada de Fronteiras, instalada em 18 de dezembro de 1960, S\u00e3o Juli\u00e3o (PI) completa seus 59 anos de Emancipa\u00e7\u00e3o Pol\u00edtica - Portal NPM\",\"isPartOf\":{\"@id\":\"https:\/\/portalnpm.com\/#website\"},\"primaryImageOfPage\":{\"@id\":\"https:\/\/portalnpm.com\/index.php\/2019\/12\/18\/desmembrada-de-fronteiras-instalada-em-18-de-dezembro-de-1960-sao-juliao-pi-completa-seus-59-anos-de-emancipacao-politica\/#primaryimage\"},\"image\":{\"@id\":\"https:\/\/portalnpm.com\/index.php\/2019\/12\/18\/desmembrada-de-fronteiras-instalada-em-18-de-dezembro-de-1960-sao-juliao-pi-completa-seus-59-anos-de-emancipacao-politica\/#primaryimage\"},\"thumbnailUrl\":\"\",\"datePublished\":\"2019-12-18T12:37:00+00:00\",\"dateModified\":\"2019-12-18T12:37:00+00:00\",\"author\":{\"@id\":\"https:\/\/portalnpm.com\/#\/schema\/person\/0b5f230ec96cee25504fa328e7f2b733\"},\"breadcrumb\":{\"@id\":\"https:\/\/portalnpm.com\/index.php\/2019\/12\/18\/desmembrada-de-fronteiras-instalada-em-18-de-dezembro-de-1960-sao-juliao-pi-completa-seus-59-anos-de-emancipacao-politica\/#breadcrumb\"},\"inLanguage\":\"pt-BR\",\"potentialAction\":[{\"@type\":\"ReadAction\",\"target\":[\"https:\/\/portalnpm.com\/index.php\/2019\/12\/18\/desmembrada-de-fronteiras-instalada-em-18-de-dezembro-de-1960-sao-juliao-pi-completa-seus-59-anos-de-emancipacao-politica\/\"]}]},{\"@type\":\"ImageObject\",\"inLanguage\":\"pt-BR\",\"@id\":\"https:\/\/portalnpm.com\/index.php\/2019\/12\/18\/desmembrada-de-fronteiras-instalada-em-18-de-dezembro-de-1960-sao-juliao-pi-completa-seus-59-anos-de-emancipacao-politica\/#primaryimage\",\"url\":\"\",\"contentUrl\":\"\"},{\"@type\":\"BreadcrumbList\",\"@id\":\"https:\/\/portalnpm.com\/index.php\/2019\/12\/18\/desmembrada-de-fronteiras-instalada-em-18-de-dezembro-de-1960-sao-juliao-pi-completa-seus-59-anos-de-emancipacao-politica\/#breadcrumb\",\"itemListElement\":[{\"@type\":\"ListItem\",\"position\":1,\"name\":\"In\u00edcio\",\"item\":\"https:\/\/portalnpm.com\/\"},{\"@type\":\"ListItem\",\"position\":2,\"name\":\"Desmembrada de Fronteiras, instalada em 18 de dezembro de 1960, S\u00e3o Juli\u00e3o (PI) completa seus 59 anos de Emancipa\u00e7\u00e3o Pol\u00edtica\"}]},{\"@type\":\"WebSite\",\"@id\":\"https:\/\/portalnpm.com\/#website\",\"url\":\"https:\/\/portalnpm.com\/\",\"name\":\"Portal NPM\",\"description\":\"Not\u00edcias em Primeira M\u00e3o\",\"potentialAction\":[{\"@type\":\"SearchAction\",\"target\":{\"@type\":\"EntryPoint\",\"urlTemplate\":\"https:\/\/portalnpm.com\/?s={search_term_string}\"},\"query-input\":\"required name=search_term_string\"}],\"inLanguage\":\"pt-BR\"},{\"@type\":\"Person\",\"@id\":\"https:\/\/portalnpm.com\/#\/schema\/person\/0b5f230ec96cee25504fa328e7f2b733\",\"name\":\"Reda\u00e7\u00e3o\",\"image\":{\"@type\":\"ImageObject\",\"inLanguage\":\"pt-BR\",\"@id\":\"https:\/\/portalnpm.com\/#\/schema\/person\/image\/\",\"url\":\"https:\/\/portalnpm.com\/wp-content\/uploads\/2024\/03\/avatar_user_4_1710097212-96x96.png\",\"contentUrl\":\"https:\/\/portalnpm.com\/wp-content\/uploads\/2024\/03\/avatar_user_4_1710097212-96x96.png\",\"caption\":\"Reda\u00e7\u00e3o\"},\"url\":\"https:\/\/portalnpm.com\/index.php\/author\/redacao\/\"}]}<\/script>\n<!-- \/ Yoast SEO plugin. -->","yoast_head_json":{"title":"Desmembrada de Fronteiras, instalada em 18 de dezembro de 1960, S\u00e3o Juli\u00e3o (PI) completa seus 59 anos de Emancipa\u00e7\u00e3o Pol\u00edtica - Portal NPM","robots":{"index":"index","follow":"follow","max-snippet":"max-snippet:-1","max-image-preview":"max-image-preview:large","max-video-preview":"max-video-preview:-1"},"canonical":"https:\/\/portalnpm.com\/index.php\/2019\/12\/18\/desmembrada-de-fronteiras-instalada-em-18-de-dezembro-de-1960-sao-juliao-pi-completa-seus-59-anos-de-emancipacao-politica\/","og_locale":"pt_BR","og_type":"article","og_title":"Desmembrada de Fronteiras, instalada em 18 de dezembro de 1960, S\u00e3o Juli\u00e3o (PI) completa seus 59 anos de Emancipa\u00e7\u00e3o Pol\u00edtica - Portal NPM","og_description":"A cidade e munic\u00edpio de S\u00e3o Juli\u00e3o em sua origem, insere-se no mesmo contexto de quase todas as povoa\u00e7\u00f5es piauienses, nascida e desenvolvida a partir de colonos vindos de outros estados. Os Pernambucanos chegaram na regi\u00e3o no ano de 1865. Entre estes, veio com seus familiares, Ant\u00f4nio Rodrigues, que contraiu n\u00fapcias com uma cabocla, a &hellip;","og_url":"https:\/\/portalnpm.com\/index.php\/2019\/12\/18\/desmembrada-de-fronteiras-instalada-em-18-de-dezembro-de-1960-sao-juliao-pi-completa-seus-59-anos-de-emancipacao-politica\/","og_site_name":"Portal NPM","article_published_time":"2019-12-18T12:37:00+00:00","author":"Reda\u00e7\u00e3o","twitter_card":"summary_large_image","twitter_misc":{"Escrito por":"Reda\u00e7\u00e3o","Est. tempo de leitura":"3 minutos"},"schema":{"@context":"https:\/\/schema.org","@graph":[{"@type":"WebPage","@id":"https:\/\/portalnpm.com\/index.php\/2019\/12\/18\/desmembrada-de-fronteiras-instalada-em-18-de-dezembro-de-1960-sao-juliao-pi-completa-seus-59-anos-de-emancipacao-politica\/","url":"https:\/\/portalnpm.com\/index.php\/2019\/12\/18\/desmembrada-de-fronteiras-instalada-em-18-de-dezembro-de-1960-sao-juliao-pi-completa-seus-59-anos-de-emancipacao-politica\/","name":"Desmembrada de Fronteiras, instalada em 18 de dezembro de 1960, S\u00e3o Juli\u00e3o (PI) completa seus 59 anos de Emancipa\u00e7\u00e3o Pol\u00edtica - Portal NPM","isPartOf":{"@id":"https:\/\/portalnpm.com\/#website"},"primaryImageOfPage":{"@id":"https:\/\/portalnpm.com\/index.php\/2019\/12\/18\/desmembrada-de-fronteiras-instalada-em-18-de-dezembro-de-1960-sao-juliao-pi-completa-seus-59-anos-de-emancipacao-politica\/#primaryimage"},"image":{"@id":"https:\/\/portalnpm.com\/index.php\/2019\/12\/18\/desmembrada-de-fronteiras-instalada-em-18-de-dezembro-de-1960-sao-juliao-pi-completa-seus-59-anos-de-emancipacao-politica\/#primaryimage"},"thumbnailUrl":"","datePublished":"2019-12-18T12:37:00+00:00","dateModified":"2019-12-18T12:37:00+00:00","author":{"@id":"https:\/\/portalnpm.com\/#\/schema\/person\/0b5f230ec96cee25504fa328e7f2b733"},"breadcrumb":{"@id":"https:\/\/portalnpm.com\/index.php\/2019\/12\/18\/desmembrada-de-fronteiras-instalada-em-18-de-dezembro-de-1960-sao-juliao-pi-completa-seus-59-anos-de-emancipacao-politica\/#breadcrumb"},"inLanguage":"pt-BR","potentialAction":[{"@type":"ReadAction","target":["https:\/\/portalnpm.com\/index.php\/2019\/12\/18\/desmembrada-de-fronteiras-instalada-em-18-de-dezembro-de-1960-sao-juliao-pi-completa-seus-59-anos-de-emancipacao-politica\/"]}]},{"@type":"ImageObject","inLanguage":"pt-BR","@id":"https:\/\/portalnpm.com\/index.php\/2019\/12\/18\/desmembrada-de-fronteiras-instalada-em-18-de-dezembro-de-1960-sao-juliao-pi-completa-seus-59-anos-de-emancipacao-politica\/#primaryimage","url":"","contentUrl":""},{"@type":"BreadcrumbList","@id":"https:\/\/portalnpm.com\/index.php\/2019\/12\/18\/desmembrada-de-fronteiras-instalada-em-18-de-dezembro-de-1960-sao-juliao-pi-completa-seus-59-anos-de-emancipacao-politica\/#breadcrumb","itemListElement":[{"@type":"ListItem","position":1,"name":"In\u00edcio","item":"https:\/\/portalnpm.com\/"},{"@type":"ListItem","position":2,"name":"Desmembrada de Fronteiras, instalada em 18 de dezembro de 1960, S\u00e3o Juli\u00e3o (PI) completa seus 59 anos de Emancipa\u00e7\u00e3o Pol\u00edtica"}]},{"@type":"WebSite","@id":"https:\/\/portalnpm.com\/#website","url":"https:\/\/portalnpm.com\/","name":"Portal NPM","description":"Not\u00edcias em Primeira M\u00e3o","potentialAction":[{"@type":"SearchAction","target":{"@type":"EntryPoint","urlTemplate":"https:\/\/portalnpm.com\/?s={search_term_string}"},"query-input":"required name=search_term_string"}],"inLanguage":"pt-BR"},{"@type":"Person","@id":"https:\/\/portalnpm.com\/#\/schema\/person\/0b5f230ec96cee25504fa328e7f2b733","name":"Reda\u00e7\u00e3o","image":{"@type":"ImageObject","inLanguage":"pt-BR","@id":"https:\/\/portalnpm.com\/#\/schema\/person\/image\/","url":"https:\/\/portalnpm.com\/wp-content\/uploads\/2024\/03\/avatar_user_4_1710097212-96x96.png","contentUrl":"https:\/\/portalnpm.com\/wp-content\/uploads\/2024\/03\/avatar_user_4_1710097212-96x96.png","caption":"Reda\u00e7\u00e3o"},"url":"https:\/\/portalnpm.com\/index.php\/author\/redacao\/"}]}},"jetpack_sharing_enabled":true,"jetpack_featured_media_url":"","_links":{"self":[{"href":"https:\/\/portalnpm.com\/index.php\/wp-json\/wp\/v2\/posts\/14485"}],"collection":[{"href":"https:\/\/portalnpm.com\/index.php\/wp-json\/wp\/v2\/posts"}],"about":[{"href":"https:\/\/portalnpm.com\/index.php\/wp-json\/wp\/v2\/types\/post"}],"author":[{"embeddable":true,"href":"https:\/\/portalnpm.com\/index.php\/wp-json\/wp\/v2\/users\/4"}],"replies":[{"embeddable":true,"href":"https:\/\/portalnpm.com\/index.php\/wp-json\/wp\/v2\/comments?post=14485"}],"version-history":[{"count":0,"href":"https:\/\/portalnpm.com\/index.php\/wp-json\/wp\/v2\/posts\/14485\/revisions"}],"wp:featuredmedia":[{"embeddable":true,"href":"https:\/\/portalnpm.com\/index.php\/wp-json\/"}],"wp:attachment":[{"href":"https:\/\/portalnpm.com\/index.php\/wp-json\/wp\/v2\/media?parent=14485"}],"wp:term":[{"taxonomy":"category","embeddable":true,"href":"https:\/\/portalnpm.com\/index.php\/wp-json\/wp\/v2\/categories?post=14485"},{"taxonomy":"post_tag","embeddable":true,"href":"https:\/\/portalnpm.com\/index.php\/wp-json\/wp\/v2\/tags?post=14485"}],"curies":[{"name":"wp","href":"https:\/\/api.w.org\/{rel}","templated":true}]}}