{"id":1486,"date":"2018-09-22T14:00:55","date_gmt":"2018-09-22T17:00:55","guid":{"rendered":"http:\/\/srv.portalnpm.com.br\/?p=1486"},"modified":"2018-09-22T14:00:55","modified_gmt":"2018-09-22T17:00:55","slug":"memoria-esportiva-cnec-campea-30-anos-de-uma-conquista-historica-veja-fotos","status":"publish","type":"post","link":"https:\/\/portalnpm.com\/index.php\/2018\/09\/22\/memoria-esportiva-cnec-campea-30-anos-de-uma-conquista-historica-veja-fotos\/","title":{"rendered":"Mem\u00f3ria esportiva: CNEC campe\u00e3 &#8211; 30 anos de uma conquista hist\u00f3rica. Veja fotos!"},"content":{"rendered":"<blockquote><p>Em p\u00e9: De Assis, Carlinhos, Z\u00e9 Pedro, Raimundo, El\u00edsio, C\u00e9sar e Jonas; agachados: De\u00edlson, La\u00e9rcio, Miguel, Honorato, Gilberto e Z\u00e9 David. ( foto em destaque logo acima)<\/p><\/blockquote>\n<p style=\"text-align: justify;\">S\u00e3o Juli\u00e3o, 14 de agosto de 1988. Dia em que a hist\u00f3rica cidade futebolista celebrou mais um domingo cl\u00e1ssico das tardes festivas de futebol, quando a\u00a0<strong>CNEC,<\/strong>\u00a0time formado por jovens adolescentes da escola de ensino fundamental cenecista Aurino Nunes, levantou a ta\u00e7a de campe\u00e3 do principal torneio do munic\u00edpio.<\/p>\n<p style=\"text-align: justify;\">O advers\u00e1rio derrotado foi a tradicional equipe do Centro da cidade que, at\u00e9 ent\u00e3o, detinha o maior n\u00famero de campeonatos conquistados. Naquele dia, apenas um resultado de igualdade (1 a 1, foi o placar da partida final) era o suficiente para a consagra\u00e7\u00e3o dos garotos que haviam vencido o primeiro embate, por 3 a 1.<\/p>\n<p style=\"text-align: justify;\">O time de moleques, como definia os torcedores opositores, tinha, como base, jovens de 14, 15, 16 e 17 anos, inclusive o seu treinador, esse colunista que ora redige essa nota.<\/p>\n<p style=\"text-align: justify;\">Foi nessa temporada que nasceu craques como os atacantes Deilson, Ivanaldo e Carlinhos; o zagueiro Jonas e o goleiro C\u00e9sar que, posteriormente, foram destaques em outros campos de jogo da regi\u00e3o\u00a0 e, at\u00e9, nos vizinhos estados do Cear\u00e1 e Pernambuco.<\/p>\n<figure id=\"attachment_1487\" aria-describedby=\"caption-attachment-1487\" style=\"width: 207px\" class=\"wp-caption alignnone\"><img fetchpriority=\"high\" decoding=\"async\" class=\"size-medium wp-image-1487\" src=\"http:\/\/portalnpm.com.br\/wp-content\/uploads\/2018\/09\/com-o-trofeu-nem-doriedson-e-francisco-de-assis-sousa-350895-207x300.jpg\" alt=\"\" width=\"207\" height=\"300\" srcset=\"https:\/\/portalnpm.com\/wp-content\/uploads\/2018\/09\/com-o-trofeu-nem-doriedson-e-francisco-de-assis-sousa-350895-207x300.jpg 207w, https:\/\/portalnpm.com\/wp-content\/uploads\/2018\/09\/com-o-trofeu-nem-doriedson-e-francisco-de-assis-sousa-350895-705x1024.jpg 705w, https:\/\/portalnpm.com\/wp-content\/uploads\/2018\/09\/com-o-trofeu-nem-doriedson-e-francisco-de-assis-sousa-350895-768x1115.jpg 768w, https:\/\/portalnpm.com\/wp-content\/uploads\/2018\/09\/com-o-trofeu-nem-doriedson-e-francisco-de-assis-sousa-350895-860x1249.jpg 860w, https:\/\/portalnpm.com\/wp-content\/uploads\/2018\/09\/com-o-trofeu-nem-doriedson-e-francisco-de-assis-sousa-350895.jpg 940w\" sizes=\"(max-width: 207px) 100vw, 207px\" \/><figcaption id=\"caption-attachment-1487\" class=\"wp-caption-text\">Com o trof\u00e9u: N\u00e9m, Doriedson e Francisco de Assis Sousa.<\/figcaption><\/figure>\n<p style=\"text-align: justify;\">O time titular, que saiu de campo com a ta\u00e7a erguida bem no alto, jogou com:\u00a0<strong>C\u00e9sar do Rold\u00e3o, Gilberto do Elias do Deca, Jonas, Honorato e Z\u00e9 Pedro; Miguel do Z\u00e9 Luiz, Cleydson do Z\u00e9 Adriano e N\u00e9m do Big Lanche; Ivanaldo do Tintino, Z\u00e9 David \u2013 o \u00fanico, consideravelmente acima da idade dos demais &#8211; e De\u00edlson.\u00a0<\/strong>O elenco ainda tinha nos seus quadros<strong>: Doriedson do Nicomedes, Carlinhos da Guilhermina, Raimundo da Lira, La\u00e9rcio do Ant\u00f4nio do Fran\u00e7a, El\u00edsio do Z\u00e9 Birro e Carlinhos da Socorro.\u00a0T\u00e9cnico: Francisco de Assis Sousa; Presidente: Roberto Joaquim Sobrinho.<\/p>\n<p>Campanha na fase classificat\u00f3ria:<br \/>\nCNEC 2 x 3 Cacimbas (Hoje, localidade de Vila Nova do Piau\u00ed)<br \/>\n<\/strong>(Obs. perdemos o jogo, mas ganhamos os pontos, pois a equipe advers\u00e1ria jogou com os atletas, Nuna e Miranda, sem ter procedido com as suas devidas inscri\u00e7\u00f5es junto ao comit\u00ea organizador).<br \/>\n<strong>CNEC 5 x 0 Cruzeiro do Gimbudo;<br \/>\nCNEC 5 x 0 Combinado Mandacaru\/Alegrete;<br \/>\nCNEC 2 x 3 Alto;<br \/>\nCNEC 2 x 0 Centro.<\/p>\n<p>Finais:<br \/>\nCNEC 3 x 1 Centro;<br \/>\nCNEC 1 x 1 Centro.<\/p>\n<p>Coloca\u00e7\u00e3o: Campe\u00e3o municipal de 1988.<\/p>\n<p><\/strong>Naquele ano, Jonas foi escolhido como o melhor jogador do campeinato; De\u00edlson, o segundo melhor jogador; Ivanaldo, o jogador revela\u00e7\u00e3o e Francisco de Assis Sousa, o melhor treinador.<\/p>\n<p><b>Fonte:<\/b>\u00a0Prof. Francisco de Assis Sousa<\/p>\n","protected":false},"excerpt":{"rendered":"<p>Em p\u00e9: De Assis, Carlinhos, Z\u00e9 Pedro, Raimundo, El\u00edsio, C\u00e9sar e Jonas; agachados: De\u00edlson, La\u00e9rcio, Miguel, Honorato, Gilberto e Z\u00e9 David. ( foto em destaque logo acima) S\u00e3o Juli\u00e3o, 14 de agosto de 1988. Dia em que a hist\u00f3rica cidade futebolista celebrou mais um domingo cl\u00e1ssico das tardes festivas de futebol, quando a\u00a0CNEC,\u00a0time formado por &hellip;<\/p>\n","protected":false},"author":3,"featured_media":1488,"comment_status":"open","ping_status":"open","sticky":false,"template":"","format":"standard","meta":{"content-type":"","rop_custom_images_group":[],"rop_custom_messages_group":[],"rop_publish_now":"initial","rop_publish_now_accounts":{"facebook_2648258775420054_1618374048415101":""},"rop_publish_now_history":[],"rop_publish_now_status":"pending","footnotes":"","_jetpack_memberships_contains_paid_content":false},"categories":[113,108,136],"tags":[774,775,137],"yoast_head":"<!-- This site is optimized with the Yoast SEO plugin v22.3 - https:\/\/yoast.com\/wordpress\/plugins\/seo\/ -->\n<title>Mem\u00f3ria esportiva: CNEC campe\u00e3 - 30 anos de uma conquista hist\u00f3rica. Veja fotos! - Portal NPM<\/title>\n<meta name=\"robots\" content=\"index, follow, max-snippet:-1, max-image-preview:large, max-video-preview:-1\" \/>\n<link rel=\"canonical\" href=\"https:\/\/portalnpm.com\/index.php\/2018\/09\/22\/memoria-esportiva-cnec-campea-30-anos-de-uma-conquista-historica-veja-fotos\/\" \/>\n<meta property=\"og:locale\" content=\"pt_BR\" \/>\n<meta property=\"og:type\" content=\"article\" \/>\n<meta property=\"og:title\" content=\"Mem\u00f3ria esportiva: CNEC campe\u00e3 - 30 anos de uma conquista hist\u00f3rica. Veja fotos! - Portal NPM\" \/>\n<meta property=\"og:description\" content=\"Em p\u00e9: De Assis, Carlinhos, Z\u00e9 Pedro, Raimundo, El\u00edsio, C\u00e9sar e Jonas; agachados: De\u00edlson, La\u00e9rcio, Miguel, Honorato, Gilberto e Z\u00e9 David. ( foto em destaque logo acima) S\u00e3o Juli\u00e3o, 14 de agosto de 1988. Dia em que a hist\u00f3rica cidade futebolista celebrou mais um domingo cl\u00e1ssico das tardes festivas de futebol, quando a\u00a0CNEC,\u00a0time formado por &hellip;\" \/>\n<meta property=\"og:url\" content=\"https:\/\/portalnpm.com\/index.php\/2018\/09\/22\/memoria-esportiva-cnec-campea-30-anos-de-uma-conquista-historica-veja-fotos\/\" \/>\n<meta property=\"og:site_name\" content=\"Portal NPM\" \/>\n<meta property=\"article:published_time\" content=\"2018-09-22T17:00:55+00:00\" \/>\n<meta property=\"og:image\" content=\"https:\/\/portalnpm.com\/wp-content\/uploads\/2018\/09\/em-pe-de-assis-carlinhos-ze-pedro-raimundo-elisio-cesar-e-jonas-agachados-deilson-laercio-miguel-honorato-gilberto-e-ze-david-350894.jpg\" \/>\n\t<meta property=\"og:image:width\" content=\"940\" \/>\n\t<meta property=\"og:image:height\" content=\"608\" \/>\n\t<meta property=\"og:image:type\" content=\"image\/jpeg\" \/>\n<meta name=\"author\" content=\"Luis Alberto\" \/>\n<meta name=\"twitter:card\" content=\"summary_large_image\" \/>\n<meta name=\"twitter:label1\" content=\"Escrito por\" \/>\n\t<meta name=\"twitter:data1\" content=\"Luis Alberto\" \/>\n\t<meta name=\"twitter:label2\" content=\"Est. tempo de leitura\" \/>\n\t<meta name=\"twitter:data2\" content=\"2 minutos\" \/>\n<script type=\"application\/ld+json\" class=\"yoast-schema-graph\">{\"@context\":\"https:\/\/schema.org\",\"@graph\":[{\"@type\":\"WebPage\",\"@id\":\"https:\/\/portalnpm.com\/index.php\/2018\/09\/22\/memoria-esportiva-cnec-campea-30-anos-de-uma-conquista-historica-veja-fotos\/\",\"url\":\"https:\/\/portalnpm.com\/index.php\/2018\/09\/22\/memoria-esportiva-cnec-campea-30-anos-de-uma-conquista-historica-veja-fotos\/\",\"name\":\"Mem\u00f3ria esportiva: CNEC campe\u00e3 - 30 anos de uma conquista hist\u00f3rica. Veja fotos! - Portal NPM\",\"isPartOf\":{\"@id\":\"https:\/\/portalnpm.com\/#website\"},\"primaryImageOfPage\":{\"@id\":\"https:\/\/portalnpm.com\/index.php\/2018\/09\/22\/memoria-esportiva-cnec-campea-30-anos-de-uma-conquista-historica-veja-fotos\/#primaryimage\"},\"image\":{\"@id\":\"https:\/\/portalnpm.com\/index.php\/2018\/09\/22\/memoria-esportiva-cnec-campea-30-anos-de-uma-conquista-historica-veja-fotos\/#primaryimage\"},\"thumbnailUrl\":\"https:\/\/portalnpm.com\/wp-content\/uploads\/2018\/09\/em-pe-de-assis-carlinhos-ze-pedro-raimundo-elisio-cesar-e-jonas-agachados-deilson-laercio-miguel-honorato-gilberto-e-ze-david-350894.jpg\",\"datePublished\":\"2018-09-22T17:00:55+00:00\",\"dateModified\":\"2018-09-22T17:00:55+00:00\",\"author\":{\"@id\":\"https:\/\/portalnpm.com\/#\/schema\/person\/5c8006acdf71774cd4e7a5ab98482152\"},\"breadcrumb\":{\"@id\":\"https:\/\/portalnpm.com\/index.php\/2018\/09\/22\/memoria-esportiva-cnec-campea-30-anos-de-uma-conquista-historica-veja-fotos\/#breadcrumb\"},\"inLanguage\":\"pt-BR\",\"potentialAction\":[{\"@type\":\"ReadAction\",\"target\":[\"https:\/\/portalnpm.com\/index.php\/2018\/09\/22\/memoria-esportiva-cnec-campea-30-anos-de-uma-conquista-historica-veja-fotos\/\"]}]},{\"@type\":\"ImageObject\",\"inLanguage\":\"pt-BR\",\"@id\":\"https:\/\/portalnpm.com\/index.php\/2018\/09\/22\/memoria-esportiva-cnec-campea-30-anos-de-uma-conquista-historica-veja-fotos\/#primaryimage\",\"url\":\"https:\/\/portalnpm.com\/wp-content\/uploads\/2018\/09\/em-pe-de-assis-carlinhos-ze-pedro-raimundo-elisio-cesar-e-jonas-agachados-deilson-laercio-miguel-honorato-gilberto-e-ze-david-350894.jpg\",\"contentUrl\":\"https:\/\/portalnpm.com\/wp-content\/uploads\/2018\/09\/em-pe-de-assis-carlinhos-ze-pedro-raimundo-elisio-cesar-e-jonas-agachados-deilson-laercio-miguel-honorato-gilberto-e-ze-david-350894.jpg\",\"width\":940,\"height\":608},{\"@type\":\"BreadcrumbList\",\"@id\":\"https:\/\/portalnpm.com\/index.php\/2018\/09\/22\/memoria-esportiva-cnec-campea-30-anos-de-uma-conquista-historica-veja-fotos\/#breadcrumb\",\"itemListElement\":[{\"@type\":\"ListItem\",\"position\":1,\"name\":\"In\u00edcio\",\"item\":\"https:\/\/portalnpm.com\/\"},{\"@type\":\"ListItem\",\"position\":2,\"name\":\"Mem\u00f3ria esportiva: CNEC campe\u00e3 &#8211; 30 anos de uma conquista hist\u00f3rica. Veja fotos!\"}]},{\"@type\":\"WebSite\",\"@id\":\"https:\/\/portalnpm.com\/#website\",\"url\":\"https:\/\/portalnpm.com\/\",\"name\":\"Portal NPM\",\"description\":\"Not\u00edcias em Primeira M\u00e3o\",\"potentialAction\":[{\"@type\":\"SearchAction\",\"target\":{\"@type\":\"EntryPoint\",\"urlTemplate\":\"https:\/\/portalnpm.com\/?s={search_term_string}\"},\"query-input\":\"required name=search_term_string\"}],\"inLanguage\":\"pt-BR\"},{\"@type\":\"Person\",\"@id\":\"https:\/\/portalnpm.com\/#\/schema\/person\/5c8006acdf71774cd4e7a5ab98482152\",\"name\":\"Luis Alberto\",\"image\":{\"@type\":\"ImageObject\",\"inLanguage\":\"pt-BR\",\"@id\":\"https:\/\/portalnpm.com\/#\/schema\/person\/image\/\",\"url\":\"https:\/\/portalnpm.com\/wp-content\/uploads\/2024\/12\/avatar_user_3_1734699769-96x96.jpeg\",\"contentUrl\":\"https:\/\/portalnpm.com\/wp-content\/uploads\/2024\/12\/avatar_user_3_1734699769-96x96.jpeg\",\"caption\":\"Luis Alberto\"},\"description\":\"Editor-geral do Portal NPM, \u00e9 formado como T\u00e9cnico em Seguran\u00e7a do Trabalho pela Escola Metropolitana de Cursos T\u00e9cnicos. Det\u00e9m ainda licenciatura em Educa\u00e7\u00e3o F\u00edsica e bacharelado em Ci\u00eancias Pol\u00edticas, ambos obtidos pela institui\u00e7\u00e3o Anhanguera\/UNOPAR.\",\"url\":\"https:\/\/portalnpm.com\/index.php\/author\/pereira\/\"}]}<\/script>\n<!-- \/ Yoast SEO plugin. -->","yoast_head_json":{"title":"Mem\u00f3ria esportiva: CNEC campe\u00e3 - 30 anos de uma conquista hist\u00f3rica. Veja fotos! - Portal NPM","robots":{"index":"index","follow":"follow","max-snippet":"max-snippet:-1","max-image-preview":"max-image-preview:large","max-video-preview":"max-video-preview:-1"},"canonical":"https:\/\/portalnpm.com\/index.php\/2018\/09\/22\/memoria-esportiva-cnec-campea-30-anos-de-uma-conquista-historica-veja-fotos\/","og_locale":"pt_BR","og_type":"article","og_title":"Mem\u00f3ria esportiva: CNEC campe\u00e3 - 30 anos de uma conquista hist\u00f3rica. Veja fotos! - Portal NPM","og_description":"Em p\u00e9: De Assis, Carlinhos, Z\u00e9 Pedro, Raimundo, El\u00edsio, C\u00e9sar e Jonas; agachados: De\u00edlson, La\u00e9rcio, Miguel, Honorato, Gilberto e Z\u00e9 David. ( foto em destaque logo acima) S\u00e3o Juli\u00e3o, 14 de agosto de 1988. Dia em que a hist\u00f3rica cidade futebolista celebrou mais um domingo cl\u00e1ssico das tardes festivas de futebol, quando a\u00a0CNEC,\u00a0time formado por &hellip;","og_url":"https:\/\/portalnpm.com\/index.php\/2018\/09\/22\/memoria-esportiva-cnec-campea-30-anos-de-uma-conquista-historica-veja-fotos\/","og_site_name":"Portal NPM","article_published_time":"2018-09-22T17:00:55+00:00","og_image":[{"width":940,"height":608,"url":"https:\/\/portalnpm.com\/wp-content\/uploads\/2018\/09\/em-pe-de-assis-carlinhos-ze-pedro-raimundo-elisio-cesar-e-jonas-agachados-deilson-laercio-miguel-honorato-gilberto-e-ze-david-350894.jpg","type":"image\/jpeg"}],"author":"Luis Alberto","twitter_card":"summary_large_image","twitter_misc":{"Escrito por":"Luis Alberto","Est. tempo de leitura":"2 minutos"},"schema":{"@context":"https:\/\/schema.org","@graph":[{"@type":"WebPage","@id":"https:\/\/portalnpm.com\/index.php\/2018\/09\/22\/memoria-esportiva-cnec-campea-30-anos-de-uma-conquista-historica-veja-fotos\/","url":"https:\/\/portalnpm.com\/index.php\/2018\/09\/22\/memoria-esportiva-cnec-campea-30-anos-de-uma-conquista-historica-veja-fotos\/","name":"Mem\u00f3ria esportiva: CNEC campe\u00e3 - 30 anos de uma conquista hist\u00f3rica. Veja fotos! - Portal NPM","isPartOf":{"@id":"https:\/\/portalnpm.com\/#website"},"primaryImageOfPage":{"@id":"https:\/\/portalnpm.com\/index.php\/2018\/09\/22\/memoria-esportiva-cnec-campea-30-anos-de-uma-conquista-historica-veja-fotos\/#primaryimage"},"image":{"@id":"https:\/\/portalnpm.com\/index.php\/2018\/09\/22\/memoria-esportiva-cnec-campea-30-anos-de-uma-conquista-historica-veja-fotos\/#primaryimage"},"thumbnailUrl":"https:\/\/portalnpm.com\/wp-content\/uploads\/2018\/09\/em-pe-de-assis-carlinhos-ze-pedro-raimundo-elisio-cesar-e-jonas-agachados-deilson-laercio-miguel-honorato-gilberto-e-ze-david-350894.jpg","datePublished":"2018-09-22T17:00:55+00:00","dateModified":"2018-09-22T17:00:55+00:00","author":{"@id":"https:\/\/portalnpm.com\/#\/schema\/person\/5c8006acdf71774cd4e7a5ab98482152"},"breadcrumb":{"@id":"https:\/\/portalnpm.com\/index.php\/2018\/09\/22\/memoria-esportiva-cnec-campea-30-anos-de-uma-conquista-historica-veja-fotos\/#breadcrumb"},"inLanguage":"pt-BR","potentialAction":[{"@type":"ReadAction","target":["https:\/\/portalnpm.com\/index.php\/2018\/09\/22\/memoria-esportiva-cnec-campea-30-anos-de-uma-conquista-historica-veja-fotos\/"]}]},{"@type":"ImageObject","inLanguage":"pt-BR","@id":"https:\/\/portalnpm.com\/index.php\/2018\/09\/22\/memoria-esportiva-cnec-campea-30-anos-de-uma-conquista-historica-veja-fotos\/#primaryimage","url":"https:\/\/portalnpm.com\/wp-content\/uploads\/2018\/09\/em-pe-de-assis-carlinhos-ze-pedro-raimundo-elisio-cesar-e-jonas-agachados-deilson-laercio-miguel-honorato-gilberto-e-ze-david-350894.jpg","contentUrl":"https:\/\/portalnpm.com\/wp-content\/uploads\/2018\/09\/em-pe-de-assis-carlinhos-ze-pedro-raimundo-elisio-cesar-e-jonas-agachados-deilson-laercio-miguel-honorato-gilberto-e-ze-david-350894.jpg","width":940,"height":608},{"@type":"BreadcrumbList","@id":"https:\/\/portalnpm.com\/index.php\/2018\/09\/22\/memoria-esportiva-cnec-campea-30-anos-de-uma-conquista-historica-veja-fotos\/#breadcrumb","itemListElement":[{"@type":"ListItem","position":1,"name":"In\u00edcio","item":"https:\/\/portalnpm.com\/"},{"@type":"ListItem","position":2,"name":"Mem\u00f3ria esportiva: CNEC campe\u00e3 &#8211; 30 anos de uma conquista hist\u00f3rica. Veja fotos!"}]},{"@type":"WebSite","@id":"https:\/\/portalnpm.com\/#website","url":"https:\/\/portalnpm.com\/","name":"Portal NPM","description":"Not\u00edcias em Primeira M\u00e3o","potentialAction":[{"@type":"SearchAction","target":{"@type":"EntryPoint","urlTemplate":"https:\/\/portalnpm.com\/?s={search_term_string}"},"query-input":"required name=search_term_string"}],"inLanguage":"pt-BR"},{"@type":"Person","@id":"https:\/\/portalnpm.com\/#\/schema\/person\/5c8006acdf71774cd4e7a5ab98482152","name":"Luis Alberto","image":{"@type":"ImageObject","inLanguage":"pt-BR","@id":"https:\/\/portalnpm.com\/#\/schema\/person\/image\/","url":"https:\/\/portalnpm.com\/wp-content\/uploads\/2024\/12\/avatar_user_3_1734699769-96x96.jpeg","contentUrl":"https:\/\/portalnpm.com\/wp-content\/uploads\/2024\/12\/avatar_user_3_1734699769-96x96.jpeg","caption":"Luis Alberto"},"description":"Editor-geral do Portal NPM, \u00e9 formado como T\u00e9cnico em Seguran\u00e7a do Trabalho pela Escola Metropolitana de Cursos T\u00e9cnicos. Det\u00e9m ainda licenciatura em Educa\u00e7\u00e3o F\u00edsica e bacharelado em Ci\u00eancias Pol\u00edticas, ambos obtidos pela institui\u00e7\u00e3o Anhanguera\/UNOPAR.","url":"https:\/\/portalnpm.com\/index.php\/author\/pereira\/"}]}},"jetpack_sharing_enabled":true,"jetpack_featured_media_url":"https:\/\/portalnpm.com\/wp-content\/uploads\/2018\/09\/em-pe-de-assis-carlinhos-ze-pedro-raimundo-elisio-cesar-e-jonas-agachados-deilson-laercio-miguel-honorato-gilberto-e-ze-david-350894.jpg","_links":{"self":[{"href":"https:\/\/portalnpm.com\/index.php\/wp-json\/wp\/v2\/posts\/1486"}],"collection":[{"href":"https:\/\/portalnpm.com\/index.php\/wp-json\/wp\/v2\/posts"}],"about":[{"href":"https:\/\/portalnpm.com\/index.php\/wp-json\/wp\/v2\/types\/post"}],"author":[{"embeddable":true,"href":"https:\/\/portalnpm.com\/index.php\/wp-json\/wp\/v2\/users\/3"}],"replies":[{"embeddable":true,"href":"https:\/\/portalnpm.com\/index.php\/wp-json\/wp\/v2\/comments?post=1486"}],"version-history":[{"count":0,"href":"https:\/\/portalnpm.com\/index.php\/wp-json\/wp\/v2\/posts\/1486\/revisions"}],"wp:featuredmedia":[{"embeddable":true,"href":"https:\/\/portalnpm.com\/index.php\/wp-json\/wp\/v2\/media\/1488"}],"wp:attachment":[{"href":"https:\/\/portalnpm.com\/index.php\/wp-json\/wp\/v2\/media?parent=1486"}],"wp:term":[{"taxonomy":"category","embeddable":true,"href":"https:\/\/portalnpm.com\/index.php\/wp-json\/wp\/v2\/categories?post=1486"},{"taxonomy":"post_tag","embeddable":true,"href":"https:\/\/portalnpm.com\/index.php\/wp-json\/wp\/v2\/tags?post=1486"}],"curies":[{"name":"wp","href":"https:\/\/api.w.org\/{rel}","templated":true}]}}