{"id":149,"date":"2018-07-28T09:37:47","date_gmt":"2018-07-28T12:37:47","guid":{"rendered":"http:\/\/srv.portalnpm.com.br\/?p=149"},"modified":"2018-07-28T09:37:47","modified_gmt":"2018-07-28T12:37:47","slug":"falta-de-recursos-causa-demissao-em-massa-de-funcionarios-no-parque-nacional-serra-da-capivara-diz-fumdham","status":"publish","type":"post","link":"https:\/\/portalnpm.com\/index.php\/2018\/07\/28\/falta-de-recursos-causa-demissao-em-massa-de-funcionarios-no-parque-nacional-serra-da-capivara-diz-fumdham\/","title":{"rendered":"Falta de recursos causa demiss\u00e3o em massa de funcion\u00e1rios no Parque Nacional Serra da Capivara, diz FUMDHAM"},"content":{"rendered":"<div class=\"mc-column content-text active-extra-styles active-capital-letter\" data-block-type=\"unstyled\" data-block-weight=\"54\" data-block-id=\"2\">\n<p class=\"content-text__container theme-color-primary-first-letter\" style=\"text-align: left;\" data-track-category=\"Link no Texto\" data-track-links=\"\">A falta de recursos causou a demiss\u00e3o em massa de dezenas de funcion\u00e1rios no Parque Nacional Serra da Capivara, no Sul do Piau\u00ed. De acordo com a diretora da Funda\u00e7\u00e3o Museu do Homem Americano (FUMDHAM), Ni\u00e8de Guidon, mais de 50 pessoas que trabalhavam na manuten\u00e7\u00e3o do local tiveram que ser desligadas, nesta quinta-feira (26).<\/p>\n<\/div>\n<div class=\"wall\">\n<div class=\"mc-column content-text active-extra-styles\" data-block-type=\"unstyled\" data-block-weight=\"23\" data-block-id=\"3\">\n<p class=\"content-text__container\" data-track-category=\"Link no Texto\" data-track-links=\"\">Segundo Ni\u00e8de Guidon, uma parte dos recursos destinados \u00e0 manuten\u00e7\u00e3o do parque, como para pagamento dos funcion\u00e1rios, est\u00e1 retida aguardando libera\u00e7\u00e3o da Justi\u00e7a.<\/p>\n<\/div>\n<div class=\"mc-column content-text active-extra-styles\" data-block-type=\"unstyled\" data-block-weight=\"34\" data-block-id=\"4\">\n<p class=\"content-text__container\" data-track-category=\"Link no Texto\" data-track-links=\"\">\u201cN\u00f3s temos esse recurso que foi conseguido pela OAB, mas o juiz entrou de f\u00e9rias e n\u00e3o fez a libera\u00e7\u00e3o, agora n\u00e3o temos como pagar os funcion\u00e1rios e tivemos que demitir\u201d, informou a arque\u00f3loga.<\/p>\n<figure id=\"attachment_150\" aria-describedby=\"caption-attachment-150\" style=\"width: 300px\" class=\"wp-caption alignnone\"><img fetchpriority=\"high\" decoding=\"async\" class=\"size-medium wp-image-150\" src=\"http:\/\/portalnpm.com.br\/wp-content\/uploads\/2018\/07\/img_9006-300x200.jpg\" alt=\"\" width=\"300\" height=\"200\" srcset=\"https:\/\/portalnpm.com\/wp-content\/uploads\/2018\/07\/img_9006-300x200.jpg 300w, https:\/\/portalnpm.com\/wp-content\/uploads\/2018\/07\/img_9006-768x512.jpg 768w, https:\/\/portalnpm.com\/wp-content\/uploads\/2018\/07\/img_9006-330x220.jpg 330w, https:\/\/portalnpm.com\/wp-content\/uploads\/2018\/07\/img_9006-420x280.jpg 420w, https:\/\/portalnpm.com\/wp-content\/uploads\/2018\/07\/img_9006-615x410.jpg 615w, https:\/\/portalnpm.com\/wp-content\/uploads\/2018\/07\/img_9006-860x573.jpg 860w, https:\/\/portalnpm.com\/wp-content\/uploads\/2018\/07\/img_9006.jpg 984w\" sizes=\"(max-width: 300px) 100vw, 300px\" \/><figcaption id=\"caption-attachment-150\" class=\"wp-caption-text\">Diretora da Funda\u00e7\u00e3o Museu do Homem Americano, Ni\u00e8de Guidon. (Foto: Pedro Santiago\/G1)<\/figcaption><\/figure>\n<div class=\"mc-column content-text active-extra-styles\" data-block-type=\"unstyled\" data-block-weight=\"68\" data-block-id=\"6\">\n<p class=\"content-text__container\" data-track-category=\"Link no Texto\" data-track-links=\"\">O recurso \u00e9 resultado de uma longa batalha judicial iniciada pela Ordem dos Advogados do Brasil, Sec\u00e7\u00e3o Piau\u00ed, e Minist\u00e9rio P\u00fablico Federal (MPF) para garantir a manuten\u00e7\u00e3o do parque. A a\u00e7\u00e3o resultou no bloqueio de mais de R$ 3 milh\u00f5es de contas da Uni\u00e3o, dos quais a\u00a0Justi\u00e7a Federal determinou a libera\u00e7\u00e3o de R$ 782.485, em car\u00e1ter emergencial, para suprir despesas com pessoal, materiais de consumo e infraestrutura.<\/p>\n<\/div>\n<div class=\"mc-column content-text active-extra-styles\" data-block-type=\"unstyled\" data-block-weight=\"48\" data-block-id=\"7\">\n<p class=\"content-text__container\" data-track-category=\"Link no Texto\" data-track-links=\"\">O parque, que chegou a operar com mais de 250 funcion\u00e1rios, atuava antes da demiss\u00e3o com cerca de 70 pessoas. Embora com efetivo limitado, a diretora da FUMDHAM garante que o funcionamento do local est\u00e1 mantido. \u201cAs guaritas de visita\u00e7\u00e3o ainda est\u00e3o funcionando por enquanto\u201d, afirmou Ni\u00e8de Guidon.<\/p>\n<\/div>\n<div class=\"content-ads content-ads--reveal\" data-block-type=\"ads\" data-block-id=\"8\">\n<div id=\"banner_materia2\" class=\"tag-manager-publicidade-container has-reveal has-ad-lazyload tag-manager-publicidade-banner_materia2 tag-manager-publicidade-container--carregado tag-manager-publicidade-container--visivel\" data-id=\"banner_materia2\" data-google-query-id=\"CLrwvezAv9wCFRA_Twodsb0Maw\" data-cid=\"138238488600\" data-lid=\"4734680866\">\n<article>\n<div class=\"wall\">\n<div class=\"mc-column content-text active-extra-styles\" data-block-type=\"raw\" data-block-weight=\"2\" data-block-id=\"9\">\n<div class=\"content-intertitle\">\n<p><strong>Patrim\u00f4nio mundial<\/strong><\/p>\n<figure id=\"attachment_151\" aria-describedby=\"caption-attachment-151\" style=\"width: 300px\" class=\"wp-caption alignnone\"><img decoding=\"async\" class=\"size-medium wp-image-151\" src=\"http:\/\/portalnpm.com.br\/wp-content\/uploads\/2018\/07\/serra-da-capivara-1-300x225.jpg\" alt=\"\" width=\"300\" height=\"225\" srcset=\"https:\/\/portalnpm.com\/wp-content\/uploads\/2018\/07\/serra-da-capivara-1-300x225.jpg 300w, https:\/\/portalnpm.com\/wp-content\/uploads\/2018\/07\/serra-da-capivara-1-768x576.jpg 768w, https:\/\/portalnpm.com\/wp-content\/uploads\/2018\/07\/serra-da-capivara-1-860x645.jpg 860w, https:\/\/portalnpm.com\/wp-content\/uploads\/2018\/07\/serra-da-capivara-1.jpg 984w\" sizes=\"(max-width: 300px) 100vw, 300px\" \/><figcaption id=\"caption-attachment-151\" class=\"wp-caption-text\">Parque tem pinturas feitas h\u00e1 milhares de anos em rochas e paredes de cavernas. (Foto: Pedro Santiago\/G1)<\/figcaption><\/figure>\n<p>O Parque Nacional Serra da Capivara \u00e9 um parque arqueol\u00f3gico que pelo seu valor hist\u00f3rico e cultural foi declarado pela Organiza\u00e7\u00e3o das Na\u00e7\u00f5es Unidas pela Educa\u00e7\u00e3o, Ci\u00eancia e Cultura (Unesco) patrim\u00f4nio mundial.<\/p>\n<div class=\"wall\">\n<div class=\"mc-column content-media content-media--normal content-photo\" data-block-type=\"backstage-photo\" data-block-id=\"10\">\n<div class=\"content-media__container\">\n<div class=\"content-media__description-centered\">\n<p class=\"content-media__description\">\n<\/div>\n<\/div>\n<\/div>\n<\/div>\n<div data-track-category=\"fim do conteudo\" data-track-action=\"ultimo chunk conteudo\" data-track-noninteraction=\"false\" data-track-scroll=\"entrada completa viewport\">\n<div class=\"mc-column content-text active-extra-styles\" data-block-type=\"unstyled\" data-block-weight=\"35\" data-block-id=\"12\">\n<p class=\"content-text__container\" data-track-category=\"Link no Texto\" data-track-links=\"\">O local tem mais de 1.200 s\u00edtios com arte rupestre, pinturas que foram feitas em rochas e paredes de cavernas h\u00e1 milhares de anos, e possui a maior quantidade de s\u00edtios arqueol\u00f3gicos pr\u00e9-hist\u00f3ricos das Am\u00e9ricas.<\/p>\n<p data-track-category=\"Link no Texto\" data-track-links=\"\"><strong>G1 Piau\u00ed<\/strong><\/p>\n<\/div>\n<\/div>\n<\/div>\n<\/div>\n<\/div>\n<\/article>\n<\/div>\n<\/div>\n<\/div>\n<\/div>\n","protected":false},"excerpt":{"rendered":"<p>A falta de recursos causou a demiss\u00e3o em massa de dezenas de funcion\u00e1rios no Parque Nacional Serra da Capivara, no Sul do Piau\u00ed. De acordo com a diretora da Funda\u00e7\u00e3o Museu do Homem Americano (FUMDHAM), Ni\u00e8de Guidon, mais de 50 pessoas que trabalhavam na manuten\u00e7\u00e3o do local tiveram que ser desligadas, nesta quinta-feira (26). Segundo &hellip;<\/p>\n","protected":false},"author":3,"featured_media":152,"comment_status":"open","ping_status":"open","sticky":false,"template":"","format":"standard","meta":{"content-type":"","rop_custom_images_group":[],"rop_custom_messages_group":[],"rop_publish_now":"initial","rop_publish_now_accounts":{"facebook_2648258775420054_1618374048415101":""},"rop_publish_now_history":[],"rop_publish_now_status":"pending","footnotes":"","_jetpack_memberships_contains_paid_content":false},"categories":[113],"tags":[389,390,391,392],"yoast_head":"<!-- This site is optimized with the Yoast SEO plugin v22.3 - https:\/\/yoast.com\/wordpress\/plugins\/seo\/ -->\n<title>Falta de recursos causa demiss\u00e3o em massa de funcion\u00e1rios no Parque Nacional Serra da Capivara, diz FUMDHAM - Portal NPM<\/title>\n<meta name=\"robots\" content=\"index, follow, max-snippet:-1, max-image-preview:large, max-video-preview:-1\" \/>\n<link rel=\"canonical\" href=\"https:\/\/portalnpm.com\/index.php\/2018\/07\/28\/falta-de-recursos-causa-demissao-em-massa-de-funcionarios-no-parque-nacional-serra-da-capivara-diz-fumdham\/\" \/>\n<meta property=\"og:locale\" content=\"pt_BR\" \/>\n<meta property=\"og:type\" content=\"article\" \/>\n<meta property=\"og:title\" content=\"Falta de recursos causa demiss\u00e3o em massa de funcion\u00e1rios no Parque Nacional Serra da Capivara, diz FUMDHAM - Portal NPM\" \/>\n<meta property=\"og:description\" content=\"A falta de recursos causou a demiss\u00e3o em massa de dezenas de funcion\u00e1rios no Parque Nacional Serra da Capivara, no Sul do Piau\u00ed. De acordo com a diretora da Funda\u00e7\u00e3o Museu do Homem Americano (FUMDHAM), Ni\u00e8de Guidon, mais de 50 pessoas que trabalhavam na manuten\u00e7\u00e3o do local tiveram que ser desligadas, nesta quinta-feira (26). Segundo &hellip;\" \/>\n<meta property=\"og:url\" content=\"https:\/\/portalnpm.com\/index.php\/2018\/07\/28\/falta-de-recursos-causa-demissao-em-massa-de-funcionarios-no-parque-nacional-serra-da-capivara-diz-fumdham\/\" \/>\n<meta property=\"og:site_name\" content=\"Portal NPM\" \/>\n<meta property=\"article:published_time\" content=\"2018-07-28T12:37:47+00:00\" \/>\n<meta property=\"og:image\" content=\"https:\/\/portalnpm.com\/wp-content\/uploads\/2018\/07\/8feb8d53-img_39061-copiar.jpg\" \/>\n\t<meta property=\"og:image:width\" content=\"800\" \/>\n\t<meta property=\"og:image:height\" content=\"532\" \/>\n\t<meta property=\"og:image:type\" content=\"image\/jpeg\" \/>\n<meta name=\"author\" content=\"Luis Alberto\" \/>\n<meta name=\"twitter:card\" content=\"summary_large_image\" \/>\n<meta name=\"twitter:label1\" content=\"Escrito por\" \/>\n\t<meta name=\"twitter:data1\" content=\"Luis Alberto\" \/>\n\t<meta name=\"twitter:label2\" content=\"Est. tempo de leitura\" \/>\n\t<meta name=\"twitter:data2\" content=\"2 minutos\" \/>\n<script type=\"application\/ld+json\" class=\"yoast-schema-graph\">{\"@context\":\"https:\/\/schema.org\",\"@graph\":[{\"@type\":\"WebPage\",\"@id\":\"https:\/\/portalnpm.com\/index.php\/2018\/07\/28\/falta-de-recursos-causa-demissao-em-massa-de-funcionarios-no-parque-nacional-serra-da-capivara-diz-fumdham\/\",\"url\":\"https:\/\/portalnpm.com\/index.php\/2018\/07\/28\/falta-de-recursos-causa-demissao-em-massa-de-funcionarios-no-parque-nacional-serra-da-capivara-diz-fumdham\/\",\"name\":\"Falta de recursos causa demiss\u00e3o em massa de funcion\u00e1rios no Parque Nacional Serra da Capivara, diz FUMDHAM - Portal NPM\",\"isPartOf\":{\"@id\":\"https:\/\/portalnpm.com\/#website\"},\"primaryImageOfPage\":{\"@id\":\"https:\/\/portalnpm.com\/index.php\/2018\/07\/28\/falta-de-recursos-causa-demissao-em-massa-de-funcionarios-no-parque-nacional-serra-da-capivara-diz-fumdham\/#primaryimage\"},\"image\":{\"@id\":\"https:\/\/portalnpm.com\/index.php\/2018\/07\/28\/falta-de-recursos-causa-demissao-em-massa-de-funcionarios-no-parque-nacional-serra-da-capivara-diz-fumdham\/#primaryimage\"},\"thumbnailUrl\":\"https:\/\/portalnpm.com\/wp-content\/uploads\/2018\/07\/8feb8d53-img_39061-copiar.jpg\",\"datePublished\":\"2018-07-28T12:37:47+00:00\",\"dateModified\":\"2018-07-28T12:37:47+00:00\",\"author\":{\"@id\":\"https:\/\/portalnpm.com\/#\/schema\/person\/5c8006acdf71774cd4e7a5ab98482152\"},\"breadcrumb\":{\"@id\":\"https:\/\/portalnpm.com\/index.php\/2018\/07\/28\/falta-de-recursos-causa-demissao-em-massa-de-funcionarios-no-parque-nacional-serra-da-capivara-diz-fumdham\/#breadcrumb\"},\"inLanguage\":\"pt-BR\",\"potentialAction\":[{\"@type\":\"ReadAction\",\"target\":[\"https:\/\/portalnpm.com\/index.php\/2018\/07\/28\/falta-de-recursos-causa-demissao-em-massa-de-funcionarios-no-parque-nacional-serra-da-capivara-diz-fumdham\/\"]}]},{\"@type\":\"ImageObject\",\"inLanguage\":\"pt-BR\",\"@id\":\"https:\/\/portalnpm.com\/index.php\/2018\/07\/28\/falta-de-recursos-causa-demissao-em-massa-de-funcionarios-no-parque-nacional-serra-da-capivara-diz-fumdham\/#primaryimage\",\"url\":\"https:\/\/portalnpm.com\/wp-content\/uploads\/2018\/07\/8feb8d53-img_39061-copiar.jpg\",\"contentUrl\":\"https:\/\/portalnpm.com\/wp-content\/uploads\/2018\/07\/8feb8d53-img_39061-copiar.jpg\",\"width\":800,\"height\":532,\"caption\":\"Falta de recursos causa demiss\u00e3o em massa de funcion\u00e1rios no Parque Nacional Serra da Capivara. (Foto: Pedro Santiago\/G1)\"},{\"@type\":\"BreadcrumbList\",\"@id\":\"https:\/\/portalnpm.com\/index.php\/2018\/07\/28\/falta-de-recursos-causa-demissao-em-massa-de-funcionarios-no-parque-nacional-serra-da-capivara-diz-fumdham\/#breadcrumb\",\"itemListElement\":[{\"@type\":\"ListItem\",\"position\":1,\"name\":\"In\u00edcio\",\"item\":\"https:\/\/portalnpm.com\/\"},{\"@type\":\"ListItem\",\"position\":2,\"name\":\"Falta de recursos causa demiss\u00e3o em massa de funcion\u00e1rios no Parque Nacional Serra da Capivara, diz FUMDHAM\"}]},{\"@type\":\"WebSite\",\"@id\":\"https:\/\/portalnpm.com\/#website\",\"url\":\"https:\/\/portalnpm.com\/\",\"name\":\"Portal NPM\",\"description\":\"Not\u00edcias em Primeira M\u00e3o\",\"potentialAction\":[{\"@type\":\"SearchAction\",\"target\":{\"@type\":\"EntryPoint\",\"urlTemplate\":\"https:\/\/portalnpm.com\/?s={search_term_string}\"},\"query-input\":\"required name=search_term_string\"}],\"inLanguage\":\"pt-BR\"},{\"@type\":\"Person\",\"@id\":\"https:\/\/portalnpm.com\/#\/schema\/person\/5c8006acdf71774cd4e7a5ab98482152\",\"name\":\"Luis Alberto\",\"image\":{\"@type\":\"ImageObject\",\"inLanguage\":\"pt-BR\",\"@id\":\"https:\/\/portalnpm.com\/#\/schema\/person\/image\/\",\"url\":\"https:\/\/portalnpm.com\/wp-content\/uploads\/2024\/12\/avatar_user_3_1734699769-96x96.jpeg\",\"contentUrl\":\"https:\/\/portalnpm.com\/wp-content\/uploads\/2024\/12\/avatar_user_3_1734699769-96x96.jpeg\",\"caption\":\"Luis Alberto\"},\"description\":\"Editor-geral do Portal NPM, \u00e9 formado como T\u00e9cnico em Seguran\u00e7a do Trabalho pela Escola Metropolitana de Cursos T\u00e9cnicos. Det\u00e9m ainda licenciatura em Educa\u00e7\u00e3o F\u00edsica e bacharelado em Ci\u00eancias Pol\u00edticas, ambos obtidos pela institui\u00e7\u00e3o Anhanguera\/UNOPAR.\",\"url\":\"https:\/\/portalnpm.com\/index.php\/author\/pereira\/\"}]}<\/script>\n<!-- \/ Yoast SEO plugin. -->","yoast_head_json":{"title":"Falta de recursos causa demiss\u00e3o em massa de funcion\u00e1rios no Parque Nacional Serra da Capivara, diz FUMDHAM - Portal NPM","robots":{"index":"index","follow":"follow","max-snippet":"max-snippet:-1","max-image-preview":"max-image-preview:large","max-video-preview":"max-video-preview:-1"},"canonical":"https:\/\/portalnpm.com\/index.php\/2018\/07\/28\/falta-de-recursos-causa-demissao-em-massa-de-funcionarios-no-parque-nacional-serra-da-capivara-diz-fumdham\/","og_locale":"pt_BR","og_type":"article","og_title":"Falta de recursos causa demiss\u00e3o em massa de funcion\u00e1rios no Parque Nacional Serra da Capivara, diz FUMDHAM - Portal NPM","og_description":"A falta de recursos causou a demiss\u00e3o em massa de dezenas de funcion\u00e1rios no Parque Nacional Serra da Capivara, no Sul do Piau\u00ed. De acordo com a diretora da Funda\u00e7\u00e3o Museu do Homem Americano (FUMDHAM), Ni\u00e8de Guidon, mais de 50 pessoas que trabalhavam na manuten\u00e7\u00e3o do local tiveram que ser desligadas, nesta quinta-feira (26). Segundo &hellip;","og_url":"https:\/\/portalnpm.com\/index.php\/2018\/07\/28\/falta-de-recursos-causa-demissao-em-massa-de-funcionarios-no-parque-nacional-serra-da-capivara-diz-fumdham\/","og_site_name":"Portal NPM","article_published_time":"2018-07-28T12:37:47+00:00","og_image":[{"width":800,"height":532,"url":"https:\/\/portalnpm.com\/wp-content\/uploads\/2018\/07\/8feb8d53-img_39061-copiar.jpg","type":"image\/jpeg"}],"author":"Luis Alberto","twitter_card":"summary_large_image","twitter_misc":{"Escrito por":"Luis Alberto","Est. tempo de leitura":"2 minutos"},"schema":{"@context":"https:\/\/schema.org","@graph":[{"@type":"WebPage","@id":"https:\/\/portalnpm.com\/index.php\/2018\/07\/28\/falta-de-recursos-causa-demissao-em-massa-de-funcionarios-no-parque-nacional-serra-da-capivara-diz-fumdham\/","url":"https:\/\/portalnpm.com\/index.php\/2018\/07\/28\/falta-de-recursos-causa-demissao-em-massa-de-funcionarios-no-parque-nacional-serra-da-capivara-diz-fumdham\/","name":"Falta de recursos causa demiss\u00e3o em massa de funcion\u00e1rios no Parque Nacional Serra da Capivara, diz FUMDHAM - Portal NPM","isPartOf":{"@id":"https:\/\/portalnpm.com\/#website"},"primaryImageOfPage":{"@id":"https:\/\/portalnpm.com\/index.php\/2018\/07\/28\/falta-de-recursos-causa-demissao-em-massa-de-funcionarios-no-parque-nacional-serra-da-capivara-diz-fumdham\/#primaryimage"},"image":{"@id":"https:\/\/portalnpm.com\/index.php\/2018\/07\/28\/falta-de-recursos-causa-demissao-em-massa-de-funcionarios-no-parque-nacional-serra-da-capivara-diz-fumdham\/#primaryimage"},"thumbnailUrl":"https:\/\/portalnpm.com\/wp-content\/uploads\/2018\/07\/8feb8d53-img_39061-copiar.jpg","datePublished":"2018-07-28T12:37:47+00:00","dateModified":"2018-07-28T12:37:47+00:00","author":{"@id":"https:\/\/portalnpm.com\/#\/schema\/person\/5c8006acdf71774cd4e7a5ab98482152"},"breadcrumb":{"@id":"https:\/\/portalnpm.com\/index.php\/2018\/07\/28\/falta-de-recursos-causa-demissao-em-massa-de-funcionarios-no-parque-nacional-serra-da-capivara-diz-fumdham\/#breadcrumb"},"inLanguage":"pt-BR","potentialAction":[{"@type":"ReadAction","target":["https:\/\/portalnpm.com\/index.php\/2018\/07\/28\/falta-de-recursos-causa-demissao-em-massa-de-funcionarios-no-parque-nacional-serra-da-capivara-diz-fumdham\/"]}]},{"@type":"ImageObject","inLanguage":"pt-BR","@id":"https:\/\/portalnpm.com\/index.php\/2018\/07\/28\/falta-de-recursos-causa-demissao-em-massa-de-funcionarios-no-parque-nacional-serra-da-capivara-diz-fumdham\/#primaryimage","url":"https:\/\/portalnpm.com\/wp-content\/uploads\/2018\/07\/8feb8d53-img_39061-copiar.jpg","contentUrl":"https:\/\/portalnpm.com\/wp-content\/uploads\/2018\/07\/8feb8d53-img_39061-copiar.jpg","width":800,"height":532,"caption":"Falta de recursos causa demiss\u00e3o em massa de funcion\u00e1rios no Parque Nacional Serra da Capivara. (Foto: Pedro Santiago\/G1)"},{"@type":"BreadcrumbList","@id":"https:\/\/portalnpm.com\/index.php\/2018\/07\/28\/falta-de-recursos-causa-demissao-em-massa-de-funcionarios-no-parque-nacional-serra-da-capivara-diz-fumdham\/#breadcrumb","itemListElement":[{"@type":"ListItem","position":1,"name":"In\u00edcio","item":"https:\/\/portalnpm.com\/"},{"@type":"ListItem","position":2,"name":"Falta de recursos causa demiss\u00e3o em massa de funcion\u00e1rios no Parque Nacional Serra da Capivara, diz FUMDHAM"}]},{"@type":"WebSite","@id":"https:\/\/portalnpm.com\/#website","url":"https:\/\/portalnpm.com\/","name":"Portal NPM","description":"Not\u00edcias em Primeira M\u00e3o","potentialAction":[{"@type":"SearchAction","target":{"@type":"EntryPoint","urlTemplate":"https:\/\/portalnpm.com\/?s={search_term_string}"},"query-input":"required name=search_term_string"}],"inLanguage":"pt-BR"},{"@type":"Person","@id":"https:\/\/portalnpm.com\/#\/schema\/person\/5c8006acdf71774cd4e7a5ab98482152","name":"Luis Alberto","image":{"@type":"ImageObject","inLanguage":"pt-BR","@id":"https:\/\/portalnpm.com\/#\/schema\/person\/image\/","url":"https:\/\/portalnpm.com\/wp-content\/uploads\/2024\/12\/avatar_user_3_1734699769-96x96.jpeg","contentUrl":"https:\/\/portalnpm.com\/wp-content\/uploads\/2024\/12\/avatar_user_3_1734699769-96x96.jpeg","caption":"Luis Alberto"},"description":"Editor-geral do Portal NPM, \u00e9 formado como T\u00e9cnico em Seguran\u00e7a do Trabalho pela Escola Metropolitana de Cursos T\u00e9cnicos. Det\u00e9m ainda licenciatura em Educa\u00e7\u00e3o F\u00edsica e bacharelado em Ci\u00eancias Pol\u00edticas, ambos obtidos pela institui\u00e7\u00e3o Anhanguera\/UNOPAR.","url":"https:\/\/portalnpm.com\/index.php\/author\/pereira\/"}]}},"jetpack_sharing_enabled":true,"jetpack_featured_media_url":"https:\/\/portalnpm.com\/wp-content\/uploads\/2018\/07\/8feb8d53-img_39061-copiar.jpg","_links":{"self":[{"href":"https:\/\/portalnpm.com\/index.php\/wp-json\/wp\/v2\/posts\/149"}],"collection":[{"href":"https:\/\/portalnpm.com\/index.php\/wp-json\/wp\/v2\/posts"}],"about":[{"href":"https:\/\/portalnpm.com\/index.php\/wp-json\/wp\/v2\/types\/post"}],"author":[{"embeddable":true,"href":"https:\/\/portalnpm.com\/index.php\/wp-json\/wp\/v2\/users\/3"}],"replies":[{"embeddable":true,"href":"https:\/\/portalnpm.com\/index.php\/wp-json\/wp\/v2\/comments?post=149"}],"version-history":[{"count":0,"href":"https:\/\/portalnpm.com\/index.php\/wp-json\/wp\/v2\/posts\/149\/revisions"}],"wp:featuredmedia":[{"embeddable":true,"href":"https:\/\/portalnpm.com\/index.php\/wp-json\/wp\/v2\/media\/152"}],"wp:attachment":[{"href":"https:\/\/portalnpm.com\/index.php\/wp-json\/wp\/v2\/media?parent=149"}],"wp:term":[{"taxonomy":"category","embeddable":true,"href":"https:\/\/portalnpm.com\/index.php\/wp-json\/wp\/v2\/categories?post=149"},{"taxonomy":"post_tag","embeddable":true,"href":"https:\/\/portalnpm.com\/index.php\/wp-json\/wp\/v2\/tags?post=149"}],"curies":[{"name":"wp","href":"https:\/\/api.w.org\/{rel}","templated":true}]}}