{"id":15007,"date":"2019-12-19T21:22:32","date_gmt":"2019-12-20T00:22:32","guid":{"rendered":"http:\/\/srv.portalnpm.com.br\/?p=15007"},"modified":"2019-12-19T21:22:32","modified_gmt":"2019-12-20T00:22:32","slug":"familiares-e-amigos-celebram-missa-de-um-ano-do-falecimento-do-jovem-matheus-washington","status":"publish","type":"post","link":"https:\/\/portalnpm.com\/index.php\/2019\/12\/19\/familiares-e-amigos-celebram-missa-de-um-ano-do-falecimento-do-jovem-matheus-washington\/","title":{"rendered":"Familiares e amigos celebram missa de um ano do falecimento do jovem Matheus Washington"},"content":{"rendered":"<p style=\"text-align: justify;\">Aconteceu na tarde desta quinta-feira (19), \u00e0s 16h, a realiza\u00e7\u00e3o da missa de um ano de falecimento do jovem Matheus Washington Alencar Sousa, na igreja de S\u00e3o Francisco de Assis, no povoado Mandacaru, distrito de S\u00e3o Juli\u00e3o &#8211; PI. Familiares e amigos prestaram solidariedade ao jovem. A missa foi ministrada pelo padre Ramires e celebrada, tamb\u00e9m, para Maria Kaoma de Lima Silva e Alessandro da Silva Alencar, que faleceram no mesmo dia.<\/p>\n<p><img fetchpriority=\"high\" decoding=\"async\" class=\"aligncenter size-full wp-image-15008\" src=\"http:\/\/portalnpm.com\/wp-content\/uploads\/2019\/12\/IMG-20191219-WA0590.jpg\" alt=\"\" width=\"980\" height=\"1280\" \/><\/p>\n<p style=\"text-align: justify;\">Matheus Washington tinha 26 anos, morreu v\u00edtima de um acidente automobil\u00edstico, juntamente com a sua namorada Maria Kaoma, na BR-316, pr\u00f3ximo ao povoado Mandacaru, na manh\u00e3 do dia 19 de dezembro de 2018.<\/p>\n<p style=\"text-align: justify;\">A morte do jovem comoveu a cidade. Ele era muito querido na sociedade local a exemplo dos seus pais e as manifesta\u00e7\u00f5es de solidariedade foram incont\u00e1veis de pessoas de todas as classes sociais. O jovem era filho do casal Martinho Nicanor e Marinalva Alencar.<\/p>\n<p style=\"text-align: justify;\"><em>\u201cN\u00e3o h\u00e1 saudade mais eterna, que a sentida por um cora\u00e7\u00e3o que viu algu\u00e9m que ama deixar esta vida\u201d. Perder algu\u00e9m que amamos \u00e9 a coisa mais dolorosa que h\u00e1, somos tomados por uma dor e uma saudade gigantesca, que machuca e sufoca. Mas na nossa mem\u00f3ria n\u00e3o h\u00e1 lugar para o esquecimento, s\u00f3 para as boas lembran\u00e7as e as alegrias que nos deste em vida. Sentiremos sempre a sua partida, mas estar\u00e1 sempre vivo em nossos cora\u00e7\u00f5es. Te amamos, Martinho, Marinalva, C\u00e2ndida, Ant\u00f4nio e Candinha.<\/em><\/p>\n<p><img decoding=\"async\" class=\"aligncenter size-full wp-image-15009\" src=\"http:\/\/portalnpm.com\/wp-content\/uploads\/2019\/12\/IMG-20191219-WA0580.jpg\" alt=\"\" width=\"1280\" height=\"960\" \/> <img decoding=\"async\" class=\"aligncenter size-medium wp-image-15010\" src=\"http:\/\/portalnpm.com\/wp-content\/uploads\/2019\/12\/IMG-20191219-WA0589.jpg\" alt=\"\" width=\"912\" height=\"1024\" \/> <img loading=\"lazy\" decoding=\"async\" class=\"aligncenter size-medium wp-image-15011\" src=\"http:\/\/portalnpm.com\/wp-content\/uploads\/2019\/12\/IMG-20191219-WA0578.jpg\" alt=\"\" width=\"768\" height=\"1024\" \/> <img loading=\"lazy\" decoding=\"async\" class=\"aligncenter size-medium wp-image-15012\" src=\"http:\/\/portalnpm.com\/wp-content\/uploads\/2019\/12\/IMG-20191219-WA0588.jpg\" alt=\"\" width=\"1280\" height=\"960\" \/> <img loading=\"lazy\" decoding=\"async\" class=\"aligncenter size-medium wp-image-15013\" src=\"http:\/\/portalnpm.com\/wp-content\/uploads\/2019\/12\/IMG-20191219-WA0577.jpg\" alt=\"\" width=\"768\" height=\"1024\" \/> <img loading=\"lazy\" decoding=\"async\" class=\"aligncenter size-medium wp-image-15014\" src=\"http:\/\/portalnpm.com\/wp-content\/uploads\/2019\/12\/IMG-20191219-WA0587.jpg\" alt=\"\" width=\"1280\" height=\"960\" \/> <img loading=\"lazy\" decoding=\"async\" class=\"aligncenter size-medium wp-image-15015\" src=\"http:\/\/portalnpm.com\/wp-content\/uploads\/2019\/12\/IMG-20191219-WA0586.jpg\" alt=\"\" width=\"1280\" height=\"960\" \/> <img loading=\"lazy\" decoding=\"async\" class=\"aligncenter size-medium wp-image-15016\" src=\"http:\/\/portalnpm.com\/wp-content\/uploads\/2019\/12\/IMG-20191219-WA0585.jpg\" alt=\"\" width=\"768\" height=\"1024\" \/> <img loading=\"lazy\" decoding=\"async\" class=\"aligncenter size-medium wp-image-15017\" src=\"http:\/\/portalnpm.com\/wp-content\/uploads\/2019\/12\/IMG-20191219-WA0584.jpg\" alt=\"\" width=\"1024\" height=\"768\" \/> <img loading=\"lazy\" decoding=\"async\" class=\"aligncenter size-medium wp-image-15018\" src=\"http:\/\/portalnpm.com\/wp-content\/uploads\/2019\/12\/IMG-20191219-WA0583.jpg\" alt=\"\" width=\"1024\" height=\"768\" \/> <img loading=\"lazy\" decoding=\"async\" class=\"aligncenter size-medium wp-image-15019\" src=\"http:\/\/portalnpm.com\/wp-content\/uploads\/2019\/12\/IMG-20191219-WA0582.jpg\" alt=\"\" width=\"1024\" height=\"768\" \/> <img loading=\"lazy\" decoding=\"async\" class=\"aligncenter size-medium wp-image-15020\" src=\"http:\/\/portalnpm.com\/wp-content\/uploads\/2019\/12\/IMG-20191219-WA0581.jpg\" alt=\"\" width=\"768\" height=\"1024\" \/><\/p>\n","protected":false},"excerpt":{"rendered":"<p>Aconteceu na tarde desta quinta-feira (19), \u00e0s 16h, a realiza\u00e7\u00e3o da missa de um ano de falecimento do jovem Matheus Washington Alencar Sousa, na igreja de S\u00e3o Francisco de Assis, no povoado Mandacaru, distrito de S\u00e3o Juli\u00e3o &#8211; PI. Familiares e amigos prestaram solidariedade ao jovem. A missa foi ministrada pelo padre Ramires e celebrada, &hellip;<\/p>\n","protected":false},"author":4,"featured_media":15011,"comment_status":"open","ping_status":"open","sticky":false,"template":"","format":"standard","meta":{"content-type":"","rop_custom_images_group":[],"rop_custom_messages_group":[],"rop_publish_now":"initial","rop_publish_now_accounts":{"facebook_2648258775420054_1618374048415101":""},"rop_publish_now_history":[],"rop_publish_now_status":"pending","footnotes":"","_jetpack_memberships_contains_paid_content":false},"categories":[113,109,136],"tags":[3637,3638,3639],"yoast_head":"<!-- This site is optimized with the Yoast SEO plugin v22.3 - https:\/\/yoast.com\/wordpress\/plugins\/seo\/ -->\n<title>Familiares e amigos celebram missa de um ano do falecimento do jovem Matheus Washington - Portal NPM<\/title>\n<meta name=\"robots\" content=\"index, follow, max-snippet:-1, max-image-preview:large, max-video-preview:-1\" \/>\n<link rel=\"canonical\" href=\"https:\/\/portalnpm.com\/index.php\/2019\/12\/19\/familiares-e-amigos-celebram-missa-de-um-ano-do-falecimento-do-jovem-matheus-washington\/\" \/>\n<meta property=\"og:locale\" content=\"pt_BR\" \/>\n<meta property=\"og:type\" content=\"article\" \/>\n<meta property=\"og:title\" content=\"Familiares e amigos celebram missa de um ano do falecimento do jovem Matheus Washington - Portal NPM\" \/>\n<meta property=\"og:description\" content=\"Aconteceu na tarde desta quinta-feira (19), \u00e0s 16h, a realiza\u00e7\u00e3o da missa de um ano de falecimento do jovem Matheus Washington Alencar Sousa, na igreja de S\u00e3o Francisco de Assis, no povoado Mandacaru, distrito de S\u00e3o Juli\u00e3o &#8211; PI. Familiares e amigos prestaram solidariedade ao jovem. A missa foi ministrada pelo padre Ramires e celebrada, &hellip;\" \/>\n<meta property=\"og:url\" content=\"https:\/\/portalnpm.com\/index.php\/2019\/12\/19\/familiares-e-amigos-celebram-missa-de-um-ano-do-falecimento-do-jovem-matheus-washington\/\" \/>\n<meta property=\"og:site_name\" content=\"Portal NPM\" \/>\n<meta property=\"article:published_time\" content=\"2019-12-20T00:22:32+00:00\" \/>\n<meta name=\"author\" content=\"Reda\u00e7\u00e3o\" \/>\n<meta name=\"twitter:card\" content=\"summary_large_image\" \/>\n<meta name=\"twitter:label1\" content=\"Escrito por\" \/>\n\t<meta name=\"twitter:data1\" content=\"Reda\u00e7\u00e3o\" \/>\n\t<meta name=\"twitter:label2\" content=\"Est. tempo de leitura\" \/>\n\t<meta name=\"twitter:data2\" content=\"1 minuto\" \/>\n<script type=\"application\/ld+json\" class=\"yoast-schema-graph\">{\"@context\":\"https:\/\/schema.org\",\"@graph\":[{\"@type\":\"WebPage\",\"@id\":\"https:\/\/portalnpm.com\/index.php\/2019\/12\/19\/familiares-e-amigos-celebram-missa-de-um-ano-do-falecimento-do-jovem-matheus-washington\/\",\"url\":\"https:\/\/portalnpm.com\/index.php\/2019\/12\/19\/familiares-e-amigos-celebram-missa-de-um-ano-do-falecimento-do-jovem-matheus-washington\/\",\"name\":\"Familiares e amigos celebram missa de um ano do falecimento do jovem Matheus Washington - Portal NPM\",\"isPartOf\":{\"@id\":\"https:\/\/portalnpm.com\/#website\"},\"primaryImageOfPage\":{\"@id\":\"https:\/\/portalnpm.com\/index.php\/2019\/12\/19\/familiares-e-amigos-celebram-missa-de-um-ano-do-falecimento-do-jovem-matheus-washington\/#primaryimage\"},\"image\":{\"@id\":\"https:\/\/portalnpm.com\/index.php\/2019\/12\/19\/familiares-e-amigos-celebram-missa-de-um-ano-do-falecimento-do-jovem-matheus-washington\/#primaryimage\"},\"thumbnailUrl\":\"\",\"datePublished\":\"2019-12-20T00:22:32+00:00\",\"dateModified\":\"2019-12-20T00:22:32+00:00\",\"author\":{\"@id\":\"https:\/\/portalnpm.com\/#\/schema\/person\/0b5f230ec96cee25504fa328e7f2b733\"},\"breadcrumb\":{\"@id\":\"https:\/\/portalnpm.com\/index.php\/2019\/12\/19\/familiares-e-amigos-celebram-missa-de-um-ano-do-falecimento-do-jovem-matheus-washington\/#breadcrumb\"},\"inLanguage\":\"pt-BR\",\"potentialAction\":[{\"@type\":\"ReadAction\",\"target\":[\"https:\/\/portalnpm.com\/index.php\/2019\/12\/19\/familiares-e-amigos-celebram-missa-de-um-ano-do-falecimento-do-jovem-matheus-washington\/\"]}]},{\"@type\":\"ImageObject\",\"inLanguage\":\"pt-BR\",\"@id\":\"https:\/\/portalnpm.com\/index.php\/2019\/12\/19\/familiares-e-amigos-celebram-missa-de-um-ano-do-falecimento-do-jovem-matheus-washington\/#primaryimage\",\"url\":\"\",\"contentUrl\":\"\"},{\"@type\":\"BreadcrumbList\",\"@id\":\"https:\/\/portalnpm.com\/index.php\/2019\/12\/19\/familiares-e-amigos-celebram-missa-de-um-ano-do-falecimento-do-jovem-matheus-washington\/#breadcrumb\",\"itemListElement\":[{\"@type\":\"ListItem\",\"position\":1,\"name\":\"In\u00edcio\",\"item\":\"https:\/\/portalnpm.com\/\"},{\"@type\":\"ListItem\",\"position\":2,\"name\":\"Familiares e amigos celebram missa de um ano do falecimento do jovem Matheus Washington\"}]},{\"@type\":\"WebSite\",\"@id\":\"https:\/\/portalnpm.com\/#website\",\"url\":\"https:\/\/portalnpm.com\/\",\"name\":\"Portal NPM\",\"description\":\"Not\u00edcias em Primeira M\u00e3o\",\"potentialAction\":[{\"@type\":\"SearchAction\",\"target\":{\"@type\":\"EntryPoint\",\"urlTemplate\":\"https:\/\/portalnpm.com\/?s={search_term_string}\"},\"query-input\":\"required name=search_term_string\"}],\"inLanguage\":\"pt-BR\"},{\"@type\":\"Person\",\"@id\":\"https:\/\/portalnpm.com\/#\/schema\/person\/0b5f230ec96cee25504fa328e7f2b733\",\"name\":\"Reda\u00e7\u00e3o\",\"image\":{\"@type\":\"ImageObject\",\"inLanguage\":\"pt-BR\",\"@id\":\"https:\/\/portalnpm.com\/#\/schema\/person\/image\/\",\"url\":\"https:\/\/portalnpm.com\/wp-content\/uploads\/2024\/03\/avatar_user_4_1710097212-96x96.png\",\"contentUrl\":\"https:\/\/portalnpm.com\/wp-content\/uploads\/2024\/03\/avatar_user_4_1710097212-96x96.png\",\"caption\":\"Reda\u00e7\u00e3o\"},\"url\":\"https:\/\/portalnpm.com\/index.php\/author\/redacao\/\"}]}<\/script>\n<!-- \/ Yoast SEO plugin. -->","yoast_head_json":{"title":"Familiares e amigos celebram missa de um ano do falecimento do jovem Matheus Washington - Portal NPM","robots":{"index":"index","follow":"follow","max-snippet":"max-snippet:-1","max-image-preview":"max-image-preview:large","max-video-preview":"max-video-preview:-1"},"canonical":"https:\/\/portalnpm.com\/index.php\/2019\/12\/19\/familiares-e-amigos-celebram-missa-de-um-ano-do-falecimento-do-jovem-matheus-washington\/","og_locale":"pt_BR","og_type":"article","og_title":"Familiares e amigos celebram missa de um ano do falecimento do jovem Matheus Washington - Portal NPM","og_description":"Aconteceu na tarde desta quinta-feira (19), \u00e0s 16h, a realiza\u00e7\u00e3o da missa de um ano de falecimento do jovem Matheus Washington Alencar Sousa, na igreja de S\u00e3o Francisco de Assis, no povoado Mandacaru, distrito de S\u00e3o Juli\u00e3o &#8211; PI. Familiares e amigos prestaram solidariedade ao jovem. A missa foi ministrada pelo padre Ramires e celebrada, &hellip;","og_url":"https:\/\/portalnpm.com\/index.php\/2019\/12\/19\/familiares-e-amigos-celebram-missa-de-um-ano-do-falecimento-do-jovem-matheus-washington\/","og_site_name":"Portal NPM","article_published_time":"2019-12-20T00:22:32+00:00","author":"Reda\u00e7\u00e3o","twitter_card":"summary_large_image","twitter_misc":{"Escrito por":"Reda\u00e7\u00e3o","Est. tempo de leitura":"1 minuto"},"schema":{"@context":"https:\/\/schema.org","@graph":[{"@type":"WebPage","@id":"https:\/\/portalnpm.com\/index.php\/2019\/12\/19\/familiares-e-amigos-celebram-missa-de-um-ano-do-falecimento-do-jovem-matheus-washington\/","url":"https:\/\/portalnpm.com\/index.php\/2019\/12\/19\/familiares-e-amigos-celebram-missa-de-um-ano-do-falecimento-do-jovem-matheus-washington\/","name":"Familiares e amigos celebram missa de um ano do falecimento do jovem Matheus Washington - Portal NPM","isPartOf":{"@id":"https:\/\/portalnpm.com\/#website"},"primaryImageOfPage":{"@id":"https:\/\/portalnpm.com\/index.php\/2019\/12\/19\/familiares-e-amigos-celebram-missa-de-um-ano-do-falecimento-do-jovem-matheus-washington\/#primaryimage"},"image":{"@id":"https:\/\/portalnpm.com\/index.php\/2019\/12\/19\/familiares-e-amigos-celebram-missa-de-um-ano-do-falecimento-do-jovem-matheus-washington\/#primaryimage"},"thumbnailUrl":"","datePublished":"2019-12-20T00:22:32+00:00","dateModified":"2019-12-20T00:22:32+00:00","author":{"@id":"https:\/\/portalnpm.com\/#\/schema\/person\/0b5f230ec96cee25504fa328e7f2b733"},"breadcrumb":{"@id":"https:\/\/portalnpm.com\/index.php\/2019\/12\/19\/familiares-e-amigos-celebram-missa-de-um-ano-do-falecimento-do-jovem-matheus-washington\/#breadcrumb"},"inLanguage":"pt-BR","potentialAction":[{"@type":"ReadAction","target":["https:\/\/portalnpm.com\/index.php\/2019\/12\/19\/familiares-e-amigos-celebram-missa-de-um-ano-do-falecimento-do-jovem-matheus-washington\/"]}]},{"@type":"ImageObject","inLanguage":"pt-BR","@id":"https:\/\/portalnpm.com\/index.php\/2019\/12\/19\/familiares-e-amigos-celebram-missa-de-um-ano-do-falecimento-do-jovem-matheus-washington\/#primaryimage","url":"","contentUrl":""},{"@type":"BreadcrumbList","@id":"https:\/\/portalnpm.com\/index.php\/2019\/12\/19\/familiares-e-amigos-celebram-missa-de-um-ano-do-falecimento-do-jovem-matheus-washington\/#breadcrumb","itemListElement":[{"@type":"ListItem","position":1,"name":"In\u00edcio","item":"https:\/\/portalnpm.com\/"},{"@type":"ListItem","position":2,"name":"Familiares e amigos celebram missa de um ano do falecimento do jovem Matheus Washington"}]},{"@type":"WebSite","@id":"https:\/\/portalnpm.com\/#website","url":"https:\/\/portalnpm.com\/","name":"Portal NPM","description":"Not\u00edcias em Primeira M\u00e3o","potentialAction":[{"@type":"SearchAction","target":{"@type":"EntryPoint","urlTemplate":"https:\/\/portalnpm.com\/?s={search_term_string}"},"query-input":"required name=search_term_string"}],"inLanguage":"pt-BR"},{"@type":"Person","@id":"https:\/\/portalnpm.com\/#\/schema\/person\/0b5f230ec96cee25504fa328e7f2b733","name":"Reda\u00e7\u00e3o","image":{"@type":"ImageObject","inLanguage":"pt-BR","@id":"https:\/\/portalnpm.com\/#\/schema\/person\/image\/","url":"https:\/\/portalnpm.com\/wp-content\/uploads\/2024\/03\/avatar_user_4_1710097212-96x96.png","contentUrl":"https:\/\/portalnpm.com\/wp-content\/uploads\/2024\/03\/avatar_user_4_1710097212-96x96.png","caption":"Reda\u00e7\u00e3o"},"url":"https:\/\/portalnpm.com\/index.php\/author\/redacao\/"}]}},"jetpack_sharing_enabled":true,"jetpack_featured_media_url":"","_links":{"self":[{"href":"https:\/\/portalnpm.com\/index.php\/wp-json\/wp\/v2\/posts\/15007"}],"collection":[{"href":"https:\/\/portalnpm.com\/index.php\/wp-json\/wp\/v2\/posts"}],"about":[{"href":"https:\/\/portalnpm.com\/index.php\/wp-json\/wp\/v2\/types\/post"}],"author":[{"embeddable":true,"href":"https:\/\/portalnpm.com\/index.php\/wp-json\/wp\/v2\/users\/4"}],"replies":[{"embeddable":true,"href":"https:\/\/portalnpm.com\/index.php\/wp-json\/wp\/v2\/comments?post=15007"}],"version-history":[{"count":0,"href":"https:\/\/portalnpm.com\/index.php\/wp-json\/wp\/v2\/posts\/15007\/revisions"}],"wp:featuredmedia":[{"embeddable":true,"href":"https:\/\/portalnpm.com\/index.php\/wp-json\/"}],"wp:attachment":[{"href":"https:\/\/portalnpm.com\/index.php\/wp-json\/wp\/v2\/media?parent=15007"}],"wp:term":[{"taxonomy":"category","embeddable":true,"href":"https:\/\/portalnpm.com\/index.php\/wp-json\/wp\/v2\/categories?post=15007"},{"taxonomy":"post_tag","embeddable":true,"href":"https:\/\/portalnpm.com\/index.php\/wp-json\/wp\/v2\/tags?post=15007"}],"curies":[{"name":"wp","href":"https:\/\/api.w.org\/{rel}","templated":true}]}}