{"id":1529,"date":"2018-09-26T08:23:37","date_gmt":"2018-09-26T11:23:37","guid":{"rendered":"http:\/\/srv.portalnpm.com.br\/?p=1529"},"modified":"2018-09-26T08:23:37","modified_gmt":"2018-09-26T11:23:37","slug":"semelhantes-na-fala-distintos-no-estilo-haddad-e-ciro-gomes-disputam-o-mesmo-eleitorado","status":"publish","type":"post","link":"https:\/\/portalnpm.com\/index.php\/2018\/09\/26\/semelhantes-na-fala-distintos-no-estilo-haddad-e-ciro-gomes-disputam-o-mesmo-eleitorado\/","title":{"rendered":"Semelhantes na fala, distintos no estilo, Haddad e Ciro Gomes disputam o mesmo eleitorado"},"content":{"rendered":"<p style=\"text-align: justify;\">Pr\u00f3ximo \u00e0 reta final do primeiro turno, marcado para 7 de outubro, e em momento em que pesquisas de inten\u00e7\u00e3o de voto afunilam os presidenci\u00e1veis com mais chances de vencer o pleito, os candidatos \u00e0 Presid\u00eancia\u00a0Fernando Haddad (PT) e Ciro Gomes (PDT) disputam os votos de eleitores de esquerda e centro-esquerda. Cada um com suas particularidades, mas tamb\u00e9m semelhan\u00e7as ao buscar esse objetivo.<\/p>\n<p style=\"text-align: justify;\">De acordo com pesquisa Datafolha de 20 de setembro, ambos aparecem atr\u00e1s de Jair Bolsonaro (PSL), que tem 28% das inten\u00e7\u00f5es de voto, e hoje brigam por uma vaga no segundo turno. Haddad tem 16% e Ciro, 13%. A margem de erro \u00e9 de dois pontos percentuais para mais ou para menos. J\u00e1 na pesquisa Ibope desta segunda-feira (25), Haddad tem 22% e Ciro, 11%.<\/p>\n<p style=\"text-align: justify;\">No \u00faltimo final de semana, por exemplo, ambos escolheram passar por Minas Gerais, por Pernambuco e outros estados do Nordeste em campanha. Os dois primeiros s\u00e3o os l\u00edderes em eleitores sem candidato definido ou que pretendem votar em branco ou nulo, segundo a mesma pesquisa, em compara\u00e7\u00e3o com outros estados pesquisados (S\u00e3o Paulo, Rio de Janeiro e Distrito Federal). Em Pernambuco, o \u00edndice chega a 16%. Em Minas, 14%. A m\u00e9dia nacional \u00e9 de 12%.<\/p>\n<p style=\"text-align: justify;\"><strong>Foco em trabalho e emprego<\/strong><\/p>\n<p style=\"text-align: justify;\">Tanto Haddad quanto Ciro sabem que precisam agradar o eleitorado lulista a fim de se firmarem como a figura da esquerda nestas elei\u00e7\u00f5es e abocanhar os indecisos. Para tanto, t\u00eam apostado em um discurso voltado a pol\u00edticas sociais com \u00eanfase na popula\u00e7\u00e3o mais pobre e \u00e0s injusti\u00e7as sociais. Em eventos no fim de semana, os dois ressaltaram a necessidade de gerar empregos e melhorar a educa\u00e7\u00e3o no pa\u00eds.<\/p>\n<p style=\"text-align: justify;\">\u201cO Brasil neste dia est\u00e1 com 13,7 milh\u00f5es de pessoas desempregadas. O Brasil est\u00e1 hoje com 32,2 milh\u00f5es vivendo de bicos. 63 milh\u00f5es est\u00e3o com o nome sujo no SPC. N\u00e3o podem ser n\u00fameros frios\u201d, disse Ciro Gomes no Recife.<\/p>\n<p style=\"text-align: justify;\">\u201c[O dinheiro do petr\u00f3leo brasileiro] \u00e9 suficiente para fazer do Brasil uma grande na\u00e7\u00e3o de classe m\u00e9dia em 15 a 20 anos se for aplicado de forma correta educando nossos jovens, qualificando nossa popula\u00e7\u00e3o para o trabalho inovador, para uma ind\u00fastria 4.0. Para um conjunto de coisas que estamos at\u00e9 longe de pensar nelas quanto mais introduzir nas escolas\u201d, falou, ainda na capital pernambucana.<\/p>\n<p style=\"text-align: justify;\">Em Ouro Preto (MG), Haddad comentou propostas de educa\u00e7\u00e3o em seu plano de governo e ressaltou a\u00e7\u00f5es passadas do partido na \u00e1rea. \u201cN\u00e3o era justo universidade p\u00fablica s\u00f3 com gente de classe m\u00e9dia e classe alta e os egressos da escola p\u00fablica ficarem nas escolas particulares ou fora da universidade\u201d, disse, ao comentar a constru\u00e7\u00e3o de universidades federais nos governos PT.<\/p>\n<p style=\"text-align: justify;\">Ao anunciar que iria gravar programa de televis\u00e3o no Instituto Federal de Minas Gerais em Betim, na regi\u00e3o metropolitana de Belo Horizonte, Haddad falou que \u00e9 preciso \u201cassumir compromissos com o ensino m\u00e9dio deste pa\u00eds que precisa do apoio federal\u201d.<\/p>\n<p style=\"text-align: justify;\">Temas id\u00eanticos nos discursos foram ainda a revoga\u00e7\u00e3o da emenda constitucional que limita os gastos p\u00fablicos pelos pr\u00f3ximos 20 anos e a maior tributa\u00e7\u00e3o a institui\u00e7\u00f5es financeiras.<\/p>\n<p style=\"text-align: justify;\"><strong>Selfies e m\u00fasica<\/strong><\/p>\n<p style=\"text-align: justify;\">Os dois candidatos t\u00eam andado pelas ruas das cidades por onde passam e discursado para a popula\u00e7\u00e3o local, atendendo aos pedidos de selfies dos eleitores. Nas passeatas, ambos contam com a escolta da Pol\u00edcia Federal, que costuma formar um cord\u00e3o em volta dos pol\u00edticos, mas sem impedir a aproxima\u00e7\u00e3o deles com o povo.<\/p>\n<p style=\"text-align: justify;\">No entanto, se Ciro j\u00e1 dan\u00e7ou forr\u00f3 junto a militantes e gosta de apresentar o jingle da campanha, Haddad \u00e9 mais t\u00edmido para mostrar os dotes de dan\u00e7arino. Em cima de trio el\u00e9trico em Betim, enquanto a ex-presidente e candidata ao Senado Dilma Rousseff (PT) se mostrava \u00e0 vontade com m\u00fasicas de campanha, Haddad arriscou poucos passos e resolveu esperar a vez de falar ao microfone.<\/p>\n<p style=\"text-align: justify;\"><strong>O comedido e o tagarela<\/strong><\/p>\n<p style=\"text-align: justify;\">Haddad tamb\u00e9m \u00e9 mais comedido ao fazer ataques a advers\u00e1rios do que Ciro. Nos discursos, Haddad faz cr\u00edticas ao governo do presidente Michel Temer (MDB) e aos advers\u00e1rios. No entanto, em alguns casos, evita citar nomes. At\u00e9 mesmo quando concorrentes n\u00e3o diretos s\u00e3o criticados, Haddad faz quest\u00e3o de acalmar os \u00e2nimos.<\/p>\n<p style=\"text-align: justify;\">Na sexta (21), em Ouro Preto, quando a milit\u00e2ncia petista come\u00e7ou a gritar \u201cA\u00e9cio virou p\u00f3\u201d, em refer\u00eancia ao senador A\u00e9cio Neves (PSDB-MG), com uma empolgada Dilma ao lado, o presidenci\u00e1vel petista pediu que os gritos cessassem.<\/p>\n<p style=\"text-align: justify;\">\u201cT\u00e1 errado isso a\u00ed, que isso?\u201d, falou, um pouco sem jeito.<\/p>\n<p style=\"text-align: justify;\">Questionado pelo UOL sobre a fala de Geraldo Alckmin (PSDB) de que Bolsonaro \u00e9 \u201cpassaporte para a volta do PT ao poder\u201d e que Ciro o chama de \u201cposte de Lula como Dilma\u201d e potencial \u201cpresidente por procura\u00e7\u00e3o\u201d, Haddad se desculpou e declinou apenas com \u201ceu n\u00e3o vou comentar, n\u00e3o\u201d.<\/p>\n<p style=\"text-align: justify;\">Ao ser questionado em coletiva sobre um eventual apoio do Ciro a ele ou vice-versa em um segundo turno, Haddad desconversou e preferiu n\u00e3o criar intriga.<br \/>\n\u201cO Ciro&#8230;\u00e0s vezes diz uma coisa. Outras vezes diz outra. Eu gosto dele. Eu gosto do Ciro. \u00c9 verdade mesmo. Mesmo ele&#8230;. \u00e0s vezes&#8230;.[ele \u00e9] amigo nosso\u201d, afirmou.<\/p>\n<p style=\"text-align: justify;\">Indagado de que forma o PT pretende angariar os votos dos eleitores tucanos que rejeitam Bolsonaro em um eventual segundo turno, disse: \u201cN\u00e3o vamos antecipar isso porque ainda tem muito ch\u00e3o pela frente. S\u00e3o duas semanas. A gente sabe que as coisas est\u00e3o muito inst\u00e1veis. N\u00f3s temos de levar nossa mensagem \u00e0 popula\u00e7\u00e3o, nossa confian\u00e7a de que temos o melhor projeto\u201d.<\/p>\n<p style=\"text-align: justify;\">Ciro Gomes, por sua vez, \u00e9 conhecido por ser mais esquentado e n\u00e3o mede esfor\u00e7os para criticar os advers\u00e1rios ao Planalto. Ele subiu o tom contra Haddad nos \u00faltimos dias, sempre ressaltando n\u00e3o ter \u201cnada pessoal\u201d contra o petista. Nos com\u00edcios, se declara o \u201c\u00fanico candidato nordestino\u201d, em contraposi\u00e7\u00e3o ao pupilo de Lula \u2013 embora nascido em Pindamonhangaba, em S\u00e3o Paulo, Ciro construiu a carreira pol\u00edtica no Cear\u00e1.<\/p>\n<p style=\"text-align: justify;\">\u201cA pergunta minha \u00e9 simples. O Haddad conhece mais o Nordeste do que eu? Porque candidatura \u00e9 assim. A gente tem de comparar\u201d, questionou Ciro no domingo (23). Ele emendou dizendo que Haddad demoraria os quatro anos de mandato presidencial para descobrir o que \u00e9 o Arco Metropolitano do Recife e localizar cidades do interior nordestino.<\/p>\n<p style=\"text-align: justify;\">Outras falas contra Haddad incluem que \u201co Brasil n\u00e3o pode ter outra Dilma\u201d nem um presidente \u201cfraco\u201d e que o substituto de Lula cumpre um \u201cpapel\u00e3o\u201d na campanha.<\/p>\n<p style=\"text-align: justify;\">As falas mais \u00e1cidas de Ciro s\u00e3o destinadas a Bolsonaro e equipe. Para o deputado federal, s\u00e3o reservadas palavras como \u201cnazista\u201d e \u201cf**** da p***\u201d. Para o vice na chapa de Bolsonaro, general Hamilton Mour\u00e3o, \u201cjumento de carga\u201d, \u201cvagabundo\u201d e \u201cdoente mental\u201d.<\/p>\n<p style=\"text-align: justify;\"><strong>Fonte: UOL<\/strong><\/p>\n","protected":false},"excerpt":{"rendered":"<p>Pr\u00f3ximo \u00e0 reta final do primeiro turno, marcado para 7 de outubro, e em momento em que pesquisas de inten\u00e7\u00e3o de voto afunilam os presidenci\u00e1veis com mais chances de vencer o pleito, os candidatos \u00e0 Presid\u00eancia\u00a0Fernando Haddad (PT) e Ciro Gomes (PDT) disputam os votos de eleitores de esquerda e centro-esquerda. Cada um com suas &hellip;<\/p>\n","protected":false},"author":3,"featured_media":1530,"comment_status":"open","ping_status":"open","sticky":false,"template":"","format":"standard","meta":{"content-type":"","rop_custom_images_group":[],"rop_custom_messages_group":[],"rop_publish_now":"initial","rop_publish_now_accounts":{"facebook_2648258775420054_1618374048415101":""},"rop_publish_now_history":[],"rop_publish_now_status":"pending","footnotes":"","_jetpack_memberships_contains_paid_content":false},"categories":[113,130],"tags":[523,473,744,702],"yoast_head":"<!-- This site is optimized with the Yoast SEO plugin v22.3 - https:\/\/yoast.com\/wordpress\/plugins\/seo\/ -->\n<title>Semelhantes na fala, distintos no estilo, Haddad e Ciro Gomes disputam o mesmo eleitorado - Portal NPM<\/title>\n<meta name=\"robots\" content=\"index, follow, max-snippet:-1, max-image-preview:large, max-video-preview:-1\" \/>\n<link rel=\"canonical\" href=\"https:\/\/portalnpm.com\/index.php\/2018\/09\/26\/semelhantes-na-fala-distintos-no-estilo-haddad-e-ciro-gomes-disputam-o-mesmo-eleitorado\/\" \/>\n<meta property=\"og:locale\" content=\"pt_BR\" \/>\n<meta property=\"og:type\" content=\"article\" \/>\n<meta property=\"og:title\" content=\"Semelhantes na fala, distintos no estilo, Haddad e Ciro Gomes disputam o mesmo eleitorado - Portal NPM\" \/>\n<meta property=\"og:description\" content=\"Pr\u00f3ximo \u00e0 reta final do primeiro turno, marcado para 7 de outubro, e em momento em que pesquisas de inten\u00e7\u00e3o de voto afunilam os presidenci\u00e1veis com mais chances de vencer o pleito, os candidatos \u00e0 Presid\u00eancia\u00a0Fernando Haddad (PT) e Ciro Gomes (PDT) disputam os votos de eleitores de esquerda e centro-esquerda. Cada um com suas &hellip;\" \/>\n<meta property=\"og:url\" content=\"https:\/\/portalnpm.com\/index.php\/2018\/09\/26\/semelhantes-na-fala-distintos-no-estilo-haddad-e-ciro-gomes-disputam-o-mesmo-eleitorado\/\" \/>\n<meta property=\"og:site_name\" content=\"Portal NPM\" \/>\n<meta property=\"article:published_time\" content=\"2018-09-26T11:23:37+00:00\" \/>\n<meta property=\"og:image\" content=\"https:\/\/portalnpm.com\/wp-content\/uploads\/2018\/09\/IMG-20180926-WA0055.jpg\" \/>\n\t<meta property=\"og:image:width\" content=\"1080\" \/>\n\t<meta property=\"og:image:height\" content=\"545\" \/>\n\t<meta property=\"og:image:type\" content=\"image\/jpeg\" \/>\n<meta name=\"author\" content=\"Luis Alberto\" \/>\n<meta name=\"twitter:card\" content=\"summary_large_image\" \/>\n<meta name=\"twitter:label1\" content=\"Escrito por\" \/>\n\t<meta name=\"twitter:data1\" content=\"Luis Alberto\" \/>\n\t<meta name=\"twitter:label2\" content=\"Est. tempo de leitura\" \/>\n\t<meta name=\"twitter:data2\" content=\"6 minutos\" \/>\n<script type=\"application\/ld+json\" class=\"yoast-schema-graph\">{\"@context\":\"https:\/\/schema.org\",\"@graph\":[{\"@type\":\"WebPage\",\"@id\":\"https:\/\/portalnpm.com\/index.php\/2018\/09\/26\/semelhantes-na-fala-distintos-no-estilo-haddad-e-ciro-gomes-disputam-o-mesmo-eleitorado\/\",\"url\":\"https:\/\/portalnpm.com\/index.php\/2018\/09\/26\/semelhantes-na-fala-distintos-no-estilo-haddad-e-ciro-gomes-disputam-o-mesmo-eleitorado\/\",\"name\":\"Semelhantes na fala, distintos no estilo, Haddad e Ciro Gomes disputam o mesmo eleitorado - Portal NPM\",\"isPartOf\":{\"@id\":\"https:\/\/portalnpm.com\/#website\"},\"primaryImageOfPage\":{\"@id\":\"https:\/\/portalnpm.com\/index.php\/2018\/09\/26\/semelhantes-na-fala-distintos-no-estilo-haddad-e-ciro-gomes-disputam-o-mesmo-eleitorado\/#primaryimage\"},\"image\":{\"@id\":\"https:\/\/portalnpm.com\/index.php\/2018\/09\/26\/semelhantes-na-fala-distintos-no-estilo-haddad-e-ciro-gomes-disputam-o-mesmo-eleitorado\/#primaryimage\"},\"thumbnailUrl\":\"https:\/\/portalnpm.com\/wp-content\/uploads\/2018\/09\/IMG-20180926-WA0055.jpg\",\"datePublished\":\"2018-09-26T11:23:37+00:00\",\"dateModified\":\"2018-09-26T11:23:37+00:00\",\"author\":{\"@id\":\"https:\/\/portalnpm.com\/#\/schema\/person\/5c8006acdf71774cd4e7a5ab98482152\"},\"breadcrumb\":{\"@id\":\"https:\/\/portalnpm.com\/index.php\/2018\/09\/26\/semelhantes-na-fala-distintos-no-estilo-haddad-e-ciro-gomes-disputam-o-mesmo-eleitorado\/#breadcrumb\"},\"inLanguage\":\"pt-BR\",\"potentialAction\":[{\"@type\":\"ReadAction\",\"target\":[\"https:\/\/portalnpm.com\/index.php\/2018\/09\/26\/semelhantes-na-fala-distintos-no-estilo-haddad-e-ciro-gomes-disputam-o-mesmo-eleitorado\/\"]}]},{\"@type\":\"ImageObject\",\"inLanguage\":\"pt-BR\",\"@id\":\"https:\/\/portalnpm.com\/index.php\/2018\/09\/26\/semelhantes-na-fala-distintos-no-estilo-haddad-e-ciro-gomes-disputam-o-mesmo-eleitorado\/#primaryimage\",\"url\":\"https:\/\/portalnpm.com\/wp-content\/uploads\/2018\/09\/IMG-20180926-WA0055.jpg\",\"contentUrl\":\"https:\/\/portalnpm.com\/wp-content\/uploads\/2018\/09\/IMG-20180926-WA0055.jpg\",\"width\":1080,\"height\":545},{\"@type\":\"BreadcrumbList\",\"@id\":\"https:\/\/portalnpm.com\/index.php\/2018\/09\/26\/semelhantes-na-fala-distintos-no-estilo-haddad-e-ciro-gomes-disputam-o-mesmo-eleitorado\/#breadcrumb\",\"itemListElement\":[{\"@type\":\"ListItem\",\"position\":1,\"name\":\"In\u00edcio\",\"item\":\"https:\/\/portalnpm.com\/\"},{\"@type\":\"ListItem\",\"position\":2,\"name\":\"Semelhantes na fala, distintos no estilo, Haddad e Ciro Gomes disputam o mesmo eleitorado\"}]},{\"@type\":\"WebSite\",\"@id\":\"https:\/\/portalnpm.com\/#website\",\"url\":\"https:\/\/portalnpm.com\/\",\"name\":\"Portal NPM\",\"description\":\"Not\u00edcias em Primeira M\u00e3o\",\"potentialAction\":[{\"@type\":\"SearchAction\",\"target\":{\"@type\":\"EntryPoint\",\"urlTemplate\":\"https:\/\/portalnpm.com\/?s={search_term_string}\"},\"query-input\":\"required name=search_term_string\"}],\"inLanguage\":\"pt-BR\"},{\"@type\":\"Person\",\"@id\":\"https:\/\/portalnpm.com\/#\/schema\/person\/5c8006acdf71774cd4e7a5ab98482152\",\"name\":\"Luis Alberto\",\"image\":{\"@type\":\"ImageObject\",\"inLanguage\":\"pt-BR\",\"@id\":\"https:\/\/portalnpm.com\/#\/schema\/person\/image\/\",\"url\":\"https:\/\/portalnpm.com\/wp-content\/uploads\/2024\/12\/avatar_user_3_1734699769-96x96.jpeg\",\"contentUrl\":\"https:\/\/portalnpm.com\/wp-content\/uploads\/2024\/12\/avatar_user_3_1734699769-96x96.jpeg\",\"caption\":\"Luis Alberto\"},\"description\":\"Editor-geral do Portal NPM, \u00e9 formado como T\u00e9cnico em Seguran\u00e7a do Trabalho pela Escola Metropolitana de Cursos T\u00e9cnicos. Det\u00e9m ainda licenciatura em Educa\u00e7\u00e3o F\u00edsica e bacharelado em Ci\u00eancias Pol\u00edticas, ambos obtidos pela institui\u00e7\u00e3o Anhanguera\/UNOPAR.\",\"url\":\"https:\/\/portalnpm.com\/index.php\/author\/pereira\/\"}]}<\/script>\n<!-- \/ Yoast SEO plugin. -->","yoast_head_json":{"title":"Semelhantes na fala, distintos no estilo, Haddad e Ciro Gomes disputam o mesmo eleitorado - Portal NPM","robots":{"index":"index","follow":"follow","max-snippet":"max-snippet:-1","max-image-preview":"max-image-preview:large","max-video-preview":"max-video-preview:-1"},"canonical":"https:\/\/portalnpm.com\/index.php\/2018\/09\/26\/semelhantes-na-fala-distintos-no-estilo-haddad-e-ciro-gomes-disputam-o-mesmo-eleitorado\/","og_locale":"pt_BR","og_type":"article","og_title":"Semelhantes na fala, distintos no estilo, Haddad e Ciro Gomes disputam o mesmo eleitorado - Portal NPM","og_description":"Pr\u00f3ximo \u00e0 reta final do primeiro turno, marcado para 7 de outubro, e em momento em que pesquisas de inten\u00e7\u00e3o de voto afunilam os presidenci\u00e1veis com mais chances de vencer o pleito, os candidatos \u00e0 Presid\u00eancia\u00a0Fernando Haddad (PT) e Ciro Gomes (PDT) disputam os votos de eleitores de esquerda e centro-esquerda. Cada um com suas &hellip;","og_url":"https:\/\/portalnpm.com\/index.php\/2018\/09\/26\/semelhantes-na-fala-distintos-no-estilo-haddad-e-ciro-gomes-disputam-o-mesmo-eleitorado\/","og_site_name":"Portal NPM","article_published_time":"2018-09-26T11:23:37+00:00","og_image":[{"width":1080,"height":545,"url":"https:\/\/portalnpm.com\/wp-content\/uploads\/2018\/09\/IMG-20180926-WA0055.jpg","type":"image\/jpeg"}],"author":"Luis Alberto","twitter_card":"summary_large_image","twitter_misc":{"Escrito por":"Luis Alberto","Est. tempo de leitura":"6 minutos"},"schema":{"@context":"https:\/\/schema.org","@graph":[{"@type":"WebPage","@id":"https:\/\/portalnpm.com\/index.php\/2018\/09\/26\/semelhantes-na-fala-distintos-no-estilo-haddad-e-ciro-gomes-disputam-o-mesmo-eleitorado\/","url":"https:\/\/portalnpm.com\/index.php\/2018\/09\/26\/semelhantes-na-fala-distintos-no-estilo-haddad-e-ciro-gomes-disputam-o-mesmo-eleitorado\/","name":"Semelhantes na fala, distintos no estilo, Haddad e Ciro Gomes disputam o mesmo eleitorado - Portal NPM","isPartOf":{"@id":"https:\/\/portalnpm.com\/#website"},"primaryImageOfPage":{"@id":"https:\/\/portalnpm.com\/index.php\/2018\/09\/26\/semelhantes-na-fala-distintos-no-estilo-haddad-e-ciro-gomes-disputam-o-mesmo-eleitorado\/#primaryimage"},"image":{"@id":"https:\/\/portalnpm.com\/index.php\/2018\/09\/26\/semelhantes-na-fala-distintos-no-estilo-haddad-e-ciro-gomes-disputam-o-mesmo-eleitorado\/#primaryimage"},"thumbnailUrl":"https:\/\/portalnpm.com\/wp-content\/uploads\/2018\/09\/IMG-20180926-WA0055.jpg","datePublished":"2018-09-26T11:23:37+00:00","dateModified":"2018-09-26T11:23:37+00:00","author":{"@id":"https:\/\/portalnpm.com\/#\/schema\/person\/5c8006acdf71774cd4e7a5ab98482152"},"breadcrumb":{"@id":"https:\/\/portalnpm.com\/index.php\/2018\/09\/26\/semelhantes-na-fala-distintos-no-estilo-haddad-e-ciro-gomes-disputam-o-mesmo-eleitorado\/#breadcrumb"},"inLanguage":"pt-BR","potentialAction":[{"@type":"ReadAction","target":["https:\/\/portalnpm.com\/index.php\/2018\/09\/26\/semelhantes-na-fala-distintos-no-estilo-haddad-e-ciro-gomes-disputam-o-mesmo-eleitorado\/"]}]},{"@type":"ImageObject","inLanguage":"pt-BR","@id":"https:\/\/portalnpm.com\/index.php\/2018\/09\/26\/semelhantes-na-fala-distintos-no-estilo-haddad-e-ciro-gomes-disputam-o-mesmo-eleitorado\/#primaryimage","url":"https:\/\/portalnpm.com\/wp-content\/uploads\/2018\/09\/IMG-20180926-WA0055.jpg","contentUrl":"https:\/\/portalnpm.com\/wp-content\/uploads\/2018\/09\/IMG-20180926-WA0055.jpg","width":1080,"height":545},{"@type":"BreadcrumbList","@id":"https:\/\/portalnpm.com\/index.php\/2018\/09\/26\/semelhantes-na-fala-distintos-no-estilo-haddad-e-ciro-gomes-disputam-o-mesmo-eleitorado\/#breadcrumb","itemListElement":[{"@type":"ListItem","position":1,"name":"In\u00edcio","item":"https:\/\/portalnpm.com\/"},{"@type":"ListItem","position":2,"name":"Semelhantes na fala, distintos no estilo, Haddad e Ciro Gomes disputam o mesmo eleitorado"}]},{"@type":"WebSite","@id":"https:\/\/portalnpm.com\/#website","url":"https:\/\/portalnpm.com\/","name":"Portal NPM","description":"Not\u00edcias em Primeira M\u00e3o","potentialAction":[{"@type":"SearchAction","target":{"@type":"EntryPoint","urlTemplate":"https:\/\/portalnpm.com\/?s={search_term_string}"},"query-input":"required name=search_term_string"}],"inLanguage":"pt-BR"},{"@type":"Person","@id":"https:\/\/portalnpm.com\/#\/schema\/person\/5c8006acdf71774cd4e7a5ab98482152","name":"Luis Alberto","image":{"@type":"ImageObject","inLanguage":"pt-BR","@id":"https:\/\/portalnpm.com\/#\/schema\/person\/image\/","url":"https:\/\/portalnpm.com\/wp-content\/uploads\/2024\/12\/avatar_user_3_1734699769-96x96.jpeg","contentUrl":"https:\/\/portalnpm.com\/wp-content\/uploads\/2024\/12\/avatar_user_3_1734699769-96x96.jpeg","caption":"Luis Alberto"},"description":"Editor-geral do Portal NPM, \u00e9 formado como T\u00e9cnico em Seguran\u00e7a do Trabalho pela Escola Metropolitana de Cursos T\u00e9cnicos. Det\u00e9m ainda licenciatura em Educa\u00e7\u00e3o F\u00edsica e bacharelado em Ci\u00eancias Pol\u00edticas, ambos obtidos pela institui\u00e7\u00e3o Anhanguera\/UNOPAR.","url":"https:\/\/portalnpm.com\/index.php\/author\/pereira\/"}]}},"jetpack_sharing_enabled":true,"jetpack_featured_media_url":"https:\/\/portalnpm.com\/wp-content\/uploads\/2018\/09\/IMG-20180926-WA0055.jpg","_links":{"self":[{"href":"https:\/\/portalnpm.com\/index.php\/wp-json\/wp\/v2\/posts\/1529"}],"collection":[{"href":"https:\/\/portalnpm.com\/index.php\/wp-json\/wp\/v2\/posts"}],"about":[{"href":"https:\/\/portalnpm.com\/index.php\/wp-json\/wp\/v2\/types\/post"}],"author":[{"embeddable":true,"href":"https:\/\/portalnpm.com\/index.php\/wp-json\/wp\/v2\/users\/3"}],"replies":[{"embeddable":true,"href":"https:\/\/portalnpm.com\/index.php\/wp-json\/wp\/v2\/comments?post=1529"}],"version-history":[{"count":0,"href":"https:\/\/portalnpm.com\/index.php\/wp-json\/wp\/v2\/posts\/1529\/revisions"}],"wp:featuredmedia":[{"embeddable":true,"href":"https:\/\/portalnpm.com\/index.php\/wp-json\/wp\/v2\/media\/1530"}],"wp:attachment":[{"href":"https:\/\/portalnpm.com\/index.php\/wp-json\/wp\/v2\/media?parent=1529"}],"wp:term":[{"taxonomy":"category","embeddable":true,"href":"https:\/\/portalnpm.com\/index.php\/wp-json\/wp\/v2\/categories?post=1529"},{"taxonomy":"post_tag","embeddable":true,"href":"https:\/\/portalnpm.com\/index.php\/wp-json\/wp\/v2\/tags?post=1529"}],"curies":[{"name":"wp","href":"https:\/\/api.w.org\/{rel}","templated":true}]}}