{"id":15507,"date":"2019-12-25T10:17:34","date_gmt":"2019-12-25T13:17:34","guid":{"rendered":"http:\/\/srv.portalnpm.com.br\/?p=15507"},"modified":"2019-12-25T10:17:34","modified_gmt":"2019-12-25T13:17:34","slug":"jovem-de-belem-do-piaui-morre-e-outro-fica-ferido-em-grave-acidente-proximo-a-cidade-de-padre-marcos","status":"publish","type":"post","link":"https:\/\/portalnpm.com\/index.php\/2019\/12\/25\/jovem-de-belem-do-piaui-morre-e-outro-fica-ferido-em-grave-acidente-proximo-a-cidade-de-padre-marcos\/","title":{"rendered":"Jovem de Bel\u00e9m do Piau\u00ed morre e outro fica ferido em grave acidente pr\u00f3ximo a cidade de Padre Marcos"},"content":{"rendered":"<p style=\"text-align: justify;\">Um Jovem identificado apenas como Jean da cidade de Bel\u00e9m do Piau\u00ed, morreu em um grave acidente com uma motocicleta na madrugada desta quarta-feira (25), na PI-243, pr\u00f3ximo a cidade de Padre Marcos \u2013 PI.<\/p>\n<p>&nbsp;<\/p>\n<p style=\"text-align: justify;\">Jean seguia com outro jovem identificado como Novinho, do povoado Caboclo, que de acordo com informa\u00e7\u00f5es, era o condutor da motocicleta, onde o mesmo perdeu o controle e colidiu contra uma cerca. Com o impacto da colis\u00e3o, Jean n\u00e3o resistiu aos ferimentos e veio a \u00f3bito ainda no local do acidente.<\/p>\n<p style=\"text-align: justify;\"><strong>Fonte: PI News<\/strong><\/p>\n","protected":false},"excerpt":{"rendered":"<p>Um Jovem identificado apenas como Jean da cidade de Bel\u00e9m do Piau\u00ed, morreu em um grave acidente com uma motocicleta na madrugada desta quarta-feira (25), na PI-243, pr\u00f3ximo a cidade de Padre Marcos \u2013 PI. &nbsp; Jean seguia com outro jovem identificado como Novinho, do povoado Caboclo, que de acordo com informa\u00e7\u00f5es, era o condutor &hellip;<\/p>\n","protected":false},"author":4,"featured_media":15508,"comment_status":"open","ping_status":"open","sticky":false,"template":"","format":"standard","meta":{"content-type":"","rop_custom_images_group":[],"rop_custom_messages_group":[],"rop_publish_now":"initial","rop_publish_now_accounts":{"facebook_2648258775420054_1618374048415101":""},"rop_publish_now_history":[],"rop_publish_now_status":"pending","footnotes":"","_jetpack_memberships_contains_paid_content":false},"categories":[106,113,109],"tags":[3641,172,132],"yoast_head":"<!-- This site is optimized with the Yoast SEO plugin v22.3 - https:\/\/yoast.com\/wordpress\/plugins\/seo\/ -->\n<title>Jovem de Bel\u00e9m do Piau\u00ed morre e outro fica ferido em grave acidente pr\u00f3ximo a cidade de Padre Marcos - Portal NPM<\/title>\n<meta name=\"robots\" content=\"index, follow, max-snippet:-1, max-image-preview:large, max-video-preview:-1\" \/>\n<link rel=\"canonical\" href=\"https:\/\/portalnpm.com\/index.php\/2019\/12\/25\/jovem-de-belem-do-piaui-morre-e-outro-fica-ferido-em-grave-acidente-proximo-a-cidade-de-padre-marcos\/\" \/>\n<meta property=\"og:locale\" content=\"pt_BR\" \/>\n<meta property=\"og:type\" content=\"article\" \/>\n<meta property=\"og:title\" content=\"Jovem de Bel\u00e9m do Piau\u00ed morre e outro fica ferido em grave acidente pr\u00f3ximo a cidade de Padre Marcos - Portal NPM\" \/>\n<meta property=\"og:description\" content=\"Um Jovem identificado apenas como Jean da cidade de Bel\u00e9m do Piau\u00ed, morreu em um grave acidente com uma motocicleta na madrugada desta quarta-feira (25), na PI-243, pr\u00f3ximo a cidade de Padre Marcos \u2013 PI. &nbsp; Jean seguia com outro jovem identificado como Novinho, do povoado Caboclo, que de acordo com informa\u00e7\u00f5es, era o condutor &hellip;\" \/>\n<meta property=\"og:url\" content=\"https:\/\/portalnpm.com\/index.php\/2019\/12\/25\/jovem-de-belem-do-piaui-morre-e-outro-fica-ferido-em-grave-acidente-proximo-a-cidade-de-padre-marcos\/\" \/>\n<meta property=\"og:site_name\" content=\"Portal NPM\" \/>\n<meta property=\"article:published_time\" content=\"2019-12-25T13:17:34+00:00\" \/>\n<meta name=\"author\" content=\"Reda\u00e7\u00e3o\" \/>\n<meta name=\"twitter:card\" content=\"summary_large_image\" \/>\n<meta name=\"twitter:label1\" content=\"Escrito por\" \/>\n\t<meta name=\"twitter:data1\" content=\"Reda\u00e7\u00e3o\" \/>\n<script type=\"application\/ld+json\" class=\"yoast-schema-graph\">{\"@context\":\"https:\/\/schema.org\",\"@graph\":[{\"@type\":\"WebPage\",\"@id\":\"https:\/\/portalnpm.com\/index.php\/2019\/12\/25\/jovem-de-belem-do-piaui-morre-e-outro-fica-ferido-em-grave-acidente-proximo-a-cidade-de-padre-marcos\/\",\"url\":\"https:\/\/portalnpm.com\/index.php\/2019\/12\/25\/jovem-de-belem-do-piaui-morre-e-outro-fica-ferido-em-grave-acidente-proximo-a-cidade-de-padre-marcos\/\",\"name\":\"Jovem de Bel\u00e9m do Piau\u00ed morre e outro fica ferido em grave acidente pr\u00f3ximo a cidade de Padre Marcos - Portal NPM\",\"isPartOf\":{\"@id\":\"https:\/\/portalnpm.com\/#website\"},\"primaryImageOfPage\":{\"@id\":\"https:\/\/portalnpm.com\/index.php\/2019\/12\/25\/jovem-de-belem-do-piaui-morre-e-outro-fica-ferido-em-grave-acidente-proximo-a-cidade-de-padre-marcos\/#primaryimage\"},\"image\":{\"@id\":\"https:\/\/portalnpm.com\/index.php\/2019\/12\/25\/jovem-de-belem-do-piaui-morre-e-outro-fica-ferido-em-grave-acidente-proximo-a-cidade-de-padre-marcos\/#primaryimage\"},\"thumbnailUrl\":\"\",\"datePublished\":\"2019-12-25T13:17:34+00:00\",\"dateModified\":\"2019-12-25T13:17:34+00:00\",\"author\":{\"@id\":\"https:\/\/portalnpm.com\/#\/schema\/person\/0b5f230ec96cee25504fa328e7f2b733\"},\"breadcrumb\":{\"@id\":\"https:\/\/portalnpm.com\/index.php\/2019\/12\/25\/jovem-de-belem-do-piaui-morre-e-outro-fica-ferido-em-grave-acidente-proximo-a-cidade-de-padre-marcos\/#breadcrumb\"},\"inLanguage\":\"pt-BR\",\"potentialAction\":[{\"@type\":\"ReadAction\",\"target\":[\"https:\/\/portalnpm.com\/index.php\/2019\/12\/25\/jovem-de-belem-do-piaui-morre-e-outro-fica-ferido-em-grave-acidente-proximo-a-cidade-de-padre-marcos\/\"]}]},{\"@type\":\"ImageObject\",\"inLanguage\":\"pt-BR\",\"@id\":\"https:\/\/portalnpm.com\/index.php\/2019\/12\/25\/jovem-de-belem-do-piaui-morre-e-outro-fica-ferido-em-grave-acidente-proximo-a-cidade-de-padre-marcos\/#primaryimage\",\"url\":\"\",\"contentUrl\":\"\"},{\"@type\":\"BreadcrumbList\",\"@id\":\"https:\/\/portalnpm.com\/index.php\/2019\/12\/25\/jovem-de-belem-do-piaui-morre-e-outro-fica-ferido-em-grave-acidente-proximo-a-cidade-de-padre-marcos\/#breadcrumb\",\"itemListElement\":[{\"@type\":\"ListItem\",\"position\":1,\"name\":\"In\u00edcio\",\"item\":\"https:\/\/portalnpm.com\/\"},{\"@type\":\"ListItem\",\"position\":2,\"name\":\"Jovem de Bel\u00e9m do Piau\u00ed morre e outro fica ferido em grave acidente pr\u00f3ximo a cidade de Padre Marcos\"}]},{\"@type\":\"WebSite\",\"@id\":\"https:\/\/portalnpm.com\/#website\",\"url\":\"https:\/\/portalnpm.com\/\",\"name\":\"Portal NPM\",\"description\":\"Not\u00edcias em Primeira M\u00e3o\",\"potentialAction\":[{\"@type\":\"SearchAction\",\"target\":{\"@type\":\"EntryPoint\",\"urlTemplate\":\"https:\/\/portalnpm.com\/?s={search_term_string}\"},\"query-input\":\"required name=search_term_string\"}],\"inLanguage\":\"pt-BR\"},{\"@type\":\"Person\",\"@id\":\"https:\/\/portalnpm.com\/#\/schema\/person\/0b5f230ec96cee25504fa328e7f2b733\",\"name\":\"Reda\u00e7\u00e3o\",\"image\":{\"@type\":\"ImageObject\",\"inLanguage\":\"pt-BR\",\"@id\":\"https:\/\/portalnpm.com\/#\/schema\/person\/image\/\",\"url\":\"https:\/\/portalnpm.com\/wp-content\/uploads\/2024\/03\/avatar_user_4_1710097212-96x96.png\",\"contentUrl\":\"https:\/\/portalnpm.com\/wp-content\/uploads\/2024\/03\/avatar_user_4_1710097212-96x96.png\",\"caption\":\"Reda\u00e7\u00e3o\"},\"url\":\"https:\/\/portalnpm.com\/index.php\/author\/redacao\/\"}]}<\/script>\n<!-- \/ Yoast SEO plugin. -->","yoast_head_json":{"title":"Jovem de Bel\u00e9m do Piau\u00ed morre e outro fica ferido em grave acidente pr\u00f3ximo a cidade de Padre Marcos - Portal NPM","robots":{"index":"index","follow":"follow","max-snippet":"max-snippet:-1","max-image-preview":"max-image-preview:large","max-video-preview":"max-video-preview:-1"},"canonical":"https:\/\/portalnpm.com\/index.php\/2019\/12\/25\/jovem-de-belem-do-piaui-morre-e-outro-fica-ferido-em-grave-acidente-proximo-a-cidade-de-padre-marcos\/","og_locale":"pt_BR","og_type":"article","og_title":"Jovem de Bel\u00e9m do Piau\u00ed morre e outro fica ferido em grave acidente pr\u00f3ximo a cidade de Padre Marcos - Portal NPM","og_description":"Um Jovem identificado apenas como Jean da cidade de Bel\u00e9m do Piau\u00ed, morreu em um grave acidente com uma motocicleta na madrugada desta quarta-feira (25), na PI-243, pr\u00f3ximo a cidade de Padre Marcos \u2013 PI. &nbsp; Jean seguia com outro jovem identificado como Novinho, do povoado Caboclo, que de acordo com informa\u00e7\u00f5es, era o condutor &hellip;","og_url":"https:\/\/portalnpm.com\/index.php\/2019\/12\/25\/jovem-de-belem-do-piaui-morre-e-outro-fica-ferido-em-grave-acidente-proximo-a-cidade-de-padre-marcos\/","og_site_name":"Portal NPM","article_published_time":"2019-12-25T13:17:34+00:00","author":"Reda\u00e7\u00e3o","twitter_card":"summary_large_image","twitter_misc":{"Escrito por":"Reda\u00e7\u00e3o"},"schema":{"@context":"https:\/\/schema.org","@graph":[{"@type":"WebPage","@id":"https:\/\/portalnpm.com\/index.php\/2019\/12\/25\/jovem-de-belem-do-piaui-morre-e-outro-fica-ferido-em-grave-acidente-proximo-a-cidade-de-padre-marcos\/","url":"https:\/\/portalnpm.com\/index.php\/2019\/12\/25\/jovem-de-belem-do-piaui-morre-e-outro-fica-ferido-em-grave-acidente-proximo-a-cidade-de-padre-marcos\/","name":"Jovem de Bel\u00e9m do Piau\u00ed morre e outro fica ferido em grave acidente pr\u00f3ximo a cidade de Padre Marcos - Portal NPM","isPartOf":{"@id":"https:\/\/portalnpm.com\/#website"},"primaryImageOfPage":{"@id":"https:\/\/portalnpm.com\/index.php\/2019\/12\/25\/jovem-de-belem-do-piaui-morre-e-outro-fica-ferido-em-grave-acidente-proximo-a-cidade-de-padre-marcos\/#primaryimage"},"image":{"@id":"https:\/\/portalnpm.com\/index.php\/2019\/12\/25\/jovem-de-belem-do-piaui-morre-e-outro-fica-ferido-em-grave-acidente-proximo-a-cidade-de-padre-marcos\/#primaryimage"},"thumbnailUrl":"","datePublished":"2019-12-25T13:17:34+00:00","dateModified":"2019-12-25T13:17:34+00:00","author":{"@id":"https:\/\/portalnpm.com\/#\/schema\/person\/0b5f230ec96cee25504fa328e7f2b733"},"breadcrumb":{"@id":"https:\/\/portalnpm.com\/index.php\/2019\/12\/25\/jovem-de-belem-do-piaui-morre-e-outro-fica-ferido-em-grave-acidente-proximo-a-cidade-de-padre-marcos\/#breadcrumb"},"inLanguage":"pt-BR","potentialAction":[{"@type":"ReadAction","target":["https:\/\/portalnpm.com\/index.php\/2019\/12\/25\/jovem-de-belem-do-piaui-morre-e-outro-fica-ferido-em-grave-acidente-proximo-a-cidade-de-padre-marcos\/"]}]},{"@type":"ImageObject","inLanguage":"pt-BR","@id":"https:\/\/portalnpm.com\/index.php\/2019\/12\/25\/jovem-de-belem-do-piaui-morre-e-outro-fica-ferido-em-grave-acidente-proximo-a-cidade-de-padre-marcos\/#primaryimage","url":"","contentUrl":""},{"@type":"BreadcrumbList","@id":"https:\/\/portalnpm.com\/index.php\/2019\/12\/25\/jovem-de-belem-do-piaui-morre-e-outro-fica-ferido-em-grave-acidente-proximo-a-cidade-de-padre-marcos\/#breadcrumb","itemListElement":[{"@type":"ListItem","position":1,"name":"In\u00edcio","item":"https:\/\/portalnpm.com\/"},{"@type":"ListItem","position":2,"name":"Jovem de Bel\u00e9m do Piau\u00ed morre e outro fica ferido em grave acidente pr\u00f3ximo a cidade de Padre Marcos"}]},{"@type":"WebSite","@id":"https:\/\/portalnpm.com\/#website","url":"https:\/\/portalnpm.com\/","name":"Portal NPM","description":"Not\u00edcias em Primeira M\u00e3o","potentialAction":[{"@type":"SearchAction","target":{"@type":"EntryPoint","urlTemplate":"https:\/\/portalnpm.com\/?s={search_term_string}"},"query-input":"required name=search_term_string"}],"inLanguage":"pt-BR"},{"@type":"Person","@id":"https:\/\/portalnpm.com\/#\/schema\/person\/0b5f230ec96cee25504fa328e7f2b733","name":"Reda\u00e7\u00e3o","image":{"@type":"ImageObject","inLanguage":"pt-BR","@id":"https:\/\/portalnpm.com\/#\/schema\/person\/image\/","url":"https:\/\/portalnpm.com\/wp-content\/uploads\/2024\/03\/avatar_user_4_1710097212-96x96.png","contentUrl":"https:\/\/portalnpm.com\/wp-content\/uploads\/2024\/03\/avatar_user_4_1710097212-96x96.png","caption":"Reda\u00e7\u00e3o"},"url":"https:\/\/portalnpm.com\/index.php\/author\/redacao\/"}]}},"jetpack_sharing_enabled":true,"jetpack_featured_media_url":"","_links":{"self":[{"href":"https:\/\/portalnpm.com\/index.php\/wp-json\/wp\/v2\/posts\/15507"}],"collection":[{"href":"https:\/\/portalnpm.com\/index.php\/wp-json\/wp\/v2\/posts"}],"about":[{"href":"https:\/\/portalnpm.com\/index.php\/wp-json\/wp\/v2\/types\/post"}],"author":[{"embeddable":true,"href":"https:\/\/portalnpm.com\/index.php\/wp-json\/wp\/v2\/users\/4"}],"replies":[{"embeddable":true,"href":"https:\/\/portalnpm.com\/index.php\/wp-json\/wp\/v2\/comments?post=15507"}],"version-history":[{"count":0,"href":"https:\/\/portalnpm.com\/index.php\/wp-json\/wp\/v2\/posts\/15507\/revisions"}],"wp:featuredmedia":[{"embeddable":true,"href":"https:\/\/portalnpm.com\/index.php\/wp-json\/"}],"wp:attachment":[{"href":"https:\/\/portalnpm.com\/index.php\/wp-json\/wp\/v2\/media?parent=15507"}],"wp:term":[{"taxonomy":"category","embeddable":true,"href":"https:\/\/portalnpm.com\/index.php\/wp-json\/wp\/v2\/categories?post=15507"},{"taxonomy":"post_tag","embeddable":true,"href":"https:\/\/portalnpm.com\/index.php\/wp-json\/wp\/v2\/tags?post=15507"}],"curies":[{"name":"wp","href":"https:\/\/api.w.org\/{rel}","templated":true}]}}