{"id":1551,"date":"2018-09-28T16:06:04","date_gmt":"2018-09-28T19:06:04","guid":{"rendered":"http:\/\/srv.portalnpm.com.br\/?p=1551"},"modified":"2018-09-28T16:06:04","modified_gmt":"2018-09-28T19:06:04","slug":"tucano-arthur-virgilio-prefeito-de-manaus-declara-apoio-a-marina-silva","status":"publish","type":"post","link":"https:\/\/portalnpm.com\/index.php\/2018\/09\/28\/tucano-arthur-virgilio-prefeito-de-manaus-declara-apoio-a-marina-silva\/","title":{"rendered":"Tucano Arthur Virg\u00edlio, prefeito de Manaus, declara apoio a Marina Silva"},"content":{"rendered":"<p style=\"text-align: justify;\">Militante hist\u00f3rico do PSDB, o prefeito de Manaus, Arthur Virg\u00edlio, declarou apoio a ex-ministra Marina Silva (Rede) na disputa presidencial e vai participar de atos de campanha ao lado dela amanh\u00e3 na capital do Amazonas. &#8220;Eu sou tucano, mas n\u00e3o voto em Geraldo Alckmin. Ele \u00e9 autorit\u00e1rio. Conforme eu previa, a campanha dele n\u00e3o tem credibilidade. Pensei muito e minha candidata \u00e9 a Marina&#8221;, disse Virg\u00edlio \u00e0 reportagem.<\/p>\n<p style=\"text-align: justify;\">O prefeito \u00e9 desafeto de Alckmin desde o come\u00e7o do ano, quando tentou promover pr\u00e9vias no PSDB para enfrentar o ex-governador na escolha do candidato presidencial da sigla.<\/p>\n<p style=\"text-align: justify;\">A avalia\u00e7\u00e3o de Arthur Virg\u00edlio \u00e9 de que o PSDB vai apoiar Jair Bolsonaro no segundo turno, caso Alckmin n\u00e3o consiga chegar l\u00e1. &#8220;Estou achando que o PSDB vai de Bolsonaro no segundo turno. Alguns tucanos j\u00e1 est\u00e3o engajados sem nem esperar o fim do primeiro turno. O PSDB virou uma for\u00e7a irrelevante&#8221;, disse.<\/p>\n<p style=\"text-align: justify;\">Arthur Virg\u00edlio foi secret\u00e1rio-geral do PSDB entre 1996 e 1998 e l\u00edder do partido no Senado entre 1999 e 2002.<\/p>\n<p style=\"text-align: justify;\"><b>Terra<\/b><\/p>\n","protected":false},"excerpt":{"rendered":"<p>Militante hist\u00f3rico do PSDB, o prefeito de Manaus, Arthur Virg\u00edlio, declarou apoio a ex-ministra Marina Silva (Rede) na disputa presidencial e vai participar de atos de campanha ao lado dela amanh\u00e3 na capital do Amazonas. &#8220;Eu sou tucano, mas n\u00e3o voto em Geraldo Alckmin. Ele \u00e9 autorit\u00e1rio. Conforme eu previa, a campanha dele n\u00e3o tem &hellip;<\/p>\n","protected":false},"author":3,"featured_media":1552,"comment_status":"open","ping_status":"open","sticky":false,"template":"","format":"standard","meta":{"content-type":"","rop_custom_images_group":[],"rop_custom_messages_group":[],"rop_publish_now":"initial","rop_publish_now_accounts":{"facebook_2648258775420054_1618374048415101":""},"rop_publish_now_history":[],"rop_publish_now_status":"pending","footnotes":"","_jetpack_memberships_contains_paid_content":false},"categories":[113,130],"tags":[576,789,690],"yoast_head":"<!-- This site is optimized with the Yoast SEO plugin v22.3 - https:\/\/yoast.com\/wordpress\/plugins\/seo\/ -->\n<title>Tucano Arthur Virg\u00edlio, prefeito de Manaus, declara apoio a Marina Silva - Portal NPM<\/title>\n<meta name=\"robots\" content=\"index, follow, max-snippet:-1, max-image-preview:large, max-video-preview:-1\" \/>\n<link rel=\"canonical\" href=\"https:\/\/portalnpm.com\/index.php\/2018\/09\/28\/tucano-arthur-virgilio-prefeito-de-manaus-declara-apoio-a-marina-silva\/\" \/>\n<meta property=\"og:locale\" content=\"pt_BR\" \/>\n<meta property=\"og:type\" content=\"article\" \/>\n<meta property=\"og:title\" content=\"Tucano Arthur Virg\u00edlio, prefeito de Manaus, declara apoio a Marina Silva - Portal NPM\" \/>\n<meta property=\"og:description\" content=\"Militante hist\u00f3rico do PSDB, o prefeito de Manaus, Arthur Virg\u00edlio, declarou apoio a ex-ministra Marina Silva (Rede) na disputa presidencial e vai participar de atos de campanha ao lado dela amanh\u00e3 na capital do Amazonas. &#8220;Eu sou tucano, mas n\u00e3o voto em Geraldo Alckmin. Ele \u00e9 autorit\u00e1rio. Conforme eu previa, a campanha dele n\u00e3o tem &hellip;\" \/>\n<meta property=\"og:url\" content=\"https:\/\/portalnpm.com\/index.php\/2018\/09\/28\/tucano-arthur-virgilio-prefeito-de-manaus-declara-apoio-a-marina-silva\/\" \/>\n<meta property=\"og:site_name\" content=\"Portal NPM\" \/>\n<meta property=\"article:published_time\" content=\"2018-09-28T19:06:04+00:00\" \/>\n<meta property=\"og:image\" content=\"https:\/\/portalnpm.com\/wp-content\/uploads\/2018\/09\/IMG-20180928-WA0287.jpg\" \/>\n\t<meta property=\"og:image:width\" content=\"400\" \/>\n\t<meta property=\"og:image:height\" content=\"400\" \/>\n\t<meta property=\"og:image:type\" content=\"image\/jpeg\" \/>\n<meta name=\"author\" content=\"Luis Alberto\" \/>\n<meta name=\"twitter:card\" content=\"summary_large_image\" \/>\n<meta name=\"twitter:label1\" content=\"Escrito por\" \/>\n\t<meta name=\"twitter:data1\" content=\"Luis Alberto\" \/>\n\t<meta name=\"twitter:label2\" content=\"Est. tempo de leitura\" \/>\n\t<meta name=\"twitter:data2\" content=\"1 minuto\" \/>\n<script type=\"application\/ld+json\" class=\"yoast-schema-graph\">{\"@context\":\"https:\/\/schema.org\",\"@graph\":[{\"@type\":\"WebPage\",\"@id\":\"https:\/\/portalnpm.com\/index.php\/2018\/09\/28\/tucano-arthur-virgilio-prefeito-de-manaus-declara-apoio-a-marina-silva\/\",\"url\":\"https:\/\/portalnpm.com\/index.php\/2018\/09\/28\/tucano-arthur-virgilio-prefeito-de-manaus-declara-apoio-a-marina-silva\/\",\"name\":\"Tucano Arthur Virg\u00edlio, prefeito de Manaus, declara apoio a Marina Silva - Portal NPM\",\"isPartOf\":{\"@id\":\"https:\/\/portalnpm.com\/#website\"},\"primaryImageOfPage\":{\"@id\":\"https:\/\/portalnpm.com\/index.php\/2018\/09\/28\/tucano-arthur-virgilio-prefeito-de-manaus-declara-apoio-a-marina-silva\/#primaryimage\"},\"image\":{\"@id\":\"https:\/\/portalnpm.com\/index.php\/2018\/09\/28\/tucano-arthur-virgilio-prefeito-de-manaus-declara-apoio-a-marina-silva\/#primaryimage\"},\"thumbnailUrl\":\"https:\/\/portalnpm.com\/wp-content\/uploads\/2018\/09\/IMG-20180928-WA0287.jpg\",\"datePublished\":\"2018-09-28T19:06:04+00:00\",\"dateModified\":\"2018-09-28T19:06:04+00:00\",\"author\":{\"@id\":\"https:\/\/portalnpm.com\/#\/schema\/person\/5c8006acdf71774cd4e7a5ab98482152\"},\"breadcrumb\":{\"@id\":\"https:\/\/portalnpm.com\/index.php\/2018\/09\/28\/tucano-arthur-virgilio-prefeito-de-manaus-declara-apoio-a-marina-silva\/#breadcrumb\"},\"inLanguage\":\"pt-BR\",\"potentialAction\":[{\"@type\":\"ReadAction\",\"target\":[\"https:\/\/portalnpm.com\/index.php\/2018\/09\/28\/tucano-arthur-virgilio-prefeito-de-manaus-declara-apoio-a-marina-silva\/\"]}]},{\"@type\":\"ImageObject\",\"inLanguage\":\"pt-BR\",\"@id\":\"https:\/\/portalnpm.com\/index.php\/2018\/09\/28\/tucano-arthur-virgilio-prefeito-de-manaus-declara-apoio-a-marina-silva\/#primaryimage\",\"url\":\"https:\/\/portalnpm.com\/wp-content\/uploads\/2018\/09\/IMG-20180928-WA0287.jpg\",\"contentUrl\":\"https:\/\/portalnpm.com\/wp-content\/uploads\/2018\/09\/IMG-20180928-WA0287.jpg\",\"width\":400,\"height\":400},{\"@type\":\"BreadcrumbList\",\"@id\":\"https:\/\/portalnpm.com\/index.php\/2018\/09\/28\/tucano-arthur-virgilio-prefeito-de-manaus-declara-apoio-a-marina-silva\/#breadcrumb\",\"itemListElement\":[{\"@type\":\"ListItem\",\"position\":1,\"name\":\"In\u00edcio\",\"item\":\"https:\/\/portalnpm.com\/\"},{\"@type\":\"ListItem\",\"position\":2,\"name\":\"Tucano Arthur Virg\u00edlio, prefeito de Manaus, declara apoio a Marina Silva\"}]},{\"@type\":\"WebSite\",\"@id\":\"https:\/\/portalnpm.com\/#website\",\"url\":\"https:\/\/portalnpm.com\/\",\"name\":\"Portal NPM\",\"description\":\"Not\u00edcias em Primeira M\u00e3o\",\"potentialAction\":[{\"@type\":\"SearchAction\",\"target\":{\"@type\":\"EntryPoint\",\"urlTemplate\":\"https:\/\/portalnpm.com\/?s={search_term_string}\"},\"query-input\":\"required name=search_term_string\"}],\"inLanguage\":\"pt-BR\"},{\"@type\":\"Person\",\"@id\":\"https:\/\/portalnpm.com\/#\/schema\/person\/5c8006acdf71774cd4e7a5ab98482152\",\"name\":\"Luis Alberto\",\"image\":{\"@type\":\"ImageObject\",\"inLanguage\":\"pt-BR\",\"@id\":\"https:\/\/portalnpm.com\/#\/schema\/person\/image\/\",\"url\":\"https:\/\/portalnpm.com\/wp-content\/uploads\/2024\/12\/avatar_user_3_1734699769-96x96.jpeg\",\"contentUrl\":\"https:\/\/portalnpm.com\/wp-content\/uploads\/2024\/12\/avatar_user_3_1734699769-96x96.jpeg\",\"caption\":\"Luis Alberto\"},\"description\":\"Editor-geral do Portal NPM, \u00e9 formado como T\u00e9cnico em Seguran\u00e7a do Trabalho pela Escola Metropolitana de Cursos T\u00e9cnicos. Det\u00e9m ainda licenciatura em Educa\u00e7\u00e3o F\u00edsica e bacharelado em Ci\u00eancias Pol\u00edticas, ambos obtidos pela institui\u00e7\u00e3o Anhanguera\/UNOPAR.\",\"url\":\"https:\/\/portalnpm.com\/index.php\/author\/pereira\/\"}]}<\/script>\n<!-- \/ Yoast SEO plugin. -->","yoast_head_json":{"title":"Tucano Arthur Virg\u00edlio, prefeito de Manaus, declara apoio a Marina Silva - Portal NPM","robots":{"index":"index","follow":"follow","max-snippet":"max-snippet:-1","max-image-preview":"max-image-preview:large","max-video-preview":"max-video-preview:-1"},"canonical":"https:\/\/portalnpm.com\/index.php\/2018\/09\/28\/tucano-arthur-virgilio-prefeito-de-manaus-declara-apoio-a-marina-silva\/","og_locale":"pt_BR","og_type":"article","og_title":"Tucano Arthur Virg\u00edlio, prefeito de Manaus, declara apoio a Marina Silva - Portal NPM","og_description":"Militante hist\u00f3rico do PSDB, o prefeito de Manaus, Arthur Virg\u00edlio, declarou apoio a ex-ministra Marina Silva (Rede) na disputa presidencial e vai participar de atos de campanha ao lado dela amanh\u00e3 na capital do Amazonas. &#8220;Eu sou tucano, mas n\u00e3o voto em Geraldo Alckmin. Ele \u00e9 autorit\u00e1rio. Conforme eu previa, a campanha dele n\u00e3o tem &hellip;","og_url":"https:\/\/portalnpm.com\/index.php\/2018\/09\/28\/tucano-arthur-virgilio-prefeito-de-manaus-declara-apoio-a-marina-silva\/","og_site_name":"Portal NPM","article_published_time":"2018-09-28T19:06:04+00:00","og_image":[{"width":400,"height":400,"url":"https:\/\/portalnpm.com\/wp-content\/uploads\/2018\/09\/IMG-20180928-WA0287.jpg","type":"image\/jpeg"}],"author":"Luis Alberto","twitter_card":"summary_large_image","twitter_misc":{"Escrito por":"Luis Alberto","Est. tempo de leitura":"1 minuto"},"schema":{"@context":"https:\/\/schema.org","@graph":[{"@type":"WebPage","@id":"https:\/\/portalnpm.com\/index.php\/2018\/09\/28\/tucano-arthur-virgilio-prefeito-de-manaus-declara-apoio-a-marina-silva\/","url":"https:\/\/portalnpm.com\/index.php\/2018\/09\/28\/tucano-arthur-virgilio-prefeito-de-manaus-declara-apoio-a-marina-silva\/","name":"Tucano Arthur Virg\u00edlio, prefeito de Manaus, declara apoio a Marina Silva - Portal NPM","isPartOf":{"@id":"https:\/\/portalnpm.com\/#website"},"primaryImageOfPage":{"@id":"https:\/\/portalnpm.com\/index.php\/2018\/09\/28\/tucano-arthur-virgilio-prefeito-de-manaus-declara-apoio-a-marina-silva\/#primaryimage"},"image":{"@id":"https:\/\/portalnpm.com\/index.php\/2018\/09\/28\/tucano-arthur-virgilio-prefeito-de-manaus-declara-apoio-a-marina-silva\/#primaryimage"},"thumbnailUrl":"https:\/\/portalnpm.com\/wp-content\/uploads\/2018\/09\/IMG-20180928-WA0287.jpg","datePublished":"2018-09-28T19:06:04+00:00","dateModified":"2018-09-28T19:06:04+00:00","author":{"@id":"https:\/\/portalnpm.com\/#\/schema\/person\/5c8006acdf71774cd4e7a5ab98482152"},"breadcrumb":{"@id":"https:\/\/portalnpm.com\/index.php\/2018\/09\/28\/tucano-arthur-virgilio-prefeito-de-manaus-declara-apoio-a-marina-silva\/#breadcrumb"},"inLanguage":"pt-BR","potentialAction":[{"@type":"ReadAction","target":["https:\/\/portalnpm.com\/index.php\/2018\/09\/28\/tucano-arthur-virgilio-prefeito-de-manaus-declara-apoio-a-marina-silva\/"]}]},{"@type":"ImageObject","inLanguage":"pt-BR","@id":"https:\/\/portalnpm.com\/index.php\/2018\/09\/28\/tucano-arthur-virgilio-prefeito-de-manaus-declara-apoio-a-marina-silva\/#primaryimage","url":"https:\/\/portalnpm.com\/wp-content\/uploads\/2018\/09\/IMG-20180928-WA0287.jpg","contentUrl":"https:\/\/portalnpm.com\/wp-content\/uploads\/2018\/09\/IMG-20180928-WA0287.jpg","width":400,"height":400},{"@type":"BreadcrumbList","@id":"https:\/\/portalnpm.com\/index.php\/2018\/09\/28\/tucano-arthur-virgilio-prefeito-de-manaus-declara-apoio-a-marina-silva\/#breadcrumb","itemListElement":[{"@type":"ListItem","position":1,"name":"In\u00edcio","item":"https:\/\/portalnpm.com\/"},{"@type":"ListItem","position":2,"name":"Tucano Arthur Virg\u00edlio, prefeito de Manaus, declara apoio a Marina Silva"}]},{"@type":"WebSite","@id":"https:\/\/portalnpm.com\/#website","url":"https:\/\/portalnpm.com\/","name":"Portal NPM","description":"Not\u00edcias em Primeira M\u00e3o","potentialAction":[{"@type":"SearchAction","target":{"@type":"EntryPoint","urlTemplate":"https:\/\/portalnpm.com\/?s={search_term_string}"},"query-input":"required name=search_term_string"}],"inLanguage":"pt-BR"},{"@type":"Person","@id":"https:\/\/portalnpm.com\/#\/schema\/person\/5c8006acdf71774cd4e7a5ab98482152","name":"Luis Alberto","image":{"@type":"ImageObject","inLanguage":"pt-BR","@id":"https:\/\/portalnpm.com\/#\/schema\/person\/image\/","url":"https:\/\/portalnpm.com\/wp-content\/uploads\/2024\/12\/avatar_user_3_1734699769-96x96.jpeg","contentUrl":"https:\/\/portalnpm.com\/wp-content\/uploads\/2024\/12\/avatar_user_3_1734699769-96x96.jpeg","caption":"Luis Alberto"},"description":"Editor-geral do Portal NPM, \u00e9 formado como T\u00e9cnico em Seguran\u00e7a do Trabalho pela Escola Metropolitana de Cursos T\u00e9cnicos. Det\u00e9m ainda licenciatura em Educa\u00e7\u00e3o F\u00edsica e bacharelado em Ci\u00eancias Pol\u00edticas, ambos obtidos pela institui\u00e7\u00e3o Anhanguera\/UNOPAR.","url":"https:\/\/portalnpm.com\/index.php\/author\/pereira\/"}]}},"jetpack_sharing_enabled":true,"jetpack_featured_media_url":"https:\/\/portalnpm.com\/wp-content\/uploads\/2018\/09\/IMG-20180928-WA0287.jpg","_links":{"self":[{"href":"https:\/\/portalnpm.com\/index.php\/wp-json\/wp\/v2\/posts\/1551"}],"collection":[{"href":"https:\/\/portalnpm.com\/index.php\/wp-json\/wp\/v2\/posts"}],"about":[{"href":"https:\/\/portalnpm.com\/index.php\/wp-json\/wp\/v2\/types\/post"}],"author":[{"embeddable":true,"href":"https:\/\/portalnpm.com\/index.php\/wp-json\/wp\/v2\/users\/3"}],"replies":[{"embeddable":true,"href":"https:\/\/portalnpm.com\/index.php\/wp-json\/wp\/v2\/comments?post=1551"}],"version-history":[{"count":0,"href":"https:\/\/portalnpm.com\/index.php\/wp-json\/wp\/v2\/posts\/1551\/revisions"}],"wp:featuredmedia":[{"embeddable":true,"href":"https:\/\/portalnpm.com\/index.php\/wp-json\/wp\/v2\/media\/1552"}],"wp:attachment":[{"href":"https:\/\/portalnpm.com\/index.php\/wp-json\/wp\/v2\/media?parent=1551"}],"wp:term":[{"taxonomy":"category","embeddable":true,"href":"https:\/\/portalnpm.com\/index.php\/wp-json\/wp\/v2\/categories?post=1551"},{"taxonomy":"post_tag","embeddable":true,"href":"https:\/\/portalnpm.com\/index.php\/wp-json\/wp\/v2\/tags?post=1551"}],"curies":[{"name":"wp","href":"https:\/\/api.w.org\/{rel}","templated":true}]}}