{"id":15510,"date":"2019-12-25T10:31:14","date_gmt":"2019-12-25T13:31:14","guid":{"rendered":"http:\/\/srv.portalnpm.com.br\/?p=15510"},"modified":"2019-12-25T10:31:14","modified_gmt":"2019-12-25T13:31:14","slug":"video-mostra-pacientes-em-meio-a-entulho-e-deitados-no-chao-no-hospital-regional-de-picos","status":"publish","type":"post","link":"https:\/\/portalnpm.com\/index.php\/2019\/12\/25\/video-mostra-pacientes-em-meio-a-entulho-e-deitados-no-chao-no-hospital-regional-de-picos\/","title":{"rendered":"V\u00eddeo mostra pacientes em meio a entulho e deitados no ch\u00e3o no Hospital Regional de Picos"},"content":{"rendered":"<h2 class=\"entry-sub-title\">Nas imagens \u00e9 poss\u00edvel ver pessoas que precisam de atendimento m\u00e9dico deitadas em meio ao entulho na \u00e1rea externa da unidade de sa\u00fade.<\/h2>\n<p style=\"text-align: justify;\">V\u00eddeos que circulam nas redes sociais mostram o descaso com pacientes no Hospital Regional Justino Luz, em Picos. Nas imagens \u00e9 poss\u00edvel ver pessoas que precisam de atendimento m\u00e9dico deitadas em meio ao entulho na \u00e1rea externa da unidade de sa\u00fade. O flagrante mostra ainda pacientes no corredor do hospital e outros no ch\u00e3o, sendo um deles que est\u00e1 com a cabe\u00e7a enfaixada sobre um peda\u00e7o de papel\u00e3o.<\/p>\n<p style=\"text-align: justify;\">Parte dos pacientes aparece em uma \u00e1rea aparentemente em reforma. No v\u00eddeo chama aten\u00e7\u00e3o tamb\u00e9m o ch\u00e3o sujo e uma das acompanhantes abanando um paciente por conta do calor.<\/p>\n<p style=\"text-align: justify;\">Por meio de nota, a Funda\u00e7\u00e3o Estatal Piauiense de Servi\u00e7os Hospitalares informou que a entrada de pacientes no hospital foi superior a m\u00e9dia devido as festividades de fim de ano e recesso de algumas unidades de sa\u00fade na regi\u00e3o. A nota diz ainda que as imagens\u00a0 a um momento pontual e at\u00edpico.<\/p>\n<p><iframe title=\"Flagrante mostra situac\u0327a\u0303o de pacientes no hospital regional de Picos\" width=\"500\" height=\"281\" src=\"https:\/\/www.youtube.com\/embed\/2S9OgShwHl8?feature=oembed\" frameborder=\"0\" allow=\"accelerometer; autoplay; clipboard-write; encrypted-media; gyroscope; picture-in-picture; web-share\" referrerpolicy=\"strict-origin-when-cross-origin\" allowfullscreen><\/iframe><\/p>\n<p>&nbsp;<\/p>\n<p><strong>LEIA A NOTA NA \u00cdNTEGRA<\/strong><\/p>\n<p style=\"text-align: justify;\">A Funda\u00e7\u00e3o Estatal Piauiense de Servi\u00e7os Hospitalares (Fepiserh) esclarece a todos cidad\u00e3os da macrorregi\u00e3o de Picos, que est\u00e1 empenhada em atender de maneira satisfat\u00f3ria a popula\u00e7\u00e3o que necessita dos servi\u00e7os do Hospital Regional Justino Luz.<\/p>\n<p style=\"text-align: justify;\">Sobre as imagens que circularam em redes sociais, destacamos que em raz\u00e3o das festividades de final de ano, junto ao fato da maioria dos hospitais de pequeno porte da regi\u00e3o estarem fechados ou de recesso, a procura pelo Hospital Justino Luz foi bastante superior a m\u00e9dia, superando a capacidade instalada do hospital.<\/p>\n<p style=\"text-align: justify;\">Os v\u00eddeos se referem a um momento pontual e at\u00edpico, e que logo em seguida, de maneira \u00e1gil e eficiente, a dire\u00e7\u00e3o do hospital conseguiu acomodar os pacientes que estavam em locais impr\u00f3prios.<\/p>\n<p style=\"text-align: justify;\">Importante salientar que a responsabilidade pelas reformas do hospital, bem como, pelo fornecimento de equipamentos \u00e9 da Secretaria de Estado da Sa\u00fade (Sesapi).<\/p>\n<p style=\"text-align: justify;\">Sens\u00edveis ao problema e buscando uma solu\u00e7\u00e3o de maneira r\u00e1pida a fim de evitar que problemas semelhantes ocorram novamente, nesta segunda-feira (23),\u00a0 o secret\u00e1rio da Sa\u00fade, Florentino Veras, e o presidente da Fepiserh, Welton Bandeira, estar\u00e3o reunidos com o objetivo de\u00a0 tratar sobre a conclus\u00e3o da obra do Pronto de Socorro e da ala de enfermarias, e planejar o cronograma para a abertura do Centro de Parto Normal e da Casa da Gestante do Hospital Regional Justino Luz.<\/p>\n<p style=\"text-align: justify;\"><strong>Fonte: Cidade Verde<\/strong><\/p>\n","protected":false},"excerpt":{"rendered":"<p>Nas imagens \u00e9 poss\u00edvel ver pessoas que precisam de atendimento m\u00e9dico deitadas em meio ao entulho na \u00e1rea externa da unidade de sa\u00fade. V\u00eddeos que circulam nas redes sociais mostram o descaso com pacientes no Hospital Regional Justino Luz, em Picos. Nas imagens \u00e9 poss\u00edvel ver pessoas que precisam de atendimento m\u00e9dico deitadas em meio &hellip;<\/p>\n","protected":false},"author":4,"featured_media":15511,"comment_status":"open","ping_status":"open","sticky":false,"template":"","format":"standard","meta":{"content-type":"","rop_custom_images_group":[],"rop_custom_messages_group":[],"rop_publish_now":"initial","rop_publish_now_accounts":{"facebook_2648258775420054_1618374048415101":""},"rop_publish_now_history":[],"rop_publish_now_status":"pending","footnotes":"","_jetpack_memberships_contains_paid_content":false},"categories":[113,109,127],"tags":[2986,128,2586],"yoast_head":"<!-- This site is optimized with the Yoast SEO plugin v22.3 - https:\/\/yoast.com\/wordpress\/plugins\/seo\/ -->\n<title>V\u00eddeo mostra pacientes em meio a entulho e deitados no ch\u00e3o no Hospital Regional de Picos - Portal NPM<\/title>\n<meta name=\"robots\" content=\"index, follow, max-snippet:-1, max-image-preview:large, max-video-preview:-1\" \/>\n<link rel=\"canonical\" href=\"https:\/\/portalnpm.com\/index.php\/2019\/12\/25\/video-mostra-pacientes-em-meio-a-entulho-e-deitados-no-chao-no-hospital-regional-de-picos\/\" \/>\n<meta property=\"og:locale\" content=\"pt_BR\" \/>\n<meta property=\"og:type\" content=\"article\" \/>\n<meta property=\"og:title\" content=\"V\u00eddeo mostra pacientes em meio a entulho e deitados no ch\u00e3o no Hospital Regional de Picos - Portal NPM\" \/>\n<meta property=\"og:description\" content=\"Nas imagens \u00e9 poss\u00edvel ver pessoas que precisam de atendimento m\u00e9dico deitadas em meio ao entulho na \u00e1rea externa da unidade de sa\u00fade. V\u00eddeos que circulam nas redes sociais mostram o descaso com pacientes no Hospital Regional Justino Luz, em Picos. Nas imagens \u00e9 poss\u00edvel ver pessoas que precisam de atendimento m\u00e9dico deitadas em meio &hellip;\" \/>\n<meta property=\"og:url\" content=\"https:\/\/portalnpm.com\/index.php\/2019\/12\/25\/video-mostra-pacientes-em-meio-a-entulho-e-deitados-no-chao-no-hospital-regional-de-picos\/\" \/>\n<meta property=\"og:site_name\" content=\"Portal NPM\" \/>\n<meta property=\"article:published_time\" content=\"2019-12-25T13:31:14+00:00\" \/>\n<meta name=\"author\" content=\"Reda\u00e7\u00e3o\" \/>\n<meta name=\"twitter:card\" content=\"summary_large_image\" \/>\n<meta name=\"twitter:label1\" content=\"Escrito por\" \/>\n\t<meta name=\"twitter:data1\" content=\"Reda\u00e7\u00e3o\" \/>\n\t<meta name=\"twitter:label2\" content=\"Est. tempo de leitura\" \/>\n\t<meta name=\"twitter:data2\" content=\"2 minutos\" \/>\n<script type=\"application\/ld+json\" class=\"yoast-schema-graph\">{\"@context\":\"https:\/\/schema.org\",\"@graph\":[{\"@type\":\"WebPage\",\"@id\":\"https:\/\/portalnpm.com\/index.php\/2019\/12\/25\/video-mostra-pacientes-em-meio-a-entulho-e-deitados-no-chao-no-hospital-regional-de-picos\/\",\"url\":\"https:\/\/portalnpm.com\/index.php\/2019\/12\/25\/video-mostra-pacientes-em-meio-a-entulho-e-deitados-no-chao-no-hospital-regional-de-picos\/\",\"name\":\"V\u00eddeo mostra pacientes em meio a entulho e deitados no ch\u00e3o no Hospital Regional de Picos - Portal NPM\",\"isPartOf\":{\"@id\":\"https:\/\/portalnpm.com\/#website\"},\"primaryImageOfPage\":{\"@id\":\"https:\/\/portalnpm.com\/index.php\/2019\/12\/25\/video-mostra-pacientes-em-meio-a-entulho-e-deitados-no-chao-no-hospital-regional-de-picos\/#primaryimage\"},\"image\":{\"@id\":\"https:\/\/portalnpm.com\/index.php\/2019\/12\/25\/video-mostra-pacientes-em-meio-a-entulho-e-deitados-no-chao-no-hospital-regional-de-picos\/#primaryimage\"},\"thumbnailUrl\":\"\",\"datePublished\":\"2019-12-25T13:31:14+00:00\",\"dateModified\":\"2019-12-25T13:31:14+00:00\",\"author\":{\"@id\":\"https:\/\/portalnpm.com\/#\/schema\/person\/0b5f230ec96cee25504fa328e7f2b733\"},\"breadcrumb\":{\"@id\":\"https:\/\/portalnpm.com\/index.php\/2019\/12\/25\/video-mostra-pacientes-em-meio-a-entulho-e-deitados-no-chao-no-hospital-regional-de-picos\/#breadcrumb\"},\"inLanguage\":\"pt-BR\",\"potentialAction\":[{\"@type\":\"ReadAction\",\"target\":[\"https:\/\/portalnpm.com\/index.php\/2019\/12\/25\/video-mostra-pacientes-em-meio-a-entulho-e-deitados-no-chao-no-hospital-regional-de-picos\/\"]}]},{\"@type\":\"ImageObject\",\"inLanguage\":\"pt-BR\",\"@id\":\"https:\/\/portalnpm.com\/index.php\/2019\/12\/25\/video-mostra-pacientes-em-meio-a-entulho-e-deitados-no-chao-no-hospital-regional-de-picos\/#primaryimage\",\"url\":\"\",\"contentUrl\":\"\"},{\"@type\":\"BreadcrumbList\",\"@id\":\"https:\/\/portalnpm.com\/index.php\/2019\/12\/25\/video-mostra-pacientes-em-meio-a-entulho-e-deitados-no-chao-no-hospital-regional-de-picos\/#breadcrumb\",\"itemListElement\":[{\"@type\":\"ListItem\",\"position\":1,\"name\":\"In\u00edcio\",\"item\":\"https:\/\/portalnpm.com\/\"},{\"@type\":\"ListItem\",\"position\":2,\"name\":\"V\u00eddeo mostra pacientes em meio a entulho e deitados no ch\u00e3o no Hospital Regional de Picos\"}]},{\"@type\":\"WebSite\",\"@id\":\"https:\/\/portalnpm.com\/#website\",\"url\":\"https:\/\/portalnpm.com\/\",\"name\":\"Portal NPM\",\"description\":\"Not\u00edcias em Primeira M\u00e3o\",\"potentialAction\":[{\"@type\":\"SearchAction\",\"target\":{\"@type\":\"EntryPoint\",\"urlTemplate\":\"https:\/\/portalnpm.com\/?s={search_term_string}\"},\"query-input\":\"required name=search_term_string\"}],\"inLanguage\":\"pt-BR\"},{\"@type\":\"Person\",\"@id\":\"https:\/\/portalnpm.com\/#\/schema\/person\/0b5f230ec96cee25504fa328e7f2b733\",\"name\":\"Reda\u00e7\u00e3o\",\"image\":{\"@type\":\"ImageObject\",\"inLanguage\":\"pt-BR\",\"@id\":\"https:\/\/portalnpm.com\/#\/schema\/person\/image\/\",\"url\":\"https:\/\/portalnpm.com\/wp-content\/uploads\/2024\/03\/avatar_user_4_1710097212-96x96.png\",\"contentUrl\":\"https:\/\/portalnpm.com\/wp-content\/uploads\/2024\/03\/avatar_user_4_1710097212-96x96.png\",\"caption\":\"Reda\u00e7\u00e3o\"},\"url\":\"https:\/\/portalnpm.com\/index.php\/author\/redacao\/\"}]}<\/script>\n<!-- \/ Yoast SEO plugin. -->","yoast_head_json":{"title":"V\u00eddeo mostra pacientes em meio a entulho e deitados no ch\u00e3o no Hospital Regional de Picos - Portal NPM","robots":{"index":"index","follow":"follow","max-snippet":"max-snippet:-1","max-image-preview":"max-image-preview:large","max-video-preview":"max-video-preview:-1"},"canonical":"https:\/\/portalnpm.com\/index.php\/2019\/12\/25\/video-mostra-pacientes-em-meio-a-entulho-e-deitados-no-chao-no-hospital-regional-de-picos\/","og_locale":"pt_BR","og_type":"article","og_title":"V\u00eddeo mostra pacientes em meio a entulho e deitados no ch\u00e3o no Hospital Regional de Picos - Portal NPM","og_description":"Nas imagens \u00e9 poss\u00edvel ver pessoas que precisam de atendimento m\u00e9dico deitadas em meio ao entulho na \u00e1rea externa da unidade de sa\u00fade. V\u00eddeos que circulam nas redes sociais mostram o descaso com pacientes no Hospital Regional Justino Luz, em Picos. Nas imagens \u00e9 poss\u00edvel ver pessoas que precisam de atendimento m\u00e9dico deitadas em meio &hellip;","og_url":"https:\/\/portalnpm.com\/index.php\/2019\/12\/25\/video-mostra-pacientes-em-meio-a-entulho-e-deitados-no-chao-no-hospital-regional-de-picos\/","og_site_name":"Portal NPM","article_published_time":"2019-12-25T13:31:14+00:00","author":"Reda\u00e7\u00e3o","twitter_card":"summary_large_image","twitter_misc":{"Escrito por":"Reda\u00e7\u00e3o","Est. tempo de leitura":"2 minutos"},"schema":{"@context":"https:\/\/schema.org","@graph":[{"@type":"WebPage","@id":"https:\/\/portalnpm.com\/index.php\/2019\/12\/25\/video-mostra-pacientes-em-meio-a-entulho-e-deitados-no-chao-no-hospital-regional-de-picos\/","url":"https:\/\/portalnpm.com\/index.php\/2019\/12\/25\/video-mostra-pacientes-em-meio-a-entulho-e-deitados-no-chao-no-hospital-regional-de-picos\/","name":"V\u00eddeo mostra pacientes em meio a entulho e deitados no ch\u00e3o no Hospital Regional de Picos - Portal NPM","isPartOf":{"@id":"https:\/\/portalnpm.com\/#website"},"primaryImageOfPage":{"@id":"https:\/\/portalnpm.com\/index.php\/2019\/12\/25\/video-mostra-pacientes-em-meio-a-entulho-e-deitados-no-chao-no-hospital-regional-de-picos\/#primaryimage"},"image":{"@id":"https:\/\/portalnpm.com\/index.php\/2019\/12\/25\/video-mostra-pacientes-em-meio-a-entulho-e-deitados-no-chao-no-hospital-regional-de-picos\/#primaryimage"},"thumbnailUrl":"","datePublished":"2019-12-25T13:31:14+00:00","dateModified":"2019-12-25T13:31:14+00:00","author":{"@id":"https:\/\/portalnpm.com\/#\/schema\/person\/0b5f230ec96cee25504fa328e7f2b733"},"breadcrumb":{"@id":"https:\/\/portalnpm.com\/index.php\/2019\/12\/25\/video-mostra-pacientes-em-meio-a-entulho-e-deitados-no-chao-no-hospital-regional-de-picos\/#breadcrumb"},"inLanguage":"pt-BR","potentialAction":[{"@type":"ReadAction","target":["https:\/\/portalnpm.com\/index.php\/2019\/12\/25\/video-mostra-pacientes-em-meio-a-entulho-e-deitados-no-chao-no-hospital-regional-de-picos\/"]}]},{"@type":"ImageObject","inLanguage":"pt-BR","@id":"https:\/\/portalnpm.com\/index.php\/2019\/12\/25\/video-mostra-pacientes-em-meio-a-entulho-e-deitados-no-chao-no-hospital-regional-de-picos\/#primaryimage","url":"","contentUrl":""},{"@type":"BreadcrumbList","@id":"https:\/\/portalnpm.com\/index.php\/2019\/12\/25\/video-mostra-pacientes-em-meio-a-entulho-e-deitados-no-chao-no-hospital-regional-de-picos\/#breadcrumb","itemListElement":[{"@type":"ListItem","position":1,"name":"In\u00edcio","item":"https:\/\/portalnpm.com\/"},{"@type":"ListItem","position":2,"name":"V\u00eddeo mostra pacientes em meio a entulho e deitados no ch\u00e3o no Hospital Regional de Picos"}]},{"@type":"WebSite","@id":"https:\/\/portalnpm.com\/#website","url":"https:\/\/portalnpm.com\/","name":"Portal NPM","description":"Not\u00edcias em Primeira M\u00e3o","potentialAction":[{"@type":"SearchAction","target":{"@type":"EntryPoint","urlTemplate":"https:\/\/portalnpm.com\/?s={search_term_string}"},"query-input":"required name=search_term_string"}],"inLanguage":"pt-BR"},{"@type":"Person","@id":"https:\/\/portalnpm.com\/#\/schema\/person\/0b5f230ec96cee25504fa328e7f2b733","name":"Reda\u00e7\u00e3o","image":{"@type":"ImageObject","inLanguage":"pt-BR","@id":"https:\/\/portalnpm.com\/#\/schema\/person\/image\/","url":"https:\/\/portalnpm.com\/wp-content\/uploads\/2024\/03\/avatar_user_4_1710097212-96x96.png","contentUrl":"https:\/\/portalnpm.com\/wp-content\/uploads\/2024\/03\/avatar_user_4_1710097212-96x96.png","caption":"Reda\u00e7\u00e3o"},"url":"https:\/\/portalnpm.com\/index.php\/author\/redacao\/"}]}},"jetpack_sharing_enabled":true,"jetpack_featured_media_url":"","_links":{"self":[{"href":"https:\/\/portalnpm.com\/index.php\/wp-json\/wp\/v2\/posts\/15510"}],"collection":[{"href":"https:\/\/portalnpm.com\/index.php\/wp-json\/wp\/v2\/posts"}],"about":[{"href":"https:\/\/portalnpm.com\/index.php\/wp-json\/wp\/v2\/types\/post"}],"author":[{"embeddable":true,"href":"https:\/\/portalnpm.com\/index.php\/wp-json\/wp\/v2\/users\/4"}],"replies":[{"embeddable":true,"href":"https:\/\/portalnpm.com\/index.php\/wp-json\/wp\/v2\/comments?post=15510"}],"version-history":[{"count":0,"href":"https:\/\/portalnpm.com\/index.php\/wp-json\/wp\/v2\/posts\/15510\/revisions"}],"wp:featuredmedia":[{"embeddable":true,"href":"https:\/\/portalnpm.com\/index.php\/wp-json\/"}],"wp:attachment":[{"href":"https:\/\/portalnpm.com\/index.php\/wp-json\/wp\/v2\/media?parent=15510"}],"wp:term":[{"taxonomy":"category","embeddable":true,"href":"https:\/\/portalnpm.com\/index.php\/wp-json\/wp\/v2\/categories?post=15510"},{"taxonomy":"post_tag","embeddable":true,"href":"https:\/\/portalnpm.com\/index.php\/wp-json\/wp\/v2\/tags?post=15510"}],"curies":[{"name":"wp","href":"https:\/\/api.w.org\/{rel}","templated":true}]}}