{"id":15597,"date":"2019-12-25T19:28:50","date_gmt":"2019-12-25T22:28:50","guid":{"rendered":"http:\/\/srv.portalnpm.com.br\/?p=15597"},"modified":"2019-12-25T19:28:50","modified_gmt":"2019-12-25T22:28:50","slug":"deputado-fernando-monteiro-tem-falencia-dos-orgaos-e-situacao-e-irreversivel","status":"publish","type":"post","link":"https:\/\/portalnpm.com\/index.php\/2019\/12\/25\/deputado-fernando-monteiro-tem-falencia-dos-orgaos-e-situacao-e-irreversivel\/","title":{"rendered":"Deputado Fernando Monteiro tem fal\u00eancia dos \u00f3rg\u00e3os e situa\u00e7\u00e3o \u00e9 irrevers\u00edvel"},"content":{"rendered":"<p style=\"text-align: justify;\">O deputado estadual Fernando Monteiro, presidente regional do PRTB, teve fal\u00eancia dos \u00f3rg\u00e3os, mas sua morte n\u00e3o foi declarada pelos m\u00e9dicos porque quando est\u00e1 funcionando cora\u00e7\u00e3o e c\u00e9rebro n\u00e3o pode ser decretada a morte, explicou o presidente da Assembleia Legislativa (Alepi), Them\u00edstocles Filho.<\/p>\n<p style=\"text-align: justify;\">\n<p style=\"text-align: justify;\">Them\u00edstocles Filho foi informado pela mulher de Fernando Monteiro, Fabr\u00edcia Monteiro, que a situa\u00e7\u00e3o de sa\u00fade de Fernando Monteiro \u00e9 grav\u00edssima e houve fal\u00eancia dos \u00f3rg\u00e3os.<\/p>\n<p style=\"text-align: justify;\">Them\u00edstocles Filho afirmou que a mulher de Fernando Monteiro, Fabr\u00edcia Monteiro, e os dois filhos do \u00a0casal est\u00e3o em Bras\u00edlia esperando embarque em voo para S\u00e3o Paulo, o que deve ocorrer em 40 minutos.<\/p>\n<p style=\"text-align: justify;\">Fernando Monteiro est\u00e1 h\u00e1 tr\u00eas meses internado no Hospital S\u00edrio-Liban\u00eas, em S\u00e3o Paulo, esperando condi\u00e7\u00f5es de sa\u00fade para ser submetido a um transplante de f\u00edgado.<\/p>\n<p style=\"text-align: justify;\">Ele tinha c\u00e2ncer.<\/p>\n<p style=\"text-align: justify;\">Em mar\u00e7o, \u00a0Fernando Monteiro foi internado no Hospital S\u00edrio-Liban\u00eas para a retirada de um tumor, mmas n\u00e3o foi necess\u00e1ria a realiza\u00e7\u00e3o da cirurgia.<\/p>\n<p style=\"text-align: justify;\">Ele estava fazendo fazendo o tratamento de c\u00e2ncer no f\u00edgado h\u00e1 cinco anos.<\/p>\n<p style=\"text-align: justify;\"><em>Fernando Monteiro tomou, dado pelos m\u00e9dicos, um medicamento muito forte e inovador na medicina que permiter\u00e1 que fique vivo e com os olhos abertos at\u00e9 um determinado tempo, que seria suficiente para ver os filhos em seus \u00faltimos momentos.<\/em><\/p>\n<p style=\"text-align: justify;\"><em>Os m\u00e9dicos mant\u00e9m funcionando os aparelhos ligados ao corpo de Fernando Monteiro, garantindo a sua vida.<\/em><\/p>\n<p style=\"text-align: justify;\"><em>A fam\u00edlia acertou que o vel\u00f3rio ser\u00e1 realizado nesta sexta-feira (27) no Sal\u00e3o Francisca Trindade da Assembleia Legislativa e a Assessoria de Imprensa do parlamentar ir\u00e1 divulgar uma nota nesta quinta-feira (26) confirmando \u00a0a morte de Fernando Monteiro.<\/em><\/p>\n<p style=\"text-align: justify;\">Filho de Alberto de Moura Monteiro e Maria Laura de Brito Monteiro, Fernardo Alberto de Brito\u00a0 Monteiro era \u00a0formado em Economia e professor da Universidade Federal do Piau\u00ed, foi consultor do Centro de Apoio \u00e0 Pequena e M\u00e9dia Empresa do Estado do Piau\u00ed (CEAG) e implementou o Programa de Apoio \u00e0s Microempresas.<\/p>\n<p style=\"text-align: justify;\">Eleito vereador de Teresina pelo PDS em 1982, foi o fundador e presidente da Associa\u00e7\u00e3o de Vereadores do Estado do Piau\u00ed (AVEPI) entre 1983\/1985. Filiado ao PFL foi eleito deputado estadual em 1986, 1990, 1994, 1998, 2002 e 2006 e por duas vezes candidato a vice-prefeito da capital piauiense: em 1988 com \u00c1tila Lira e 2000 com Ciro Nogueira, n\u00e3o obtendo vit\u00f3ria.<\/p>\n<p style=\"text-align: justify;\">Foi secret\u00e1rio de Defesa Civil no segundo governo Hugo Napole\u00e3o e no segundo governo de \u00a0Wellington Dias. Ap\u00f3s migrar para o PTB obteve novos mandatos de deputado estadual em 2010, 2014 e foi reeleito via PRTB em 2018.<\/p>\n<p style=\"text-align: justify;\">Era presidente da escola de samba Ziriguidum e, por causa de sua atua\u00e7\u00e3o, conseguiu v\u00e1rias vezes o t\u00edtulo de Campe\u00e3 do Carnaval de Teresina.<\/p>\n<p><strong>Fonte: Meio Norte<\/strong><\/p>\n","protected":false},"excerpt":{"rendered":"<p>O deputado estadual Fernando Monteiro, presidente regional do PRTB, teve fal\u00eancia dos \u00f3rg\u00e3os, mas sua morte n\u00e3o foi declarada pelos m\u00e9dicos porque quando est\u00e1 funcionando cora\u00e7\u00e3o e c\u00e9rebro n\u00e3o pode ser decretada a morte, explicou o presidente da Assembleia Legislativa (Alepi), Them\u00edstocles Filho. Them\u00edstocles Filho foi informado pela mulher de Fernando Monteiro, Fabr\u00edcia Monteiro, que &hellip;<\/p>\n","protected":false},"author":4,"featured_media":15598,"comment_status":"open","ping_status":"open","sticky":false,"template":"","format":"standard","meta":{"content-type":"","rop_custom_images_group":[],"rop_custom_messages_group":[],"rop_publish_now":"initial","rop_publish_now_accounts":{"facebook_2648258775420054_1618374048415101":""},"rop_publish_now_history":[],"rop_publish_now_status":"pending","footnotes":"","_jetpack_memberships_contains_paid_content":false},"categories":[125,130],"tags":[583,3645,3646],"yoast_head":"<!-- This site is optimized with the Yoast SEO plugin v22.3 - https:\/\/yoast.com\/wordpress\/plugins\/seo\/ -->\n<title>Deputado Fernando Monteiro tem fal\u00eancia dos \u00f3rg\u00e3os e situa\u00e7\u00e3o \u00e9 irrevers\u00edvel - Portal NPM<\/title>\n<meta name=\"robots\" content=\"index, follow, max-snippet:-1, max-image-preview:large, max-video-preview:-1\" \/>\n<link rel=\"canonical\" href=\"https:\/\/portalnpm.com\/index.php\/2019\/12\/25\/deputado-fernando-monteiro-tem-falencia-dos-orgaos-e-situacao-e-irreversivel\/\" \/>\n<meta property=\"og:locale\" content=\"pt_BR\" \/>\n<meta property=\"og:type\" content=\"article\" \/>\n<meta property=\"og:title\" content=\"Deputado Fernando Monteiro tem fal\u00eancia dos \u00f3rg\u00e3os e situa\u00e7\u00e3o \u00e9 irrevers\u00edvel - Portal NPM\" \/>\n<meta property=\"og:description\" content=\"O deputado estadual Fernando Monteiro, presidente regional do PRTB, teve fal\u00eancia dos \u00f3rg\u00e3os, mas sua morte n\u00e3o foi declarada pelos m\u00e9dicos porque quando est\u00e1 funcionando cora\u00e7\u00e3o e c\u00e9rebro n\u00e3o pode ser decretada a morte, explicou o presidente da Assembleia Legislativa (Alepi), Them\u00edstocles Filho. Them\u00edstocles Filho foi informado pela mulher de Fernando Monteiro, Fabr\u00edcia Monteiro, que &hellip;\" \/>\n<meta property=\"og:url\" content=\"https:\/\/portalnpm.com\/index.php\/2019\/12\/25\/deputado-fernando-monteiro-tem-falencia-dos-orgaos-e-situacao-e-irreversivel\/\" \/>\n<meta property=\"og:site_name\" content=\"Portal NPM\" \/>\n<meta property=\"article:published_time\" content=\"2019-12-25T22:28:50+00:00\" \/>\n<meta name=\"author\" content=\"Reda\u00e7\u00e3o\" \/>\n<meta name=\"twitter:card\" content=\"summary_large_image\" \/>\n<meta name=\"twitter:label1\" content=\"Escrito por\" \/>\n\t<meta name=\"twitter:data1\" content=\"Reda\u00e7\u00e3o\" \/>\n\t<meta name=\"twitter:label2\" content=\"Est. tempo de leitura\" \/>\n\t<meta name=\"twitter:data2\" content=\"2 minutos\" \/>\n<script type=\"application\/ld+json\" class=\"yoast-schema-graph\">{\"@context\":\"https:\/\/schema.org\",\"@graph\":[{\"@type\":\"WebPage\",\"@id\":\"https:\/\/portalnpm.com\/index.php\/2019\/12\/25\/deputado-fernando-monteiro-tem-falencia-dos-orgaos-e-situacao-e-irreversivel\/\",\"url\":\"https:\/\/portalnpm.com\/index.php\/2019\/12\/25\/deputado-fernando-monteiro-tem-falencia-dos-orgaos-e-situacao-e-irreversivel\/\",\"name\":\"Deputado Fernando Monteiro tem fal\u00eancia dos \u00f3rg\u00e3os e situa\u00e7\u00e3o \u00e9 irrevers\u00edvel - Portal NPM\",\"isPartOf\":{\"@id\":\"https:\/\/portalnpm.com\/#website\"},\"primaryImageOfPage\":{\"@id\":\"https:\/\/portalnpm.com\/index.php\/2019\/12\/25\/deputado-fernando-monteiro-tem-falencia-dos-orgaos-e-situacao-e-irreversivel\/#primaryimage\"},\"image\":{\"@id\":\"https:\/\/portalnpm.com\/index.php\/2019\/12\/25\/deputado-fernando-monteiro-tem-falencia-dos-orgaos-e-situacao-e-irreversivel\/#primaryimage\"},\"thumbnailUrl\":\"\",\"datePublished\":\"2019-12-25T22:28:50+00:00\",\"dateModified\":\"2019-12-25T22:28:50+00:00\",\"author\":{\"@id\":\"https:\/\/portalnpm.com\/#\/schema\/person\/0b5f230ec96cee25504fa328e7f2b733\"},\"breadcrumb\":{\"@id\":\"https:\/\/portalnpm.com\/index.php\/2019\/12\/25\/deputado-fernando-monteiro-tem-falencia-dos-orgaos-e-situacao-e-irreversivel\/#breadcrumb\"},\"inLanguage\":\"pt-BR\",\"potentialAction\":[{\"@type\":\"ReadAction\",\"target\":[\"https:\/\/portalnpm.com\/index.php\/2019\/12\/25\/deputado-fernando-monteiro-tem-falencia-dos-orgaos-e-situacao-e-irreversivel\/\"]}]},{\"@type\":\"ImageObject\",\"inLanguage\":\"pt-BR\",\"@id\":\"https:\/\/portalnpm.com\/index.php\/2019\/12\/25\/deputado-fernando-monteiro-tem-falencia-dos-orgaos-e-situacao-e-irreversivel\/#primaryimage\",\"url\":\"\",\"contentUrl\":\"\"},{\"@type\":\"BreadcrumbList\",\"@id\":\"https:\/\/portalnpm.com\/index.php\/2019\/12\/25\/deputado-fernando-monteiro-tem-falencia-dos-orgaos-e-situacao-e-irreversivel\/#breadcrumb\",\"itemListElement\":[{\"@type\":\"ListItem\",\"position\":1,\"name\":\"In\u00edcio\",\"item\":\"https:\/\/portalnpm.com\/\"},{\"@type\":\"ListItem\",\"position\":2,\"name\":\"Deputado Fernando Monteiro tem fal\u00eancia dos \u00f3rg\u00e3os e situa\u00e7\u00e3o \u00e9 irrevers\u00edvel\"}]},{\"@type\":\"WebSite\",\"@id\":\"https:\/\/portalnpm.com\/#website\",\"url\":\"https:\/\/portalnpm.com\/\",\"name\":\"Portal NPM\",\"description\":\"Not\u00edcias em Primeira M\u00e3o\",\"potentialAction\":[{\"@type\":\"SearchAction\",\"target\":{\"@type\":\"EntryPoint\",\"urlTemplate\":\"https:\/\/portalnpm.com\/?s={search_term_string}\"},\"query-input\":\"required name=search_term_string\"}],\"inLanguage\":\"pt-BR\"},{\"@type\":\"Person\",\"@id\":\"https:\/\/portalnpm.com\/#\/schema\/person\/0b5f230ec96cee25504fa328e7f2b733\",\"name\":\"Reda\u00e7\u00e3o\",\"image\":{\"@type\":\"ImageObject\",\"inLanguage\":\"pt-BR\",\"@id\":\"https:\/\/portalnpm.com\/#\/schema\/person\/image\/\",\"url\":\"https:\/\/portalnpm.com\/wp-content\/uploads\/2024\/03\/avatar_user_4_1710097212-96x96.png\",\"contentUrl\":\"https:\/\/portalnpm.com\/wp-content\/uploads\/2024\/03\/avatar_user_4_1710097212-96x96.png\",\"caption\":\"Reda\u00e7\u00e3o\"},\"url\":\"https:\/\/portalnpm.com\/index.php\/author\/redacao\/\"}]}<\/script>\n<!-- \/ Yoast SEO plugin. -->","yoast_head_json":{"title":"Deputado Fernando Monteiro tem fal\u00eancia dos \u00f3rg\u00e3os e situa\u00e7\u00e3o \u00e9 irrevers\u00edvel - Portal NPM","robots":{"index":"index","follow":"follow","max-snippet":"max-snippet:-1","max-image-preview":"max-image-preview:large","max-video-preview":"max-video-preview:-1"},"canonical":"https:\/\/portalnpm.com\/index.php\/2019\/12\/25\/deputado-fernando-monteiro-tem-falencia-dos-orgaos-e-situacao-e-irreversivel\/","og_locale":"pt_BR","og_type":"article","og_title":"Deputado Fernando Monteiro tem fal\u00eancia dos \u00f3rg\u00e3os e situa\u00e7\u00e3o \u00e9 irrevers\u00edvel - Portal NPM","og_description":"O deputado estadual Fernando Monteiro, presidente regional do PRTB, teve fal\u00eancia dos \u00f3rg\u00e3os, mas sua morte n\u00e3o foi declarada pelos m\u00e9dicos porque quando est\u00e1 funcionando cora\u00e7\u00e3o e c\u00e9rebro n\u00e3o pode ser decretada a morte, explicou o presidente da Assembleia Legislativa (Alepi), Them\u00edstocles Filho. Them\u00edstocles Filho foi informado pela mulher de Fernando Monteiro, Fabr\u00edcia Monteiro, que &hellip;","og_url":"https:\/\/portalnpm.com\/index.php\/2019\/12\/25\/deputado-fernando-monteiro-tem-falencia-dos-orgaos-e-situacao-e-irreversivel\/","og_site_name":"Portal NPM","article_published_time":"2019-12-25T22:28:50+00:00","author":"Reda\u00e7\u00e3o","twitter_card":"summary_large_image","twitter_misc":{"Escrito por":"Reda\u00e7\u00e3o","Est. tempo de leitura":"2 minutos"},"schema":{"@context":"https:\/\/schema.org","@graph":[{"@type":"WebPage","@id":"https:\/\/portalnpm.com\/index.php\/2019\/12\/25\/deputado-fernando-monteiro-tem-falencia-dos-orgaos-e-situacao-e-irreversivel\/","url":"https:\/\/portalnpm.com\/index.php\/2019\/12\/25\/deputado-fernando-monteiro-tem-falencia-dos-orgaos-e-situacao-e-irreversivel\/","name":"Deputado Fernando Monteiro tem fal\u00eancia dos \u00f3rg\u00e3os e situa\u00e7\u00e3o \u00e9 irrevers\u00edvel - Portal NPM","isPartOf":{"@id":"https:\/\/portalnpm.com\/#website"},"primaryImageOfPage":{"@id":"https:\/\/portalnpm.com\/index.php\/2019\/12\/25\/deputado-fernando-monteiro-tem-falencia-dos-orgaos-e-situacao-e-irreversivel\/#primaryimage"},"image":{"@id":"https:\/\/portalnpm.com\/index.php\/2019\/12\/25\/deputado-fernando-monteiro-tem-falencia-dos-orgaos-e-situacao-e-irreversivel\/#primaryimage"},"thumbnailUrl":"","datePublished":"2019-12-25T22:28:50+00:00","dateModified":"2019-12-25T22:28:50+00:00","author":{"@id":"https:\/\/portalnpm.com\/#\/schema\/person\/0b5f230ec96cee25504fa328e7f2b733"},"breadcrumb":{"@id":"https:\/\/portalnpm.com\/index.php\/2019\/12\/25\/deputado-fernando-monteiro-tem-falencia-dos-orgaos-e-situacao-e-irreversivel\/#breadcrumb"},"inLanguage":"pt-BR","potentialAction":[{"@type":"ReadAction","target":["https:\/\/portalnpm.com\/index.php\/2019\/12\/25\/deputado-fernando-monteiro-tem-falencia-dos-orgaos-e-situacao-e-irreversivel\/"]}]},{"@type":"ImageObject","inLanguage":"pt-BR","@id":"https:\/\/portalnpm.com\/index.php\/2019\/12\/25\/deputado-fernando-monteiro-tem-falencia-dos-orgaos-e-situacao-e-irreversivel\/#primaryimage","url":"","contentUrl":""},{"@type":"BreadcrumbList","@id":"https:\/\/portalnpm.com\/index.php\/2019\/12\/25\/deputado-fernando-monteiro-tem-falencia-dos-orgaos-e-situacao-e-irreversivel\/#breadcrumb","itemListElement":[{"@type":"ListItem","position":1,"name":"In\u00edcio","item":"https:\/\/portalnpm.com\/"},{"@type":"ListItem","position":2,"name":"Deputado Fernando Monteiro tem fal\u00eancia dos \u00f3rg\u00e3os e situa\u00e7\u00e3o \u00e9 irrevers\u00edvel"}]},{"@type":"WebSite","@id":"https:\/\/portalnpm.com\/#website","url":"https:\/\/portalnpm.com\/","name":"Portal NPM","description":"Not\u00edcias em Primeira M\u00e3o","potentialAction":[{"@type":"SearchAction","target":{"@type":"EntryPoint","urlTemplate":"https:\/\/portalnpm.com\/?s={search_term_string}"},"query-input":"required name=search_term_string"}],"inLanguage":"pt-BR"},{"@type":"Person","@id":"https:\/\/portalnpm.com\/#\/schema\/person\/0b5f230ec96cee25504fa328e7f2b733","name":"Reda\u00e7\u00e3o","image":{"@type":"ImageObject","inLanguage":"pt-BR","@id":"https:\/\/portalnpm.com\/#\/schema\/person\/image\/","url":"https:\/\/portalnpm.com\/wp-content\/uploads\/2024\/03\/avatar_user_4_1710097212-96x96.png","contentUrl":"https:\/\/portalnpm.com\/wp-content\/uploads\/2024\/03\/avatar_user_4_1710097212-96x96.png","caption":"Reda\u00e7\u00e3o"},"url":"https:\/\/portalnpm.com\/index.php\/author\/redacao\/"}]}},"jetpack_sharing_enabled":true,"jetpack_featured_media_url":"","_links":{"self":[{"href":"https:\/\/portalnpm.com\/index.php\/wp-json\/wp\/v2\/posts\/15597"}],"collection":[{"href":"https:\/\/portalnpm.com\/index.php\/wp-json\/wp\/v2\/posts"}],"about":[{"href":"https:\/\/portalnpm.com\/index.php\/wp-json\/wp\/v2\/types\/post"}],"author":[{"embeddable":true,"href":"https:\/\/portalnpm.com\/index.php\/wp-json\/wp\/v2\/users\/4"}],"replies":[{"embeddable":true,"href":"https:\/\/portalnpm.com\/index.php\/wp-json\/wp\/v2\/comments?post=15597"}],"version-history":[{"count":0,"href":"https:\/\/portalnpm.com\/index.php\/wp-json\/wp\/v2\/posts\/15597\/revisions"}],"wp:featuredmedia":[{"embeddable":true,"href":"https:\/\/portalnpm.com\/index.php\/wp-json\/"}],"wp:attachment":[{"href":"https:\/\/portalnpm.com\/index.php\/wp-json\/wp\/v2\/media?parent=15597"}],"wp:term":[{"taxonomy":"category","embeddable":true,"href":"https:\/\/portalnpm.com\/index.php\/wp-json\/wp\/v2\/categories?post=15597"},{"taxonomy":"post_tag","embeddable":true,"href":"https:\/\/portalnpm.com\/index.php\/wp-json\/wp\/v2\/tags?post=15597"}],"curies":[{"name":"wp","href":"https:\/\/api.w.org\/{rel}","templated":true}]}}