{"id":16065,"date":"2019-12-28T13:08:40","date_gmt":"2019-12-28T16:08:40","guid":{"rendered":"http:\/\/srv.portalnpm.com.br\/?p=16065"},"modified":"2019-12-28T13:08:40","modified_gmt":"2019-12-28T16:08:40","slug":"dom-plinio-anuncia-transferencia-de-cinco-padres-da-diocese-de-picos-para-novas-paroquias","status":"publish","type":"post","link":"https:\/\/portalnpm.com\/index.php\/2019\/12\/28\/dom-plinio-anuncia-transferencia-de-cinco-padres-da-diocese-de-picos-para-novas-paroquias\/","title":{"rendered":"Dom Pl\u00ednio anuncia transfer\u00eancia de cinco padres da Diocese de Picos para novas Par\u00f3quias"},"content":{"rendered":"<p style=\"text-align: justify;\">O Bispo Diocesano de Picos, Dom Pl\u00ednio Jos\u00e9, ap\u00f3s se reunir e apresentar as propostas de transfer\u00eancias de alguns padres de determinadas Par\u00f3quias, para o Conselho Presbiteral, anunciou nesta sexta-feira (27), a mudan\u00e7a de cinco padres da Diocese de Picos para novas Par\u00f3quias.<\/p>\n<p style=\"text-align: justify;\">Dom Pl\u00ednio ressalta que a transfer\u00eancia ter\u00e1 que ocorrer com dez padres da Diocese, contudo, neste momento ap\u00f3s a reuni\u00e3o com o Conselho Presbiteral, ficou decidido \u00e0 mudan\u00e7a de cinco sacerdotes, sendo que os outros cinco ser\u00e3o transferidos por volta da metade do pr\u00f3ximo.<\/p>\n<p style=\"text-align: justify;\">\u201cChegamos ao consenso de transferir cinco padres, sendo que quatro j\u00e1 concluem seu tempo at\u00e9 o dia 08 de mar\u00e7o e mais um que acrescentamos para completar os cinco, para viverem uma nova experi\u00eancia\u201d, destacou Dom Pl\u00ednio Jos\u00e9.<\/p>\n<p style=\"text-align: justify;\"><strong>Pe. Francisco Pereira Borges<\/strong><\/p>\n<p style=\"text-align: justify;\">O Padre Francisco Pereira Borges conhecido como Padre Chiquinho que atualmente est\u00e1 \u00e0 frente da Par\u00f3quia de Nossa Senhora dos Rem\u00e9dios em Picos, passar\u00e1 a ser p\u00e1roco da Par\u00f3quia de S\u00e3o Sebasti\u00e3o nos munic\u00edpios de Patos e Jacobina do Piau\u00ed.<\/p>\n<p><img fetchpriority=\"high\" decoding=\"async\" class=\"aligncenter size-full wp-image-16066\" src=\"http:\/\/portalnpm.com\/wp-content\/uploads\/2019\/12\/ad187582-c098-4f3a-a03d-28e097e17ace.jpg\" alt=\"\" width=\"639\" height=\"479\" \/><\/p>\n<p style=\"text-align: justify;\"><strong>Pe. Edivaldo dos Santos Silva<\/strong><\/p>\n<p style=\"text-align: justify;\">O referido sacerdote, que est\u00e1 \u00e0 frente da Par\u00f3quia de S\u00e3o Sebasti\u00e3o, nos munic\u00edpios de Patos e Jacobina, ser\u00e1 transferido para a Par\u00f3quia de S\u00e3o Sim\u00e3o em Sim\u00f5es.<\/p>\n<p><img decoding=\"async\" class=\"aligncenter size-full wp-image-16067\" src=\"http:\/\/portalnpm.com\/wp-content\/uploads\/2019\/12\/DSC_5782-768x591.jpg\" alt=\"\" width=\"768\" height=\"591\" \/><\/p>\n<p style=\"text-align: justify;\"><strong>Pe. Miguel Feitosa Pereira<\/strong><\/p>\n<p style=\"text-align: justify;\">J\u00e1 o Padre Miguel Feitosa que atualmente \u00e9 o p\u00e1roco da Par\u00f3quia de S\u00e3o Sim\u00e3o em Sim\u00f5es, ser\u00e1 transferido para a Par\u00f3quia de Nossa Senhora das Merc\u00eas na cidade de Jaic\u00f3s.<\/p>\n<p><img decoding=\"async\" class=\"aligncenter size-full wp-image-16068\" src=\"http:\/\/portalnpm.com\/wp-content\/uploads\/2019\/12\/11001857_1003598822986941_8489631795029852162_n.jpg\" alt=\"\" width=\"640\" height=\"640\" \/><\/p>\n<p style=\"text-align: justify;\"><strong>Pe. Ant\u00f4nio Mendes Neto<\/strong><\/p>\n<p style=\"text-align: justify;\">O Padre Ant\u00f4nio Mendes Neto que \u00e9 o P\u00e1roco da Par\u00f3quia Nossa Senhora das Merc\u00eas de Jaic\u00f3s, em mar\u00e7o de 2020, passar\u00e1 a ser o p\u00e1roco da Par\u00f3quia de Santa Ana em Monsenhor Hip\u00f3lito.<\/p>\n<p><img loading=\"lazy\" decoding=\"async\" class=\"aligncenter size-full wp-image-16069\" src=\"http:\/\/portalnpm.com\/wp-content\/uploads\/2019\/12\/DSC_0986-1-768x648.jpg\" alt=\"\" width=\"768\" height=\"648\" \/><\/p>\n<p style=\"text-align: justify;\"><strong>Pe. Espedito Antonio de Oliveira<\/strong><\/p>\n<p style=\"text-align: justify;\">J\u00e1 o Padre Espedito que \u00e9 o atual padre do munic\u00edpio de Monsenhor Hip\u00f3lito, passar\u00e1 a ser o p\u00e1roco da Par\u00f3quia de Nossa Senhora dos Rem\u00e9dios de Picos.<\/p>\n<p><img loading=\"lazy\" decoding=\"async\" class=\"aligncenter size-full wp-image-16070\" src=\"http:\/\/portalnpm.com\/wp-content\/uploads\/2019\/12\/PE.-ESPEDITO.jpg\" alt=\"\" width=\"731\" height=\"568\" \/><\/p>\n<p style=\"text-align: justify;\"><strong><em>Por: Isael Pereira \u2013 Assessor de Comunica\u00e7\u00e3o.<\/em><\/strong><\/p>\n","protected":false},"excerpt":{"rendered":"<p>O Bispo Diocesano de Picos, Dom Pl\u00ednio Jos\u00e9, ap\u00f3s se reunir e apresentar as propostas de transfer\u00eancias de alguns padres de determinadas Par\u00f3quias, para o Conselho Presbiteral, anunciou nesta sexta-feira (27), a mudan\u00e7a de cinco padres da Diocese de Picos para novas Par\u00f3quias. Dom Pl\u00ednio ressalta que a transfer\u00eancia ter\u00e1 que ocorrer com dez padres &hellip;<\/p>\n","protected":false},"author":8,"featured_media":16071,"comment_status":"open","ping_status":"open","sticky":false,"template":"","format":"standard","meta":{"content-type":"","rop_custom_images_group":[],"rop_custom_messages_group":[],"rop_publish_now":"initial","rop_publish_now_accounts":{"facebook_2648258775420054_1618374048415101":""},"rop_publish_now_history":[],"rop_publish_now_status":"pending","footnotes":"","_jetpack_memberships_contains_paid_content":false},"categories":[109,127],"tags":[223,3069,3654,3147],"yoast_head":"<!-- This site is optimized with the Yoast SEO plugin v22.3 - https:\/\/yoast.com\/wordpress\/plugins\/seo\/ -->\n<title>Dom Pl\u00ednio anuncia transfer\u00eancia de cinco padres da Diocese de Picos para novas Par\u00f3quias - Portal NPM<\/title>\n<meta name=\"robots\" content=\"index, follow, max-snippet:-1, max-image-preview:large, max-video-preview:-1\" \/>\n<link rel=\"canonical\" href=\"https:\/\/portalnpm.com\/index.php\/2019\/12\/28\/dom-plinio-anuncia-transferencia-de-cinco-padres-da-diocese-de-picos-para-novas-paroquias\/\" \/>\n<meta property=\"og:locale\" content=\"pt_BR\" \/>\n<meta property=\"og:type\" content=\"article\" \/>\n<meta property=\"og:title\" content=\"Dom Pl\u00ednio anuncia transfer\u00eancia de cinco padres da Diocese de Picos para novas Par\u00f3quias - Portal NPM\" \/>\n<meta property=\"og:description\" content=\"O Bispo Diocesano de Picos, Dom Pl\u00ednio Jos\u00e9, ap\u00f3s se reunir e apresentar as propostas de transfer\u00eancias de alguns padres de determinadas Par\u00f3quias, para o Conselho Presbiteral, anunciou nesta sexta-feira (27), a mudan\u00e7a de cinco padres da Diocese de Picos para novas Par\u00f3quias. Dom Pl\u00ednio ressalta que a transfer\u00eancia ter\u00e1 que ocorrer com dez padres &hellip;\" \/>\n<meta property=\"og:url\" content=\"https:\/\/portalnpm.com\/index.php\/2019\/12\/28\/dom-plinio-anuncia-transferencia-de-cinco-padres-da-diocese-de-picos-para-novas-paroquias\/\" \/>\n<meta property=\"og:site_name\" content=\"Portal NPM\" \/>\n<meta property=\"article:published_time\" content=\"2019-12-28T16:08:40+00:00\" \/>\n<meta name=\"author\" content=\"Zenilton Lima\" \/>\n<meta name=\"twitter:card\" content=\"summary_large_image\" \/>\n<meta name=\"twitter:label1\" content=\"Escrito por\" \/>\n\t<meta name=\"twitter:data1\" content=\"Zenilton Lima\" \/>\n\t<meta name=\"twitter:label2\" content=\"Est. tempo de leitura\" \/>\n\t<meta name=\"twitter:data2\" content=\"2 minutos\" \/>\n<script type=\"application\/ld+json\" class=\"yoast-schema-graph\">{\"@context\":\"https:\/\/schema.org\",\"@graph\":[{\"@type\":\"WebPage\",\"@id\":\"https:\/\/portalnpm.com\/index.php\/2019\/12\/28\/dom-plinio-anuncia-transferencia-de-cinco-padres-da-diocese-de-picos-para-novas-paroquias\/\",\"url\":\"https:\/\/portalnpm.com\/index.php\/2019\/12\/28\/dom-plinio-anuncia-transferencia-de-cinco-padres-da-diocese-de-picos-para-novas-paroquias\/\",\"name\":\"Dom Pl\u00ednio anuncia transfer\u00eancia de cinco padres da Diocese de Picos para novas Par\u00f3quias - Portal NPM\",\"isPartOf\":{\"@id\":\"https:\/\/portalnpm.com\/#website\"},\"primaryImageOfPage\":{\"@id\":\"https:\/\/portalnpm.com\/index.php\/2019\/12\/28\/dom-plinio-anuncia-transferencia-de-cinco-padres-da-diocese-de-picos-para-novas-paroquias\/#primaryimage\"},\"image\":{\"@id\":\"https:\/\/portalnpm.com\/index.php\/2019\/12\/28\/dom-plinio-anuncia-transferencia-de-cinco-padres-da-diocese-de-picos-para-novas-paroquias\/#primaryimage\"},\"thumbnailUrl\":\"\",\"datePublished\":\"2019-12-28T16:08:40+00:00\",\"dateModified\":\"2019-12-28T16:08:40+00:00\",\"author\":{\"@id\":\"https:\/\/portalnpm.com\/#\/schema\/person\/35cb55186eae3f074b6783da6d35591e\"},\"breadcrumb\":{\"@id\":\"https:\/\/portalnpm.com\/index.php\/2019\/12\/28\/dom-plinio-anuncia-transferencia-de-cinco-padres-da-diocese-de-picos-para-novas-paroquias\/#breadcrumb\"},\"inLanguage\":\"pt-BR\",\"potentialAction\":[{\"@type\":\"ReadAction\",\"target\":[\"https:\/\/portalnpm.com\/index.php\/2019\/12\/28\/dom-plinio-anuncia-transferencia-de-cinco-padres-da-diocese-de-picos-para-novas-paroquias\/\"]}]},{\"@type\":\"ImageObject\",\"inLanguage\":\"pt-BR\",\"@id\":\"https:\/\/portalnpm.com\/index.php\/2019\/12\/28\/dom-plinio-anuncia-transferencia-de-cinco-padres-da-diocese-de-picos-para-novas-paroquias\/#primaryimage\",\"url\":\"\",\"contentUrl\":\"\"},{\"@type\":\"BreadcrumbList\",\"@id\":\"https:\/\/portalnpm.com\/index.php\/2019\/12\/28\/dom-plinio-anuncia-transferencia-de-cinco-padres-da-diocese-de-picos-para-novas-paroquias\/#breadcrumb\",\"itemListElement\":[{\"@type\":\"ListItem\",\"position\":1,\"name\":\"In\u00edcio\",\"item\":\"https:\/\/portalnpm.com\/\"},{\"@type\":\"ListItem\",\"position\":2,\"name\":\"Dom Pl\u00ednio anuncia transfer\u00eancia de cinco padres da Diocese de Picos para novas Par\u00f3quias\"}]},{\"@type\":\"WebSite\",\"@id\":\"https:\/\/portalnpm.com\/#website\",\"url\":\"https:\/\/portalnpm.com\/\",\"name\":\"Portal NPM\",\"description\":\"Not\u00edcias em Primeira M\u00e3o\",\"potentialAction\":[{\"@type\":\"SearchAction\",\"target\":{\"@type\":\"EntryPoint\",\"urlTemplate\":\"https:\/\/portalnpm.com\/?s={search_term_string}\"},\"query-input\":\"required name=search_term_string\"}],\"inLanguage\":\"pt-BR\"},{\"@type\":\"Person\",\"@id\":\"https:\/\/portalnpm.com\/#\/schema\/person\/35cb55186eae3f074b6783da6d35591e\",\"name\":\"Zenilton Lima\",\"image\":{\"@type\":\"ImageObject\",\"inLanguage\":\"pt-BR\",\"@id\":\"https:\/\/portalnpm.com\/#\/schema\/person\/image\/\",\"url\":\"https:\/\/portalnpm.com\/wp-content\/uploads\/2024\/12\/avatar_user_8_1733658137-96x96.jpeg\",\"contentUrl\":\"https:\/\/portalnpm.com\/wp-content\/uploads\/2024\/12\/avatar_user_8_1733658137-96x96.jpeg\",\"caption\":\"Zenilton Lima\"},\"url\":\"https:\/\/portalnpm.com\/index.php\/author\/zenilton\/\"}]}<\/script>\n<!-- \/ Yoast SEO plugin. -->","yoast_head_json":{"title":"Dom Pl\u00ednio anuncia transfer\u00eancia de cinco padres da Diocese de Picos para novas Par\u00f3quias - Portal NPM","robots":{"index":"index","follow":"follow","max-snippet":"max-snippet:-1","max-image-preview":"max-image-preview:large","max-video-preview":"max-video-preview:-1"},"canonical":"https:\/\/portalnpm.com\/index.php\/2019\/12\/28\/dom-plinio-anuncia-transferencia-de-cinco-padres-da-diocese-de-picos-para-novas-paroquias\/","og_locale":"pt_BR","og_type":"article","og_title":"Dom Pl\u00ednio anuncia transfer\u00eancia de cinco padres da Diocese de Picos para novas Par\u00f3quias - Portal NPM","og_description":"O Bispo Diocesano de Picos, Dom Pl\u00ednio Jos\u00e9, ap\u00f3s se reunir e apresentar as propostas de transfer\u00eancias de alguns padres de determinadas Par\u00f3quias, para o Conselho Presbiteral, anunciou nesta sexta-feira (27), a mudan\u00e7a de cinco padres da Diocese de Picos para novas Par\u00f3quias. Dom Pl\u00ednio ressalta que a transfer\u00eancia ter\u00e1 que ocorrer com dez padres &hellip;","og_url":"https:\/\/portalnpm.com\/index.php\/2019\/12\/28\/dom-plinio-anuncia-transferencia-de-cinco-padres-da-diocese-de-picos-para-novas-paroquias\/","og_site_name":"Portal NPM","article_published_time":"2019-12-28T16:08:40+00:00","author":"Zenilton Lima","twitter_card":"summary_large_image","twitter_misc":{"Escrito por":"Zenilton Lima","Est. tempo de leitura":"2 minutos"},"schema":{"@context":"https:\/\/schema.org","@graph":[{"@type":"WebPage","@id":"https:\/\/portalnpm.com\/index.php\/2019\/12\/28\/dom-plinio-anuncia-transferencia-de-cinco-padres-da-diocese-de-picos-para-novas-paroquias\/","url":"https:\/\/portalnpm.com\/index.php\/2019\/12\/28\/dom-plinio-anuncia-transferencia-de-cinco-padres-da-diocese-de-picos-para-novas-paroquias\/","name":"Dom Pl\u00ednio anuncia transfer\u00eancia de cinco padres da Diocese de Picos para novas Par\u00f3quias - Portal NPM","isPartOf":{"@id":"https:\/\/portalnpm.com\/#website"},"primaryImageOfPage":{"@id":"https:\/\/portalnpm.com\/index.php\/2019\/12\/28\/dom-plinio-anuncia-transferencia-de-cinco-padres-da-diocese-de-picos-para-novas-paroquias\/#primaryimage"},"image":{"@id":"https:\/\/portalnpm.com\/index.php\/2019\/12\/28\/dom-plinio-anuncia-transferencia-de-cinco-padres-da-diocese-de-picos-para-novas-paroquias\/#primaryimage"},"thumbnailUrl":"","datePublished":"2019-12-28T16:08:40+00:00","dateModified":"2019-12-28T16:08:40+00:00","author":{"@id":"https:\/\/portalnpm.com\/#\/schema\/person\/35cb55186eae3f074b6783da6d35591e"},"breadcrumb":{"@id":"https:\/\/portalnpm.com\/index.php\/2019\/12\/28\/dom-plinio-anuncia-transferencia-de-cinco-padres-da-diocese-de-picos-para-novas-paroquias\/#breadcrumb"},"inLanguage":"pt-BR","potentialAction":[{"@type":"ReadAction","target":["https:\/\/portalnpm.com\/index.php\/2019\/12\/28\/dom-plinio-anuncia-transferencia-de-cinco-padres-da-diocese-de-picos-para-novas-paroquias\/"]}]},{"@type":"ImageObject","inLanguage":"pt-BR","@id":"https:\/\/portalnpm.com\/index.php\/2019\/12\/28\/dom-plinio-anuncia-transferencia-de-cinco-padres-da-diocese-de-picos-para-novas-paroquias\/#primaryimage","url":"","contentUrl":""},{"@type":"BreadcrumbList","@id":"https:\/\/portalnpm.com\/index.php\/2019\/12\/28\/dom-plinio-anuncia-transferencia-de-cinco-padres-da-diocese-de-picos-para-novas-paroquias\/#breadcrumb","itemListElement":[{"@type":"ListItem","position":1,"name":"In\u00edcio","item":"https:\/\/portalnpm.com\/"},{"@type":"ListItem","position":2,"name":"Dom Pl\u00ednio anuncia transfer\u00eancia de cinco padres da Diocese de Picos para novas Par\u00f3quias"}]},{"@type":"WebSite","@id":"https:\/\/portalnpm.com\/#website","url":"https:\/\/portalnpm.com\/","name":"Portal NPM","description":"Not\u00edcias em Primeira M\u00e3o","potentialAction":[{"@type":"SearchAction","target":{"@type":"EntryPoint","urlTemplate":"https:\/\/portalnpm.com\/?s={search_term_string}"},"query-input":"required name=search_term_string"}],"inLanguage":"pt-BR"},{"@type":"Person","@id":"https:\/\/portalnpm.com\/#\/schema\/person\/35cb55186eae3f074b6783da6d35591e","name":"Zenilton Lima","image":{"@type":"ImageObject","inLanguage":"pt-BR","@id":"https:\/\/portalnpm.com\/#\/schema\/person\/image\/","url":"https:\/\/portalnpm.com\/wp-content\/uploads\/2024\/12\/avatar_user_8_1733658137-96x96.jpeg","contentUrl":"https:\/\/portalnpm.com\/wp-content\/uploads\/2024\/12\/avatar_user_8_1733658137-96x96.jpeg","caption":"Zenilton Lima"},"url":"https:\/\/portalnpm.com\/index.php\/author\/zenilton\/"}]}},"jetpack_sharing_enabled":true,"jetpack_featured_media_url":"","_links":{"self":[{"href":"https:\/\/portalnpm.com\/index.php\/wp-json\/wp\/v2\/posts\/16065"}],"collection":[{"href":"https:\/\/portalnpm.com\/index.php\/wp-json\/wp\/v2\/posts"}],"about":[{"href":"https:\/\/portalnpm.com\/index.php\/wp-json\/wp\/v2\/types\/post"}],"author":[{"embeddable":true,"href":"https:\/\/portalnpm.com\/index.php\/wp-json\/wp\/v2\/users\/8"}],"replies":[{"embeddable":true,"href":"https:\/\/portalnpm.com\/index.php\/wp-json\/wp\/v2\/comments?post=16065"}],"version-history":[{"count":0,"href":"https:\/\/portalnpm.com\/index.php\/wp-json\/wp\/v2\/posts\/16065\/revisions"}],"wp:featuredmedia":[{"embeddable":true,"href":"https:\/\/portalnpm.com\/index.php\/wp-json\/"}],"wp:attachment":[{"href":"https:\/\/portalnpm.com\/index.php\/wp-json\/wp\/v2\/media?parent=16065"}],"wp:term":[{"taxonomy":"category","embeddable":true,"href":"https:\/\/portalnpm.com\/index.php\/wp-json\/wp\/v2\/categories?post=16065"},{"taxonomy":"post_tag","embeddable":true,"href":"https:\/\/portalnpm.com\/index.php\/wp-json\/wp\/v2\/tags?post=16065"}],"curies":[{"name":"wp","href":"https:\/\/api.w.org\/{rel}","templated":true}]}}