{"id":16105,"date":"2019-12-29T10:08:05","date_gmt":"2019-12-29T13:08:05","guid":{"rendered":"http:\/\/srv.portalnpm.com.br\/?p=16105"},"modified":"2019-12-29T10:08:05","modified_gmt":"2019-12-29T13:08:05","slug":"dona-de-cabare-vai-disputar-prefeitura-de-cidade-do-pernambuco","status":"publish","type":"post","link":"https:\/\/portalnpm.com\/index.php\/2019\/12\/29\/dona-de-cabare-vai-disputar-prefeitura-de-cidade-do-pernambuco\/","title":{"rendered":"Dona de \u2018Cabar\u00e9\u2019 vai disputar  Prefeitura de cidade do Pernambuco"},"content":{"rendered":"<p style=\"text-align: justify;\">Terra de forte tradi\u00e7\u00e3o pol\u00edtica, Belo Jardim-PE, onde, historicamente, se assistiu ao duelo entre os grupos Cintra e Mendon\u00e7a, caiu na galhofa. Viralizou nas redes sociais a \u201cpr\u00e9-candidatura\u201d de Ch\u00eau, conhecida dona de um bordel na cidade, que se apresenta para salvar o munic\u00edpio com o seguinte slogan: \u201cVou assumir a Prefeitura, pois de cabar\u00e9 eu intendo\u201d (com i mesmo).<\/p>\n<p style=\"text-align: justify;\">\n<p style=\"text-align: justify;\">A profissional do sexo se refere ao ambiente de horror que Belo Jardim vive hoje na gest\u00e3o do prefeito H\u00e9lio dos Terrenos. Um dos \u00faltimos barracos em que se meteu, acabou indo parar na delegacia depois de agredir um advogado.<\/p>\n<p style=\"text-align: justify;\"><strong>Fonte: Blog do Magno<\/strong><\/p>\n","protected":false},"excerpt":{"rendered":"<p>Terra de forte tradi\u00e7\u00e3o pol\u00edtica, Belo Jardim-PE, onde, historicamente, se assistiu ao duelo entre os grupos Cintra e Mendon\u00e7a, caiu na galhofa. Viralizou nas redes sociais a \u201cpr\u00e9-candidatura\u201d de Ch\u00eau, conhecida dona de um bordel na cidade, que se apresenta para salvar o munic\u00edpio com o seguinte slogan: \u201cVou assumir a Prefeitura, pois de cabar\u00e9 &hellip;<\/p>\n","protected":false},"author":4,"featured_media":16106,"comment_status":"open","ping_status":"open","sticky":false,"template":"","format":"standard","meta":{"content-type":"","rop_custom_images_group":[],"rop_custom_messages_group":[],"rop_publish_now":"initial","rop_publish_now_accounts":{"facebook_2648258775420054_1618374048415101":""},"rop_publish_now_history":[],"rop_publish_now_status":"pending","footnotes":"","_jetpack_memberships_contains_paid_content":false},"categories":[125,130],"tags":[3660,3661,222],"yoast_head":"<!-- This site is optimized with the Yoast SEO plugin v22.3 - https:\/\/yoast.com\/wordpress\/plugins\/seo\/ -->\n<title>Dona de \u2018Cabar\u00e9\u2019 vai disputar Prefeitura de cidade do Pernambuco - Portal NPM<\/title>\n<meta name=\"robots\" content=\"index, follow, max-snippet:-1, max-image-preview:large, max-video-preview:-1\" \/>\n<link rel=\"canonical\" href=\"https:\/\/portalnpm.com\/index.php\/2019\/12\/29\/dona-de-cabare-vai-disputar-prefeitura-de-cidade-do-pernambuco\/\" \/>\n<meta property=\"og:locale\" content=\"pt_BR\" \/>\n<meta property=\"og:type\" content=\"article\" \/>\n<meta property=\"og:title\" content=\"Dona de \u2018Cabar\u00e9\u2019 vai disputar Prefeitura de cidade do Pernambuco - Portal NPM\" \/>\n<meta property=\"og:description\" content=\"Terra de forte tradi\u00e7\u00e3o pol\u00edtica, Belo Jardim-PE, onde, historicamente, se assistiu ao duelo entre os grupos Cintra e Mendon\u00e7a, caiu na galhofa. Viralizou nas redes sociais a \u201cpr\u00e9-candidatura\u201d de Ch\u00eau, conhecida dona de um bordel na cidade, que se apresenta para salvar o munic\u00edpio com o seguinte slogan: \u201cVou assumir a Prefeitura, pois de cabar\u00e9 &hellip;\" \/>\n<meta property=\"og:url\" content=\"https:\/\/portalnpm.com\/index.php\/2019\/12\/29\/dona-de-cabare-vai-disputar-prefeitura-de-cidade-do-pernambuco\/\" \/>\n<meta property=\"og:site_name\" content=\"Portal NPM\" \/>\n<meta property=\"article:published_time\" content=\"2019-12-29T13:08:05+00:00\" \/>\n<meta name=\"author\" content=\"Reda\u00e7\u00e3o\" \/>\n<meta name=\"twitter:card\" content=\"summary_large_image\" \/>\n<meta name=\"twitter:label1\" content=\"Escrito por\" \/>\n\t<meta name=\"twitter:data1\" content=\"Reda\u00e7\u00e3o\" \/>\n\t<meta name=\"twitter:label2\" content=\"Est. tempo de leitura\" \/>\n\t<meta name=\"twitter:data2\" content=\"1 minuto\" \/>\n<script type=\"application\/ld+json\" class=\"yoast-schema-graph\">{\"@context\":\"https:\/\/schema.org\",\"@graph\":[{\"@type\":\"WebPage\",\"@id\":\"https:\/\/portalnpm.com\/index.php\/2019\/12\/29\/dona-de-cabare-vai-disputar-prefeitura-de-cidade-do-pernambuco\/\",\"url\":\"https:\/\/portalnpm.com\/index.php\/2019\/12\/29\/dona-de-cabare-vai-disputar-prefeitura-de-cidade-do-pernambuco\/\",\"name\":\"Dona de \u2018Cabar\u00e9\u2019 vai disputar Prefeitura de cidade do Pernambuco - Portal NPM\",\"isPartOf\":{\"@id\":\"https:\/\/portalnpm.com\/#website\"},\"primaryImageOfPage\":{\"@id\":\"https:\/\/portalnpm.com\/index.php\/2019\/12\/29\/dona-de-cabare-vai-disputar-prefeitura-de-cidade-do-pernambuco\/#primaryimage\"},\"image\":{\"@id\":\"https:\/\/portalnpm.com\/index.php\/2019\/12\/29\/dona-de-cabare-vai-disputar-prefeitura-de-cidade-do-pernambuco\/#primaryimage\"},\"thumbnailUrl\":\"\",\"datePublished\":\"2019-12-29T13:08:05+00:00\",\"dateModified\":\"2019-12-29T13:08:05+00:00\",\"author\":{\"@id\":\"https:\/\/portalnpm.com\/#\/schema\/person\/0b5f230ec96cee25504fa328e7f2b733\"},\"breadcrumb\":{\"@id\":\"https:\/\/portalnpm.com\/index.php\/2019\/12\/29\/dona-de-cabare-vai-disputar-prefeitura-de-cidade-do-pernambuco\/#breadcrumb\"},\"inLanguage\":\"pt-BR\",\"potentialAction\":[{\"@type\":\"ReadAction\",\"target\":[\"https:\/\/portalnpm.com\/index.php\/2019\/12\/29\/dona-de-cabare-vai-disputar-prefeitura-de-cidade-do-pernambuco\/\"]}]},{\"@type\":\"ImageObject\",\"inLanguage\":\"pt-BR\",\"@id\":\"https:\/\/portalnpm.com\/index.php\/2019\/12\/29\/dona-de-cabare-vai-disputar-prefeitura-de-cidade-do-pernambuco\/#primaryimage\",\"url\":\"\",\"contentUrl\":\"\"},{\"@type\":\"BreadcrumbList\",\"@id\":\"https:\/\/portalnpm.com\/index.php\/2019\/12\/29\/dona-de-cabare-vai-disputar-prefeitura-de-cidade-do-pernambuco\/#breadcrumb\",\"itemListElement\":[{\"@type\":\"ListItem\",\"position\":1,\"name\":\"In\u00edcio\",\"item\":\"https:\/\/portalnpm.com\/\"},{\"@type\":\"ListItem\",\"position\":2,\"name\":\"Dona de \u2018Cabar\u00e9\u2019 vai disputar Prefeitura de cidade do Pernambuco\"}]},{\"@type\":\"WebSite\",\"@id\":\"https:\/\/portalnpm.com\/#website\",\"url\":\"https:\/\/portalnpm.com\/\",\"name\":\"Portal NPM\",\"description\":\"Not\u00edcias em Primeira M\u00e3o\",\"potentialAction\":[{\"@type\":\"SearchAction\",\"target\":{\"@type\":\"EntryPoint\",\"urlTemplate\":\"https:\/\/portalnpm.com\/?s={search_term_string}\"},\"query-input\":\"required name=search_term_string\"}],\"inLanguage\":\"pt-BR\"},{\"@type\":\"Person\",\"@id\":\"https:\/\/portalnpm.com\/#\/schema\/person\/0b5f230ec96cee25504fa328e7f2b733\",\"name\":\"Reda\u00e7\u00e3o\",\"image\":{\"@type\":\"ImageObject\",\"inLanguage\":\"pt-BR\",\"@id\":\"https:\/\/portalnpm.com\/#\/schema\/person\/image\/\",\"url\":\"https:\/\/portalnpm.com\/wp-content\/uploads\/2024\/03\/avatar_user_4_1710097212-96x96.png\",\"contentUrl\":\"https:\/\/portalnpm.com\/wp-content\/uploads\/2024\/03\/avatar_user_4_1710097212-96x96.png\",\"caption\":\"Reda\u00e7\u00e3o\"},\"url\":\"https:\/\/portalnpm.com\/index.php\/author\/redacao\/\"}]}<\/script>\n<!-- \/ Yoast SEO plugin. -->","yoast_head_json":{"title":"Dona de \u2018Cabar\u00e9\u2019 vai disputar Prefeitura de cidade do Pernambuco - Portal NPM","robots":{"index":"index","follow":"follow","max-snippet":"max-snippet:-1","max-image-preview":"max-image-preview:large","max-video-preview":"max-video-preview:-1"},"canonical":"https:\/\/portalnpm.com\/index.php\/2019\/12\/29\/dona-de-cabare-vai-disputar-prefeitura-de-cidade-do-pernambuco\/","og_locale":"pt_BR","og_type":"article","og_title":"Dona de \u2018Cabar\u00e9\u2019 vai disputar Prefeitura de cidade do Pernambuco - Portal NPM","og_description":"Terra de forte tradi\u00e7\u00e3o pol\u00edtica, Belo Jardim-PE, onde, historicamente, se assistiu ao duelo entre os grupos Cintra e Mendon\u00e7a, caiu na galhofa. Viralizou nas redes sociais a \u201cpr\u00e9-candidatura\u201d de Ch\u00eau, conhecida dona de um bordel na cidade, que se apresenta para salvar o munic\u00edpio com o seguinte slogan: \u201cVou assumir a Prefeitura, pois de cabar\u00e9 &hellip;","og_url":"https:\/\/portalnpm.com\/index.php\/2019\/12\/29\/dona-de-cabare-vai-disputar-prefeitura-de-cidade-do-pernambuco\/","og_site_name":"Portal NPM","article_published_time":"2019-12-29T13:08:05+00:00","author":"Reda\u00e7\u00e3o","twitter_card":"summary_large_image","twitter_misc":{"Escrito por":"Reda\u00e7\u00e3o","Est. tempo de leitura":"1 minuto"},"schema":{"@context":"https:\/\/schema.org","@graph":[{"@type":"WebPage","@id":"https:\/\/portalnpm.com\/index.php\/2019\/12\/29\/dona-de-cabare-vai-disputar-prefeitura-de-cidade-do-pernambuco\/","url":"https:\/\/portalnpm.com\/index.php\/2019\/12\/29\/dona-de-cabare-vai-disputar-prefeitura-de-cidade-do-pernambuco\/","name":"Dona de \u2018Cabar\u00e9\u2019 vai disputar Prefeitura de cidade do Pernambuco - Portal NPM","isPartOf":{"@id":"https:\/\/portalnpm.com\/#website"},"primaryImageOfPage":{"@id":"https:\/\/portalnpm.com\/index.php\/2019\/12\/29\/dona-de-cabare-vai-disputar-prefeitura-de-cidade-do-pernambuco\/#primaryimage"},"image":{"@id":"https:\/\/portalnpm.com\/index.php\/2019\/12\/29\/dona-de-cabare-vai-disputar-prefeitura-de-cidade-do-pernambuco\/#primaryimage"},"thumbnailUrl":"","datePublished":"2019-12-29T13:08:05+00:00","dateModified":"2019-12-29T13:08:05+00:00","author":{"@id":"https:\/\/portalnpm.com\/#\/schema\/person\/0b5f230ec96cee25504fa328e7f2b733"},"breadcrumb":{"@id":"https:\/\/portalnpm.com\/index.php\/2019\/12\/29\/dona-de-cabare-vai-disputar-prefeitura-de-cidade-do-pernambuco\/#breadcrumb"},"inLanguage":"pt-BR","potentialAction":[{"@type":"ReadAction","target":["https:\/\/portalnpm.com\/index.php\/2019\/12\/29\/dona-de-cabare-vai-disputar-prefeitura-de-cidade-do-pernambuco\/"]}]},{"@type":"ImageObject","inLanguage":"pt-BR","@id":"https:\/\/portalnpm.com\/index.php\/2019\/12\/29\/dona-de-cabare-vai-disputar-prefeitura-de-cidade-do-pernambuco\/#primaryimage","url":"","contentUrl":""},{"@type":"BreadcrumbList","@id":"https:\/\/portalnpm.com\/index.php\/2019\/12\/29\/dona-de-cabare-vai-disputar-prefeitura-de-cidade-do-pernambuco\/#breadcrumb","itemListElement":[{"@type":"ListItem","position":1,"name":"In\u00edcio","item":"https:\/\/portalnpm.com\/"},{"@type":"ListItem","position":2,"name":"Dona de \u2018Cabar\u00e9\u2019 vai disputar Prefeitura de cidade do Pernambuco"}]},{"@type":"WebSite","@id":"https:\/\/portalnpm.com\/#website","url":"https:\/\/portalnpm.com\/","name":"Portal NPM","description":"Not\u00edcias em Primeira M\u00e3o","potentialAction":[{"@type":"SearchAction","target":{"@type":"EntryPoint","urlTemplate":"https:\/\/portalnpm.com\/?s={search_term_string}"},"query-input":"required name=search_term_string"}],"inLanguage":"pt-BR"},{"@type":"Person","@id":"https:\/\/portalnpm.com\/#\/schema\/person\/0b5f230ec96cee25504fa328e7f2b733","name":"Reda\u00e7\u00e3o","image":{"@type":"ImageObject","inLanguage":"pt-BR","@id":"https:\/\/portalnpm.com\/#\/schema\/person\/image\/","url":"https:\/\/portalnpm.com\/wp-content\/uploads\/2024\/03\/avatar_user_4_1710097212-96x96.png","contentUrl":"https:\/\/portalnpm.com\/wp-content\/uploads\/2024\/03\/avatar_user_4_1710097212-96x96.png","caption":"Reda\u00e7\u00e3o"},"url":"https:\/\/portalnpm.com\/index.php\/author\/redacao\/"}]}},"jetpack_sharing_enabled":true,"jetpack_featured_media_url":"","_links":{"self":[{"href":"https:\/\/portalnpm.com\/index.php\/wp-json\/wp\/v2\/posts\/16105"}],"collection":[{"href":"https:\/\/portalnpm.com\/index.php\/wp-json\/wp\/v2\/posts"}],"about":[{"href":"https:\/\/portalnpm.com\/index.php\/wp-json\/wp\/v2\/types\/post"}],"author":[{"embeddable":true,"href":"https:\/\/portalnpm.com\/index.php\/wp-json\/wp\/v2\/users\/4"}],"replies":[{"embeddable":true,"href":"https:\/\/portalnpm.com\/index.php\/wp-json\/wp\/v2\/comments?post=16105"}],"version-history":[{"count":0,"href":"https:\/\/portalnpm.com\/index.php\/wp-json\/wp\/v2\/posts\/16105\/revisions"}],"wp:featuredmedia":[{"embeddable":true,"href":"https:\/\/portalnpm.com\/index.php\/wp-json\/"}],"wp:attachment":[{"href":"https:\/\/portalnpm.com\/index.php\/wp-json\/wp\/v2\/media?parent=16105"}],"wp:term":[{"taxonomy":"category","embeddable":true,"href":"https:\/\/portalnpm.com\/index.php\/wp-json\/wp\/v2\/categories?post=16105"},{"taxonomy":"post_tag","embeddable":true,"href":"https:\/\/portalnpm.com\/index.php\/wp-json\/wp\/v2\/tags?post=16105"}],"curies":[{"name":"wp","href":"https:\/\/api.w.org\/{rel}","templated":true}]}}