{"id":16109,"date":"2019-12-29T18:22:23","date_gmt":"2019-12-29T21:22:23","guid":{"rendered":"http:\/\/srv.portalnpm.com.br\/?p=16109"},"modified":"2019-12-29T18:22:23","modified_gmt":"2019-12-29T21:22:23","slug":"pastoral-da-crianca-de-alagoinha-do-piaui-realiza-confraternizacao","status":"publish","type":"post","link":"https:\/\/portalnpm.com\/index.php\/2019\/12\/29\/pastoral-da-crianca-de-alagoinha-do-piaui-realiza-confraternizacao\/","title":{"rendered":"Pastoral da crian\u00e7a de Alagoinha do Piau\u00ed realiza confraterniza\u00e7\u00e3o"},"content":{"rendered":"<p style=\"text-align: justify;\">Na noite de s\u00e1bado, 28 de dezembro de 2019, aconteceu na Churrascaria e Pizzaria Cristovam em Alagoinha do Piau\u00ed-PI, a confraterniza\u00e7\u00e3o dos l\u00edderes volunt\u00e1rios da Pastoral da Crian\u00e7a. Pastoral social da igreja cat\u00f3lica.<\/p>\n<p>&nbsp;<\/p>\n<p style=\"text-align: justify;\">A Pastoral da Crian\u00e7a est\u00e1 presente no munic\u00edpio de Alagoinha do Piau\u00ed-PI h\u00e1 mais de 20 anos. Atualmente, conta com o n\u00famero de 32 volunt\u00e1rios e acompanha cerca de 200 crian\u00e7as com idade entre 0 e 6 anos, e 12 gestantes.<\/p>\n<p style=\"text-align: justify;\">A confraterniza\u00e7\u00e3o foi organizada pelos coordenadores da Pastoral no munic\u00edpio, Ariane S\u00e1 e Samuel Nascimento. Na oportunidade a coordenadora Ariane S\u00e1 agradeceu aos volunt\u00e1rios pelo empenho e dedica\u00e7\u00e3o para com a Pastoral, e partilhou uma linda mensagem com felicita\u00e7\u00f5es para todos no ano de 2020.<\/p>\n<figure id=\"attachment_16111\" aria-describedby=\"caption-attachment-16111\" style=\"width: 540px\" class=\"wp-caption aligncenter\"><img fetchpriority=\"high\" decoding=\"async\" class=\"size-full wp-image-16111\" src=\"http:\/\/portalnpm.com\/wp-content\/uploads\/2019\/12\/IMG-20191229-WA0484.jpg\" alt=\"\" width=\"540\" height=\"470\" \/><figcaption id=\"caption-attachment-16111\" class=\"wp-caption-text\">Coordenadora Ariane S\u00e1<\/figcaption><\/figure>\n<p style=\"text-align: justify;\">O vice-coordenador Samuel Nascimento falou sobre a alegria do servir,<em> &#8220;S\u00e3o nas pequenas a\u00e7\u00f5es que grandes obras acontecem. Deus, que \u00e9 Deus, nos serve diariamente. Nos conv\u00e9m tamb\u00e9m compartilhar a vida com nossos irm\u00e3os atrav\u00e9s do servi\u00e7o e da miss\u00e3o. Na Pastoral da Crian\u00e7a temos a oportunidade de contribuir para o desenvolvimento de nossas crian\u00e7as, uma linda oportunidade para fazer o bem&#8221;.<\/em> Falou Samuel.<\/p>\n<figure id=\"attachment_16110\" aria-describedby=\"caption-attachment-16110\" style=\"width: 1280px\" class=\"wp-caption aligncenter\"><img decoding=\"async\" class=\"size-full wp-image-16110\" src=\"http:\/\/portalnpm.com\/wp-content\/uploads\/2019\/12\/IMG-20191229-WA0482.jpg\" alt=\"\" width=\"1280\" height=\"960\" \/><figcaption id=\"caption-attachment-16110\" class=\"wp-caption-text\">Vice-coordenador Samuel Nascimento e sua m\u00e3e, Venina Brito.<\/figcaption><\/figure>\n<p style=\"text-align: justify;\">A Pastoral da Crian\u00e7a de Alagoinha do Piau\u00ed-PI teve um aumento em seus resultados nos \u00faltimos meses. Isso gra\u00e7as ao trabalho de seus volunt\u00e1rios e do apoio que vem recebendo do Pe. Manoel de Moura, vig\u00e1rio paroquial da \u00c1rea Pastoral de S\u00e3o Jo\u00e3o Batista, que sempre tem se mostrado bastante atencioso para com a Pastoral da Crian\u00e7a.<\/p>\n<figure id=\"attachment_16112\" aria-describedby=\"caption-attachment-16112\" style=\"width: 699px\" class=\"wp-caption aligncenter\"><img decoding=\"async\" class=\"size-full wp-image-16112\" src=\"http:\/\/portalnpm.com\/wp-content\/uploads\/2019\/12\/IMG-20191229-WA0486.jpg\" alt=\"\" width=\"699\" height=\"331\" \/><figcaption id=\"caption-attachment-16112\" class=\"wp-caption-text\">Pe. Manoel de Moura<\/figcaption><\/figure>\n<p style=\"text-align: justify;\">Nas metas para o ano de 2020, a Pastoral pretende aumentar seu n\u00famero de volunt\u00e1rios e elevar a quantidade de crian\u00e7as acompanhadas no munic\u00edpio.<\/p>\n<p><strong>Veja fotos:<\/strong><\/p>\n<p><img loading=\"lazy\" decoding=\"async\" class=\"aligncenter size-full wp-image-16114\" src=\"http:\/\/portalnpm.com\/wp-content\/uploads\/2019\/12\/IMG-20191229-WA0491.jpg\" alt=\"\" width=\"1280\" height=\"960\" \/> <img loading=\"lazy\" decoding=\"async\" class=\"aligncenter size-medium wp-image-16115\" src=\"http:\/\/portalnpm.com\/wp-content\/uploads\/2019\/12\/IMG-20191229-WA0492.jpg\" alt=\"\" width=\"1280\" height=\"960\" \/> <img loading=\"lazy\" decoding=\"async\" class=\"aligncenter size-medium wp-image-16116\" src=\"http:\/\/portalnpm.com\/wp-content\/uploads\/2019\/12\/IMG-20191229-WA0500.jpg\" alt=\"\" width=\"774\" height=\"1032\" \/> <img loading=\"lazy\" decoding=\"async\" class=\"aligncenter size-medium wp-image-16117\" src=\"http:\/\/portalnpm.com\/wp-content\/uploads\/2019\/12\/IMG-20191229-WA0501.jpg\" alt=\"\" width=\"774\" height=\"1032\" \/> <img loading=\"lazy\" decoding=\"async\" class=\"aligncenter size-medium wp-image-16118\" src=\"http:\/\/portalnpm.com\/wp-content\/uploads\/2019\/12\/IMG-20191229-WA0498.jpg\" alt=\"\" width=\"1280\" height=\"960\" \/> <img loading=\"lazy\" decoding=\"async\" class=\"aligncenter size-medium wp-image-16119\" src=\"http:\/\/portalnpm.com\/wp-content\/uploads\/2019\/12\/IMG-20191229-WA0499.jpg\" alt=\"\" width=\"1280\" height=\"960\" \/> <img loading=\"lazy\" decoding=\"async\" class=\"aligncenter size-medium wp-image-16120\" src=\"http:\/\/portalnpm.com\/wp-content\/uploads\/2019\/12\/IMG-20191229-WA0497.jpg\" alt=\"\" width=\"1032\" height=\"774\" \/> <img loading=\"lazy\" decoding=\"async\" class=\"aligncenter size-medium wp-image-16121\" src=\"http:\/\/portalnpm.com\/wp-content\/uploads\/2019\/12\/IMG-20191229-WA0495.jpg\" alt=\"\" width=\"1280\" height=\"960\" \/> <img loading=\"lazy\" decoding=\"async\" class=\"aligncenter size-medium wp-image-16122\" src=\"http:\/\/portalnpm.com\/wp-content\/uploads\/2019\/12\/IMG-20191229-WA0496.jpg\" alt=\"\" width=\"1280\" height=\"960\" \/> <img loading=\"lazy\" decoding=\"async\" class=\"aligncenter size-medium wp-image-16123\" src=\"http:\/\/portalnpm.com\/wp-content\/uploads\/2019\/12\/IMG-20191229-WA0493.jpg\" alt=\"\" width=\"1280\" height=\"960\" \/> <img loading=\"lazy\" decoding=\"async\" class=\"aligncenter size-medium wp-image-16124\" src=\"http:\/\/portalnpm.com\/wp-content\/uploads\/2019\/12\/IMG-20191229-WA0494.jpg\" alt=\"\" width=\"1280\" height=\"960\" \/><\/p>\n<p style=\"text-align: left;\"><strong>Por Samuel Nascimento, Reda\u00e7\u00e3o do Portal NPM<\/strong><\/p>\n","protected":false},"excerpt":{"rendered":"<p>Na noite de s\u00e1bado, 28 de dezembro de 2019, aconteceu na Churrascaria e Pizzaria Cristovam em Alagoinha do Piau\u00ed-PI, a confraterniza\u00e7\u00e3o dos l\u00edderes volunt\u00e1rios da Pastoral da Crian\u00e7a. Pastoral social da igreja cat\u00f3lica. &nbsp; A Pastoral da Crian\u00e7a est\u00e1 presente no munic\u00edpio de Alagoinha do Piau\u00ed-PI h\u00e1 mais de 20 anos. Atualmente, conta com o &hellip;<\/p>\n","protected":false},"author":4,"featured_media":16113,"comment_status":"open","ping_status":"open","sticky":false,"template":"","format":"standard","meta":{"content-type":"","rop_custom_images_group":[],"rop_custom_messages_group":[],"rop_publish_now":"initial","rop_publish_now_accounts":{"facebook_2648258775420054_1618374048415101":""},"rop_publish_now_history":[],"rop_publish_now_status":"pending","footnotes":"","_jetpack_memberships_contains_paid_content":false},"categories":[144,113,109],"tags":[1119,3652,3662],"yoast_head":"<!-- This site is optimized with the Yoast SEO plugin v22.3 - https:\/\/yoast.com\/wordpress\/plugins\/seo\/ -->\n<title>Pastoral da crian\u00e7a de Alagoinha do Piau\u00ed realiza confraterniza\u00e7\u00e3o - Portal NPM<\/title>\n<meta name=\"robots\" content=\"index, follow, max-snippet:-1, max-image-preview:large, max-video-preview:-1\" \/>\n<link rel=\"canonical\" href=\"https:\/\/portalnpm.com\/index.php\/2019\/12\/29\/pastoral-da-crianca-de-alagoinha-do-piaui-realiza-confraternizacao\/\" \/>\n<meta property=\"og:locale\" content=\"pt_BR\" \/>\n<meta property=\"og:type\" content=\"article\" \/>\n<meta property=\"og:title\" content=\"Pastoral da crian\u00e7a de Alagoinha do Piau\u00ed realiza confraterniza\u00e7\u00e3o - Portal NPM\" \/>\n<meta property=\"og:description\" content=\"Na noite de s\u00e1bado, 28 de dezembro de 2019, aconteceu na Churrascaria e Pizzaria Cristovam em Alagoinha do Piau\u00ed-PI, a confraterniza\u00e7\u00e3o dos l\u00edderes volunt\u00e1rios da Pastoral da Crian\u00e7a. Pastoral social da igreja cat\u00f3lica. &nbsp; A Pastoral da Crian\u00e7a est\u00e1 presente no munic\u00edpio de Alagoinha do Piau\u00ed-PI h\u00e1 mais de 20 anos. Atualmente, conta com o &hellip;\" \/>\n<meta property=\"og:url\" content=\"https:\/\/portalnpm.com\/index.php\/2019\/12\/29\/pastoral-da-crianca-de-alagoinha-do-piaui-realiza-confraternizacao\/\" \/>\n<meta property=\"og:site_name\" content=\"Portal NPM\" \/>\n<meta property=\"article:published_time\" content=\"2019-12-29T21:22:23+00:00\" \/>\n<meta name=\"author\" content=\"Reda\u00e7\u00e3o\" \/>\n<meta name=\"twitter:card\" content=\"summary_large_image\" \/>\n<meta name=\"twitter:label1\" content=\"Escrito por\" \/>\n\t<meta name=\"twitter:data1\" content=\"Reda\u00e7\u00e3o\" \/>\n\t<meta name=\"twitter:label2\" content=\"Est. tempo de leitura\" \/>\n\t<meta name=\"twitter:data2\" content=\"2 minutos\" \/>\n<script type=\"application\/ld+json\" class=\"yoast-schema-graph\">{\"@context\":\"https:\/\/schema.org\",\"@graph\":[{\"@type\":\"WebPage\",\"@id\":\"https:\/\/portalnpm.com\/index.php\/2019\/12\/29\/pastoral-da-crianca-de-alagoinha-do-piaui-realiza-confraternizacao\/\",\"url\":\"https:\/\/portalnpm.com\/index.php\/2019\/12\/29\/pastoral-da-crianca-de-alagoinha-do-piaui-realiza-confraternizacao\/\",\"name\":\"Pastoral da crian\u00e7a de Alagoinha do Piau\u00ed realiza confraterniza\u00e7\u00e3o - Portal NPM\",\"isPartOf\":{\"@id\":\"https:\/\/portalnpm.com\/#website\"},\"primaryImageOfPage\":{\"@id\":\"https:\/\/portalnpm.com\/index.php\/2019\/12\/29\/pastoral-da-crianca-de-alagoinha-do-piaui-realiza-confraternizacao\/#primaryimage\"},\"image\":{\"@id\":\"https:\/\/portalnpm.com\/index.php\/2019\/12\/29\/pastoral-da-crianca-de-alagoinha-do-piaui-realiza-confraternizacao\/#primaryimage\"},\"thumbnailUrl\":\"\",\"datePublished\":\"2019-12-29T21:22:23+00:00\",\"dateModified\":\"2019-12-29T21:22:23+00:00\",\"author\":{\"@id\":\"https:\/\/portalnpm.com\/#\/schema\/person\/0b5f230ec96cee25504fa328e7f2b733\"},\"breadcrumb\":{\"@id\":\"https:\/\/portalnpm.com\/index.php\/2019\/12\/29\/pastoral-da-crianca-de-alagoinha-do-piaui-realiza-confraternizacao\/#breadcrumb\"},\"inLanguage\":\"pt-BR\",\"potentialAction\":[{\"@type\":\"ReadAction\",\"target\":[\"https:\/\/portalnpm.com\/index.php\/2019\/12\/29\/pastoral-da-crianca-de-alagoinha-do-piaui-realiza-confraternizacao\/\"]}]},{\"@type\":\"ImageObject\",\"inLanguage\":\"pt-BR\",\"@id\":\"https:\/\/portalnpm.com\/index.php\/2019\/12\/29\/pastoral-da-crianca-de-alagoinha-do-piaui-realiza-confraternizacao\/#primaryimage\",\"url\":\"\",\"contentUrl\":\"\"},{\"@type\":\"BreadcrumbList\",\"@id\":\"https:\/\/portalnpm.com\/index.php\/2019\/12\/29\/pastoral-da-crianca-de-alagoinha-do-piaui-realiza-confraternizacao\/#breadcrumb\",\"itemListElement\":[{\"@type\":\"ListItem\",\"position\":1,\"name\":\"In\u00edcio\",\"item\":\"https:\/\/portalnpm.com\/\"},{\"@type\":\"ListItem\",\"position\":2,\"name\":\"Pastoral da crian\u00e7a de Alagoinha do Piau\u00ed realiza confraterniza\u00e7\u00e3o\"}]},{\"@type\":\"WebSite\",\"@id\":\"https:\/\/portalnpm.com\/#website\",\"url\":\"https:\/\/portalnpm.com\/\",\"name\":\"Portal NPM\",\"description\":\"Not\u00edcias em Primeira M\u00e3o\",\"potentialAction\":[{\"@type\":\"SearchAction\",\"target\":{\"@type\":\"EntryPoint\",\"urlTemplate\":\"https:\/\/portalnpm.com\/?s={search_term_string}\"},\"query-input\":\"required name=search_term_string\"}],\"inLanguage\":\"pt-BR\"},{\"@type\":\"Person\",\"@id\":\"https:\/\/portalnpm.com\/#\/schema\/person\/0b5f230ec96cee25504fa328e7f2b733\",\"name\":\"Reda\u00e7\u00e3o\",\"image\":{\"@type\":\"ImageObject\",\"inLanguage\":\"pt-BR\",\"@id\":\"https:\/\/portalnpm.com\/#\/schema\/person\/image\/\",\"url\":\"https:\/\/portalnpm.com\/wp-content\/uploads\/2024\/03\/avatar_user_4_1710097212-96x96.png\",\"contentUrl\":\"https:\/\/portalnpm.com\/wp-content\/uploads\/2024\/03\/avatar_user_4_1710097212-96x96.png\",\"caption\":\"Reda\u00e7\u00e3o\"},\"url\":\"https:\/\/portalnpm.com\/index.php\/author\/redacao\/\"}]}<\/script>\n<!-- \/ Yoast SEO plugin. -->","yoast_head_json":{"title":"Pastoral da crian\u00e7a de Alagoinha do Piau\u00ed realiza confraterniza\u00e7\u00e3o - Portal NPM","robots":{"index":"index","follow":"follow","max-snippet":"max-snippet:-1","max-image-preview":"max-image-preview:large","max-video-preview":"max-video-preview:-1"},"canonical":"https:\/\/portalnpm.com\/index.php\/2019\/12\/29\/pastoral-da-crianca-de-alagoinha-do-piaui-realiza-confraternizacao\/","og_locale":"pt_BR","og_type":"article","og_title":"Pastoral da crian\u00e7a de Alagoinha do Piau\u00ed realiza confraterniza\u00e7\u00e3o - Portal NPM","og_description":"Na noite de s\u00e1bado, 28 de dezembro de 2019, aconteceu na Churrascaria e Pizzaria Cristovam em Alagoinha do Piau\u00ed-PI, a confraterniza\u00e7\u00e3o dos l\u00edderes volunt\u00e1rios da Pastoral da Crian\u00e7a. Pastoral social da igreja cat\u00f3lica. &nbsp; A Pastoral da Crian\u00e7a est\u00e1 presente no munic\u00edpio de Alagoinha do Piau\u00ed-PI h\u00e1 mais de 20 anos. Atualmente, conta com o &hellip;","og_url":"https:\/\/portalnpm.com\/index.php\/2019\/12\/29\/pastoral-da-crianca-de-alagoinha-do-piaui-realiza-confraternizacao\/","og_site_name":"Portal NPM","article_published_time":"2019-12-29T21:22:23+00:00","author":"Reda\u00e7\u00e3o","twitter_card":"summary_large_image","twitter_misc":{"Escrito por":"Reda\u00e7\u00e3o","Est. tempo de leitura":"2 minutos"},"schema":{"@context":"https:\/\/schema.org","@graph":[{"@type":"WebPage","@id":"https:\/\/portalnpm.com\/index.php\/2019\/12\/29\/pastoral-da-crianca-de-alagoinha-do-piaui-realiza-confraternizacao\/","url":"https:\/\/portalnpm.com\/index.php\/2019\/12\/29\/pastoral-da-crianca-de-alagoinha-do-piaui-realiza-confraternizacao\/","name":"Pastoral da crian\u00e7a de Alagoinha do Piau\u00ed realiza confraterniza\u00e7\u00e3o - Portal NPM","isPartOf":{"@id":"https:\/\/portalnpm.com\/#website"},"primaryImageOfPage":{"@id":"https:\/\/portalnpm.com\/index.php\/2019\/12\/29\/pastoral-da-crianca-de-alagoinha-do-piaui-realiza-confraternizacao\/#primaryimage"},"image":{"@id":"https:\/\/portalnpm.com\/index.php\/2019\/12\/29\/pastoral-da-crianca-de-alagoinha-do-piaui-realiza-confraternizacao\/#primaryimage"},"thumbnailUrl":"","datePublished":"2019-12-29T21:22:23+00:00","dateModified":"2019-12-29T21:22:23+00:00","author":{"@id":"https:\/\/portalnpm.com\/#\/schema\/person\/0b5f230ec96cee25504fa328e7f2b733"},"breadcrumb":{"@id":"https:\/\/portalnpm.com\/index.php\/2019\/12\/29\/pastoral-da-crianca-de-alagoinha-do-piaui-realiza-confraternizacao\/#breadcrumb"},"inLanguage":"pt-BR","potentialAction":[{"@type":"ReadAction","target":["https:\/\/portalnpm.com\/index.php\/2019\/12\/29\/pastoral-da-crianca-de-alagoinha-do-piaui-realiza-confraternizacao\/"]}]},{"@type":"ImageObject","inLanguage":"pt-BR","@id":"https:\/\/portalnpm.com\/index.php\/2019\/12\/29\/pastoral-da-crianca-de-alagoinha-do-piaui-realiza-confraternizacao\/#primaryimage","url":"","contentUrl":""},{"@type":"BreadcrumbList","@id":"https:\/\/portalnpm.com\/index.php\/2019\/12\/29\/pastoral-da-crianca-de-alagoinha-do-piaui-realiza-confraternizacao\/#breadcrumb","itemListElement":[{"@type":"ListItem","position":1,"name":"In\u00edcio","item":"https:\/\/portalnpm.com\/"},{"@type":"ListItem","position":2,"name":"Pastoral da crian\u00e7a de Alagoinha do Piau\u00ed realiza confraterniza\u00e7\u00e3o"}]},{"@type":"WebSite","@id":"https:\/\/portalnpm.com\/#website","url":"https:\/\/portalnpm.com\/","name":"Portal NPM","description":"Not\u00edcias em Primeira M\u00e3o","potentialAction":[{"@type":"SearchAction","target":{"@type":"EntryPoint","urlTemplate":"https:\/\/portalnpm.com\/?s={search_term_string}"},"query-input":"required name=search_term_string"}],"inLanguage":"pt-BR"},{"@type":"Person","@id":"https:\/\/portalnpm.com\/#\/schema\/person\/0b5f230ec96cee25504fa328e7f2b733","name":"Reda\u00e7\u00e3o","image":{"@type":"ImageObject","inLanguage":"pt-BR","@id":"https:\/\/portalnpm.com\/#\/schema\/person\/image\/","url":"https:\/\/portalnpm.com\/wp-content\/uploads\/2024\/03\/avatar_user_4_1710097212-96x96.png","contentUrl":"https:\/\/portalnpm.com\/wp-content\/uploads\/2024\/03\/avatar_user_4_1710097212-96x96.png","caption":"Reda\u00e7\u00e3o"},"url":"https:\/\/portalnpm.com\/index.php\/author\/redacao\/"}]}},"jetpack_sharing_enabled":true,"jetpack_featured_media_url":"","_links":{"self":[{"href":"https:\/\/portalnpm.com\/index.php\/wp-json\/wp\/v2\/posts\/16109"}],"collection":[{"href":"https:\/\/portalnpm.com\/index.php\/wp-json\/wp\/v2\/posts"}],"about":[{"href":"https:\/\/portalnpm.com\/index.php\/wp-json\/wp\/v2\/types\/post"}],"author":[{"embeddable":true,"href":"https:\/\/portalnpm.com\/index.php\/wp-json\/wp\/v2\/users\/4"}],"replies":[{"embeddable":true,"href":"https:\/\/portalnpm.com\/index.php\/wp-json\/wp\/v2\/comments?post=16109"}],"version-history":[{"count":0,"href":"https:\/\/portalnpm.com\/index.php\/wp-json\/wp\/v2\/posts\/16109\/revisions"}],"wp:featuredmedia":[{"embeddable":true,"href":"https:\/\/portalnpm.com\/index.php\/wp-json\/"}],"wp:attachment":[{"href":"https:\/\/portalnpm.com\/index.php\/wp-json\/wp\/v2\/media?parent=16109"}],"wp:term":[{"taxonomy":"category","embeddable":true,"href":"https:\/\/portalnpm.com\/index.php\/wp-json\/wp\/v2\/categories?post=16109"},{"taxonomy":"post_tag","embeddable":true,"href":"https:\/\/portalnpm.com\/index.php\/wp-json\/wp\/v2\/tags?post=16109"}],"curies":[{"name":"wp","href":"https:\/\/api.w.org\/{rel}","templated":true}]}}