{"id":16301,"date":"2020-01-02T11:10:08","date_gmt":"2020-01-02T14:10:08","guid":{"rendered":"http:\/\/srv.portalnpm.com.br\/?p=16301"},"modified":"2020-01-02T11:10:08","modified_gmt":"2020-01-02T14:10:08","slug":"em-alagoinha-do-piaui-mais-adesoes-a-oposicao-aquece-politica-no-primeiro-dia-do-ano","status":"publish","type":"post","link":"https:\/\/portalnpm.com\/index.php\/2020\/01\/02\/em-alagoinha-do-piaui-mais-adesoes-a-oposicao-aquece-politica-no-primeiro-dia-do-ano\/","title":{"rendered":"Em Alagoinha do Piau\u00ed, mais ades\u00f5es \u00e0 oposi\u00e7\u00e3o, aquece pol\u00edtica no primeiro Dia do Ano!"},"content":{"rendered":"<p style=\"text-align: justify;\">O Ano Novo 2020 come\u00e7ou com tudo em Alagoinha do Piau\u00ed, n\u00e3o s\u00f3 na parte festiva mas tamb\u00e9m na parte pol\u00edtica, esta ainda mais quente.<\/p>\n<p>&nbsp;<\/p>\n<p style=\"text-align: justify;\">O tradicional e universal primeiro do ano, foi marcado por muitas ades\u00f5es ao grupo de oposi\u00e7\u00e3o daquela cidade, liderado pelo M\u00e9dico Dr. Pedro Otac\u00edlio, Ex-prefeito e atual Pr\u00e9-candidato ao Executivo.<\/p>\n<p style=\"text-align: justify;\">O mais recente integrante da base oposicionista em Alagoinha do Piau\u00ed \u00e9 o jovem <strong>Ozanildo Silva<\/strong>, natural de Serra Velha, irm\u00e3o do Suplente de Vereador da situa\u00e7\u00e3o, Ozanan Silva.<\/p>\n<p style=\"text-align: justify;\">Ozanildo declara apoio \u00e0 oposi\u00e7\u00e3o e a Pr\u00e9-candidatura de Dr. Pedro Otac\u00edlio, por acreditar numa Alagoinha melhor de se viver, o mesmo ainda assina Ficha de Filia\u00e7\u00e3o e coloca seu nome a disposi\u00e7\u00e3o como Pr\u00e9-candidato a Vereador, mostrando ainda mais a sede de mudan\u00e7a que a popula\u00e7\u00e3o tem.<\/p>\n<p style=\"text-align: justify;\">Estiveram na reuni\u00e3o que resultou em mais esta ades\u00e3o para a oposi\u00e7\u00e3o em Alagoinha, o atual vereador Josivaldo da Castanha e o Pr\u00e9-candidato a Prefeito Dr. Pedro.<\/p>\n<p style=\"text-align: justify;\">Em todos os recantos do munic\u00edpio, n\u00e3o se fala em outra coisa, afinal in\u00fameras fam\u00edlias vem se colocando a disposi\u00e7\u00e3o de apoiar a oposi\u00e7\u00e3o.<\/p>\n","protected":false},"excerpt":{"rendered":"<p>O Ano Novo 2020 come\u00e7ou com tudo em Alagoinha do Piau\u00ed, n\u00e3o s\u00f3 na parte festiva mas tamb\u00e9m na parte pol\u00edtica, esta ainda mais quente. &nbsp; O tradicional e universal primeiro do ano, foi marcado por muitas ades\u00f5es ao grupo de oposi\u00e7\u00e3o daquela cidade, liderado pelo M\u00e9dico Dr. Pedro Otac\u00edlio, Ex-prefeito e atual Pr\u00e9-candidato ao &hellip;<\/p>\n","protected":false},"author":4,"featured_media":16302,"comment_status":"open","ping_status":"open","sticky":false,"template":"","format":"standard","meta":{"content-type":"","rop_custom_images_group":[],"rop_custom_messages_group":[],"rop_publish_now":"initial","rop_publish_now_accounts":{"facebook_2648258775420054_1618374048415101":""},"rop_publish_now_history":[],"rop_publish_now_status":"pending","footnotes":"","_jetpack_memberships_contains_paid_content":false},"categories":[144,113,109,130],"tags":[],"yoast_head":"<!-- This site is optimized with the Yoast SEO plugin v22.3 - https:\/\/yoast.com\/wordpress\/plugins\/seo\/ -->\n<title>Em Alagoinha do Piau\u00ed, mais ades\u00f5es \u00e0 oposi\u00e7\u00e3o, aquece pol\u00edtica no primeiro Dia do Ano! - Portal NPM<\/title>\n<meta name=\"robots\" content=\"index, follow, max-snippet:-1, max-image-preview:large, max-video-preview:-1\" \/>\n<link rel=\"canonical\" href=\"https:\/\/portalnpm.com\/index.php\/2020\/01\/02\/em-alagoinha-do-piaui-mais-adesoes-a-oposicao-aquece-politica-no-primeiro-dia-do-ano\/\" \/>\n<meta property=\"og:locale\" content=\"pt_BR\" \/>\n<meta property=\"og:type\" content=\"article\" \/>\n<meta property=\"og:title\" content=\"Em Alagoinha do Piau\u00ed, mais ades\u00f5es \u00e0 oposi\u00e7\u00e3o, aquece pol\u00edtica no primeiro Dia do Ano! - Portal NPM\" \/>\n<meta property=\"og:description\" content=\"O Ano Novo 2020 come\u00e7ou com tudo em Alagoinha do Piau\u00ed, n\u00e3o s\u00f3 na parte festiva mas tamb\u00e9m na parte pol\u00edtica, esta ainda mais quente. &nbsp; O tradicional e universal primeiro do ano, foi marcado por muitas ades\u00f5es ao grupo de oposi\u00e7\u00e3o daquela cidade, liderado pelo M\u00e9dico Dr. Pedro Otac\u00edlio, Ex-prefeito e atual Pr\u00e9-candidato ao &hellip;\" \/>\n<meta property=\"og:url\" content=\"https:\/\/portalnpm.com\/index.php\/2020\/01\/02\/em-alagoinha-do-piaui-mais-adesoes-a-oposicao-aquece-politica-no-primeiro-dia-do-ano\/\" \/>\n<meta property=\"og:site_name\" content=\"Portal NPM\" \/>\n<meta property=\"article:published_time\" content=\"2020-01-02T14:10:08+00:00\" \/>\n<meta name=\"author\" content=\"Reda\u00e7\u00e3o\" \/>\n<meta name=\"twitter:card\" content=\"summary_large_image\" \/>\n<meta name=\"twitter:label1\" content=\"Escrito por\" \/>\n\t<meta name=\"twitter:data1\" content=\"Reda\u00e7\u00e3o\" \/>\n\t<meta name=\"twitter:label2\" content=\"Est. tempo de leitura\" \/>\n\t<meta name=\"twitter:data2\" content=\"1 minuto\" \/>\n<script type=\"application\/ld+json\" class=\"yoast-schema-graph\">{\"@context\":\"https:\/\/schema.org\",\"@graph\":[{\"@type\":\"WebPage\",\"@id\":\"https:\/\/portalnpm.com\/index.php\/2020\/01\/02\/em-alagoinha-do-piaui-mais-adesoes-a-oposicao-aquece-politica-no-primeiro-dia-do-ano\/\",\"url\":\"https:\/\/portalnpm.com\/index.php\/2020\/01\/02\/em-alagoinha-do-piaui-mais-adesoes-a-oposicao-aquece-politica-no-primeiro-dia-do-ano\/\",\"name\":\"Em Alagoinha do Piau\u00ed, mais ades\u00f5es \u00e0 oposi\u00e7\u00e3o, aquece pol\u00edtica no primeiro Dia do Ano! - Portal NPM\",\"isPartOf\":{\"@id\":\"https:\/\/portalnpm.com\/#website\"},\"primaryImageOfPage\":{\"@id\":\"https:\/\/portalnpm.com\/index.php\/2020\/01\/02\/em-alagoinha-do-piaui-mais-adesoes-a-oposicao-aquece-politica-no-primeiro-dia-do-ano\/#primaryimage\"},\"image\":{\"@id\":\"https:\/\/portalnpm.com\/index.php\/2020\/01\/02\/em-alagoinha-do-piaui-mais-adesoes-a-oposicao-aquece-politica-no-primeiro-dia-do-ano\/#primaryimage\"},\"thumbnailUrl\":\"\",\"datePublished\":\"2020-01-02T14:10:08+00:00\",\"dateModified\":\"2020-01-02T14:10:08+00:00\",\"author\":{\"@id\":\"https:\/\/portalnpm.com\/#\/schema\/person\/0b5f230ec96cee25504fa328e7f2b733\"},\"breadcrumb\":{\"@id\":\"https:\/\/portalnpm.com\/index.php\/2020\/01\/02\/em-alagoinha-do-piaui-mais-adesoes-a-oposicao-aquece-politica-no-primeiro-dia-do-ano\/#breadcrumb\"},\"inLanguage\":\"pt-BR\",\"potentialAction\":[{\"@type\":\"ReadAction\",\"target\":[\"https:\/\/portalnpm.com\/index.php\/2020\/01\/02\/em-alagoinha-do-piaui-mais-adesoes-a-oposicao-aquece-politica-no-primeiro-dia-do-ano\/\"]}]},{\"@type\":\"ImageObject\",\"inLanguage\":\"pt-BR\",\"@id\":\"https:\/\/portalnpm.com\/index.php\/2020\/01\/02\/em-alagoinha-do-piaui-mais-adesoes-a-oposicao-aquece-politica-no-primeiro-dia-do-ano\/#primaryimage\",\"url\":\"\",\"contentUrl\":\"\"},{\"@type\":\"BreadcrumbList\",\"@id\":\"https:\/\/portalnpm.com\/index.php\/2020\/01\/02\/em-alagoinha-do-piaui-mais-adesoes-a-oposicao-aquece-politica-no-primeiro-dia-do-ano\/#breadcrumb\",\"itemListElement\":[{\"@type\":\"ListItem\",\"position\":1,\"name\":\"In\u00edcio\",\"item\":\"https:\/\/portalnpm.com\/\"},{\"@type\":\"ListItem\",\"position\":2,\"name\":\"Em Alagoinha do Piau\u00ed, mais ades\u00f5es \u00e0 oposi\u00e7\u00e3o, aquece pol\u00edtica no primeiro Dia do Ano!\"}]},{\"@type\":\"WebSite\",\"@id\":\"https:\/\/portalnpm.com\/#website\",\"url\":\"https:\/\/portalnpm.com\/\",\"name\":\"Portal NPM\",\"description\":\"Not\u00edcias em Primeira M\u00e3o\",\"potentialAction\":[{\"@type\":\"SearchAction\",\"target\":{\"@type\":\"EntryPoint\",\"urlTemplate\":\"https:\/\/portalnpm.com\/?s={search_term_string}\"},\"query-input\":\"required name=search_term_string\"}],\"inLanguage\":\"pt-BR\"},{\"@type\":\"Person\",\"@id\":\"https:\/\/portalnpm.com\/#\/schema\/person\/0b5f230ec96cee25504fa328e7f2b733\",\"name\":\"Reda\u00e7\u00e3o\",\"image\":{\"@type\":\"ImageObject\",\"inLanguage\":\"pt-BR\",\"@id\":\"https:\/\/portalnpm.com\/#\/schema\/person\/image\/\",\"url\":\"https:\/\/portalnpm.com\/wp-content\/uploads\/2024\/03\/avatar_user_4_1710097212-96x96.png\",\"contentUrl\":\"https:\/\/portalnpm.com\/wp-content\/uploads\/2024\/03\/avatar_user_4_1710097212-96x96.png\",\"caption\":\"Reda\u00e7\u00e3o\"},\"url\":\"https:\/\/portalnpm.com\/index.php\/author\/redacao\/\"}]}<\/script>\n<!-- \/ Yoast SEO plugin. -->","yoast_head_json":{"title":"Em Alagoinha do Piau\u00ed, mais ades\u00f5es \u00e0 oposi\u00e7\u00e3o, aquece pol\u00edtica no primeiro Dia do Ano! - Portal NPM","robots":{"index":"index","follow":"follow","max-snippet":"max-snippet:-1","max-image-preview":"max-image-preview:large","max-video-preview":"max-video-preview:-1"},"canonical":"https:\/\/portalnpm.com\/index.php\/2020\/01\/02\/em-alagoinha-do-piaui-mais-adesoes-a-oposicao-aquece-politica-no-primeiro-dia-do-ano\/","og_locale":"pt_BR","og_type":"article","og_title":"Em Alagoinha do Piau\u00ed, mais ades\u00f5es \u00e0 oposi\u00e7\u00e3o, aquece pol\u00edtica no primeiro Dia do Ano! - Portal NPM","og_description":"O Ano Novo 2020 come\u00e7ou com tudo em Alagoinha do Piau\u00ed, n\u00e3o s\u00f3 na parte festiva mas tamb\u00e9m na parte pol\u00edtica, esta ainda mais quente. &nbsp; O tradicional e universal primeiro do ano, foi marcado por muitas ades\u00f5es ao grupo de oposi\u00e7\u00e3o daquela cidade, liderado pelo M\u00e9dico Dr. Pedro Otac\u00edlio, Ex-prefeito e atual Pr\u00e9-candidato ao &hellip;","og_url":"https:\/\/portalnpm.com\/index.php\/2020\/01\/02\/em-alagoinha-do-piaui-mais-adesoes-a-oposicao-aquece-politica-no-primeiro-dia-do-ano\/","og_site_name":"Portal NPM","article_published_time":"2020-01-02T14:10:08+00:00","author":"Reda\u00e7\u00e3o","twitter_card":"summary_large_image","twitter_misc":{"Escrito por":"Reda\u00e7\u00e3o","Est. tempo de leitura":"1 minuto"},"schema":{"@context":"https:\/\/schema.org","@graph":[{"@type":"WebPage","@id":"https:\/\/portalnpm.com\/index.php\/2020\/01\/02\/em-alagoinha-do-piaui-mais-adesoes-a-oposicao-aquece-politica-no-primeiro-dia-do-ano\/","url":"https:\/\/portalnpm.com\/index.php\/2020\/01\/02\/em-alagoinha-do-piaui-mais-adesoes-a-oposicao-aquece-politica-no-primeiro-dia-do-ano\/","name":"Em Alagoinha do Piau\u00ed, mais ades\u00f5es \u00e0 oposi\u00e7\u00e3o, aquece pol\u00edtica no primeiro Dia do Ano! - Portal NPM","isPartOf":{"@id":"https:\/\/portalnpm.com\/#website"},"primaryImageOfPage":{"@id":"https:\/\/portalnpm.com\/index.php\/2020\/01\/02\/em-alagoinha-do-piaui-mais-adesoes-a-oposicao-aquece-politica-no-primeiro-dia-do-ano\/#primaryimage"},"image":{"@id":"https:\/\/portalnpm.com\/index.php\/2020\/01\/02\/em-alagoinha-do-piaui-mais-adesoes-a-oposicao-aquece-politica-no-primeiro-dia-do-ano\/#primaryimage"},"thumbnailUrl":"","datePublished":"2020-01-02T14:10:08+00:00","dateModified":"2020-01-02T14:10:08+00:00","author":{"@id":"https:\/\/portalnpm.com\/#\/schema\/person\/0b5f230ec96cee25504fa328e7f2b733"},"breadcrumb":{"@id":"https:\/\/portalnpm.com\/index.php\/2020\/01\/02\/em-alagoinha-do-piaui-mais-adesoes-a-oposicao-aquece-politica-no-primeiro-dia-do-ano\/#breadcrumb"},"inLanguage":"pt-BR","potentialAction":[{"@type":"ReadAction","target":["https:\/\/portalnpm.com\/index.php\/2020\/01\/02\/em-alagoinha-do-piaui-mais-adesoes-a-oposicao-aquece-politica-no-primeiro-dia-do-ano\/"]}]},{"@type":"ImageObject","inLanguage":"pt-BR","@id":"https:\/\/portalnpm.com\/index.php\/2020\/01\/02\/em-alagoinha-do-piaui-mais-adesoes-a-oposicao-aquece-politica-no-primeiro-dia-do-ano\/#primaryimage","url":"","contentUrl":""},{"@type":"BreadcrumbList","@id":"https:\/\/portalnpm.com\/index.php\/2020\/01\/02\/em-alagoinha-do-piaui-mais-adesoes-a-oposicao-aquece-politica-no-primeiro-dia-do-ano\/#breadcrumb","itemListElement":[{"@type":"ListItem","position":1,"name":"In\u00edcio","item":"https:\/\/portalnpm.com\/"},{"@type":"ListItem","position":2,"name":"Em Alagoinha do Piau\u00ed, mais ades\u00f5es \u00e0 oposi\u00e7\u00e3o, aquece pol\u00edtica no primeiro Dia do Ano!"}]},{"@type":"WebSite","@id":"https:\/\/portalnpm.com\/#website","url":"https:\/\/portalnpm.com\/","name":"Portal NPM","description":"Not\u00edcias em Primeira M\u00e3o","potentialAction":[{"@type":"SearchAction","target":{"@type":"EntryPoint","urlTemplate":"https:\/\/portalnpm.com\/?s={search_term_string}"},"query-input":"required name=search_term_string"}],"inLanguage":"pt-BR"},{"@type":"Person","@id":"https:\/\/portalnpm.com\/#\/schema\/person\/0b5f230ec96cee25504fa328e7f2b733","name":"Reda\u00e7\u00e3o","image":{"@type":"ImageObject","inLanguage":"pt-BR","@id":"https:\/\/portalnpm.com\/#\/schema\/person\/image\/","url":"https:\/\/portalnpm.com\/wp-content\/uploads\/2024\/03\/avatar_user_4_1710097212-96x96.png","contentUrl":"https:\/\/portalnpm.com\/wp-content\/uploads\/2024\/03\/avatar_user_4_1710097212-96x96.png","caption":"Reda\u00e7\u00e3o"},"url":"https:\/\/portalnpm.com\/index.php\/author\/redacao\/"}]}},"jetpack_sharing_enabled":true,"jetpack_featured_media_url":"","_links":{"self":[{"href":"https:\/\/portalnpm.com\/index.php\/wp-json\/wp\/v2\/posts\/16301"}],"collection":[{"href":"https:\/\/portalnpm.com\/index.php\/wp-json\/wp\/v2\/posts"}],"about":[{"href":"https:\/\/portalnpm.com\/index.php\/wp-json\/wp\/v2\/types\/post"}],"author":[{"embeddable":true,"href":"https:\/\/portalnpm.com\/index.php\/wp-json\/wp\/v2\/users\/4"}],"replies":[{"embeddable":true,"href":"https:\/\/portalnpm.com\/index.php\/wp-json\/wp\/v2\/comments?post=16301"}],"version-history":[{"count":0,"href":"https:\/\/portalnpm.com\/index.php\/wp-json\/wp\/v2\/posts\/16301\/revisions"}],"wp:featuredmedia":[{"embeddable":true,"href":"https:\/\/portalnpm.com\/index.php\/wp-json\/"}],"wp:attachment":[{"href":"https:\/\/portalnpm.com\/index.php\/wp-json\/wp\/v2\/media?parent=16301"}],"wp:term":[{"taxonomy":"category","embeddable":true,"href":"https:\/\/portalnpm.com\/index.php\/wp-json\/wp\/v2\/categories?post=16301"},{"taxonomy":"post_tag","embeddable":true,"href":"https:\/\/portalnpm.com\/index.php\/wp-json\/wp\/v2\/tags?post=16301"}],"curies":[{"name":"wp","href":"https:\/\/api.w.org\/{rel}","templated":true}]}}