{"id":16334,"date":"2020-01-02T15:46:11","date_gmt":"2020-01-02T18:46:11","guid":{"rendered":"http:\/\/srv.portalnpm.com.br\/?p=16334"},"modified":"2020-01-02T15:46:11","modified_gmt":"2020-01-02T18:46:11","slug":"morre-aos-63-anos-o-alegretense-osvaldo-ramos-sogro-do-prefeito-de-sao-juliao","status":"publish","type":"post","link":"https:\/\/portalnpm.com\/index.php\/2020\/01\/02\/morre-aos-63-anos-o-alegretense-osvaldo-ramos-sogro-do-prefeito-de-sao-juliao\/","title":{"rendered":"Morre aos 63 anos o alegretense Osvaldo Ramos, sogro do prefeito de S\u00e3o Juli\u00e3o"},"content":{"rendered":"<p style=\"text-align: justify;\">Faleceu Osvaldo Elp\u00eddio Ramos, conhecido popularmente, por Osvaldo Ramos, de 63 anos, que \u00e9 sogro do prefeito de S\u00e3o Juli\u00e3o, Dr. Jonas Bezerra de Alencar.<\/p>\n<p style=\"text-align: justify;\">Osvaldo Ramos, que residia na cidade de Alegrete do Piau\u00ed, lutava bravamente contra um tumor no f\u00edgado e veio a \u00f3bito na tarde desta quinta-feira, 02 de janeiro, no hospital Santa Maria, na capital Teresina.<\/p>\n<p style=\"text-align: justify;\">Osvaldo estava em tratamento desde maio de 2019, na Oncom\u00e9dica.<\/p>\n<p style=\"text-align: justify;\">Ele deixa a vi\u00fava Alcimar e tr\u00eas filhas, Kelly Ramos, Cleidia Marcia e K\u00e9ssia Ramos, que \u00e9 primeira-dama e secret\u00e1ria de Assist\u00eancia Social do munic\u00edpio de S\u00e3o Juli\u00e3o.<\/p>\n<p style=\"text-align: justify;\">De acordo com o repassado para a reda\u00e7\u00e3o ao Portal Cidades Na Net, a chegada do corpo est\u00e1 prevista para \u00e0s 22h. O corpo ser\u00e1 velado na sua resid\u00eancia no Centro da Cidade e o sepultamento acontecer\u00e1, \u00e0s 17h, desta sexta-feira, 03.<\/p>\n<p style=\"text-align: justify;\">\u201cQueremos agradecer em nome de toda a fam\u00edlia, a todos os amigos pelas ora\u00e7\u00f5es, apoio e a for\u00e7a dada durante este per\u00edodo de tratamento e tamb\u00e9m neste momento de despedida\u201d, disse sua filha K\u00e9ssia Ramos.<\/p>\n<p style=\"text-align: justify;\">Na cidade \u00e9 grande a como\u00e7\u00e3o, pois Osvaldo deixa um legado de um homem trabalhador, honesto e respeitador.<\/p>\n<p style=\"text-align: justify;\"><strong>Fonte: Cidades na Net<\/strong><\/p>\n","protected":false},"excerpt":{"rendered":"<p>Faleceu Osvaldo Elp\u00eddio Ramos, conhecido popularmente, por Osvaldo Ramos, de 63 anos, que \u00e9 sogro do prefeito de S\u00e3o Juli\u00e3o, Dr. Jonas Bezerra de Alencar. Osvaldo Ramos, que residia na cidade de Alegrete do Piau\u00ed, lutava bravamente contra um tumor no f\u00edgado e veio a \u00f3bito na tarde desta quinta-feira, 02 de janeiro, no hospital &hellip;<\/p>\n","protected":false},"author":3,"featured_media":16335,"comment_status":"open","ping_status":"open","sticky":false,"template":"","format":"standard","meta":{"content-type":"","rop_custom_images_group":[],"rop_custom_messages_group":[],"rop_publish_now":"initial","rop_publish_now_accounts":{"facebook_2648258775420054_1618374048415101":""},"rop_publish_now_history":[],"rop_publish_now_status":"pending","footnotes":"","_jetpack_memberships_contains_paid_content":false},"categories":[110,109],"tags":[196,2269,3676],"yoast_head":"<!-- This site is optimized with the Yoast SEO plugin v22.3 - https:\/\/yoast.com\/wordpress\/plugins\/seo\/ -->\n<title>Morre aos 63 anos o alegretense Osvaldo Ramos, sogro do prefeito de S\u00e3o Juli\u00e3o - Portal NPM<\/title>\n<meta name=\"robots\" content=\"index, follow, max-snippet:-1, max-image-preview:large, max-video-preview:-1\" \/>\n<link rel=\"canonical\" href=\"https:\/\/portalnpm.com\/index.php\/2020\/01\/02\/morre-aos-63-anos-o-alegretense-osvaldo-ramos-sogro-do-prefeito-de-sao-juliao\/\" \/>\n<meta property=\"og:locale\" content=\"pt_BR\" \/>\n<meta property=\"og:type\" content=\"article\" \/>\n<meta property=\"og:title\" content=\"Morre aos 63 anos o alegretense Osvaldo Ramos, sogro do prefeito de S\u00e3o Juli\u00e3o - Portal NPM\" \/>\n<meta property=\"og:description\" content=\"Faleceu Osvaldo Elp\u00eddio Ramos, conhecido popularmente, por Osvaldo Ramos, de 63 anos, que \u00e9 sogro do prefeito de S\u00e3o Juli\u00e3o, Dr. Jonas Bezerra de Alencar. Osvaldo Ramos, que residia na cidade de Alegrete do Piau\u00ed, lutava bravamente contra um tumor no f\u00edgado e veio a \u00f3bito na tarde desta quinta-feira, 02 de janeiro, no hospital &hellip;\" \/>\n<meta property=\"og:url\" content=\"https:\/\/portalnpm.com\/index.php\/2020\/01\/02\/morre-aos-63-anos-o-alegretense-osvaldo-ramos-sogro-do-prefeito-de-sao-juliao\/\" \/>\n<meta property=\"og:site_name\" content=\"Portal NPM\" \/>\n<meta property=\"article:published_time\" content=\"2020-01-02T18:46:11+00:00\" \/>\n<meta name=\"author\" content=\"Luis Alberto\" \/>\n<meta name=\"twitter:card\" content=\"summary_large_image\" \/>\n<meta name=\"twitter:label1\" content=\"Escrito por\" \/>\n\t<meta name=\"twitter:data1\" content=\"Luis Alberto\" \/>\n\t<meta name=\"twitter:label2\" content=\"Est. tempo de leitura\" \/>\n\t<meta name=\"twitter:data2\" content=\"1 minuto\" \/>\n<script type=\"application\/ld+json\" class=\"yoast-schema-graph\">{\"@context\":\"https:\/\/schema.org\",\"@graph\":[{\"@type\":\"WebPage\",\"@id\":\"https:\/\/portalnpm.com\/index.php\/2020\/01\/02\/morre-aos-63-anos-o-alegretense-osvaldo-ramos-sogro-do-prefeito-de-sao-juliao\/\",\"url\":\"https:\/\/portalnpm.com\/index.php\/2020\/01\/02\/morre-aos-63-anos-o-alegretense-osvaldo-ramos-sogro-do-prefeito-de-sao-juliao\/\",\"name\":\"Morre aos 63 anos o alegretense Osvaldo Ramos, sogro do prefeito de S\u00e3o Juli\u00e3o - Portal NPM\",\"isPartOf\":{\"@id\":\"https:\/\/portalnpm.com\/#website\"},\"primaryImageOfPage\":{\"@id\":\"https:\/\/portalnpm.com\/index.php\/2020\/01\/02\/morre-aos-63-anos-o-alegretense-osvaldo-ramos-sogro-do-prefeito-de-sao-juliao\/#primaryimage\"},\"image\":{\"@id\":\"https:\/\/portalnpm.com\/index.php\/2020\/01\/02\/morre-aos-63-anos-o-alegretense-osvaldo-ramos-sogro-do-prefeito-de-sao-juliao\/#primaryimage\"},\"thumbnailUrl\":\"\",\"datePublished\":\"2020-01-02T18:46:11+00:00\",\"dateModified\":\"2020-01-02T18:46:11+00:00\",\"author\":{\"@id\":\"https:\/\/portalnpm.com\/#\/schema\/person\/5c8006acdf71774cd4e7a5ab98482152\"},\"breadcrumb\":{\"@id\":\"https:\/\/portalnpm.com\/index.php\/2020\/01\/02\/morre-aos-63-anos-o-alegretense-osvaldo-ramos-sogro-do-prefeito-de-sao-juliao\/#breadcrumb\"},\"inLanguage\":\"pt-BR\",\"potentialAction\":[{\"@type\":\"ReadAction\",\"target\":[\"https:\/\/portalnpm.com\/index.php\/2020\/01\/02\/morre-aos-63-anos-o-alegretense-osvaldo-ramos-sogro-do-prefeito-de-sao-juliao\/\"]}]},{\"@type\":\"ImageObject\",\"inLanguage\":\"pt-BR\",\"@id\":\"https:\/\/portalnpm.com\/index.php\/2020\/01\/02\/morre-aos-63-anos-o-alegretense-osvaldo-ramos-sogro-do-prefeito-de-sao-juliao\/#primaryimage\",\"url\":\"\",\"contentUrl\":\"\"},{\"@type\":\"BreadcrumbList\",\"@id\":\"https:\/\/portalnpm.com\/index.php\/2020\/01\/02\/morre-aos-63-anos-o-alegretense-osvaldo-ramos-sogro-do-prefeito-de-sao-juliao\/#breadcrumb\",\"itemListElement\":[{\"@type\":\"ListItem\",\"position\":1,\"name\":\"In\u00edcio\",\"item\":\"https:\/\/portalnpm.com\/\"},{\"@type\":\"ListItem\",\"position\":2,\"name\":\"Morre aos 63 anos o alegretense Osvaldo Ramos, sogro do prefeito de S\u00e3o Juli\u00e3o\"}]},{\"@type\":\"WebSite\",\"@id\":\"https:\/\/portalnpm.com\/#website\",\"url\":\"https:\/\/portalnpm.com\/\",\"name\":\"Portal NPM\",\"description\":\"Not\u00edcias em Primeira M\u00e3o\",\"potentialAction\":[{\"@type\":\"SearchAction\",\"target\":{\"@type\":\"EntryPoint\",\"urlTemplate\":\"https:\/\/portalnpm.com\/?s={search_term_string}\"},\"query-input\":\"required name=search_term_string\"}],\"inLanguage\":\"pt-BR\"},{\"@type\":\"Person\",\"@id\":\"https:\/\/portalnpm.com\/#\/schema\/person\/5c8006acdf71774cd4e7a5ab98482152\",\"name\":\"Luis Alberto\",\"image\":{\"@type\":\"ImageObject\",\"inLanguage\":\"pt-BR\",\"@id\":\"https:\/\/portalnpm.com\/#\/schema\/person\/image\/\",\"url\":\"https:\/\/portalnpm.com\/wp-content\/uploads\/2024\/12\/avatar_user_3_1734699769-96x96.jpeg\",\"contentUrl\":\"https:\/\/portalnpm.com\/wp-content\/uploads\/2024\/12\/avatar_user_3_1734699769-96x96.jpeg\",\"caption\":\"Luis Alberto\"},\"description\":\"Editor-geral do Portal NPM, \u00e9 formado como T\u00e9cnico em Seguran\u00e7a do Trabalho pela Escola Metropolitana de Cursos T\u00e9cnicos. Det\u00e9m ainda licenciatura em Educa\u00e7\u00e3o F\u00edsica e bacharelado em Ci\u00eancias Pol\u00edticas, ambos obtidos pela institui\u00e7\u00e3o Anhanguera\/UNOPAR.\",\"url\":\"https:\/\/portalnpm.com\/index.php\/author\/pereira\/\"}]}<\/script>\n<!-- \/ Yoast SEO plugin. -->","yoast_head_json":{"title":"Morre aos 63 anos o alegretense Osvaldo Ramos, sogro do prefeito de S\u00e3o Juli\u00e3o - Portal NPM","robots":{"index":"index","follow":"follow","max-snippet":"max-snippet:-1","max-image-preview":"max-image-preview:large","max-video-preview":"max-video-preview:-1"},"canonical":"https:\/\/portalnpm.com\/index.php\/2020\/01\/02\/morre-aos-63-anos-o-alegretense-osvaldo-ramos-sogro-do-prefeito-de-sao-juliao\/","og_locale":"pt_BR","og_type":"article","og_title":"Morre aos 63 anos o alegretense Osvaldo Ramos, sogro do prefeito de S\u00e3o Juli\u00e3o - Portal NPM","og_description":"Faleceu Osvaldo Elp\u00eddio Ramos, conhecido popularmente, por Osvaldo Ramos, de 63 anos, que \u00e9 sogro do prefeito de S\u00e3o Juli\u00e3o, Dr. Jonas Bezerra de Alencar. Osvaldo Ramos, que residia na cidade de Alegrete do Piau\u00ed, lutava bravamente contra um tumor no f\u00edgado e veio a \u00f3bito na tarde desta quinta-feira, 02 de janeiro, no hospital &hellip;","og_url":"https:\/\/portalnpm.com\/index.php\/2020\/01\/02\/morre-aos-63-anos-o-alegretense-osvaldo-ramos-sogro-do-prefeito-de-sao-juliao\/","og_site_name":"Portal NPM","article_published_time":"2020-01-02T18:46:11+00:00","author":"Luis Alberto","twitter_card":"summary_large_image","twitter_misc":{"Escrito por":"Luis Alberto","Est. tempo de leitura":"1 minuto"},"schema":{"@context":"https:\/\/schema.org","@graph":[{"@type":"WebPage","@id":"https:\/\/portalnpm.com\/index.php\/2020\/01\/02\/morre-aos-63-anos-o-alegretense-osvaldo-ramos-sogro-do-prefeito-de-sao-juliao\/","url":"https:\/\/portalnpm.com\/index.php\/2020\/01\/02\/morre-aos-63-anos-o-alegretense-osvaldo-ramos-sogro-do-prefeito-de-sao-juliao\/","name":"Morre aos 63 anos o alegretense Osvaldo Ramos, sogro do prefeito de S\u00e3o Juli\u00e3o - Portal NPM","isPartOf":{"@id":"https:\/\/portalnpm.com\/#website"},"primaryImageOfPage":{"@id":"https:\/\/portalnpm.com\/index.php\/2020\/01\/02\/morre-aos-63-anos-o-alegretense-osvaldo-ramos-sogro-do-prefeito-de-sao-juliao\/#primaryimage"},"image":{"@id":"https:\/\/portalnpm.com\/index.php\/2020\/01\/02\/morre-aos-63-anos-o-alegretense-osvaldo-ramos-sogro-do-prefeito-de-sao-juliao\/#primaryimage"},"thumbnailUrl":"","datePublished":"2020-01-02T18:46:11+00:00","dateModified":"2020-01-02T18:46:11+00:00","author":{"@id":"https:\/\/portalnpm.com\/#\/schema\/person\/5c8006acdf71774cd4e7a5ab98482152"},"breadcrumb":{"@id":"https:\/\/portalnpm.com\/index.php\/2020\/01\/02\/morre-aos-63-anos-o-alegretense-osvaldo-ramos-sogro-do-prefeito-de-sao-juliao\/#breadcrumb"},"inLanguage":"pt-BR","potentialAction":[{"@type":"ReadAction","target":["https:\/\/portalnpm.com\/index.php\/2020\/01\/02\/morre-aos-63-anos-o-alegretense-osvaldo-ramos-sogro-do-prefeito-de-sao-juliao\/"]}]},{"@type":"ImageObject","inLanguage":"pt-BR","@id":"https:\/\/portalnpm.com\/index.php\/2020\/01\/02\/morre-aos-63-anos-o-alegretense-osvaldo-ramos-sogro-do-prefeito-de-sao-juliao\/#primaryimage","url":"","contentUrl":""},{"@type":"BreadcrumbList","@id":"https:\/\/portalnpm.com\/index.php\/2020\/01\/02\/morre-aos-63-anos-o-alegretense-osvaldo-ramos-sogro-do-prefeito-de-sao-juliao\/#breadcrumb","itemListElement":[{"@type":"ListItem","position":1,"name":"In\u00edcio","item":"https:\/\/portalnpm.com\/"},{"@type":"ListItem","position":2,"name":"Morre aos 63 anos o alegretense Osvaldo Ramos, sogro do prefeito de S\u00e3o Juli\u00e3o"}]},{"@type":"WebSite","@id":"https:\/\/portalnpm.com\/#website","url":"https:\/\/portalnpm.com\/","name":"Portal NPM","description":"Not\u00edcias em Primeira M\u00e3o","potentialAction":[{"@type":"SearchAction","target":{"@type":"EntryPoint","urlTemplate":"https:\/\/portalnpm.com\/?s={search_term_string}"},"query-input":"required name=search_term_string"}],"inLanguage":"pt-BR"},{"@type":"Person","@id":"https:\/\/portalnpm.com\/#\/schema\/person\/5c8006acdf71774cd4e7a5ab98482152","name":"Luis Alberto","image":{"@type":"ImageObject","inLanguage":"pt-BR","@id":"https:\/\/portalnpm.com\/#\/schema\/person\/image\/","url":"https:\/\/portalnpm.com\/wp-content\/uploads\/2024\/12\/avatar_user_3_1734699769-96x96.jpeg","contentUrl":"https:\/\/portalnpm.com\/wp-content\/uploads\/2024\/12\/avatar_user_3_1734699769-96x96.jpeg","caption":"Luis Alberto"},"description":"Editor-geral do Portal NPM, \u00e9 formado como T\u00e9cnico em Seguran\u00e7a do Trabalho pela Escola Metropolitana de Cursos T\u00e9cnicos. Det\u00e9m ainda licenciatura em Educa\u00e7\u00e3o F\u00edsica e bacharelado em Ci\u00eancias Pol\u00edticas, ambos obtidos pela institui\u00e7\u00e3o Anhanguera\/UNOPAR.","url":"https:\/\/portalnpm.com\/index.php\/author\/pereira\/"}]}},"jetpack_sharing_enabled":true,"jetpack_featured_media_url":"","_links":{"self":[{"href":"https:\/\/portalnpm.com\/index.php\/wp-json\/wp\/v2\/posts\/16334"}],"collection":[{"href":"https:\/\/portalnpm.com\/index.php\/wp-json\/wp\/v2\/posts"}],"about":[{"href":"https:\/\/portalnpm.com\/index.php\/wp-json\/wp\/v2\/types\/post"}],"author":[{"embeddable":true,"href":"https:\/\/portalnpm.com\/index.php\/wp-json\/wp\/v2\/users\/3"}],"replies":[{"embeddable":true,"href":"https:\/\/portalnpm.com\/index.php\/wp-json\/wp\/v2\/comments?post=16334"}],"version-history":[{"count":0,"href":"https:\/\/portalnpm.com\/index.php\/wp-json\/wp\/v2\/posts\/16334\/revisions"}],"wp:featuredmedia":[{"embeddable":true,"href":"https:\/\/portalnpm.com\/index.php\/wp-json\/"}],"wp:attachment":[{"href":"https:\/\/portalnpm.com\/index.php\/wp-json\/wp\/v2\/media?parent=16334"}],"wp:term":[{"taxonomy":"category","embeddable":true,"href":"https:\/\/portalnpm.com\/index.php\/wp-json\/wp\/v2\/categories?post=16334"},{"taxonomy":"post_tag","embeddable":true,"href":"https:\/\/portalnpm.com\/index.php\/wp-json\/wp\/v2\/tags?post=16334"}],"curies":[{"name":"wp","href":"https:\/\/api.w.org\/{rel}","templated":true}]}}