{"id":16364,"date":"2020-01-06T20:40:13","date_gmt":"2020-01-06T23:40:13","guid":{"rendered":"http:\/\/srv.portalnpm.com.br\/?p=16364"},"modified":"2020-01-06T20:40:13","modified_gmt":"2020-01-06T23:40:13","slug":"caldeirao-grande-do-piaui-pre-candidato-a-prefeito-alanilton-araujo-fala-pela-primeira-vez-sobre-a-sua-pre-candidatura","status":"publish","type":"post","link":"https:\/\/portalnpm.com\/index.php\/2020\/01\/06\/caldeirao-grande-do-piaui-pre-candidato-a-prefeito-alanilton-araujo-fala-pela-primeira-vez-sobre-a-sua-pre-candidatura\/","title":{"rendered":"Caldeir\u00e3o Grande do Piau\u00ed | Pr\u00e9-candidato a prefeito Alanilton Ara\u00fajo fala pela primeira vez sobre a sua pr\u00e9-candidatura"},"content":{"rendered":"<p style=\"text-align: justify;\">JOS\u00c9 ALANILTON ARA\u00daJO (MDB) foi um dos vereadores que ajudou a instalar o munic\u00edpio de Caldeir\u00e3o Grande do Piau\u00ed. Ele, na condi\u00e7\u00e3o de vereador presidente da C\u00e2mara Municipal, promulgou \u00e0 Lei Org\u00e2nica do munic\u00edpio de Caldeir\u00e3o Grande do Piau\u00ed, o que n\u00e3o podemos deixar de frisar, visto ter sido um marco muito importante na vida de um jovem que em 1992, entrava na pol\u00edtica para servir.<\/p>\n<p>&nbsp;<\/p>\n<p style=\"text-align: justify;\">O tempo passou e, com 27 anos depois da assinatura da Lei mais importante do munic\u00edpio de Caldeir\u00e3o Grande, ALANILTON ARA\u00daJO, tem o seu nome lembrado para dirigir Caldeir\u00e3o Grande do Piau\u00ed, terra onde nasceu, como prefeito. Seguramente, um desafio que honra a todos e a todas, em especial, seus amigos que como vereadores tamb\u00e9m ajudaram e ajudam Caldeir\u00e3o.<\/p>\n<p style=\"text-align: justify;\">ALANILTON ARA\u00daJO cresceu, estudou e chegou a se formar (ele possui hoje 2 formaturas de n\u00edvel superior). Como empres\u00e1rio, embora ele n\u00e3o diga, se tem conhecimento que ALANILTON est\u00e1 bem. O ex-vereador e ex-presidente da C\u00e2mara de Vereador de Caldeir\u00e3o Grande, possui 2 filhas. Ambas fazem medicina. Uma delas, a mais velha, j\u00e1 se forma daqui h\u00e1 2 anos.<\/p>\n<p style=\"text-align: justify;\">Procurado pelo Portal Novos Tempos na manh\u00e3 da segunda-feira, 6 de janeiro, &#8220;Dia de Reis&#8221;, ALANILTON ARA\u00daJO, mesmo com sua casa cheia de gente, maioria parentes que residem fora, esteve a nos receber e a receber bem como de costume. Falamos sobre a pol\u00edtica, em especial, sobre a pol\u00edtica de Caldeir\u00e3o Grande, cidade onde reside um dos colunistas do Portal Novos Tempos.<\/p>\n<p style=\"text-align: justify;\">Pois bem. Encontrei um ALANILTON equilibrado e, sem mostrar vaidade, disposto a atender o que julgamos ser um chamamento para que o mesmo seja candidato a prefeito de Caldeir\u00e3o Grande na elei\u00e7\u00e3o de 2020. O jornalista que escreve se surpreendeu, sobretudo, quando viu as mensagens recebidas pelo ALANILTON. Todas de pessoas muito conhecidas.<\/p>\n<p style=\"text-align: justify;\">Por uma quest\u00e3o de \u00e9tica e respeito ao pr\u00f3prio ALANILTON, n\u00e3o desejamos divulgar para ningu\u00e9m os nomes, at\u00e9 por que houve um pedido do pr\u00f3prio ALANILTON no sentido de que n\u00e3o divulgassemos, no que \u00e9 atendido. Em resumo, muita gente de Caldeir\u00e3o Grande, n\u00e3o sabemos bem o motivo ou os motivos, quer e deseja mudan\u00e7a em rela\u00e7\u00e3o ao comando do munic\u00edpio ap\u00f3s 2021.<\/p>\n<p style=\"text-align: justify;\">Incr\u00edvel! Esta \u00e9 a express\u00e3o usada pelo Portal Novos Tempos, para definir aquilo que vimos e que deixou o ALANILTON ARA\u00daJO muito encorajado para enfrentar a elei\u00e7\u00e3o contra os que defendem a manuten\u00e7\u00e3o do poder, os que est\u00e3o se dando bem na atual gest\u00e3o. Ali\u00e1s, por um dever de justi\u00e7a, devemos dizer aqui que a atual gest\u00e3o fez muito por Caldeir\u00e3o Grande. A cidade est\u00e1 outra cidade.<\/p>\n<p style=\"text-align: justify;\">N\u00e3o desejamos entrar noutras quest\u00f5es, por\u00e9m por tudo que ouvimos do equilibrado ALANILTON, Caldeir\u00e3o Grande pode ter uma elei\u00e7\u00e3o muito disputada apesar de n\u00e3o se conhecer quem seja o pr\u00e9-candidato a prefeito apoiado pelo prefeito que j\u00e1 vem da reelei\u00e7\u00e3o. Seja quem for, vai ter que enfrentar o ALANILTON que possui hoje aceita\u00e7\u00e3o e a tend\u00eancia \u00e9 ela aumentar.<\/p>\n<p style=\"text-align: justify;\">ALANILTON disse que est\u00e1 ouvindo os amigos e amigas de Caldeir\u00e3o, de maneira especial os que n\u00e3o est\u00e3o satisfeitos com a maneira como governa o prefeito. Muitas reclama\u00e7\u00f5es por parte de pessoas que ele nem imaginava. &#8220;Estou preparado. N\u00e3o desejo ser prefeito de Caldeir\u00e3o por vaidade de ser prefeito. Isto n\u00e3o. Se a coisa vingar, como promete, serei prefeito para cuidar melhor do povo&#8221;, disse.<\/p>\n<p><strong>Fonte: Adauto Ferreira &#8211; Portal Novos Tempos<\/strong><\/p>\n","protected":false},"excerpt":{"rendered":"<p>JOS\u00c9 ALANILTON ARA\u00daJO (MDB) foi um dos vereadores que ajudou a instalar o munic\u00edpio de Caldeir\u00e3o Grande do Piau\u00ed. Ele, na condi\u00e7\u00e3o de vereador presidente da C\u00e2mara Municipal, promulgou \u00e0 Lei Org\u00e2nica do munic\u00edpio de Caldeir\u00e3o Grande do Piau\u00ed, o que n\u00e3o podemos deixar de frisar, visto ter sido um marco muito importante na vida &hellip;<\/p>\n","protected":false},"author":3,"featured_media":16365,"comment_status":"open","ping_status":"open","sticky":false,"template":"","format":"standard","meta":{"content-type":"","rop_custom_images_group":[],"rop_custom_messages_group":[],"rop_publish_now":"initial","rop_publish_now_accounts":{"facebook_2648258775420054_1618374048415101":""},"rop_publish_now_history":[],"rop_publish_now_status":"pending","footnotes":"","_jetpack_memberships_contains_paid_content":false},"categories":[723,113,109,130],"tags":[3416,153,135],"yoast_head":"<!-- This site is optimized with the Yoast SEO plugin v22.3 - https:\/\/yoast.com\/wordpress\/plugins\/seo\/ -->\n<title>Caldeir\u00e3o Grande do Piau\u00ed | Pr\u00e9-candidato a prefeito Alanilton Ara\u00fajo fala pela primeira vez sobre a sua pr\u00e9-candidatura - Portal NPM<\/title>\n<meta name=\"robots\" content=\"index, follow, max-snippet:-1, max-image-preview:large, max-video-preview:-1\" \/>\n<link rel=\"canonical\" href=\"https:\/\/portalnpm.com\/index.php\/2020\/01\/06\/caldeirao-grande-do-piaui-pre-candidato-a-prefeito-alanilton-araujo-fala-pela-primeira-vez-sobre-a-sua-pre-candidatura\/\" \/>\n<meta property=\"og:locale\" content=\"pt_BR\" \/>\n<meta property=\"og:type\" content=\"article\" \/>\n<meta property=\"og:title\" content=\"Caldeir\u00e3o Grande do Piau\u00ed | Pr\u00e9-candidato a prefeito Alanilton Ara\u00fajo fala pela primeira vez sobre a sua pr\u00e9-candidatura - Portal NPM\" \/>\n<meta property=\"og:description\" content=\"JOS\u00c9 ALANILTON ARA\u00daJO (MDB) foi um dos vereadores que ajudou a instalar o munic\u00edpio de Caldeir\u00e3o Grande do Piau\u00ed. Ele, na condi\u00e7\u00e3o de vereador presidente da C\u00e2mara Municipal, promulgou \u00e0 Lei Org\u00e2nica do munic\u00edpio de Caldeir\u00e3o Grande do Piau\u00ed, o que n\u00e3o podemos deixar de frisar, visto ter sido um marco muito importante na vida &hellip;\" \/>\n<meta property=\"og:url\" content=\"https:\/\/portalnpm.com\/index.php\/2020\/01\/06\/caldeirao-grande-do-piaui-pre-candidato-a-prefeito-alanilton-araujo-fala-pela-primeira-vez-sobre-a-sua-pre-candidatura\/\" \/>\n<meta property=\"og:site_name\" content=\"Portal NPM\" \/>\n<meta property=\"article:published_time\" content=\"2020-01-06T23:40:13+00:00\" \/>\n<meta name=\"author\" content=\"Luis Alberto\" \/>\n<meta name=\"twitter:card\" content=\"summary_large_image\" \/>\n<meta name=\"twitter:label1\" content=\"Escrito por\" \/>\n\t<meta name=\"twitter:data1\" content=\"Luis Alberto\" \/>\n\t<meta name=\"twitter:label2\" content=\"Est. tempo de leitura\" \/>\n\t<meta name=\"twitter:data2\" content=\"3 minutos\" \/>\n<script type=\"application\/ld+json\" class=\"yoast-schema-graph\">{\"@context\":\"https:\/\/schema.org\",\"@graph\":[{\"@type\":\"WebPage\",\"@id\":\"https:\/\/portalnpm.com\/index.php\/2020\/01\/06\/caldeirao-grande-do-piaui-pre-candidato-a-prefeito-alanilton-araujo-fala-pela-primeira-vez-sobre-a-sua-pre-candidatura\/\",\"url\":\"https:\/\/portalnpm.com\/index.php\/2020\/01\/06\/caldeirao-grande-do-piaui-pre-candidato-a-prefeito-alanilton-araujo-fala-pela-primeira-vez-sobre-a-sua-pre-candidatura\/\",\"name\":\"Caldeir\u00e3o Grande do Piau\u00ed | Pr\u00e9-candidato a prefeito Alanilton Ara\u00fajo fala pela primeira vez sobre a sua pr\u00e9-candidatura - Portal NPM\",\"isPartOf\":{\"@id\":\"https:\/\/portalnpm.com\/#website\"},\"primaryImageOfPage\":{\"@id\":\"https:\/\/portalnpm.com\/index.php\/2020\/01\/06\/caldeirao-grande-do-piaui-pre-candidato-a-prefeito-alanilton-araujo-fala-pela-primeira-vez-sobre-a-sua-pre-candidatura\/#primaryimage\"},\"image\":{\"@id\":\"https:\/\/portalnpm.com\/index.php\/2020\/01\/06\/caldeirao-grande-do-piaui-pre-candidato-a-prefeito-alanilton-araujo-fala-pela-primeira-vez-sobre-a-sua-pre-candidatura\/#primaryimage\"},\"thumbnailUrl\":\"\",\"datePublished\":\"2020-01-06T23:40:13+00:00\",\"dateModified\":\"2020-01-06T23:40:13+00:00\",\"author\":{\"@id\":\"https:\/\/portalnpm.com\/#\/schema\/person\/5c8006acdf71774cd4e7a5ab98482152\"},\"breadcrumb\":{\"@id\":\"https:\/\/portalnpm.com\/index.php\/2020\/01\/06\/caldeirao-grande-do-piaui-pre-candidato-a-prefeito-alanilton-araujo-fala-pela-primeira-vez-sobre-a-sua-pre-candidatura\/#breadcrumb\"},\"inLanguage\":\"pt-BR\",\"potentialAction\":[{\"@type\":\"ReadAction\",\"target\":[\"https:\/\/portalnpm.com\/index.php\/2020\/01\/06\/caldeirao-grande-do-piaui-pre-candidato-a-prefeito-alanilton-araujo-fala-pela-primeira-vez-sobre-a-sua-pre-candidatura\/\"]}]},{\"@type\":\"ImageObject\",\"inLanguage\":\"pt-BR\",\"@id\":\"https:\/\/portalnpm.com\/index.php\/2020\/01\/06\/caldeirao-grande-do-piaui-pre-candidato-a-prefeito-alanilton-araujo-fala-pela-primeira-vez-sobre-a-sua-pre-candidatura\/#primaryimage\",\"url\":\"\",\"contentUrl\":\"\"},{\"@type\":\"BreadcrumbList\",\"@id\":\"https:\/\/portalnpm.com\/index.php\/2020\/01\/06\/caldeirao-grande-do-piaui-pre-candidato-a-prefeito-alanilton-araujo-fala-pela-primeira-vez-sobre-a-sua-pre-candidatura\/#breadcrumb\",\"itemListElement\":[{\"@type\":\"ListItem\",\"position\":1,\"name\":\"In\u00edcio\",\"item\":\"https:\/\/portalnpm.com\/\"},{\"@type\":\"ListItem\",\"position\":2,\"name\":\"Caldeir\u00e3o Grande do Piau\u00ed | Pr\u00e9-candidato a prefeito Alanilton Ara\u00fajo fala pela primeira vez sobre a sua pr\u00e9-candidatura\"}]},{\"@type\":\"WebSite\",\"@id\":\"https:\/\/portalnpm.com\/#website\",\"url\":\"https:\/\/portalnpm.com\/\",\"name\":\"Portal NPM\",\"description\":\"Not\u00edcias em Primeira M\u00e3o\",\"potentialAction\":[{\"@type\":\"SearchAction\",\"target\":{\"@type\":\"EntryPoint\",\"urlTemplate\":\"https:\/\/portalnpm.com\/?s={search_term_string}\"},\"query-input\":\"required name=search_term_string\"}],\"inLanguage\":\"pt-BR\"},{\"@type\":\"Person\",\"@id\":\"https:\/\/portalnpm.com\/#\/schema\/person\/5c8006acdf71774cd4e7a5ab98482152\",\"name\":\"Luis Alberto\",\"image\":{\"@type\":\"ImageObject\",\"inLanguage\":\"pt-BR\",\"@id\":\"https:\/\/portalnpm.com\/#\/schema\/person\/image\/\",\"url\":\"https:\/\/portalnpm.com\/wp-content\/uploads\/2024\/12\/avatar_user_3_1734699769-96x96.jpeg\",\"contentUrl\":\"https:\/\/portalnpm.com\/wp-content\/uploads\/2024\/12\/avatar_user_3_1734699769-96x96.jpeg\",\"caption\":\"Luis Alberto\"},\"description\":\"Editor-geral do Portal NPM, \u00e9 formado como T\u00e9cnico em Seguran\u00e7a do Trabalho pela Escola Metropolitana de Cursos T\u00e9cnicos. Det\u00e9m ainda licenciatura em Educa\u00e7\u00e3o F\u00edsica e bacharelado em Ci\u00eancias Pol\u00edticas, ambos obtidos pela institui\u00e7\u00e3o Anhanguera\/UNOPAR.\",\"url\":\"https:\/\/portalnpm.com\/index.php\/author\/pereira\/\"}]}<\/script>\n<!-- \/ Yoast SEO plugin. -->","yoast_head_json":{"title":"Caldeir\u00e3o Grande do Piau\u00ed | Pr\u00e9-candidato a prefeito Alanilton Ara\u00fajo fala pela primeira vez sobre a sua pr\u00e9-candidatura - Portal NPM","robots":{"index":"index","follow":"follow","max-snippet":"max-snippet:-1","max-image-preview":"max-image-preview:large","max-video-preview":"max-video-preview:-1"},"canonical":"https:\/\/portalnpm.com\/index.php\/2020\/01\/06\/caldeirao-grande-do-piaui-pre-candidato-a-prefeito-alanilton-araujo-fala-pela-primeira-vez-sobre-a-sua-pre-candidatura\/","og_locale":"pt_BR","og_type":"article","og_title":"Caldeir\u00e3o Grande do Piau\u00ed | Pr\u00e9-candidato a prefeito Alanilton Ara\u00fajo fala pela primeira vez sobre a sua pr\u00e9-candidatura - Portal NPM","og_description":"JOS\u00c9 ALANILTON ARA\u00daJO (MDB) foi um dos vereadores que ajudou a instalar o munic\u00edpio de Caldeir\u00e3o Grande do Piau\u00ed. Ele, na condi\u00e7\u00e3o de vereador presidente da C\u00e2mara Municipal, promulgou \u00e0 Lei Org\u00e2nica do munic\u00edpio de Caldeir\u00e3o Grande do Piau\u00ed, o que n\u00e3o podemos deixar de frisar, visto ter sido um marco muito importante na vida &hellip;","og_url":"https:\/\/portalnpm.com\/index.php\/2020\/01\/06\/caldeirao-grande-do-piaui-pre-candidato-a-prefeito-alanilton-araujo-fala-pela-primeira-vez-sobre-a-sua-pre-candidatura\/","og_site_name":"Portal NPM","article_published_time":"2020-01-06T23:40:13+00:00","author":"Luis Alberto","twitter_card":"summary_large_image","twitter_misc":{"Escrito por":"Luis Alberto","Est. tempo de leitura":"3 minutos"},"schema":{"@context":"https:\/\/schema.org","@graph":[{"@type":"WebPage","@id":"https:\/\/portalnpm.com\/index.php\/2020\/01\/06\/caldeirao-grande-do-piaui-pre-candidato-a-prefeito-alanilton-araujo-fala-pela-primeira-vez-sobre-a-sua-pre-candidatura\/","url":"https:\/\/portalnpm.com\/index.php\/2020\/01\/06\/caldeirao-grande-do-piaui-pre-candidato-a-prefeito-alanilton-araujo-fala-pela-primeira-vez-sobre-a-sua-pre-candidatura\/","name":"Caldeir\u00e3o Grande do Piau\u00ed | Pr\u00e9-candidato a prefeito Alanilton Ara\u00fajo fala pela primeira vez sobre a sua pr\u00e9-candidatura - Portal NPM","isPartOf":{"@id":"https:\/\/portalnpm.com\/#website"},"primaryImageOfPage":{"@id":"https:\/\/portalnpm.com\/index.php\/2020\/01\/06\/caldeirao-grande-do-piaui-pre-candidato-a-prefeito-alanilton-araujo-fala-pela-primeira-vez-sobre-a-sua-pre-candidatura\/#primaryimage"},"image":{"@id":"https:\/\/portalnpm.com\/index.php\/2020\/01\/06\/caldeirao-grande-do-piaui-pre-candidato-a-prefeito-alanilton-araujo-fala-pela-primeira-vez-sobre-a-sua-pre-candidatura\/#primaryimage"},"thumbnailUrl":"","datePublished":"2020-01-06T23:40:13+00:00","dateModified":"2020-01-06T23:40:13+00:00","author":{"@id":"https:\/\/portalnpm.com\/#\/schema\/person\/5c8006acdf71774cd4e7a5ab98482152"},"breadcrumb":{"@id":"https:\/\/portalnpm.com\/index.php\/2020\/01\/06\/caldeirao-grande-do-piaui-pre-candidato-a-prefeito-alanilton-araujo-fala-pela-primeira-vez-sobre-a-sua-pre-candidatura\/#breadcrumb"},"inLanguage":"pt-BR","potentialAction":[{"@type":"ReadAction","target":["https:\/\/portalnpm.com\/index.php\/2020\/01\/06\/caldeirao-grande-do-piaui-pre-candidato-a-prefeito-alanilton-araujo-fala-pela-primeira-vez-sobre-a-sua-pre-candidatura\/"]}]},{"@type":"ImageObject","inLanguage":"pt-BR","@id":"https:\/\/portalnpm.com\/index.php\/2020\/01\/06\/caldeirao-grande-do-piaui-pre-candidato-a-prefeito-alanilton-araujo-fala-pela-primeira-vez-sobre-a-sua-pre-candidatura\/#primaryimage","url":"","contentUrl":""},{"@type":"BreadcrumbList","@id":"https:\/\/portalnpm.com\/index.php\/2020\/01\/06\/caldeirao-grande-do-piaui-pre-candidato-a-prefeito-alanilton-araujo-fala-pela-primeira-vez-sobre-a-sua-pre-candidatura\/#breadcrumb","itemListElement":[{"@type":"ListItem","position":1,"name":"In\u00edcio","item":"https:\/\/portalnpm.com\/"},{"@type":"ListItem","position":2,"name":"Caldeir\u00e3o Grande do Piau\u00ed | Pr\u00e9-candidato a prefeito Alanilton Ara\u00fajo fala pela primeira vez sobre a sua pr\u00e9-candidatura"}]},{"@type":"WebSite","@id":"https:\/\/portalnpm.com\/#website","url":"https:\/\/portalnpm.com\/","name":"Portal NPM","description":"Not\u00edcias em Primeira M\u00e3o","potentialAction":[{"@type":"SearchAction","target":{"@type":"EntryPoint","urlTemplate":"https:\/\/portalnpm.com\/?s={search_term_string}"},"query-input":"required name=search_term_string"}],"inLanguage":"pt-BR"},{"@type":"Person","@id":"https:\/\/portalnpm.com\/#\/schema\/person\/5c8006acdf71774cd4e7a5ab98482152","name":"Luis Alberto","image":{"@type":"ImageObject","inLanguage":"pt-BR","@id":"https:\/\/portalnpm.com\/#\/schema\/person\/image\/","url":"https:\/\/portalnpm.com\/wp-content\/uploads\/2024\/12\/avatar_user_3_1734699769-96x96.jpeg","contentUrl":"https:\/\/portalnpm.com\/wp-content\/uploads\/2024\/12\/avatar_user_3_1734699769-96x96.jpeg","caption":"Luis Alberto"},"description":"Editor-geral do Portal NPM, \u00e9 formado como T\u00e9cnico em Seguran\u00e7a do Trabalho pela Escola Metropolitana de Cursos T\u00e9cnicos. Det\u00e9m ainda licenciatura em Educa\u00e7\u00e3o F\u00edsica e bacharelado em Ci\u00eancias Pol\u00edticas, ambos obtidos pela institui\u00e7\u00e3o Anhanguera\/UNOPAR.","url":"https:\/\/portalnpm.com\/index.php\/author\/pereira\/"}]}},"jetpack_sharing_enabled":true,"jetpack_featured_media_url":"","_links":{"self":[{"href":"https:\/\/portalnpm.com\/index.php\/wp-json\/wp\/v2\/posts\/16364"}],"collection":[{"href":"https:\/\/portalnpm.com\/index.php\/wp-json\/wp\/v2\/posts"}],"about":[{"href":"https:\/\/portalnpm.com\/index.php\/wp-json\/wp\/v2\/types\/post"}],"author":[{"embeddable":true,"href":"https:\/\/portalnpm.com\/index.php\/wp-json\/wp\/v2\/users\/3"}],"replies":[{"embeddable":true,"href":"https:\/\/portalnpm.com\/index.php\/wp-json\/wp\/v2\/comments?post=16364"}],"version-history":[{"count":0,"href":"https:\/\/portalnpm.com\/index.php\/wp-json\/wp\/v2\/posts\/16364\/revisions"}],"wp:featuredmedia":[{"embeddable":true,"href":"https:\/\/portalnpm.com\/index.php\/wp-json\/"}],"wp:attachment":[{"href":"https:\/\/portalnpm.com\/index.php\/wp-json\/wp\/v2\/media?parent=16364"}],"wp:term":[{"taxonomy":"category","embeddable":true,"href":"https:\/\/portalnpm.com\/index.php\/wp-json\/wp\/v2\/categories?post=16364"},{"taxonomy":"post_tag","embeddable":true,"href":"https:\/\/portalnpm.com\/index.php\/wp-json\/wp\/v2\/tags?post=16364"}],"curies":[{"name":"wp","href":"https:\/\/api.w.org\/{rel}","templated":true}]}}