{"id":16429,"date":"2020-01-10T23:28:35","date_gmt":"2020-01-11T02:28:35","guid":{"rendered":"http:\/\/srv.portalnpm.com.br\/?p=16429"},"modified":"2020-01-10T23:28:35","modified_gmt":"2020-01-11T02:28:35","slug":"temporal-que-caiu-em-picos-pode-ter-atingido-100-milimetros-diz-coordenador-do-inmet","status":"publish","type":"post","link":"https:\/\/portalnpm.com\/index.php\/2020\/01\/10\/temporal-que-caiu-em-picos-pode-ter-atingido-100-milimetros-diz-coordenador-do-inmet\/","title":{"rendered":"Temporal que caiu em Picos pode ter atingido 100 mil\u00edmetros, diz coordenador do INMET"},"content":{"rendered":"<p class=\"texto-justificado\" style=\"text-align: justify;\">O per\u00edodo chuvoso na cidade de\u00a0<strong>Picos<\/strong>, causa transtornos anualmente \u00e0 popula\u00e7\u00e3o. As ruas ficam alagadas, as resid\u00eancias constru\u00eddas em cima de morros, desabam, ou amea\u00e7am cair.\u00a0<strong>Na quarta-feira, 08, a esta\u00e7\u00e3o do munic\u00edpio, registrou apenas 6 mil\u00edmetros de chuva, mas o coordenador regional do Instituto Nacional de Meteorologia\u00a0(INMET)<\/strong>, Eugenio Lopes, diz que visualmente, o n\u00famero pode ter chegado a mais de 100 mil\u00edmetros.<\/p>\n<figure id=\"attachment_16431\" aria-describedby=\"caption-attachment-16431\" style=\"width: 1024px\" class=\"wp-caption aligncenter\"><img fetchpriority=\"high\" decoding=\"async\" class=\"size-full wp-image-16431\" src=\"http:\/\/portalnpm.com\/wp-content\/uploads\/2020\/01\/IMG-20200110-WA0558.jpg\" alt=\"\" width=\"1024\" height=\"767\" \/><figcaption id=\"caption-attachment-16431\" class=\"wp-caption-text\">Chuva alagou a BR 316 em Picos \u2013 Fotos a\u00e9reas: Paulo Pshysio<\/figcaption><\/figure>\n<p class=\"texto-justificado\" style=\"text-align: justify;\">\u201cAlguns curiosos com pluvi\u00f4metros mediram de<strong>\u00a040 a 45 mil\u00edmetros,<\/strong>\u00a0mas no bairro Junco, na Universidade Federal do Piau\u00ed, onde fica a\u00a0<strong>esta\u00e7\u00e3o<\/strong>, caiu apenas 6 mil\u00edmetros. Pela avalia\u00e7\u00e3o visual, aonde ela se projetou e come\u00e7ou a cair, foi chuva para mais de 100 mil\u00edmetros. Essa foi a raz\u00e3o de chegar essa tromba d\u00b4\u00e1gua que atravessou a\u00a0<strong>BR<\/strong>, causando um grande alagamento envolta do F\u00f3rum. Mas para o INMET, o que vale, \u00e9 o que fica registrado na esta\u00e7\u00e3o\u201d, explica Eugenio Lopes.<\/p>\n<p class=\"texto-justificado\" style=\"text-align: justify;\">O meteorologista<strong>\u00a0Werton Costa,<\/strong>\u00a0acrescenta que para os pr\u00f3ximos dias o esperado \u00e9 que se mantenha o quadro de umidade relativa do ar favor\u00e1vel. O que vai possibilitar\u00a0<strong>mais chuvas,<\/strong>\u00a0por isso, \u00e9 importante ficar atento aos alertas diariamente.<\/p>\n<p style=\"text-align: justify;\"><strong>Picos n\u00e3o tem mais pontos de alagamentos\u00a0<\/strong><\/p>\n<p class=\"texto-justificado\" style=\"text-align: justify;\">Sobre os estragos causados pela chuva, que deixou vias interditadas e abriu buracos por conta do volume d\u2019\u00e1gua, o secret\u00e1rio de Tr\u00e2nsito dos munic\u00edpios de Picos,\u00a0<strong>Edilberto Cirillo,<\/strong>\u00a0informou ao O Dia que os problemas j\u00e1 est\u00e3o sendo solucionados.<\/p>\n<p class=\"texto-justificado\" style=\"text-align: justify;\">Segundo ele, o trecho pr\u00f3ximo \u00e0 Igrejinha do Sagrado Cora\u00e7\u00e3o de Jesus, no Centro da cidade, que havia cedido, j\u00e1 foi liberado. No local, est\u00e1 sendo feita uma obra do\u00a0<strong>Departamento Nacional de Infraestrutura de Transportes (DNIT).<\/strong>\u00a0J\u00e1 a rua Monsenhor Hip\u00f3lito, no bairro Canto da V\u00e1rzea, dever\u00e1 ser liberada at\u00e9 o final do dia.<\/p>\n<p class=\"texto-justificado\" style=\"text-align: justify;\">\u201cO nosso problema foi no trecho da obra do DNIT e outro ponto que foi causado por causa da obra de dois supermercados, mas n\u00e3o temos mais nenhum ponto de alagamento na cidade\u201d, afirma o\u00a0<strong>secret\u00e1rio<\/strong>, acrescentando que a Prefeitura Municipal continua vistoriando todos os trechos afetados.<\/p>\n<p class=\"texto-justificado\" style=\"text-align: justify;\">O secret\u00e1rio afirma ainda que o\u00a0<strong>trabalho preventivo\u00a0<\/strong>para evitar alagamentos na cidade iniciou em julho do ano passado, por meio da desobstru\u00e7\u00e3o de caneletas e bocas de lobo. \u201d Esse trabalho j\u00e1 tinha sido feito e todos os locais onde a gente costumava ter problema, n\u00e3o tivemos problema ontem\u201d, finaliza.<\/p>\n<p><img decoding=\"async\" class=\"aligncenter size-full wp-image-16432\" src=\"http:\/\/portalnpm.com\/wp-content\/uploads\/2020\/01\/IMG-20200110-WA0560.jpg\" alt=\"\" width=\"1024\" height=\"768\" \/><\/p>\n<p style=\"text-align: justify;\"><strong>Por:\u00a0<\/strong>Sandy Swamy e Nathalia Amaral \u2013 O Dia<\/p>\n","protected":false},"excerpt":{"rendered":"<p>O per\u00edodo chuvoso na cidade de\u00a0Picos, causa transtornos anualmente \u00e0 popula\u00e7\u00e3o. As ruas ficam alagadas, as resid\u00eancias constru\u00eddas em cima de morros, desabam, ou amea\u00e7am cair.\u00a0Na quarta-feira, 08, a esta\u00e7\u00e3o do munic\u00edpio, registrou apenas 6 mil\u00edmetros de chuva, mas o coordenador regional do Instituto Nacional de Meteorologia\u00a0(INMET), Eugenio Lopes, diz que visualmente, o n\u00famero pode &hellip;<\/p>\n","protected":false},"author":4,"featured_media":16430,"comment_status":"open","ping_status":"open","sticky":false,"template":"","format":"standard","meta":{"content-type":"","rop_custom_images_group":[],"rop_custom_messages_group":[],"rop_publish_now":"initial","rop_publish_now_accounts":{"facebook_2648258775420054_1618374048415101":""},"rop_publish_now_history":[],"rop_publish_now_status":"pending","footnotes":"","_jetpack_memberships_contains_paid_content":false},"categories":[113,109,127],"tags":[187,128,3489],"yoast_head":"<!-- This site is optimized with the Yoast SEO plugin v22.3 - https:\/\/yoast.com\/wordpress\/plugins\/seo\/ -->\n<title>Temporal que caiu em Picos pode ter atingido 100 mil\u00edmetros, diz coordenador do INMET - Portal NPM<\/title>\n<meta name=\"robots\" content=\"index, follow, max-snippet:-1, max-image-preview:large, max-video-preview:-1\" \/>\n<link rel=\"canonical\" href=\"https:\/\/portalnpm.com\/index.php\/2020\/01\/10\/temporal-que-caiu-em-picos-pode-ter-atingido-100-milimetros-diz-coordenador-do-inmet\/\" \/>\n<meta property=\"og:locale\" content=\"pt_BR\" \/>\n<meta property=\"og:type\" content=\"article\" \/>\n<meta property=\"og:title\" content=\"Temporal que caiu em Picos pode ter atingido 100 mil\u00edmetros, diz coordenador do INMET - Portal NPM\" \/>\n<meta property=\"og:description\" content=\"O per\u00edodo chuvoso na cidade de\u00a0Picos, causa transtornos anualmente \u00e0 popula\u00e7\u00e3o. As ruas ficam alagadas, as resid\u00eancias constru\u00eddas em cima de morros, desabam, ou amea\u00e7am cair.\u00a0Na quarta-feira, 08, a esta\u00e7\u00e3o do munic\u00edpio, registrou apenas 6 mil\u00edmetros de chuva, mas o coordenador regional do Instituto Nacional de Meteorologia\u00a0(INMET), Eugenio Lopes, diz que visualmente, o n\u00famero pode &hellip;\" \/>\n<meta property=\"og:url\" content=\"https:\/\/portalnpm.com\/index.php\/2020\/01\/10\/temporal-que-caiu-em-picos-pode-ter-atingido-100-milimetros-diz-coordenador-do-inmet\/\" \/>\n<meta property=\"og:site_name\" content=\"Portal NPM\" \/>\n<meta property=\"article:published_time\" content=\"2020-01-11T02:28:35+00:00\" \/>\n<meta name=\"author\" content=\"Reda\u00e7\u00e3o\" \/>\n<meta name=\"twitter:card\" content=\"summary_large_image\" \/>\n<meta name=\"twitter:label1\" content=\"Escrito por\" \/>\n\t<meta name=\"twitter:data1\" content=\"Reda\u00e7\u00e3o\" \/>\n\t<meta name=\"twitter:label2\" content=\"Est. tempo de leitura\" \/>\n\t<meta name=\"twitter:data2\" content=\"2 minutos\" \/>\n<script type=\"application\/ld+json\" class=\"yoast-schema-graph\">{\"@context\":\"https:\/\/schema.org\",\"@graph\":[{\"@type\":\"WebPage\",\"@id\":\"https:\/\/portalnpm.com\/index.php\/2020\/01\/10\/temporal-que-caiu-em-picos-pode-ter-atingido-100-milimetros-diz-coordenador-do-inmet\/\",\"url\":\"https:\/\/portalnpm.com\/index.php\/2020\/01\/10\/temporal-que-caiu-em-picos-pode-ter-atingido-100-milimetros-diz-coordenador-do-inmet\/\",\"name\":\"Temporal que caiu em Picos pode ter atingido 100 mil\u00edmetros, diz coordenador do INMET - Portal NPM\",\"isPartOf\":{\"@id\":\"https:\/\/portalnpm.com\/#website\"},\"primaryImageOfPage\":{\"@id\":\"https:\/\/portalnpm.com\/index.php\/2020\/01\/10\/temporal-que-caiu-em-picos-pode-ter-atingido-100-milimetros-diz-coordenador-do-inmet\/#primaryimage\"},\"image\":{\"@id\":\"https:\/\/portalnpm.com\/index.php\/2020\/01\/10\/temporal-que-caiu-em-picos-pode-ter-atingido-100-milimetros-diz-coordenador-do-inmet\/#primaryimage\"},\"thumbnailUrl\":\"\",\"datePublished\":\"2020-01-11T02:28:35+00:00\",\"dateModified\":\"2020-01-11T02:28:35+00:00\",\"author\":{\"@id\":\"https:\/\/portalnpm.com\/#\/schema\/person\/0b5f230ec96cee25504fa328e7f2b733\"},\"breadcrumb\":{\"@id\":\"https:\/\/portalnpm.com\/index.php\/2020\/01\/10\/temporal-que-caiu-em-picos-pode-ter-atingido-100-milimetros-diz-coordenador-do-inmet\/#breadcrumb\"},\"inLanguage\":\"pt-BR\",\"potentialAction\":[{\"@type\":\"ReadAction\",\"target\":[\"https:\/\/portalnpm.com\/index.php\/2020\/01\/10\/temporal-que-caiu-em-picos-pode-ter-atingido-100-milimetros-diz-coordenador-do-inmet\/\"]}]},{\"@type\":\"ImageObject\",\"inLanguage\":\"pt-BR\",\"@id\":\"https:\/\/portalnpm.com\/index.php\/2020\/01\/10\/temporal-que-caiu-em-picos-pode-ter-atingido-100-milimetros-diz-coordenador-do-inmet\/#primaryimage\",\"url\":\"\",\"contentUrl\":\"\"},{\"@type\":\"BreadcrumbList\",\"@id\":\"https:\/\/portalnpm.com\/index.php\/2020\/01\/10\/temporal-que-caiu-em-picos-pode-ter-atingido-100-milimetros-diz-coordenador-do-inmet\/#breadcrumb\",\"itemListElement\":[{\"@type\":\"ListItem\",\"position\":1,\"name\":\"In\u00edcio\",\"item\":\"https:\/\/portalnpm.com\/\"},{\"@type\":\"ListItem\",\"position\":2,\"name\":\"Temporal que caiu em Picos pode ter atingido 100 mil\u00edmetros, diz coordenador do INMET\"}]},{\"@type\":\"WebSite\",\"@id\":\"https:\/\/portalnpm.com\/#website\",\"url\":\"https:\/\/portalnpm.com\/\",\"name\":\"Portal NPM\",\"description\":\"Not\u00edcias em Primeira M\u00e3o\",\"potentialAction\":[{\"@type\":\"SearchAction\",\"target\":{\"@type\":\"EntryPoint\",\"urlTemplate\":\"https:\/\/portalnpm.com\/?s={search_term_string}\"},\"query-input\":\"required name=search_term_string\"}],\"inLanguage\":\"pt-BR\"},{\"@type\":\"Person\",\"@id\":\"https:\/\/portalnpm.com\/#\/schema\/person\/0b5f230ec96cee25504fa328e7f2b733\",\"name\":\"Reda\u00e7\u00e3o\",\"image\":{\"@type\":\"ImageObject\",\"inLanguage\":\"pt-BR\",\"@id\":\"https:\/\/portalnpm.com\/#\/schema\/person\/image\/\",\"url\":\"https:\/\/portalnpm.com\/wp-content\/uploads\/2024\/03\/avatar_user_4_1710097212-96x96.png\",\"contentUrl\":\"https:\/\/portalnpm.com\/wp-content\/uploads\/2024\/03\/avatar_user_4_1710097212-96x96.png\",\"caption\":\"Reda\u00e7\u00e3o\"},\"url\":\"https:\/\/portalnpm.com\/index.php\/author\/redacao\/\"}]}<\/script>\n<!-- \/ Yoast SEO plugin. -->","yoast_head_json":{"title":"Temporal que caiu em Picos pode ter atingido 100 mil\u00edmetros, diz coordenador do INMET - Portal NPM","robots":{"index":"index","follow":"follow","max-snippet":"max-snippet:-1","max-image-preview":"max-image-preview:large","max-video-preview":"max-video-preview:-1"},"canonical":"https:\/\/portalnpm.com\/index.php\/2020\/01\/10\/temporal-que-caiu-em-picos-pode-ter-atingido-100-milimetros-diz-coordenador-do-inmet\/","og_locale":"pt_BR","og_type":"article","og_title":"Temporal que caiu em Picos pode ter atingido 100 mil\u00edmetros, diz coordenador do INMET - Portal NPM","og_description":"O per\u00edodo chuvoso na cidade de\u00a0Picos, causa transtornos anualmente \u00e0 popula\u00e7\u00e3o. As ruas ficam alagadas, as resid\u00eancias constru\u00eddas em cima de morros, desabam, ou amea\u00e7am cair.\u00a0Na quarta-feira, 08, a esta\u00e7\u00e3o do munic\u00edpio, registrou apenas 6 mil\u00edmetros de chuva, mas o coordenador regional do Instituto Nacional de Meteorologia\u00a0(INMET), Eugenio Lopes, diz que visualmente, o n\u00famero pode &hellip;","og_url":"https:\/\/portalnpm.com\/index.php\/2020\/01\/10\/temporal-que-caiu-em-picos-pode-ter-atingido-100-milimetros-diz-coordenador-do-inmet\/","og_site_name":"Portal NPM","article_published_time":"2020-01-11T02:28:35+00:00","author":"Reda\u00e7\u00e3o","twitter_card":"summary_large_image","twitter_misc":{"Escrito por":"Reda\u00e7\u00e3o","Est. tempo de leitura":"2 minutos"},"schema":{"@context":"https:\/\/schema.org","@graph":[{"@type":"WebPage","@id":"https:\/\/portalnpm.com\/index.php\/2020\/01\/10\/temporal-que-caiu-em-picos-pode-ter-atingido-100-milimetros-diz-coordenador-do-inmet\/","url":"https:\/\/portalnpm.com\/index.php\/2020\/01\/10\/temporal-que-caiu-em-picos-pode-ter-atingido-100-milimetros-diz-coordenador-do-inmet\/","name":"Temporal que caiu em Picos pode ter atingido 100 mil\u00edmetros, diz coordenador do INMET - Portal NPM","isPartOf":{"@id":"https:\/\/portalnpm.com\/#website"},"primaryImageOfPage":{"@id":"https:\/\/portalnpm.com\/index.php\/2020\/01\/10\/temporal-que-caiu-em-picos-pode-ter-atingido-100-milimetros-diz-coordenador-do-inmet\/#primaryimage"},"image":{"@id":"https:\/\/portalnpm.com\/index.php\/2020\/01\/10\/temporal-que-caiu-em-picos-pode-ter-atingido-100-milimetros-diz-coordenador-do-inmet\/#primaryimage"},"thumbnailUrl":"","datePublished":"2020-01-11T02:28:35+00:00","dateModified":"2020-01-11T02:28:35+00:00","author":{"@id":"https:\/\/portalnpm.com\/#\/schema\/person\/0b5f230ec96cee25504fa328e7f2b733"},"breadcrumb":{"@id":"https:\/\/portalnpm.com\/index.php\/2020\/01\/10\/temporal-que-caiu-em-picos-pode-ter-atingido-100-milimetros-diz-coordenador-do-inmet\/#breadcrumb"},"inLanguage":"pt-BR","potentialAction":[{"@type":"ReadAction","target":["https:\/\/portalnpm.com\/index.php\/2020\/01\/10\/temporal-que-caiu-em-picos-pode-ter-atingido-100-milimetros-diz-coordenador-do-inmet\/"]}]},{"@type":"ImageObject","inLanguage":"pt-BR","@id":"https:\/\/portalnpm.com\/index.php\/2020\/01\/10\/temporal-que-caiu-em-picos-pode-ter-atingido-100-milimetros-diz-coordenador-do-inmet\/#primaryimage","url":"","contentUrl":""},{"@type":"BreadcrumbList","@id":"https:\/\/portalnpm.com\/index.php\/2020\/01\/10\/temporal-que-caiu-em-picos-pode-ter-atingido-100-milimetros-diz-coordenador-do-inmet\/#breadcrumb","itemListElement":[{"@type":"ListItem","position":1,"name":"In\u00edcio","item":"https:\/\/portalnpm.com\/"},{"@type":"ListItem","position":2,"name":"Temporal que caiu em Picos pode ter atingido 100 mil\u00edmetros, diz coordenador do INMET"}]},{"@type":"WebSite","@id":"https:\/\/portalnpm.com\/#website","url":"https:\/\/portalnpm.com\/","name":"Portal NPM","description":"Not\u00edcias em Primeira M\u00e3o","potentialAction":[{"@type":"SearchAction","target":{"@type":"EntryPoint","urlTemplate":"https:\/\/portalnpm.com\/?s={search_term_string}"},"query-input":"required name=search_term_string"}],"inLanguage":"pt-BR"},{"@type":"Person","@id":"https:\/\/portalnpm.com\/#\/schema\/person\/0b5f230ec96cee25504fa328e7f2b733","name":"Reda\u00e7\u00e3o","image":{"@type":"ImageObject","inLanguage":"pt-BR","@id":"https:\/\/portalnpm.com\/#\/schema\/person\/image\/","url":"https:\/\/portalnpm.com\/wp-content\/uploads\/2024\/03\/avatar_user_4_1710097212-96x96.png","contentUrl":"https:\/\/portalnpm.com\/wp-content\/uploads\/2024\/03\/avatar_user_4_1710097212-96x96.png","caption":"Reda\u00e7\u00e3o"},"url":"https:\/\/portalnpm.com\/index.php\/author\/redacao\/"}]}},"jetpack_sharing_enabled":true,"jetpack_featured_media_url":"","_links":{"self":[{"href":"https:\/\/portalnpm.com\/index.php\/wp-json\/wp\/v2\/posts\/16429"}],"collection":[{"href":"https:\/\/portalnpm.com\/index.php\/wp-json\/wp\/v2\/posts"}],"about":[{"href":"https:\/\/portalnpm.com\/index.php\/wp-json\/wp\/v2\/types\/post"}],"author":[{"embeddable":true,"href":"https:\/\/portalnpm.com\/index.php\/wp-json\/wp\/v2\/users\/4"}],"replies":[{"embeddable":true,"href":"https:\/\/portalnpm.com\/index.php\/wp-json\/wp\/v2\/comments?post=16429"}],"version-history":[{"count":0,"href":"https:\/\/portalnpm.com\/index.php\/wp-json\/wp\/v2\/posts\/16429\/revisions"}],"wp:featuredmedia":[{"embeddable":true,"href":"https:\/\/portalnpm.com\/index.php\/wp-json\/"}],"wp:attachment":[{"href":"https:\/\/portalnpm.com\/index.php\/wp-json\/wp\/v2\/media?parent=16429"}],"wp:term":[{"taxonomy":"category","embeddable":true,"href":"https:\/\/portalnpm.com\/index.php\/wp-json\/wp\/v2\/categories?post=16429"},{"taxonomy":"post_tag","embeddable":true,"href":"https:\/\/portalnpm.com\/index.php\/wp-json\/wp\/v2\/tags?post=16429"}],"curies":[{"name":"wp","href":"https:\/\/api.w.org\/{rel}","templated":true}]}}