{"id":16762,"date":"2020-01-14T09:23:31","date_gmt":"2020-01-14T12:23:31","guid":{"rendered":"http:\/\/srv.portalnpm.com.br\/?p=16762"},"modified":"2020-01-14T09:23:31","modified_gmt":"2020-01-14T12:23:31","slug":"picos-e-a-quinta-cidade-do-interior-mais-violenta","status":"publish","type":"post","link":"https:\/\/portalnpm.com\/index.php\/2020\/01\/14\/picos-e-a-quinta-cidade-do-interior-mais-violenta\/","title":{"rendered":"Picos \u00e9 a quinta cidade do interior mais violenta"},"content":{"rendered":"<p style=\"text-align: justify;\">Dados do Secretaria Estadual de Seguran\u00e7a revelam que 18 munic\u00edpios concentram 51,5% das Mortes Violentas Intencionais<\/p>\n<p style=\"text-align: justify;\">Dados do Relat\u00f3rio de Criminalidade divulgado nesta segunda-feira (13) pela Secretaria Estadual de Seguran\u00e7a\u00a0 revelam que 18 munic\u00edpios do Piau\u00ed concentram 51,5% das Mortes Violentas Intencionais (MVIs) registradas no interior do estado em 2019.<\/p>\n<p style=\"text-align: justify;\">No interior do Estado foram contabilizadas 178 mortes violentas. A cidade onde houve mais registros foi Parna\u00edba[28], seguida de Piripiri [20], Cocal [13], Esperantina [12] e Picos [12], quinta cidade com maior n\u00famero de casos.<\/p>\n<p style=\"text-align: justify;\">O percentual de mortes violentas no interior do Estado \u00e9 16,77% maior que as contabilizadas em 2018. Para o delegado geral Luccy Keikko o acr\u00e9scimo \u00e9 \u201cjustific\u00e1vel\u201d e disse que nem todas as mortes registradas configuram crime.<\/p>\n<p style=\"text-align: justify;\">&#8220;Cabe destacar que nesse ano contabilizamos toda ou qualquer morte violenta independente dessa morte configurar crime. Por exemplo, registramos nove mortes que aconteceram na cidade de Cocal,onde assaltantes de banco foram mortos em confronto com a pol\u00edcia<strong>.<\/strong>\u00a0Elas foram contabilizadas nesse n\u00famero, mesmo n\u00e3o sendo crime.\u00a0 Lembrando em 2018 houve uma redu\u00e7\u00e3o bem significativa fora dos parametros no interior. entao esse pequeno acr\u00e9scimo \u00e9 justific\u00e1vel\u201d, disse ao\u00a0<em>Cidadeverde.com<\/em>.<\/p>\n<p style=\"text-align: justify;\">O delegado geral afirma que a\u00e7\u00f5es para combate \u00e0 criminalidade no interior do Estado ser\u00e3o intensificadas.<\/p>\n<p style=\"text-align: justify;\">\u201cVamos agir com a\u00e7\u00f5es voltadas para o interior. Nossa meta \u00e9\u00a0 reduzir mais e mais e conseguir uma redu\u00e7\u00e3o significativa\u201d,disse o delegado.<\/p>\n<p><img fetchpriority=\"high\" decoding=\"async\" class=\"alignnone size-full wp-image-16763\" src=\"http:\/\/portalnpm.com\/wp-content\/uploads\/2020\/01\/08-22-26-2d1c7d523098df9b2a27959fb2385fe6.jpg\" alt=\"\" width=\"790\" height=\"441\" \/><\/p>\n<p><strong>Fonte: Cidade Verde<\/strong><\/p>\n","protected":false},"excerpt":{"rendered":"<p>Dados do Secretaria Estadual de Seguran\u00e7a revelam que 18 munic\u00edpios concentram 51,5% das Mortes Violentas Intencionais Dados do Relat\u00f3rio de Criminalidade divulgado nesta segunda-feira (13) pela Secretaria Estadual de Seguran\u00e7a\u00a0 revelam que 18 munic\u00edpios do Piau\u00ed concentram 51,5% das Mortes Violentas Intencionais (MVIs) registradas no interior do estado em 2019. No interior do Estado foram &hellip;<\/p>\n","protected":false},"author":3,"featured_media":16764,"comment_status":"open","ping_status":"open","sticky":false,"template":"","format":"standard","meta":{"content-type":"","rop_custom_images_group":[],"rop_custom_messages_group":[],"rop_publish_now":"initial","rop_publish_now_accounts":{"facebook_2648258775420054_1618374048415101":""},"rop_publish_now_history":[],"rop_publish_now_status":"pending","footnotes":"","_jetpack_memberships_contains_paid_content":false},"categories":[113,109,127],"tags":[1198,128,3698],"yoast_head":"<!-- This site is optimized with the Yoast SEO plugin v22.3 - https:\/\/yoast.com\/wordpress\/plugins\/seo\/ -->\n<title>Picos \u00e9 a quinta cidade do interior mais violenta - Portal NPM<\/title>\n<meta name=\"robots\" content=\"index, follow, max-snippet:-1, max-image-preview:large, max-video-preview:-1\" \/>\n<link rel=\"canonical\" href=\"https:\/\/portalnpm.com\/index.php\/2020\/01\/14\/picos-e-a-quinta-cidade-do-interior-mais-violenta\/\" \/>\n<meta property=\"og:locale\" content=\"pt_BR\" \/>\n<meta property=\"og:type\" content=\"article\" \/>\n<meta property=\"og:title\" content=\"Picos \u00e9 a quinta cidade do interior mais violenta - Portal NPM\" \/>\n<meta property=\"og:description\" content=\"Dados do Secretaria Estadual de Seguran\u00e7a revelam que 18 munic\u00edpios concentram 51,5% das Mortes Violentas Intencionais Dados do Relat\u00f3rio de Criminalidade divulgado nesta segunda-feira (13) pela Secretaria Estadual de Seguran\u00e7a\u00a0 revelam que 18 munic\u00edpios do Piau\u00ed concentram 51,5% das Mortes Violentas Intencionais (MVIs) registradas no interior do estado em 2019. No interior do Estado foram &hellip;\" \/>\n<meta property=\"og:url\" content=\"https:\/\/portalnpm.com\/index.php\/2020\/01\/14\/picos-e-a-quinta-cidade-do-interior-mais-violenta\/\" \/>\n<meta property=\"og:site_name\" content=\"Portal NPM\" \/>\n<meta property=\"article:published_time\" content=\"2020-01-14T12:23:31+00:00\" \/>\n<meta name=\"author\" content=\"Luis Alberto\" \/>\n<meta name=\"twitter:card\" content=\"summary_large_image\" \/>\n<meta name=\"twitter:label1\" content=\"Escrito por\" \/>\n\t<meta name=\"twitter:data1\" content=\"Luis Alberto\" \/>\n\t<meta name=\"twitter:label2\" content=\"Est. tempo de leitura\" \/>\n\t<meta name=\"twitter:data2\" content=\"1 minuto\" \/>\n<script type=\"application\/ld+json\" class=\"yoast-schema-graph\">{\"@context\":\"https:\/\/schema.org\",\"@graph\":[{\"@type\":\"WebPage\",\"@id\":\"https:\/\/portalnpm.com\/index.php\/2020\/01\/14\/picos-e-a-quinta-cidade-do-interior-mais-violenta\/\",\"url\":\"https:\/\/portalnpm.com\/index.php\/2020\/01\/14\/picos-e-a-quinta-cidade-do-interior-mais-violenta\/\",\"name\":\"Picos \u00e9 a quinta cidade do interior mais violenta - Portal NPM\",\"isPartOf\":{\"@id\":\"https:\/\/portalnpm.com\/#website\"},\"primaryImageOfPage\":{\"@id\":\"https:\/\/portalnpm.com\/index.php\/2020\/01\/14\/picos-e-a-quinta-cidade-do-interior-mais-violenta\/#primaryimage\"},\"image\":{\"@id\":\"https:\/\/portalnpm.com\/index.php\/2020\/01\/14\/picos-e-a-quinta-cidade-do-interior-mais-violenta\/#primaryimage\"},\"thumbnailUrl\":\"\",\"datePublished\":\"2020-01-14T12:23:31+00:00\",\"dateModified\":\"2020-01-14T12:23:31+00:00\",\"author\":{\"@id\":\"https:\/\/portalnpm.com\/#\/schema\/person\/5c8006acdf71774cd4e7a5ab98482152\"},\"breadcrumb\":{\"@id\":\"https:\/\/portalnpm.com\/index.php\/2020\/01\/14\/picos-e-a-quinta-cidade-do-interior-mais-violenta\/#breadcrumb\"},\"inLanguage\":\"pt-BR\",\"potentialAction\":[{\"@type\":\"ReadAction\",\"target\":[\"https:\/\/portalnpm.com\/index.php\/2020\/01\/14\/picos-e-a-quinta-cidade-do-interior-mais-violenta\/\"]}]},{\"@type\":\"ImageObject\",\"inLanguage\":\"pt-BR\",\"@id\":\"https:\/\/portalnpm.com\/index.php\/2020\/01\/14\/picos-e-a-quinta-cidade-do-interior-mais-violenta\/#primaryimage\",\"url\":\"\",\"contentUrl\":\"\"},{\"@type\":\"BreadcrumbList\",\"@id\":\"https:\/\/portalnpm.com\/index.php\/2020\/01\/14\/picos-e-a-quinta-cidade-do-interior-mais-violenta\/#breadcrumb\",\"itemListElement\":[{\"@type\":\"ListItem\",\"position\":1,\"name\":\"In\u00edcio\",\"item\":\"https:\/\/portalnpm.com\/\"},{\"@type\":\"ListItem\",\"position\":2,\"name\":\"Picos \u00e9 a quinta cidade do interior mais violenta\"}]},{\"@type\":\"WebSite\",\"@id\":\"https:\/\/portalnpm.com\/#website\",\"url\":\"https:\/\/portalnpm.com\/\",\"name\":\"Portal NPM\",\"description\":\"Not\u00edcias em Primeira M\u00e3o\",\"potentialAction\":[{\"@type\":\"SearchAction\",\"target\":{\"@type\":\"EntryPoint\",\"urlTemplate\":\"https:\/\/portalnpm.com\/?s={search_term_string}\"},\"query-input\":\"required name=search_term_string\"}],\"inLanguage\":\"pt-BR\"},{\"@type\":\"Person\",\"@id\":\"https:\/\/portalnpm.com\/#\/schema\/person\/5c8006acdf71774cd4e7a5ab98482152\",\"name\":\"Luis Alberto\",\"image\":{\"@type\":\"ImageObject\",\"inLanguage\":\"pt-BR\",\"@id\":\"https:\/\/portalnpm.com\/#\/schema\/person\/image\/\",\"url\":\"https:\/\/portalnpm.com\/wp-content\/uploads\/2024\/12\/avatar_user_3_1734699769-96x96.jpeg\",\"contentUrl\":\"https:\/\/portalnpm.com\/wp-content\/uploads\/2024\/12\/avatar_user_3_1734699769-96x96.jpeg\",\"caption\":\"Luis Alberto\"},\"description\":\"Editor-geral do Portal NPM, \u00e9 formado como T\u00e9cnico em Seguran\u00e7a do Trabalho pela Escola Metropolitana de Cursos T\u00e9cnicos. Det\u00e9m ainda licenciatura em Educa\u00e7\u00e3o F\u00edsica e bacharelado em Ci\u00eancias Pol\u00edticas, ambos obtidos pela institui\u00e7\u00e3o Anhanguera\/UNOPAR.\",\"url\":\"https:\/\/portalnpm.com\/index.php\/author\/pereira\/\"}]}<\/script>\n<!-- \/ Yoast SEO plugin. -->","yoast_head_json":{"title":"Picos \u00e9 a quinta cidade do interior mais violenta - Portal NPM","robots":{"index":"index","follow":"follow","max-snippet":"max-snippet:-1","max-image-preview":"max-image-preview:large","max-video-preview":"max-video-preview:-1"},"canonical":"https:\/\/portalnpm.com\/index.php\/2020\/01\/14\/picos-e-a-quinta-cidade-do-interior-mais-violenta\/","og_locale":"pt_BR","og_type":"article","og_title":"Picos \u00e9 a quinta cidade do interior mais violenta - Portal NPM","og_description":"Dados do Secretaria Estadual de Seguran\u00e7a revelam que 18 munic\u00edpios concentram 51,5% das Mortes Violentas Intencionais Dados do Relat\u00f3rio de Criminalidade divulgado nesta segunda-feira (13) pela Secretaria Estadual de Seguran\u00e7a\u00a0 revelam que 18 munic\u00edpios do Piau\u00ed concentram 51,5% das Mortes Violentas Intencionais (MVIs) registradas no interior do estado em 2019. No interior do Estado foram &hellip;","og_url":"https:\/\/portalnpm.com\/index.php\/2020\/01\/14\/picos-e-a-quinta-cidade-do-interior-mais-violenta\/","og_site_name":"Portal NPM","article_published_time":"2020-01-14T12:23:31+00:00","author":"Luis Alberto","twitter_card":"summary_large_image","twitter_misc":{"Escrito por":"Luis Alberto","Est. tempo de leitura":"1 minuto"},"schema":{"@context":"https:\/\/schema.org","@graph":[{"@type":"WebPage","@id":"https:\/\/portalnpm.com\/index.php\/2020\/01\/14\/picos-e-a-quinta-cidade-do-interior-mais-violenta\/","url":"https:\/\/portalnpm.com\/index.php\/2020\/01\/14\/picos-e-a-quinta-cidade-do-interior-mais-violenta\/","name":"Picos \u00e9 a quinta cidade do interior mais violenta - Portal NPM","isPartOf":{"@id":"https:\/\/portalnpm.com\/#website"},"primaryImageOfPage":{"@id":"https:\/\/portalnpm.com\/index.php\/2020\/01\/14\/picos-e-a-quinta-cidade-do-interior-mais-violenta\/#primaryimage"},"image":{"@id":"https:\/\/portalnpm.com\/index.php\/2020\/01\/14\/picos-e-a-quinta-cidade-do-interior-mais-violenta\/#primaryimage"},"thumbnailUrl":"","datePublished":"2020-01-14T12:23:31+00:00","dateModified":"2020-01-14T12:23:31+00:00","author":{"@id":"https:\/\/portalnpm.com\/#\/schema\/person\/5c8006acdf71774cd4e7a5ab98482152"},"breadcrumb":{"@id":"https:\/\/portalnpm.com\/index.php\/2020\/01\/14\/picos-e-a-quinta-cidade-do-interior-mais-violenta\/#breadcrumb"},"inLanguage":"pt-BR","potentialAction":[{"@type":"ReadAction","target":["https:\/\/portalnpm.com\/index.php\/2020\/01\/14\/picos-e-a-quinta-cidade-do-interior-mais-violenta\/"]}]},{"@type":"ImageObject","inLanguage":"pt-BR","@id":"https:\/\/portalnpm.com\/index.php\/2020\/01\/14\/picos-e-a-quinta-cidade-do-interior-mais-violenta\/#primaryimage","url":"","contentUrl":""},{"@type":"BreadcrumbList","@id":"https:\/\/portalnpm.com\/index.php\/2020\/01\/14\/picos-e-a-quinta-cidade-do-interior-mais-violenta\/#breadcrumb","itemListElement":[{"@type":"ListItem","position":1,"name":"In\u00edcio","item":"https:\/\/portalnpm.com\/"},{"@type":"ListItem","position":2,"name":"Picos \u00e9 a quinta cidade do interior mais violenta"}]},{"@type":"WebSite","@id":"https:\/\/portalnpm.com\/#website","url":"https:\/\/portalnpm.com\/","name":"Portal NPM","description":"Not\u00edcias em Primeira M\u00e3o","potentialAction":[{"@type":"SearchAction","target":{"@type":"EntryPoint","urlTemplate":"https:\/\/portalnpm.com\/?s={search_term_string}"},"query-input":"required name=search_term_string"}],"inLanguage":"pt-BR"},{"@type":"Person","@id":"https:\/\/portalnpm.com\/#\/schema\/person\/5c8006acdf71774cd4e7a5ab98482152","name":"Luis Alberto","image":{"@type":"ImageObject","inLanguage":"pt-BR","@id":"https:\/\/portalnpm.com\/#\/schema\/person\/image\/","url":"https:\/\/portalnpm.com\/wp-content\/uploads\/2024\/12\/avatar_user_3_1734699769-96x96.jpeg","contentUrl":"https:\/\/portalnpm.com\/wp-content\/uploads\/2024\/12\/avatar_user_3_1734699769-96x96.jpeg","caption":"Luis Alberto"},"description":"Editor-geral do Portal NPM, \u00e9 formado como T\u00e9cnico em Seguran\u00e7a do Trabalho pela Escola Metropolitana de Cursos T\u00e9cnicos. Det\u00e9m ainda licenciatura em Educa\u00e7\u00e3o F\u00edsica e bacharelado em Ci\u00eancias Pol\u00edticas, ambos obtidos pela institui\u00e7\u00e3o Anhanguera\/UNOPAR.","url":"https:\/\/portalnpm.com\/index.php\/author\/pereira\/"}]}},"jetpack_sharing_enabled":true,"jetpack_featured_media_url":"","_links":{"self":[{"href":"https:\/\/portalnpm.com\/index.php\/wp-json\/wp\/v2\/posts\/16762"}],"collection":[{"href":"https:\/\/portalnpm.com\/index.php\/wp-json\/wp\/v2\/posts"}],"about":[{"href":"https:\/\/portalnpm.com\/index.php\/wp-json\/wp\/v2\/types\/post"}],"author":[{"embeddable":true,"href":"https:\/\/portalnpm.com\/index.php\/wp-json\/wp\/v2\/users\/3"}],"replies":[{"embeddable":true,"href":"https:\/\/portalnpm.com\/index.php\/wp-json\/wp\/v2\/comments?post=16762"}],"version-history":[{"count":0,"href":"https:\/\/portalnpm.com\/index.php\/wp-json\/wp\/v2\/posts\/16762\/revisions"}],"wp:featuredmedia":[{"embeddable":true,"href":"https:\/\/portalnpm.com\/index.php\/wp-json\/"}],"wp:attachment":[{"href":"https:\/\/portalnpm.com\/index.php\/wp-json\/wp\/v2\/media?parent=16762"}],"wp:term":[{"taxonomy":"category","embeddable":true,"href":"https:\/\/portalnpm.com\/index.php\/wp-json\/wp\/v2\/categories?post=16762"},{"taxonomy":"post_tag","embeddable":true,"href":"https:\/\/portalnpm.com\/index.php\/wp-json\/wp\/v2\/tags?post=16762"}],"curies":[{"name":"wp","href":"https:\/\/api.w.org\/{rel}","templated":true}]}}