{"id":16792,"date":"2020-01-16T14:34:02","date_gmt":"2020-01-16T17:34:02","guid":{"rendered":"http:\/\/srv.portalnpm.com.br\/?p=16792"},"modified":"2020-01-16T14:34:02","modified_gmt":"2020-01-16T17:34:02","slug":"governador-wellington-dias-diz-que-grupo-de-partidos-decidira-sucessao-em-picos","status":"publish","type":"post","link":"https:\/\/portalnpm.com\/index.php\/2020\/01\/16\/governador-wellington-dias-diz-que-grupo-de-partidos-decidira-sucessao-em-picos\/","title":{"rendered":"Governador Wellington Dias diz que grupo de partidos decidir\u00e1 sucess\u00e3o em Picos"},"content":{"rendered":"<p class=\"texto-justificado\" style=\"text-align: justify;\">O governador Wellington Dias (PT) afirma que o PT e o grupo de partidos aliados, na cidade de Picos, conseguir\u00e3o chegar a um entendimento sobre a sucess\u00e3o municipal. O prefeito Padre Walmir defende o nome da jornalista Maria Santana, por\u00e9m, l\u00edderes petistas querem a candidatura do\u00a0 empres\u00e1rio Araujinho.<\/p>\n<p style=\"text-align: justify;\">\n<p class=\"texto-justificado\" style=\"text-align: justify;\">Padre Walmir n\u00e3o tomar\u00e1 a decis\u00e3o sozinho. \u201cO que acompanho junto com a dire\u00e7\u00e3o do partido e\u00a0 com os l\u00edderes \u00e9 que est\u00e1\u00a0 muito pr\u00f3ximo de um entendimento. Vai ser pela via do di\u00e1logo. N\u00e3o tem outro caminho. Acho que conseguiremos do ponto de vista do PT. L\u00e1 \u00e9 uma regi\u00e3o em que fui apoiado por v\u00e1rios setores e vou apoiar. Do ponto de vista da estrat\u00e9gia do PT e de outros partidos com os quais temos o di\u00e1logo, haver\u00e1 o entendimento nos pr\u00f3ximos dias. O prefeito \u00e9 um l\u00edder importante e destacado, mas n\u00e3o \u00e9 s\u00f3 ele. Ele sabe que existem outros atores para a tomada de decis\u00e3o\u201d, disse.<\/p>\n<p style=\"text-align: justify;\"><strong>Fonte: L\u00eddia Brito\/Cidade Verde<\/strong><\/p>\n","protected":false},"excerpt":{"rendered":"<p>O governador Wellington Dias (PT) afirma que o PT e o grupo de partidos aliados, na cidade de Picos, conseguir\u00e3o chegar a um entendimento sobre a sucess\u00e3o municipal. O prefeito Padre Walmir defende o nome da jornalista Maria Santana, por\u00e9m, l\u00edderes petistas querem a candidatura do\u00a0 empres\u00e1rio Araujinho. Padre Walmir n\u00e3o tomar\u00e1 a decis\u00e3o sozinho. &hellip;<\/p>\n","protected":false},"author":3,"featured_media":16793,"comment_status":"open","ping_status":"open","sticky":false,"template":"","format":"standard","meta":{"content-type":"","rop_custom_images_group":[],"rop_custom_messages_group":[],"rop_publish_now":"initial","rop_publish_now_accounts":{"facebook_2648258775420054_1618374048415101":""},"rop_publish_now_history":[],"rop_publish_now_status":"pending","footnotes":"","_jetpack_memberships_contains_paid_content":false},"categories":[113,109,127,130],"tags":[402,592,128,407],"yoast_head":"<!-- This site is optimized with the Yoast SEO plugin v22.3 - https:\/\/yoast.com\/wordpress\/plugins\/seo\/ -->\n<title>Governador Wellington Dias diz que grupo de partidos decidir\u00e1 sucess\u00e3o em Picos - Portal NPM<\/title>\n<meta name=\"robots\" content=\"index, follow, max-snippet:-1, max-image-preview:large, max-video-preview:-1\" \/>\n<link rel=\"canonical\" href=\"https:\/\/portalnpm.com\/index.php\/2020\/01\/16\/governador-wellington-dias-diz-que-grupo-de-partidos-decidira-sucessao-em-picos\/\" \/>\n<meta property=\"og:locale\" content=\"pt_BR\" \/>\n<meta property=\"og:type\" content=\"article\" \/>\n<meta property=\"og:title\" content=\"Governador Wellington Dias diz que grupo de partidos decidir\u00e1 sucess\u00e3o em Picos - Portal NPM\" \/>\n<meta property=\"og:description\" content=\"O governador Wellington Dias (PT) afirma que o PT e o grupo de partidos aliados, na cidade de Picos, conseguir\u00e3o chegar a um entendimento sobre a sucess\u00e3o municipal. O prefeito Padre Walmir defende o nome da jornalista Maria Santana, por\u00e9m, l\u00edderes petistas querem a candidatura do\u00a0 empres\u00e1rio Araujinho. Padre Walmir n\u00e3o tomar\u00e1 a decis\u00e3o sozinho. &hellip;\" \/>\n<meta property=\"og:url\" content=\"https:\/\/portalnpm.com\/index.php\/2020\/01\/16\/governador-wellington-dias-diz-que-grupo-de-partidos-decidira-sucessao-em-picos\/\" \/>\n<meta property=\"og:site_name\" content=\"Portal NPM\" \/>\n<meta property=\"article:published_time\" content=\"2020-01-16T17:34:02+00:00\" \/>\n<meta name=\"author\" content=\"Luis Alberto\" \/>\n<meta name=\"twitter:card\" content=\"summary_large_image\" \/>\n<meta name=\"twitter:label1\" content=\"Escrito por\" \/>\n\t<meta name=\"twitter:data1\" content=\"Luis Alberto\" \/>\n\t<meta name=\"twitter:label2\" content=\"Est. tempo de leitura\" \/>\n\t<meta name=\"twitter:data2\" content=\"1 minuto\" \/>\n<script type=\"application\/ld+json\" class=\"yoast-schema-graph\">{\"@context\":\"https:\/\/schema.org\",\"@graph\":[{\"@type\":\"WebPage\",\"@id\":\"https:\/\/portalnpm.com\/index.php\/2020\/01\/16\/governador-wellington-dias-diz-que-grupo-de-partidos-decidira-sucessao-em-picos\/\",\"url\":\"https:\/\/portalnpm.com\/index.php\/2020\/01\/16\/governador-wellington-dias-diz-que-grupo-de-partidos-decidira-sucessao-em-picos\/\",\"name\":\"Governador Wellington Dias diz que grupo de partidos decidir\u00e1 sucess\u00e3o em Picos - Portal NPM\",\"isPartOf\":{\"@id\":\"https:\/\/portalnpm.com\/#website\"},\"primaryImageOfPage\":{\"@id\":\"https:\/\/portalnpm.com\/index.php\/2020\/01\/16\/governador-wellington-dias-diz-que-grupo-de-partidos-decidira-sucessao-em-picos\/#primaryimage\"},\"image\":{\"@id\":\"https:\/\/portalnpm.com\/index.php\/2020\/01\/16\/governador-wellington-dias-diz-que-grupo-de-partidos-decidira-sucessao-em-picos\/#primaryimage\"},\"thumbnailUrl\":\"\",\"datePublished\":\"2020-01-16T17:34:02+00:00\",\"dateModified\":\"2020-01-16T17:34:02+00:00\",\"author\":{\"@id\":\"https:\/\/portalnpm.com\/#\/schema\/person\/5c8006acdf71774cd4e7a5ab98482152\"},\"breadcrumb\":{\"@id\":\"https:\/\/portalnpm.com\/index.php\/2020\/01\/16\/governador-wellington-dias-diz-que-grupo-de-partidos-decidira-sucessao-em-picos\/#breadcrumb\"},\"inLanguage\":\"pt-BR\",\"potentialAction\":[{\"@type\":\"ReadAction\",\"target\":[\"https:\/\/portalnpm.com\/index.php\/2020\/01\/16\/governador-wellington-dias-diz-que-grupo-de-partidos-decidira-sucessao-em-picos\/\"]}]},{\"@type\":\"ImageObject\",\"inLanguage\":\"pt-BR\",\"@id\":\"https:\/\/portalnpm.com\/index.php\/2020\/01\/16\/governador-wellington-dias-diz-que-grupo-de-partidos-decidira-sucessao-em-picos\/#primaryimage\",\"url\":\"\",\"contentUrl\":\"\"},{\"@type\":\"BreadcrumbList\",\"@id\":\"https:\/\/portalnpm.com\/index.php\/2020\/01\/16\/governador-wellington-dias-diz-que-grupo-de-partidos-decidira-sucessao-em-picos\/#breadcrumb\",\"itemListElement\":[{\"@type\":\"ListItem\",\"position\":1,\"name\":\"In\u00edcio\",\"item\":\"https:\/\/portalnpm.com\/\"},{\"@type\":\"ListItem\",\"position\":2,\"name\":\"Governador Wellington Dias diz que grupo de partidos decidir\u00e1 sucess\u00e3o em Picos\"}]},{\"@type\":\"WebSite\",\"@id\":\"https:\/\/portalnpm.com\/#website\",\"url\":\"https:\/\/portalnpm.com\/\",\"name\":\"Portal NPM\",\"description\":\"Not\u00edcias em Primeira M\u00e3o\",\"potentialAction\":[{\"@type\":\"SearchAction\",\"target\":{\"@type\":\"EntryPoint\",\"urlTemplate\":\"https:\/\/portalnpm.com\/?s={search_term_string}\"},\"query-input\":\"required name=search_term_string\"}],\"inLanguage\":\"pt-BR\"},{\"@type\":\"Person\",\"@id\":\"https:\/\/portalnpm.com\/#\/schema\/person\/5c8006acdf71774cd4e7a5ab98482152\",\"name\":\"Luis Alberto\",\"image\":{\"@type\":\"ImageObject\",\"inLanguage\":\"pt-BR\",\"@id\":\"https:\/\/portalnpm.com\/#\/schema\/person\/image\/\",\"url\":\"https:\/\/portalnpm.com\/wp-content\/uploads\/2024\/12\/avatar_user_3_1734699769-96x96.jpeg\",\"contentUrl\":\"https:\/\/portalnpm.com\/wp-content\/uploads\/2024\/12\/avatar_user_3_1734699769-96x96.jpeg\",\"caption\":\"Luis Alberto\"},\"description\":\"Editor-geral do Portal NPM, \u00e9 formado como T\u00e9cnico em Seguran\u00e7a do Trabalho pela Escola Metropolitana de Cursos T\u00e9cnicos. Det\u00e9m ainda licenciatura em Educa\u00e7\u00e3o F\u00edsica e bacharelado em Ci\u00eancias Pol\u00edticas, ambos obtidos pela institui\u00e7\u00e3o Anhanguera\/UNOPAR.\",\"url\":\"https:\/\/portalnpm.com\/index.php\/author\/pereira\/\"}]}<\/script>\n<!-- \/ Yoast SEO plugin. -->","yoast_head_json":{"title":"Governador Wellington Dias diz que grupo de partidos decidir\u00e1 sucess\u00e3o em Picos - Portal NPM","robots":{"index":"index","follow":"follow","max-snippet":"max-snippet:-1","max-image-preview":"max-image-preview:large","max-video-preview":"max-video-preview:-1"},"canonical":"https:\/\/portalnpm.com\/index.php\/2020\/01\/16\/governador-wellington-dias-diz-que-grupo-de-partidos-decidira-sucessao-em-picos\/","og_locale":"pt_BR","og_type":"article","og_title":"Governador Wellington Dias diz que grupo de partidos decidir\u00e1 sucess\u00e3o em Picos - Portal NPM","og_description":"O governador Wellington Dias (PT) afirma que o PT e o grupo de partidos aliados, na cidade de Picos, conseguir\u00e3o chegar a um entendimento sobre a sucess\u00e3o municipal. O prefeito Padre Walmir defende o nome da jornalista Maria Santana, por\u00e9m, l\u00edderes petistas querem a candidatura do\u00a0 empres\u00e1rio Araujinho. Padre Walmir n\u00e3o tomar\u00e1 a decis\u00e3o sozinho. &hellip;","og_url":"https:\/\/portalnpm.com\/index.php\/2020\/01\/16\/governador-wellington-dias-diz-que-grupo-de-partidos-decidira-sucessao-em-picos\/","og_site_name":"Portal NPM","article_published_time":"2020-01-16T17:34:02+00:00","author":"Luis Alberto","twitter_card":"summary_large_image","twitter_misc":{"Escrito por":"Luis Alberto","Est. tempo de leitura":"1 minuto"},"schema":{"@context":"https:\/\/schema.org","@graph":[{"@type":"WebPage","@id":"https:\/\/portalnpm.com\/index.php\/2020\/01\/16\/governador-wellington-dias-diz-que-grupo-de-partidos-decidira-sucessao-em-picos\/","url":"https:\/\/portalnpm.com\/index.php\/2020\/01\/16\/governador-wellington-dias-diz-que-grupo-de-partidos-decidira-sucessao-em-picos\/","name":"Governador Wellington Dias diz que grupo de partidos decidir\u00e1 sucess\u00e3o em Picos - Portal NPM","isPartOf":{"@id":"https:\/\/portalnpm.com\/#website"},"primaryImageOfPage":{"@id":"https:\/\/portalnpm.com\/index.php\/2020\/01\/16\/governador-wellington-dias-diz-que-grupo-de-partidos-decidira-sucessao-em-picos\/#primaryimage"},"image":{"@id":"https:\/\/portalnpm.com\/index.php\/2020\/01\/16\/governador-wellington-dias-diz-que-grupo-de-partidos-decidira-sucessao-em-picos\/#primaryimage"},"thumbnailUrl":"","datePublished":"2020-01-16T17:34:02+00:00","dateModified":"2020-01-16T17:34:02+00:00","author":{"@id":"https:\/\/portalnpm.com\/#\/schema\/person\/5c8006acdf71774cd4e7a5ab98482152"},"breadcrumb":{"@id":"https:\/\/portalnpm.com\/index.php\/2020\/01\/16\/governador-wellington-dias-diz-que-grupo-de-partidos-decidira-sucessao-em-picos\/#breadcrumb"},"inLanguage":"pt-BR","potentialAction":[{"@type":"ReadAction","target":["https:\/\/portalnpm.com\/index.php\/2020\/01\/16\/governador-wellington-dias-diz-que-grupo-de-partidos-decidira-sucessao-em-picos\/"]}]},{"@type":"ImageObject","inLanguage":"pt-BR","@id":"https:\/\/portalnpm.com\/index.php\/2020\/01\/16\/governador-wellington-dias-diz-que-grupo-de-partidos-decidira-sucessao-em-picos\/#primaryimage","url":"","contentUrl":""},{"@type":"BreadcrumbList","@id":"https:\/\/portalnpm.com\/index.php\/2020\/01\/16\/governador-wellington-dias-diz-que-grupo-de-partidos-decidira-sucessao-em-picos\/#breadcrumb","itemListElement":[{"@type":"ListItem","position":1,"name":"In\u00edcio","item":"https:\/\/portalnpm.com\/"},{"@type":"ListItem","position":2,"name":"Governador Wellington Dias diz que grupo de partidos decidir\u00e1 sucess\u00e3o em Picos"}]},{"@type":"WebSite","@id":"https:\/\/portalnpm.com\/#website","url":"https:\/\/portalnpm.com\/","name":"Portal NPM","description":"Not\u00edcias em Primeira M\u00e3o","potentialAction":[{"@type":"SearchAction","target":{"@type":"EntryPoint","urlTemplate":"https:\/\/portalnpm.com\/?s={search_term_string}"},"query-input":"required name=search_term_string"}],"inLanguage":"pt-BR"},{"@type":"Person","@id":"https:\/\/portalnpm.com\/#\/schema\/person\/5c8006acdf71774cd4e7a5ab98482152","name":"Luis Alberto","image":{"@type":"ImageObject","inLanguage":"pt-BR","@id":"https:\/\/portalnpm.com\/#\/schema\/person\/image\/","url":"https:\/\/portalnpm.com\/wp-content\/uploads\/2024\/12\/avatar_user_3_1734699769-96x96.jpeg","contentUrl":"https:\/\/portalnpm.com\/wp-content\/uploads\/2024\/12\/avatar_user_3_1734699769-96x96.jpeg","caption":"Luis Alberto"},"description":"Editor-geral do Portal NPM, \u00e9 formado como T\u00e9cnico em Seguran\u00e7a do Trabalho pela Escola Metropolitana de Cursos T\u00e9cnicos. Det\u00e9m ainda licenciatura em Educa\u00e7\u00e3o F\u00edsica e bacharelado em Ci\u00eancias Pol\u00edticas, ambos obtidos pela institui\u00e7\u00e3o Anhanguera\/UNOPAR.","url":"https:\/\/portalnpm.com\/index.php\/author\/pereira\/"}]}},"jetpack_sharing_enabled":true,"jetpack_featured_media_url":"","_links":{"self":[{"href":"https:\/\/portalnpm.com\/index.php\/wp-json\/wp\/v2\/posts\/16792"}],"collection":[{"href":"https:\/\/portalnpm.com\/index.php\/wp-json\/wp\/v2\/posts"}],"about":[{"href":"https:\/\/portalnpm.com\/index.php\/wp-json\/wp\/v2\/types\/post"}],"author":[{"embeddable":true,"href":"https:\/\/portalnpm.com\/index.php\/wp-json\/wp\/v2\/users\/3"}],"replies":[{"embeddable":true,"href":"https:\/\/portalnpm.com\/index.php\/wp-json\/wp\/v2\/comments?post=16792"}],"version-history":[{"count":0,"href":"https:\/\/portalnpm.com\/index.php\/wp-json\/wp\/v2\/posts\/16792\/revisions"}],"wp:featuredmedia":[{"embeddable":true,"href":"https:\/\/portalnpm.com\/index.php\/wp-json\/"}],"wp:attachment":[{"href":"https:\/\/portalnpm.com\/index.php\/wp-json\/wp\/v2\/media?parent=16792"}],"wp:term":[{"taxonomy":"category","embeddable":true,"href":"https:\/\/portalnpm.com\/index.php\/wp-json\/wp\/v2\/categories?post=16792"},{"taxonomy":"post_tag","embeddable":true,"href":"https:\/\/portalnpm.com\/index.php\/wp-json\/wp\/v2\/tags?post=16792"}],"curies":[{"name":"wp","href":"https:\/\/api.w.org\/{rel}","templated":true}]}}