{"id":16886,"date":"2020-01-22T15:17:33","date_gmt":"2020-01-22T18:17:33","guid":{"rendered":"http:\/\/srv.portalnpm.com.br\/?p=16886"},"modified":"2020-01-22T15:17:33","modified_gmt":"2020-01-22T18:17:33","slug":"jovem-de-goias-procura-o-pai-biologico-em-cidade-do-piaui","status":"publish","type":"post","link":"https:\/\/portalnpm.com\/index.php\/2020\/01\/22\/jovem-de-goias-procura-o-pai-biologico-em-cidade-do-piaui\/","title":{"rendered":"Jovem de Goi\u00e1s procura o pai biol\u00f3gico em cidade do Piau\u00ed"},"content":{"rendered":"<p style=\"text-align: justify;\">O jovem Michel Ruan Pereira, entrou em contato com o Pol\u00edtica Piauiense, com o intuito de procurar seu pai, que \u00e9 natural de Campo Maior -PI. Ruan tem 29 anos e reside em\u00a0 Caldas Novas no estado de Goi\u00e1s.<\/p>\n<p style=\"text-align: justify;\">\n<p style=\"text-align: justify;\">Citando o nome de seu pai e alguns detalhes, o mesmo, pede a mobiliza\u00e7\u00e3o de todos para encontra \u2013 lo.<\/p>\n<p style=\"text-align: justify;\">\u201cMeu pai se chama Augusto Reis , os pais dele se chamam Delfino e Rosa , ele tem duas irm\u00e3s uma que se chama Neta, ela tem dois filhos que pelo que eu sei se chamam Patr\u00edcia e Felipe e a outra Dagmar que morreu de acidente em Bras\u00edlia pouco antes de se casar. A Fazenda que meus av\u00f3s moravam se chama Santa Rosa e eles tinham uma Quinta De Caju que vendia castanhas de caju e outras coisas. Meu pai trabalhou ai em Teresina de guarda em um hospital e morou aqui em Caldas Novas em Goi\u00e1s, por volta dos anos de 88, 89, 90 \u00a0e ele morava aqui em frente uma mercearia da Deuzenide\u201d, detalhou Ruan.<\/p>\n<p style=\"text-align: justify;\">Das lembran\u00e7as de sua m\u00e3e e o que ela lhe falou, Ruan, cita mais detalhes que podem ajudar na busca.<\/p>\n<p style=\"text-align: justify;\">\u201cN\u00e3o tenho fotos dele, sei que ele tocava viol\u00e3o e cantava, ele trabalhou em uma empresa que estava instalando as linha de telefonia. Minha m\u00e3e se chama Neuzelina Pereira e eles somente namoravam ai quando o servi\u00e7o acabou ele foi embora\u201d, conclui.<\/p>\n<figure id=\"attachment_16891\" aria-describedby=\"caption-attachment-16891\" style=\"width: 720px\" class=\"wp-caption alignnone\"><img fetchpriority=\"high\" decoding=\"async\" class=\"size-full wp-image-16891\" src=\"http:\/\/portalnpm.com\/wp-content\/uploads\/2020\/01\/14-15-22-83190124_1787399528058151_1325762834117689344_n.jpg\" alt=\"\" width=\"720\" height=\"959\" \/><figcaption id=\"caption-attachment-16891\" class=\"wp-caption-text\">Ruan e sua m\u00e3e<\/figcaption><\/figure>\n<p style=\"text-align: justify;\"><strong>Fonte: Pol\u00edtica Piauiense<\/strong><\/p>\n","protected":false},"excerpt":{"rendered":"<p>O jovem Michel Ruan Pereira, entrou em contato com o Pol\u00edtica Piauiense, com o intuito de procurar seu pai, que \u00e9 natural de Campo Maior -PI. Ruan tem 29 anos e reside em\u00a0 Caldas Novas no estado de Goi\u00e1s. Citando o nome de seu pai e alguns detalhes, o mesmo, pede a mobiliza\u00e7\u00e3o de todos &hellip;<\/p>\n","protected":false},"author":3,"featured_media":16889,"comment_status":"open","ping_status":"open","sticky":false,"template":"","format":"standard","meta":{"content-type":"","rop_custom_images_group":[],"rop_custom_messages_group":[],"rop_publish_now":"initial","rop_publish_now_accounts":{"facebook_2648258775420054_1618374048415101":""},"rop_publish_now_history":[],"rop_publish_now_status":"pending","footnotes":"","_jetpack_memberships_contains_paid_content":false},"categories":[113],"tags":[172,1526,2022],"yoast_head":"<!-- This site is optimized with the Yoast SEO plugin v22.3 - https:\/\/yoast.com\/wordpress\/plugins\/seo\/ -->\n<title>Jovem de Goi\u00e1s procura o pai biol\u00f3gico em cidade do Piau\u00ed - Portal NPM<\/title>\n<meta name=\"robots\" content=\"index, follow, max-snippet:-1, max-image-preview:large, max-video-preview:-1\" \/>\n<link rel=\"canonical\" href=\"https:\/\/portalnpm.com\/index.php\/2020\/01\/22\/jovem-de-goias-procura-o-pai-biologico-em-cidade-do-piaui\/\" \/>\n<meta property=\"og:locale\" content=\"pt_BR\" \/>\n<meta property=\"og:type\" content=\"article\" \/>\n<meta property=\"og:title\" content=\"Jovem de Goi\u00e1s procura o pai biol\u00f3gico em cidade do Piau\u00ed - Portal NPM\" \/>\n<meta property=\"og:description\" content=\"O jovem Michel Ruan Pereira, entrou em contato com o Pol\u00edtica Piauiense, com o intuito de procurar seu pai, que \u00e9 natural de Campo Maior -PI. Ruan tem 29 anos e reside em\u00a0 Caldas Novas no estado de Goi\u00e1s. Citando o nome de seu pai e alguns detalhes, o mesmo, pede a mobiliza\u00e7\u00e3o de todos &hellip;\" \/>\n<meta property=\"og:url\" content=\"https:\/\/portalnpm.com\/index.php\/2020\/01\/22\/jovem-de-goias-procura-o-pai-biologico-em-cidade-do-piaui\/\" \/>\n<meta property=\"og:site_name\" content=\"Portal NPM\" \/>\n<meta property=\"article:published_time\" content=\"2020-01-22T18:17:33+00:00\" \/>\n<meta name=\"author\" content=\"Luis Alberto\" \/>\n<meta name=\"twitter:card\" content=\"summary_large_image\" \/>\n<meta name=\"twitter:label1\" content=\"Escrito por\" \/>\n\t<meta name=\"twitter:data1\" content=\"Luis Alberto\" \/>\n\t<meta name=\"twitter:label2\" content=\"Est. tempo de leitura\" \/>\n\t<meta name=\"twitter:data2\" content=\"1 minuto\" \/>\n<script type=\"application\/ld+json\" class=\"yoast-schema-graph\">{\"@context\":\"https:\/\/schema.org\",\"@graph\":[{\"@type\":\"WebPage\",\"@id\":\"https:\/\/portalnpm.com\/index.php\/2020\/01\/22\/jovem-de-goias-procura-o-pai-biologico-em-cidade-do-piaui\/\",\"url\":\"https:\/\/portalnpm.com\/index.php\/2020\/01\/22\/jovem-de-goias-procura-o-pai-biologico-em-cidade-do-piaui\/\",\"name\":\"Jovem de Goi\u00e1s procura o pai biol\u00f3gico em cidade do Piau\u00ed - Portal NPM\",\"isPartOf\":{\"@id\":\"https:\/\/portalnpm.com\/#website\"},\"primaryImageOfPage\":{\"@id\":\"https:\/\/portalnpm.com\/index.php\/2020\/01\/22\/jovem-de-goias-procura-o-pai-biologico-em-cidade-do-piaui\/#primaryimage\"},\"image\":{\"@id\":\"https:\/\/portalnpm.com\/index.php\/2020\/01\/22\/jovem-de-goias-procura-o-pai-biologico-em-cidade-do-piaui\/#primaryimage\"},\"thumbnailUrl\":\"\",\"datePublished\":\"2020-01-22T18:17:33+00:00\",\"dateModified\":\"2020-01-22T18:17:33+00:00\",\"author\":{\"@id\":\"https:\/\/portalnpm.com\/#\/schema\/person\/5c8006acdf71774cd4e7a5ab98482152\"},\"breadcrumb\":{\"@id\":\"https:\/\/portalnpm.com\/index.php\/2020\/01\/22\/jovem-de-goias-procura-o-pai-biologico-em-cidade-do-piaui\/#breadcrumb\"},\"inLanguage\":\"pt-BR\",\"potentialAction\":[{\"@type\":\"ReadAction\",\"target\":[\"https:\/\/portalnpm.com\/index.php\/2020\/01\/22\/jovem-de-goias-procura-o-pai-biologico-em-cidade-do-piaui\/\"]}]},{\"@type\":\"ImageObject\",\"inLanguage\":\"pt-BR\",\"@id\":\"https:\/\/portalnpm.com\/index.php\/2020\/01\/22\/jovem-de-goias-procura-o-pai-biologico-em-cidade-do-piaui\/#primaryimage\",\"url\":\"\",\"contentUrl\":\"\"},{\"@type\":\"BreadcrumbList\",\"@id\":\"https:\/\/portalnpm.com\/index.php\/2020\/01\/22\/jovem-de-goias-procura-o-pai-biologico-em-cidade-do-piaui\/#breadcrumb\",\"itemListElement\":[{\"@type\":\"ListItem\",\"position\":1,\"name\":\"In\u00edcio\",\"item\":\"https:\/\/portalnpm.com\/\"},{\"@type\":\"ListItem\",\"position\":2,\"name\":\"Jovem de Goi\u00e1s procura o pai biol\u00f3gico em cidade do Piau\u00ed\"}]},{\"@type\":\"WebSite\",\"@id\":\"https:\/\/portalnpm.com\/#website\",\"url\":\"https:\/\/portalnpm.com\/\",\"name\":\"Portal NPM\",\"description\":\"Not\u00edcias em Primeira M\u00e3o\",\"potentialAction\":[{\"@type\":\"SearchAction\",\"target\":{\"@type\":\"EntryPoint\",\"urlTemplate\":\"https:\/\/portalnpm.com\/?s={search_term_string}\"},\"query-input\":\"required name=search_term_string\"}],\"inLanguage\":\"pt-BR\"},{\"@type\":\"Person\",\"@id\":\"https:\/\/portalnpm.com\/#\/schema\/person\/5c8006acdf71774cd4e7a5ab98482152\",\"name\":\"Luis Alberto\",\"image\":{\"@type\":\"ImageObject\",\"inLanguage\":\"pt-BR\",\"@id\":\"https:\/\/portalnpm.com\/#\/schema\/person\/image\/\",\"url\":\"https:\/\/portalnpm.com\/wp-content\/uploads\/2024\/12\/avatar_user_3_1734699769-96x96.jpeg\",\"contentUrl\":\"https:\/\/portalnpm.com\/wp-content\/uploads\/2024\/12\/avatar_user_3_1734699769-96x96.jpeg\",\"caption\":\"Luis Alberto\"},\"description\":\"Editor-geral do Portal NPM, \u00e9 formado como T\u00e9cnico em Seguran\u00e7a do Trabalho pela Escola Metropolitana de Cursos T\u00e9cnicos. Det\u00e9m ainda licenciatura em Educa\u00e7\u00e3o F\u00edsica e bacharelado em Ci\u00eancias Pol\u00edticas, ambos obtidos pela institui\u00e7\u00e3o Anhanguera\/UNOPAR.\",\"url\":\"https:\/\/portalnpm.com\/index.php\/author\/pereira\/\"}]}<\/script>\n<!-- \/ Yoast SEO plugin. -->","yoast_head_json":{"title":"Jovem de Goi\u00e1s procura o pai biol\u00f3gico em cidade do Piau\u00ed - Portal NPM","robots":{"index":"index","follow":"follow","max-snippet":"max-snippet:-1","max-image-preview":"max-image-preview:large","max-video-preview":"max-video-preview:-1"},"canonical":"https:\/\/portalnpm.com\/index.php\/2020\/01\/22\/jovem-de-goias-procura-o-pai-biologico-em-cidade-do-piaui\/","og_locale":"pt_BR","og_type":"article","og_title":"Jovem de Goi\u00e1s procura o pai biol\u00f3gico em cidade do Piau\u00ed - Portal NPM","og_description":"O jovem Michel Ruan Pereira, entrou em contato com o Pol\u00edtica Piauiense, com o intuito de procurar seu pai, que \u00e9 natural de Campo Maior -PI. Ruan tem 29 anos e reside em\u00a0 Caldas Novas no estado de Goi\u00e1s. Citando o nome de seu pai e alguns detalhes, o mesmo, pede a mobiliza\u00e7\u00e3o de todos &hellip;","og_url":"https:\/\/portalnpm.com\/index.php\/2020\/01\/22\/jovem-de-goias-procura-o-pai-biologico-em-cidade-do-piaui\/","og_site_name":"Portal NPM","article_published_time":"2020-01-22T18:17:33+00:00","author":"Luis Alberto","twitter_card":"summary_large_image","twitter_misc":{"Escrito por":"Luis Alberto","Est. tempo de leitura":"1 minuto"},"schema":{"@context":"https:\/\/schema.org","@graph":[{"@type":"WebPage","@id":"https:\/\/portalnpm.com\/index.php\/2020\/01\/22\/jovem-de-goias-procura-o-pai-biologico-em-cidade-do-piaui\/","url":"https:\/\/portalnpm.com\/index.php\/2020\/01\/22\/jovem-de-goias-procura-o-pai-biologico-em-cidade-do-piaui\/","name":"Jovem de Goi\u00e1s procura o pai biol\u00f3gico em cidade do Piau\u00ed - Portal NPM","isPartOf":{"@id":"https:\/\/portalnpm.com\/#website"},"primaryImageOfPage":{"@id":"https:\/\/portalnpm.com\/index.php\/2020\/01\/22\/jovem-de-goias-procura-o-pai-biologico-em-cidade-do-piaui\/#primaryimage"},"image":{"@id":"https:\/\/portalnpm.com\/index.php\/2020\/01\/22\/jovem-de-goias-procura-o-pai-biologico-em-cidade-do-piaui\/#primaryimage"},"thumbnailUrl":"","datePublished":"2020-01-22T18:17:33+00:00","dateModified":"2020-01-22T18:17:33+00:00","author":{"@id":"https:\/\/portalnpm.com\/#\/schema\/person\/5c8006acdf71774cd4e7a5ab98482152"},"breadcrumb":{"@id":"https:\/\/portalnpm.com\/index.php\/2020\/01\/22\/jovem-de-goias-procura-o-pai-biologico-em-cidade-do-piaui\/#breadcrumb"},"inLanguage":"pt-BR","potentialAction":[{"@type":"ReadAction","target":["https:\/\/portalnpm.com\/index.php\/2020\/01\/22\/jovem-de-goias-procura-o-pai-biologico-em-cidade-do-piaui\/"]}]},{"@type":"ImageObject","inLanguage":"pt-BR","@id":"https:\/\/portalnpm.com\/index.php\/2020\/01\/22\/jovem-de-goias-procura-o-pai-biologico-em-cidade-do-piaui\/#primaryimage","url":"","contentUrl":""},{"@type":"BreadcrumbList","@id":"https:\/\/portalnpm.com\/index.php\/2020\/01\/22\/jovem-de-goias-procura-o-pai-biologico-em-cidade-do-piaui\/#breadcrumb","itemListElement":[{"@type":"ListItem","position":1,"name":"In\u00edcio","item":"https:\/\/portalnpm.com\/"},{"@type":"ListItem","position":2,"name":"Jovem de Goi\u00e1s procura o pai biol\u00f3gico em cidade do Piau\u00ed"}]},{"@type":"WebSite","@id":"https:\/\/portalnpm.com\/#website","url":"https:\/\/portalnpm.com\/","name":"Portal NPM","description":"Not\u00edcias em Primeira M\u00e3o","potentialAction":[{"@type":"SearchAction","target":{"@type":"EntryPoint","urlTemplate":"https:\/\/portalnpm.com\/?s={search_term_string}"},"query-input":"required name=search_term_string"}],"inLanguage":"pt-BR"},{"@type":"Person","@id":"https:\/\/portalnpm.com\/#\/schema\/person\/5c8006acdf71774cd4e7a5ab98482152","name":"Luis Alberto","image":{"@type":"ImageObject","inLanguage":"pt-BR","@id":"https:\/\/portalnpm.com\/#\/schema\/person\/image\/","url":"https:\/\/portalnpm.com\/wp-content\/uploads\/2024\/12\/avatar_user_3_1734699769-96x96.jpeg","contentUrl":"https:\/\/portalnpm.com\/wp-content\/uploads\/2024\/12\/avatar_user_3_1734699769-96x96.jpeg","caption":"Luis Alberto"},"description":"Editor-geral do Portal NPM, \u00e9 formado como T\u00e9cnico em Seguran\u00e7a do Trabalho pela Escola Metropolitana de Cursos T\u00e9cnicos. Det\u00e9m ainda licenciatura em Educa\u00e7\u00e3o F\u00edsica e bacharelado em Ci\u00eancias Pol\u00edticas, ambos obtidos pela institui\u00e7\u00e3o Anhanguera\/UNOPAR.","url":"https:\/\/portalnpm.com\/index.php\/author\/pereira\/"}]}},"jetpack_sharing_enabled":true,"jetpack_featured_media_url":"","_links":{"self":[{"href":"https:\/\/portalnpm.com\/index.php\/wp-json\/wp\/v2\/posts\/16886"}],"collection":[{"href":"https:\/\/portalnpm.com\/index.php\/wp-json\/wp\/v2\/posts"}],"about":[{"href":"https:\/\/portalnpm.com\/index.php\/wp-json\/wp\/v2\/types\/post"}],"author":[{"embeddable":true,"href":"https:\/\/portalnpm.com\/index.php\/wp-json\/wp\/v2\/users\/3"}],"replies":[{"embeddable":true,"href":"https:\/\/portalnpm.com\/index.php\/wp-json\/wp\/v2\/comments?post=16886"}],"version-history":[{"count":0,"href":"https:\/\/portalnpm.com\/index.php\/wp-json\/wp\/v2\/posts\/16886\/revisions"}],"wp:featuredmedia":[{"embeddable":true,"href":"https:\/\/portalnpm.com\/index.php\/wp-json\/"}],"wp:attachment":[{"href":"https:\/\/portalnpm.com\/index.php\/wp-json\/wp\/v2\/media?parent=16886"}],"wp:term":[{"taxonomy":"category","embeddable":true,"href":"https:\/\/portalnpm.com\/index.php\/wp-json\/wp\/v2\/categories?post=16886"},{"taxonomy":"post_tag","embeddable":true,"href":"https:\/\/portalnpm.com\/index.php\/wp-json\/wp\/v2\/tags?post=16886"}],"curies":[{"name":"wp","href":"https:\/\/api.w.org\/{rel}","templated":true}]}}