{"id":17011,"date":"2020-01-28T11:11:41","date_gmt":"2020-01-28T14:11:41","guid":{"rendered":"http:\/\/srv.portalnpm.com.br\/?p=17011"},"modified":"2020-01-28T11:11:41","modified_gmt":"2020-01-28T14:11:41","slug":"em-sao-juliao-fiacao-eletrica-pega-fogo-e-incendeia-residencia","status":"publish","type":"post","link":"https:\/\/portalnpm.com\/index.php\/2020\/01\/28\/em-sao-juliao-fiacao-eletrica-pega-fogo-e-incendeia-residencia\/","title":{"rendered":"Em S\u00e3o Juli\u00e3o, fia\u00e7\u00e3o el\u00e9trica pega fogo e incendeia resid\u00eancia"},"content":{"rendered":"<p style=\"text-align: justify;\">Na manh\u00e3 desta ter\u00e7a-feira, dia 28, um inc\u00eandio provocado por um curto-circuito na fia\u00e7\u00e3o el\u00e9trica destruiu uma residencia no munic\u00edpio de S\u00e3o Juli\u00e3o, na Rua Jos\u00e9 Leandro. Segundo informa\u00e7\u00f5es dos moradores, o inc\u00eandio come\u00e7ou por uma fia\u00e7\u00e3o e o fogo ganhou propor\u00e7\u00f5es maiores e consumiu tudo que estava no interior da casa.<\/p>\n<p style=\"text-align: justify;\">As pessoas que estavam na resid\u00eancia conseguiram sair a tempo e a perda foi apenas material. A moradora disse que estava lavando roupa quando sentiu cheiro de queimado e foi averiguar, ao chegar no quarto j\u00e1 estava tudo as cinzas, foi quando a mesma correu para fora de casa e pediu ajuda.<\/p>\n<p><img fetchpriority=\"high\" decoding=\"async\" class=\"alignnone size-medium wp-image-17013\" src=\"http:\/\/portalnpm.com\/wp-content\/uploads\/2020\/01\/10-09-19-WhatsApp-Image-2020-01-28-at-09.27.01-1.jpeg\" alt=\"\" width=\"780\" height=\"1040\" \/> <img decoding=\"async\" class=\"alignnone size-medium wp-image-17014\" src=\"http:\/\/portalnpm.com\/wp-content\/uploads\/2020\/01\/10-09-21-WhatsApp-Image-2020-01-28-at-09.27.00-3.jpeg\" alt=\"\" width=\"1040\" height=\"780\" \/><\/p>\n<p><strong>Fonte: Piau\u00ed em Foco<\/strong><\/p>\n","protected":false},"excerpt":{"rendered":"<p>Na manh\u00e3 desta ter\u00e7a-feira, dia 28, um inc\u00eandio provocado por um curto-circuito na fia\u00e7\u00e3o el\u00e9trica destruiu uma residencia no munic\u00edpio de S\u00e3o Juli\u00e3o, na Rua Jos\u00e9 Leandro. Segundo informa\u00e7\u00f5es dos moradores, o inc\u00eandio come\u00e7ou por uma fia\u00e7\u00e3o e o fogo ganhou propor\u00e7\u00f5es maiores e consumiu tudo que estava no interior da casa. As pessoas que &hellip;<\/p>\n","protected":false},"author":3,"featured_media":17012,"comment_status":"open","ping_status":"open","sticky":false,"template":"","format":"standard","meta":{"content-type":"","rop_custom_images_group":[],"rop_custom_messages_group":[],"rop_publish_now":"initial","rop_publish_now_accounts":{"facebook_2648258775420054_1618374048415101":""},"rop_publish_now_history":[],"rop_publish_now_status":"pending","footnotes":"","_jetpack_memberships_contains_paid_content":false},"categories":[109,136],"tags":[578,126,2515],"yoast_head":"<!-- This site is optimized with the Yoast SEO plugin v22.3 - https:\/\/yoast.com\/wordpress\/plugins\/seo\/ -->\n<title>Em S\u00e3o Juli\u00e3o, fia\u00e7\u00e3o el\u00e9trica pega fogo e incendeia resid\u00eancia - Portal NPM<\/title>\n<meta name=\"robots\" content=\"index, follow, max-snippet:-1, max-image-preview:large, max-video-preview:-1\" \/>\n<link rel=\"canonical\" href=\"https:\/\/portalnpm.com\/index.php\/2020\/01\/28\/em-sao-juliao-fiacao-eletrica-pega-fogo-e-incendeia-residencia\/\" \/>\n<meta property=\"og:locale\" content=\"pt_BR\" \/>\n<meta property=\"og:type\" content=\"article\" \/>\n<meta property=\"og:title\" content=\"Em S\u00e3o Juli\u00e3o, fia\u00e7\u00e3o el\u00e9trica pega fogo e incendeia resid\u00eancia - Portal NPM\" \/>\n<meta property=\"og:description\" content=\"Na manh\u00e3 desta ter\u00e7a-feira, dia 28, um inc\u00eandio provocado por um curto-circuito na fia\u00e7\u00e3o el\u00e9trica destruiu uma residencia no munic\u00edpio de S\u00e3o Juli\u00e3o, na Rua Jos\u00e9 Leandro. Segundo informa\u00e7\u00f5es dos moradores, o inc\u00eandio come\u00e7ou por uma fia\u00e7\u00e3o e o fogo ganhou propor\u00e7\u00f5es maiores e consumiu tudo que estava no interior da casa. As pessoas que &hellip;\" \/>\n<meta property=\"og:url\" content=\"https:\/\/portalnpm.com\/index.php\/2020\/01\/28\/em-sao-juliao-fiacao-eletrica-pega-fogo-e-incendeia-residencia\/\" \/>\n<meta property=\"og:site_name\" content=\"Portal NPM\" \/>\n<meta property=\"article:published_time\" content=\"2020-01-28T14:11:41+00:00\" \/>\n<meta name=\"author\" content=\"Luis Alberto\" \/>\n<meta name=\"twitter:card\" content=\"summary_large_image\" \/>\n<meta name=\"twitter:label1\" content=\"Escrito por\" \/>\n\t<meta name=\"twitter:data1\" content=\"Luis Alberto\" \/>\n\t<meta name=\"twitter:label2\" content=\"Est. tempo de leitura\" \/>\n\t<meta name=\"twitter:data2\" content=\"1 minuto\" \/>\n<script type=\"application\/ld+json\" class=\"yoast-schema-graph\">{\"@context\":\"https:\/\/schema.org\",\"@graph\":[{\"@type\":\"WebPage\",\"@id\":\"https:\/\/portalnpm.com\/index.php\/2020\/01\/28\/em-sao-juliao-fiacao-eletrica-pega-fogo-e-incendeia-residencia\/\",\"url\":\"https:\/\/portalnpm.com\/index.php\/2020\/01\/28\/em-sao-juliao-fiacao-eletrica-pega-fogo-e-incendeia-residencia\/\",\"name\":\"Em S\u00e3o Juli\u00e3o, fia\u00e7\u00e3o el\u00e9trica pega fogo e incendeia resid\u00eancia - Portal NPM\",\"isPartOf\":{\"@id\":\"https:\/\/portalnpm.com\/#website\"},\"primaryImageOfPage\":{\"@id\":\"https:\/\/portalnpm.com\/index.php\/2020\/01\/28\/em-sao-juliao-fiacao-eletrica-pega-fogo-e-incendeia-residencia\/#primaryimage\"},\"image\":{\"@id\":\"https:\/\/portalnpm.com\/index.php\/2020\/01\/28\/em-sao-juliao-fiacao-eletrica-pega-fogo-e-incendeia-residencia\/#primaryimage\"},\"thumbnailUrl\":\"\",\"datePublished\":\"2020-01-28T14:11:41+00:00\",\"dateModified\":\"2020-01-28T14:11:41+00:00\",\"author\":{\"@id\":\"https:\/\/portalnpm.com\/#\/schema\/person\/5c8006acdf71774cd4e7a5ab98482152\"},\"breadcrumb\":{\"@id\":\"https:\/\/portalnpm.com\/index.php\/2020\/01\/28\/em-sao-juliao-fiacao-eletrica-pega-fogo-e-incendeia-residencia\/#breadcrumb\"},\"inLanguage\":\"pt-BR\",\"potentialAction\":[{\"@type\":\"ReadAction\",\"target\":[\"https:\/\/portalnpm.com\/index.php\/2020\/01\/28\/em-sao-juliao-fiacao-eletrica-pega-fogo-e-incendeia-residencia\/\"]}]},{\"@type\":\"ImageObject\",\"inLanguage\":\"pt-BR\",\"@id\":\"https:\/\/portalnpm.com\/index.php\/2020\/01\/28\/em-sao-juliao-fiacao-eletrica-pega-fogo-e-incendeia-residencia\/#primaryimage\",\"url\":\"\",\"contentUrl\":\"\"},{\"@type\":\"BreadcrumbList\",\"@id\":\"https:\/\/portalnpm.com\/index.php\/2020\/01\/28\/em-sao-juliao-fiacao-eletrica-pega-fogo-e-incendeia-residencia\/#breadcrumb\",\"itemListElement\":[{\"@type\":\"ListItem\",\"position\":1,\"name\":\"In\u00edcio\",\"item\":\"https:\/\/portalnpm.com\/\"},{\"@type\":\"ListItem\",\"position\":2,\"name\":\"Em S\u00e3o Juli\u00e3o, fia\u00e7\u00e3o el\u00e9trica pega fogo e incendeia resid\u00eancia\"}]},{\"@type\":\"WebSite\",\"@id\":\"https:\/\/portalnpm.com\/#website\",\"url\":\"https:\/\/portalnpm.com\/\",\"name\":\"Portal NPM\",\"description\":\"Not\u00edcias em Primeira M\u00e3o\",\"potentialAction\":[{\"@type\":\"SearchAction\",\"target\":{\"@type\":\"EntryPoint\",\"urlTemplate\":\"https:\/\/portalnpm.com\/?s={search_term_string}\"},\"query-input\":\"required name=search_term_string\"}],\"inLanguage\":\"pt-BR\"},{\"@type\":\"Person\",\"@id\":\"https:\/\/portalnpm.com\/#\/schema\/person\/5c8006acdf71774cd4e7a5ab98482152\",\"name\":\"Luis Alberto\",\"image\":{\"@type\":\"ImageObject\",\"inLanguage\":\"pt-BR\",\"@id\":\"https:\/\/portalnpm.com\/#\/schema\/person\/image\/\",\"url\":\"https:\/\/portalnpm.com\/wp-content\/uploads\/2024\/12\/avatar_user_3_1734699769-96x96.jpeg\",\"contentUrl\":\"https:\/\/portalnpm.com\/wp-content\/uploads\/2024\/12\/avatar_user_3_1734699769-96x96.jpeg\",\"caption\":\"Luis Alberto\"},\"description\":\"Editor-geral do Portal NPM, \u00e9 formado como T\u00e9cnico em Seguran\u00e7a do Trabalho pela Escola Metropolitana de Cursos T\u00e9cnicos. Det\u00e9m ainda licenciatura em Educa\u00e7\u00e3o F\u00edsica e bacharelado em Ci\u00eancias Pol\u00edticas, ambos obtidos pela institui\u00e7\u00e3o Anhanguera\/UNOPAR.\",\"url\":\"https:\/\/portalnpm.com\/index.php\/author\/pereira\/\"}]}<\/script>\n<!-- \/ Yoast SEO plugin. -->","yoast_head_json":{"title":"Em S\u00e3o Juli\u00e3o, fia\u00e7\u00e3o el\u00e9trica pega fogo e incendeia resid\u00eancia - Portal NPM","robots":{"index":"index","follow":"follow","max-snippet":"max-snippet:-1","max-image-preview":"max-image-preview:large","max-video-preview":"max-video-preview:-1"},"canonical":"https:\/\/portalnpm.com\/index.php\/2020\/01\/28\/em-sao-juliao-fiacao-eletrica-pega-fogo-e-incendeia-residencia\/","og_locale":"pt_BR","og_type":"article","og_title":"Em S\u00e3o Juli\u00e3o, fia\u00e7\u00e3o el\u00e9trica pega fogo e incendeia resid\u00eancia - Portal NPM","og_description":"Na manh\u00e3 desta ter\u00e7a-feira, dia 28, um inc\u00eandio provocado por um curto-circuito na fia\u00e7\u00e3o el\u00e9trica destruiu uma residencia no munic\u00edpio de S\u00e3o Juli\u00e3o, na Rua Jos\u00e9 Leandro. Segundo informa\u00e7\u00f5es dos moradores, o inc\u00eandio come\u00e7ou por uma fia\u00e7\u00e3o e o fogo ganhou propor\u00e7\u00f5es maiores e consumiu tudo que estava no interior da casa. As pessoas que &hellip;","og_url":"https:\/\/portalnpm.com\/index.php\/2020\/01\/28\/em-sao-juliao-fiacao-eletrica-pega-fogo-e-incendeia-residencia\/","og_site_name":"Portal NPM","article_published_time":"2020-01-28T14:11:41+00:00","author":"Luis Alberto","twitter_card":"summary_large_image","twitter_misc":{"Escrito por":"Luis Alberto","Est. tempo de leitura":"1 minuto"},"schema":{"@context":"https:\/\/schema.org","@graph":[{"@type":"WebPage","@id":"https:\/\/portalnpm.com\/index.php\/2020\/01\/28\/em-sao-juliao-fiacao-eletrica-pega-fogo-e-incendeia-residencia\/","url":"https:\/\/portalnpm.com\/index.php\/2020\/01\/28\/em-sao-juliao-fiacao-eletrica-pega-fogo-e-incendeia-residencia\/","name":"Em S\u00e3o Juli\u00e3o, fia\u00e7\u00e3o el\u00e9trica pega fogo e incendeia resid\u00eancia - Portal NPM","isPartOf":{"@id":"https:\/\/portalnpm.com\/#website"},"primaryImageOfPage":{"@id":"https:\/\/portalnpm.com\/index.php\/2020\/01\/28\/em-sao-juliao-fiacao-eletrica-pega-fogo-e-incendeia-residencia\/#primaryimage"},"image":{"@id":"https:\/\/portalnpm.com\/index.php\/2020\/01\/28\/em-sao-juliao-fiacao-eletrica-pega-fogo-e-incendeia-residencia\/#primaryimage"},"thumbnailUrl":"","datePublished":"2020-01-28T14:11:41+00:00","dateModified":"2020-01-28T14:11:41+00:00","author":{"@id":"https:\/\/portalnpm.com\/#\/schema\/person\/5c8006acdf71774cd4e7a5ab98482152"},"breadcrumb":{"@id":"https:\/\/portalnpm.com\/index.php\/2020\/01\/28\/em-sao-juliao-fiacao-eletrica-pega-fogo-e-incendeia-residencia\/#breadcrumb"},"inLanguage":"pt-BR","potentialAction":[{"@type":"ReadAction","target":["https:\/\/portalnpm.com\/index.php\/2020\/01\/28\/em-sao-juliao-fiacao-eletrica-pega-fogo-e-incendeia-residencia\/"]}]},{"@type":"ImageObject","inLanguage":"pt-BR","@id":"https:\/\/portalnpm.com\/index.php\/2020\/01\/28\/em-sao-juliao-fiacao-eletrica-pega-fogo-e-incendeia-residencia\/#primaryimage","url":"","contentUrl":""},{"@type":"BreadcrumbList","@id":"https:\/\/portalnpm.com\/index.php\/2020\/01\/28\/em-sao-juliao-fiacao-eletrica-pega-fogo-e-incendeia-residencia\/#breadcrumb","itemListElement":[{"@type":"ListItem","position":1,"name":"In\u00edcio","item":"https:\/\/portalnpm.com\/"},{"@type":"ListItem","position":2,"name":"Em S\u00e3o Juli\u00e3o, fia\u00e7\u00e3o el\u00e9trica pega fogo e incendeia resid\u00eancia"}]},{"@type":"WebSite","@id":"https:\/\/portalnpm.com\/#website","url":"https:\/\/portalnpm.com\/","name":"Portal NPM","description":"Not\u00edcias em Primeira M\u00e3o","potentialAction":[{"@type":"SearchAction","target":{"@type":"EntryPoint","urlTemplate":"https:\/\/portalnpm.com\/?s={search_term_string}"},"query-input":"required name=search_term_string"}],"inLanguage":"pt-BR"},{"@type":"Person","@id":"https:\/\/portalnpm.com\/#\/schema\/person\/5c8006acdf71774cd4e7a5ab98482152","name":"Luis Alberto","image":{"@type":"ImageObject","inLanguage":"pt-BR","@id":"https:\/\/portalnpm.com\/#\/schema\/person\/image\/","url":"https:\/\/portalnpm.com\/wp-content\/uploads\/2024\/12\/avatar_user_3_1734699769-96x96.jpeg","contentUrl":"https:\/\/portalnpm.com\/wp-content\/uploads\/2024\/12\/avatar_user_3_1734699769-96x96.jpeg","caption":"Luis Alberto"},"description":"Editor-geral do Portal NPM, \u00e9 formado como T\u00e9cnico em Seguran\u00e7a do Trabalho pela Escola Metropolitana de Cursos T\u00e9cnicos. Det\u00e9m ainda licenciatura em Educa\u00e7\u00e3o F\u00edsica e bacharelado em Ci\u00eancias Pol\u00edticas, ambos obtidos pela institui\u00e7\u00e3o Anhanguera\/UNOPAR.","url":"https:\/\/portalnpm.com\/index.php\/author\/pereira\/"}]}},"jetpack_sharing_enabled":true,"jetpack_featured_media_url":"","_links":{"self":[{"href":"https:\/\/portalnpm.com\/index.php\/wp-json\/wp\/v2\/posts\/17011"}],"collection":[{"href":"https:\/\/portalnpm.com\/index.php\/wp-json\/wp\/v2\/posts"}],"about":[{"href":"https:\/\/portalnpm.com\/index.php\/wp-json\/wp\/v2\/types\/post"}],"author":[{"embeddable":true,"href":"https:\/\/portalnpm.com\/index.php\/wp-json\/wp\/v2\/users\/3"}],"replies":[{"embeddable":true,"href":"https:\/\/portalnpm.com\/index.php\/wp-json\/wp\/v2\/comments?post=17011"}],"version-history":[{"count":0,"href":"https:\/\/portalnpm.com\/index.php\/wp-json\/wp\/v2\/posts\/17011\/revisions"}],"wp:featuredmedia":[{"embeddable":true,"href":"https:\/\/portalnpm.com\/index.php\/wp-json\/"}],"wp:attachment":[{"href":"https:\/\/portalnpm.com\/index.php\/wp-json\/wp\/v2\/media?parent=17011"}],"wp:term":[{"taxonomy":"category","embeddable":true,"href":"https:\/\/portalnpm.com\/index.php\/wp-json\/wp\/v2\/categories?post=17011"},{"taxonomy":"post_tag","embeddable":true,"href":"https:\/\/portalnpm.com\/index.php\/wp-json\/wp\/v2\/tags?post=17011"}],"curies":[{"name":"wp","href":"https:\/\/api.w.org\/{rel}","templated":true}]}}