{"id":17025,"date":"2020-01-28T12:03:16","date_gmt":"2020-01-28T15:03:16","guid":{"rendered":"http:\/\/srv.portalnpm.com.br\/?p=17025"},"modified":"2020-01-28T12:03:16","modified_gmt":"2020-01-28T15:03:16","slug":"estudo-aponta-que-cancer-de-pulmao-e-o-que-mais-mata-no-brasil-e-no-mundo","status":"publish","type":"post","link":"https:\/\/portalnpm.com\/index.php\/2020\/01\/28\/estudo-aponta-que-cancer-de-pulmao-e-o-que-mais-mata-no-brasil-e-no-mundo\/","title":{"rendered":"Estudo aponta que c\u00e2ncer de pulm\u00e3o \u00e9 o que mais mata no Brasil e no mundo"},"content":{"rendered":"<p style=\"text-align: justify;\">A<b>\u00a0apresentadora de TV<\/b>, Ana Maria Braga, revelou ontem (27) que foi\u00a0<b>diagnosticada\u00a0<\/b>com um novo t<b>umor de pulm\u00e3o<\/b>. Ela j\u00e1 tratou no passado o mesmo tipo de\u00a0<b>c\u00e2ncer\u00a0<\/b>e j\u00e1 est\u00e1 sendo submetida ao devido\u00a0<b>tratamento<\/b>\u00a0em busca da\u00a0<b>cura<\/b>. Um estudo realizado em 2019 pelo<b>\u00a0Instituto Oncoguia\u00a0<\/b>tra\u00e7ou o panorama do c\u00e2ncer de pulm\u00e3o no Brasil.<\/p>\n<p>&nbsp;<\/p>\n<p style=\"text-align: justify;\">Os dados apresentados mostram evolu\u00e7\u00e3o principalmente na luta contra o\u00a0<b>tabagismo<\/b>, respons\u00e1vel por cerca de 85% dos casos deste tipo de tumor, mas tamb\u00e9m desafios importantes para o futuro, principalmente em rela\u00e7\u00e3o ao<b>\u00a0diagn\u00f3stico precoce<\/b>, notifica\u00e7\u00e3o dos casos da doen\u00e7a e investimento em pesquisas.<\/p>\n<p style=\"text-align: justify;\">O tumor de pulm\u00e3o \u00e9 o tipo de c\u00e2ncer que\u00a0<b>mais mata no pa\u00eds<\/b>. Dois dos fatores que contribuem para esse cen\u00e1rio, segundo a oncologista Clarissa Mathias, s\u00e3o a\u00a0<b>subnotifica\u00e7\u00e3o\u00a0<\/b>dos casos e o\u00a0<b>diagn\u00f3stico tardio\u00a0<\/b>da doen\u00e7a, o que resulta no alarmante dado de que 92% dos casos decorrem em morte, conforme apontou o levantamento.<\/p>\n<p style=\"text-align: justify;\">\u201cOs dados trazidos pelo Panorama do C\u00e2ncer de Pulm\u00e3o mostram que h\u00e1 um grande d\u00e9ficit em rela\u00e7\u00e3o \u00e0 notifica\u00e7\u00e3o de casos no pa\u00eds, o que nos impede de ter uma vis\u00e3o mais clara e ampla do problema para combat\u00ea-lo. E, quando identificados, chegam nos hospitais em est\u00e1gio onde j\u00e1 n\u00e3o \u00e9 poss\u00edvel de ser tratado\u201d, diz.<\/p>\n<p style=\"text-align: justify;\">Os n\u00fameros comprovam a fala da m\u00e9dica. Em 2016, 86,2% desses pacientes j\u00e1 apresentavam est\u00e1gios avan\u00e7ados da doen\u00e7a, o que diminui as chances de cura consideravelmente. No Nordeste, a situa\u00e7\u00e3o \u00e9 ainda pior, como aponta Clarissa. Em Sergipe, por exemplo, 100% deles estavam nessa situa\u00e7\u00e3o. Para ela, apesar de ter incid\u00eancia menor do que em outros pa\u00edses, como os Estados Unidos, no Brasil, o c\u00e2ncer de pulm\u00e3o \u00e9 respons\u00e1vel por muito mais mortes.<\/p>\n<p style=\"text-align: justify;\">\u201c\u00c9 essencial ampliar as a\u00e7\u00f5es de conscientiza\u00e7\u00e3o da popula\u00e7\u00e3o em geral por meio de campanhas informativas sobre as causas da doen\u00e7a, h\u00e1bitos nocivos \u00e0 sa\u00fade e estimular o entendimento da import\u00e2ncia do diagn\u00f3stico precoce. Al\u00e9m disso, precisamos incentivar pesquisas cl\u00ednicas no pa\u00eds, que podem ajudar a ampliar o acesso ao tratamento\u201d, ressalta a oncologista.<\/p>\n<p style=\"text-align: justify;\">Segundo dados do Instituto\u00a0Nacional do C\u00e2ncer (INCA), apenas 24,6% dos casos s\u00e3o notificados no pa\u00eds. Estimativas apontam a ocorr\u00eancia de 28.220 novos casos atualmente, por\u00e9m o Registro Hospitalar do C\u00e2ncer (RHC) tem oficialmente listados apenas 6.915.<\/p>\n<p style=\"text-align: justify;\"><b>Tabagismo ainda \u00e9 a principal causa de c\u00e2ncer\u00a0<\/b><\/p>\n<p style=\"text-align: justify;\">O tabagismo continua sendo o maior respons\u00e1vel pelo c\u00e2ncer de pulm\u00e3o no Brasil e no mundo. Ali\u00e1s, n\u00e3o apenas deste tipo de tumor: em 2017, segundo o Inca, 73.500 pessoas foram diagnosticadas com algum tipo de c\u00e2ncer provocado pelo tabagismo no pa\u00eds e 428 pessoas morrem diariamente no pa\u00eds por conta dele.<\/p>\n<p><img fetchpriority=\"high\" decoding=\"async\" class=\"aligncenter size-full wp-image-17026\" src=\"http:\/\/portalnpm.com\/wp-content\/uploads\/2020\/01\/cancer-de-pulmao1580215480.jpg\" alt=\"\" width=\"559\" height=\"381\" \/><\/p>\n<p style=\"text-align: justify;\">O instituto aponta ainda que mais de 156 mil mortes poderiam ser evitadas anualmente se o tabaco fosse evitado. Em 79% dos casos de c\u00e2ncer de pulm\u00e3o, por exemplo, os pacientes eram fumantes, ou ex-fumantes. Apenas 21% nunca tiveram contato com o tabaco.<\/p>\n<p style=\"text-align: justify;\"><b>Cigarro eletr\u00f4nico<\/b><\/p>\n<p style=\"text-align: justify;\">A oncologista Clarissa Mathias ressalta ainda que a chegada do cigarro eletr\u00f4nico, que tem conquistado principalmente os jovens, deve ser um ponto de alerta para a sociedade. \u201cN\u00f3s vemos novas formas de tabagismo chegando, como esse dispositivo tecnol\u00f3gico. Estamos vendo uma gera\u00e7\u00e3o que tinha largado o cigarro, voltar para vers\u00f5es digamos, mais modernas, do mesmo mal\u201d, afirma Clarissa.<\/p>\n<p style=\"text-align: justify;\"><strong>Fonte:\u00a0<\/strong>O Dia<\/p>\n","protected":false},"excerpt":{"rendered":"<p>A\u00a0apresentadora de TV, Ana Maria Braga, revelou ontem (27) que foi\u00a0diagnosticada\u00a0com um novo tumor de pulm\u00e3o. Ela j\u00e1 tratou no passado o mesmo tipo de\u00a0c\u00e2ncer\u00a0e j\u00e1 est\u00e1 sendo submetida ao devido\u00a0tratamento\u00a0em busca da\u00a0cura. Um estudo realizado em 2019 pelo\u00a0Instituto Oncoguia\u00a0tra\u00e7ou o panorama do c\u00e2ncer de pulm\u00e3o no Brasil. &nbsp; Os dados apresentados mostram evolu\u00e7\u00e3o principalmente &hellip;<\/p>\n","protected":false},"author":8,"featured_media":17027,"comment_status":"open","ping_status":"open","sticky":false,"template":"","format":"standard","meta":{"content-type":"","rop_custom_images_group":[],"rop_custom_messages_group":[],"rop_publish_now":"initial","rop_publish_now_accounts":{"facebook_2648258775420054_1618374048415101":""},"rop_publish_now_history":[],"rop_publish_now_status":"pending","footnotes":"","_jetpack_memberships_contains_paid_content":false},"categories":[113,384],"tags":[432,3744,3745],"yoast_head":"<!-- This site is optimized with the Yoast SEO plugin v22.3 - https:\/\/yoast.com\/wordpress\/plugins\/seo\/ -->\n<title>Estudo aponta que c\u00e2ncer de pulm\u00e3o \u00e9 o que mais mata no Brasil e no mundo - Portal NPM<\/title>\n<meta name=\"robots\" content=\"index, follow, max-snippet:-1, max-image-preview:large, max-video-preview:-1\" \/>\n<link rel=\"canonical\" href=\"https:\/\/portalnpm.com\/index.php\/2020\/01\/28\/estudo-aponta-que-cancer-de-pulmao-e-o-que-mais-mata-no-brasil-e-no-mundo\/\" \/>\n<meta property=\"og:locale\" content=\"pt_BR\" \/>\n<meta property=\"og:type\" content=\"article\" \/>\n<meta property=\"og:title\" content=\"Estudo aponta que c\u00e2ncer de pulm\u00e3o \u00e9 o que mais mata no Brasil e no mundo - Portal NPM\" \/>\n<meta property=\"og:description\" content=\"A\u00a0apresentadora de TV, Ana Maria Braga, revelou ontem (27) que foi\u00a0diagnosticada\u00a0com um novo tumor de pulm\u00e3o. Ela j\u00e1 tratou no passado o mesmo tipo de\u00a0c\u00e2ncer\u00a0e j\u00e1 est\u00e1 sendo submetida ao devido\u00a0tratamento\u00a0em busca da\u00a0cura. Um estudo realizado em 2019 pelo\u00a0Instituto Oncoguia\u00a0tra\u00e7ou o panorama do c\u00e2ncer de pulm\u00e3o no Brasil. &nbsp; Os dados apresentados mostram evolu\u00e7\u00e3o principalmente &hellip;\" \/>\n<meta property=\"og:url\" content=\"https:\/\/portalnpm.com\/index.php\/2020\/01\/28\/estudo-aponta-que-cancer-de-pulmao-e-o-que-mais-mata-no-brasil-e-no-mundo\/\" \/>\n<meta property=\"og:site_name\" content=\"Portal NPM\" \/>\n<meta property=\"article:published_time\" content=\"2020-01-28T15:03:16+00:00\" \/>\n<meta name=\"author\" content=\"Zenilton Lima\" \/>\n<meta name=\"twitter:card\" content=\"summary_large_image\" \/>\n<meta name=\"twitter:label1\" content=\"Escrito por\" \/>\n\t<meta name=\"twitter:data1\" content=\"Zenilton Lima\" \/>\n\t<meta name=\"twitter:label2\" content=\"Est. tempo de leitura\" \/>\n\t<meta name=\"twitter:data2\" content=\"3 minutos\" \/>\n<script type=\"application\/ld+json\" class=\"yoast-schema-graph\">{\"@context\":\"https:\/\/schema.org\",\"@graph\":[{\"@type\":\"WebPage\",\"@id\":\"https:\/\/portalnpm.com\/index.php\/2020\/01\/28\/estudo-aponta-que-cancer-de-pulmao-e-o-que-mais-mata-no-brasil-e-no-mundo\/\",\"url\":\"https:\/\/portalnpm.com\/index.php\/2020\/01\/28\/estudo-aponta-que-cancer-de-pulmao-e-o-que-mais-mata-no-brasil-e-no-mundo\/\",\"name\":\"Estudo aponta que c\u00e2ncer de pulm\u00e3o \u00e9 o que mais mata no Brasil e no mundo - Portal NPM\",\"isPartOf\":{\"@id\":\"https:\/\/portalnpm.com\/#website\"},\"primaryImageOfPage\":{\"@id\":\"https:\/\/portalnpm.com\/index.php\/2020\/01\/28\/estudo-aponta-que-cancer-de-pulmao-e-o-que-mais-mata-no-brasil-e-no-mundo\/#primaryimage\"},\"image\":{\"@id\":\"https:\/\/portalnpm.com\/index.php\/2020\/01\/28\/estudo-aponta-que-cancer-de-pulmao-e-o-que-mais-mata-no-brasil-e-no-mundo\/#primaryimage\"},\"thumbnailUrl\":\"\",\"datePublished\":\"2020-01-28T15:03:16+00:00\",\"dateModified\":\"2020-01-28T15:03:16+00:00\",\"author\":{\"@id\":\"https:\/\/portalnpm.com\/#\/schema\/person\/35cb55186eae3f074b6783da6d35591e\"},\"breadcrumb\":{\"@id\":\"https:\/\/portalnpm.com\/index.php\/2020\/01\/28\/estudo-aponta-que-cancer-de-pulmao-e-o-que-mais-mata-no-brasil-e-no-mundo\/#breadcrumb\"},\"inLanguage\":\"pt-BR\",\"potentialAction\":[{\"@type\":\"ReadAction\",\"target\":[\"https:\/\/portalnpm.com\/index.php\/2020\/01\/28\/estudo-aponta-que-cancer-de-pulmao-e-o-que-mais-mata-no-brasil-e-no-mundo\/\"]}]},{\"@type\":\"ImageObject\",\"inLanguage\":\"pt-BR\",\"@id\":\"https:\/\/portalnpm.com\/index.php\/2020\/01\/28\/estudo-aponta-que-cancer-de-pulmao-e-o-que-mais-mata-no-brasil-e-no-mundo\/#primaryimage\",\"url\":\"\",\"contentUrl\":\"\"},{\"@type\":\"BreadcrumbList\",\"@id\":\"https:\/\/portalnpm.com\/index.php\/2020\/01\/28\/estudo-aponta-que-cancer-de-pulmao-e-o-que-mais-mata-no-brasil-e-no-mundo\/#breadcrumb\",\"itemListElement\":[{\"@type\":\"ListItem\",\"position\":1,\"name\":\"In\u00edcio\",\"item\":\"https:\/\/portalnpm.com\/\"},{\"@type\":\"ListItem\",\"position\":2,\"name\":\"Estudo aponta que c\u00e2ncer de pulm\u00e3o \u00e9 o que mais mata no Brasil e no mundo\"}]},{\"@type\":\"WebSite\",\"@id\":\"https:\/\/portalnpm.com\/#website\",\"url\":\"https:\/\/portalnpm.com\/\",\"name\":\"Portal NPM\",\"description\":\"Not\u00edcias em Primeira M\u00e3o\",\"potentialAction\":[{\"@type\":\"SearchAction\",\"target\":{\"@type\":\"EntryPoint\",\"urlTemplate\":\"https:\/\/portalnpm.com\/?s={search_term_string}\"},\"query-input\":\"required name=search_term_string\"}],\"inLanguage\":\"pt-BR\"},{\"@type\":\"Person\",\"@id\":\"https:\/\/portalnpm.com\/#\/schema\/person\/35cb55186eae3f074b6783da6d35591e\",\"name\":\"Zenilton Lima\",\"image\":{\"@type\":\"ImageObject\",\"inLanguage\":\"pt-BR\",\"@id\":\"https:\/\/portalnpm.com\/#\/schema\/person\/image\/\",\"url\":\"https:\/\/portalnpm.com\/wp-content\/uploads\/2024\/12\/avatar_user_8_1733658137-96x96.jpeg\",\"contentUrl\":\"https:\/\/portalnpm.com\/wp-content\/uploads\/2024\/12\/avatar_user_8_1733658137-96x96.jpeg\",\"caption\":\"Zenilton Lima\"},\"url\":\"https:\/\/portalnpm.com\/index.php\/author\/zenilton\/\"}]}<\/script>\n<!-- \/ Yoast SEO plugin. -->","yoast_head_json":{"title":"Estudo aponta que c\u00e2ncer de pulm\u00e3o \u00e9 o que mais mata no Brasil e no mundo - Portal NPM","robots":{"index":"index","follow":"follow","max-snippet":"max-snippet:-1","max-image-preview":"max-image-preview:large","max-video-preview":"max-video-preview:-1"},"canonical":"https:\/\/portalnpm.com\/index.php\/2020\/01\/28\/estudo-aponta-que-cancer-de-pulmao-e-o-que-mais-mata-no-brasil-e-no-mundo\/","og_locale":"pt_BR","og_type":"article","og_title":"Estudo aponta que c\u00e2ncer de pulm\u00e3o \u00e9 o que mais mata no Brasil e no mundo - Portal NPM","og_description":"A\u00a0apresentadora de TV, Ana Maria Braga, revelou ontem (27) que foi\u00a0diagnosticada\u00a0com um novo tumor de pulm\u00e3o. Ela j\u00e1 tratou no passado o mesmo tipo de\u00a0c\u00e2ncer\u00a0e j\u00e1 est\u00e1 sendo submetida ao devido\u00a0tratamento\u00a0em busca da\u00a0cura. Um estudo realizado em 2019 pelo\u00a0Instituto Oncoguia\u00a0tra\u00e7ou o panorama do c\u00e2ncer de pulm\u00e3o no Brasil. &nbsp; Os dados apresentados mostram evolu\u00e7\u00e3o principalmente &hellip;","og_url":"https:\/\/portalnpm.com\/index.php\/2020\/01\/28\/estudo-aponta-que-cancer-de-pulmao-e-o-que-mais-mata-no-brasil-e-no-mundo\/","og_site_name":"Portal NPM","article_published_time":"2020-01-28T15:03:16+00:00","author":"Zenilton Lima","twitter_card":"summary_large_image","twitter_misc":{"Escrito por":"Zenilton Lima","Est. tempo de leitura":"3 minutos"},"schema":{"@context":"https:\/\/schema.org","@graph":[{"@type":"WebPage","@id":"https:\/\/portalnpm.com\/index.php\/2020\/01\/28\/estudo-aponta-que-cancer-de-pulmao-e-o-que-mais-mata-no-brasil-e-no-mundo\/","url":"https:\/\/portalnpm.com\/index.php\/2020\/01\/28\/estudo-aponta-que-cancer-de-pulmao-e-o-que-mais-mata-no-brasil-e-no-mundo\/","name":"Estudo aponta que c\u00e2ncer de pulm\u00e3o \u00e9 o que mais mata no Brasil e no mundo - Portal NPM","isPartOf":{"@id":"https:\/\/portalnpm.com\/#website"},"primaryImageOfPage":{"@id":"https:\/\/portalnpm.com\/index.php\/2020\/01\/28\/estudo-aponta-que-cancer-de-pulmao-e-o-que-mais-mata-no-brasil-e-no-mundo\/#primaryimage"},"image":{"@id":"https:\/\/portalnpm.com\/index.php\/2020\/01\/28\/estudo-aponta-que-cancer-de-pulmao-e-o-que-mais-mata-no-brasil-e-no-mundo\/#primaryimage"},"thumbnailUrl":"","datePublished":"2020-01-28T15:03:16+00:00","dateModified":"2020-01-28T15:03:16+00:00","author":{"@id":"https:\/\/portalnpm.com\/#\/schema\/person\/35cb55186eae3f074b6783da6d35591e"},"breadcrumb":{"@id":"https:\/\/portalnpm.com\/index.php\/2020\/01\/28\/estudo-aponta-que-cancer-de-pulmao-e-o-que-mais-mata-no-brasil-e-no-mundo\/#breadcrumb"},"inLanguage":"pt-BR","potentialAction":[{"@type":"ReadAction","target":["https:\/\/portalnpm.com\/index.php\/2020\/01\/28\/estudo-aponta-que-cancer-de-pulmao-e-o-que-mais-mata-no-brasil-e-no-mundo\/"]}]},{"@type":"ImageObject","inLanguage":"pt-BR","@id":"https:\/\/portalnpm.com\/index.php\/2020\/01\/28\/estudo-aponta-que-cancer-de-pulmao-e-o-que-mais-mata-no-brasil-e-no-mundo\/#primaryimage","url":"","contentUrl":""},{"@type":"BreadcrumbList","@id":"https:\/\/portalnpm.com\/index.php\/2020\/01\/28\/estudo-aponta-que-cancer-de-pulmao-e-o-que-mais-mata-no-brasil-e-no-mundo\/#breadcrumb","itemListElement":[{"@type":"ListItem","position":1,"name":"In\u00edcio","item":"https:\/\/portalnpm.com\/"},{"@type":"ListItem","position":2,"name":"Estudo aponta que c\u00e2ncer de pulm\u00e3o \u00e9 o que mais mata no Brasil e no mundo"}]},{"@type":"WebSite","@id":"https:\/\/portalnpm.com\/#website","url":"https:\/\/portalnpm.com\/","name":"Portal NPM","description":"Not\u00edcias em Primeira M\u00e3o","potentialAction":[{"@type":"SearchAction","target":{"@type":"EntryPoint","urlTemplate":"https:\/\/portalnpm.com\/?s={search_term_string}"},"query-input":"required name=search_term_string"}],"inLanguage":"pt-BR"},{"@type":"Person","@id":"https:\/\/portalnpm.com\/#\/schema\/person\/35cb55186eae3f074b6783da6d35591e","name":"Zenilton Lima","image":{"@type":"ImageObject","inLanguage":"pt-BR","@id":"https:\/\/portalnpm.com\/#\/schema\/person\/image\/","url":"https:\/\/portalnpm.com\/wp-content\/uploads\/2024\/12\/avatar_user_8_1733658137-96x96.jpeg","contentUrl":"https:\/\/portalnpm.com\/wp-content\/uploads\/2024\/12\/avatar_user_8_1733658137-96x96.jpeg","caption":"Zenilton Lima"},"url":"https:\/\/portalnpm.com\/index.php\/author\/zenilton\/"}]}},"jetpack_sharing_enabled":true,"jetpack_featured_media_url":"","_links":{"self":[{"href":"https:\/\/portalnpm.com\/index.php\/wp-json\/wp\/v2\/posts\/17025"}],"collection":[{"href":"https:\/\/portalnpm.com\/index.php\/wp-json\/wp\/v2\/posts"}],"about":[{"href":"https:\/\/portalnpm.com\/index.php\/wp-json\/wp\/v2\/types\/post"}],"author":[{"embeddable":true,"href":"https:\/\/portalnpm.com\/index.php\/wp-json\/wp\/v2\/users\/8"}],"replies":[{"embeddable":true,"href":"https:\/\/portalnpm.com\/index.php\/wp-json\/wp\/v2\/comments?post=17025"}],"version-history":[{"count":0,"href":"https:\/\/portalnpm.com\/index.php\/wp-json\/wp\/v2\/posts\/17025\/revisions"}],"wp:featuredmedia":[{"embeddable":true,"href":"https:\/\/portalnpm.com\/index.php\/wp-json\/"}],"wp:attachment":[{"href":"https:\/\/portalnpm.com\/index.php\/wp-json\/wp\/v2\/media?parent=17025"}],"wp:term":[{"taxonomy":"category","embeddable":true,"href":"https:\/\/portalnpm.com\/index.php\/wp-json\/wp\/v2\/categories?post=17025"},{"taxonomy":"post_tag","embeddable":true,"href":"https:\/\/portalnpm.com\/index.php\/wp-json\/wp\/v2\/tags?post=17025"}],"curies":[{"name":"wp","href":"https:\/\/api.w.org\/{rel}","templated":true}]}}