{"id":17123,"date":"2020-02-02T14:15:59","date_gmt":"2020-02-02T17:15:59","guid":{"rendered":"http:\/\/srv.portalnpm.com.br\/?p=17123"},"modified":"2020-02-02T14:15:59","modified_gmt":"2020-02-02T17:15:59","slug":"acidente-na-br-316-entre-campo-grande-vila-nova-deixa-uma-pessoa-morta","status":"publish","type":"post","link":"https:\/\/portalnpm.com\/index.php\/2020\/02\/02\/acidente-na-br-316-entre-campo-grande-vila-nova-deixa-uma-pessoa-morta\/","title":{"rendered":"Acidente entre carreta e motocicleta deixa uma pessoa morta na BR-316, entre Campo Grande e Vila Nova"},"content":{"rendered":"<p style=\"text-align: justify;\">Uma pessoa morreu em um acidente na BR 316, entre os munic\u00edpios de Campo Grande do Piau\u00ed e Vila Nova na noite deste s\u00e1bado, 1 de fevereiro.<\/p>\n<p style=\"text-align: justify;\">A batida envolveu uma carreta e uma moto, de acordo com informa\u00e7\u00f5es iniciais da\u00a0Pol\u00edcia Rodovi\u00e1ria Federal (PRF).<\/p>\n<p style=\"text-align: justify;\">A v\u00edtima foi identificada como Sebasti\u00e3o Augusto Bezerra, residente da cidade de Picos-PI e com naturalidade de Araripina-PE.<\/p>\n<p style=\"text-align: justify;\">De acordo com informa\u00e7\u00f5es de populares\u00a0o motociclista teria batido na lateral da carreta.<\/p>\n<p style=\"text-align: justify;\">O corpo foi encaminhado para o hospital regional de Picos para a realiza\u00e7\u00e3o dos procedimentos necess\u00e1rios.<\/p>\n<p style=\"text-align: justify;\"><strong>Fonte: InfoNewss<\/strong><\/p>\n","protected":false},"excerpt":{"rendered":"<p>Uma pessoa morreu em um acidente na BR 316, entre os munic\u00edpios de Campo Grande do Piau\u00ed e Vila Nova na noite deste s\u00e1bado, 1 de fevereiro. A batida envolveu uma carreta e uma moto, de acordo com informa\u00e7\u00f5es iniciais da\u00a0Pol\u00edcia Rodovi\u00e1ria Federal (PRF). A v\u00edtima foi identificada como Sebasti\u00e3o Augusto Bezerra, residente da cidade &hellip;<\/p>\n","protected":false},"author":3,"featured_media":17124,"comment_status":"open","ping_status":"open","sticky":false,"template":"","format":"standard","meta":{"content-type":"","rop_custom_images_group":[],"rop_custom_messages_group":[],"rop_publish_now":"initial","rop_publish_now_accounts":{"facebook_2648258775420054_1618374048415101":""},"rop_publish_now_history":[],"rop_publish_now_status":"pending","footnotes":"","_jetpack_memberships_contains_paid_content":false},"categories":[113,125],"tags":[],"yoast_head":"<!-- This site is optimized with the Yoast SEO plugin v22.3 - https:\/\/yoast.com\/wordpress\/plugins\/seo\/ -->\n<title>Acidente entre carreta e motocicleta deixa uma pessoa morta na BR-316, entre Campo Grande e Vila Nova - Portal NPM<\/title>\n<meta name=\"robots\" content=\"index, follow, max-snippet:-1, max-image-preview:large, max-video-preview:-1\" \/>\n<link rel=\"canonical\" href=\"https:\/\/portalnpm.com\/index.php\/2020\/02\/02\/acidente-na-br-316-entre-campo-grande-vila-nova-deixa-uma-pessoa-morta\/\" \/>\n<meta property=\"og:locale\" content=\"pt_BR\" \/>\n<meta property=\"og:type\" content=\"article\" \/>\n<meta property=\"og:title\" content=\"Acidente entre carreta e motocicleta deixa uma pessoa morta na BR-316, entre Campo Grande e Vila Nova - Portal NPM\" \/>\n<meta property=\"og:description\" content=\"Uma pessoa morreu em um acidente na BR 316, entre os munic\u00edpios de Campo Grande do Piau\u00ed e Vila Nova na noite deste s\u00e1bado, 1 de fevereiro. A batida envolveu uma carreta e uma moto, de acordo com informa\u00e7\u00f5es iniciais da\u00a0Pol\u00edcia Rodovi\u00e1ria Federal (PRF). A v\u00edtima foi identificada como Sebasti\u00e3o Augusto Bezerra, residente da cidade &hellip;\" \/>\n<meta property=\"og:url\" content=\"https:\/\/portalnpm.com\/index.php\/2020\/02\/02\/acidente-na-br-316-entre-campo-grande-vila-nova-deixa-uma-pessoa-morta\/\" \/>\n<meta property=\"og:site_name\" content=\"Portal NPM\" \/>\n<meta property=\"article:published_time\" content=\"2020-02-02T17:15:59+00:00\" \/>\n<meta name=\"author\" content=\"Luis Alberto\" \/>\n<meta name=\"twitter:card\" content=\"summary_large_image\" \/>\n<meta name=\"twitter:label1\" content=\"Escrito por\" \/>\n\t<meta name=\"twitter:data1\" content=\"Luis Alberto\" \/>\n\t<meta name=\"twitter:label2\" content=\"Est. tempo de leitura\" \/>\n\t<meta name=\"twitter:data2\" content=\"1 minuto\" \/>\n<script type=\"application\/ld+json\" class=\"yoast-schema-graph\">{\"@context\":\"https:\/\/schema.org\",\"@graph\":[{\"@type\":\"WebPage\",\"@id\":\"https:\/\/portalnpm.com\/index.php\/2020\/02\/02\/acidente-na-br-316-entre-campo-grande-vila-nova-deixa-uma-pessoa-morta\/\",\"url\":\"https:\/\/portalnpm.com\/index.php\/2020\/02\/02\/acidente-na-br-316-entre-campo-grande-vila-nova-deixa-uma-pessoa-morta\/\",\"name\":\"Acidente entre carreta e motocicleta deixa uma pessoa morta na BR-316, entre Campo Grande e Vila Nova - Portal NPM\",\"isPartOf\":{\"@id\":\"https:\/\/portalnpm.com\/#website\"},\"primaryImageOfPage\":{\"@id\":\"https:\/\/portalnpm.com\/index.php\/2020\/02\/02\/acidente-na-br-316-entre-campo-grande-vila-nova-deixa-uma-pessoa-morta\/#primaryimage\"},\"image\":{\"@id\":\"https:\/\/portalnpm.com\/index.php\/2020\/02\/02\/acidente-na-br-316-entre-campo-grande-vila-nova-deixa-uma-pessoa-morta\/#primaryimage\"},\"thumbnailUrl\":\"\",\"datePublished\":\"2020-02-02T17:15:59+00:00\",\"dateModified\":\"2020-02-02T17:15:59+00:00\",\"author\":{\"@id\":\"https:\/\/portalnpm.com\/#\/schema\/person\/5c8006acdf71774cd4e7a5ab98482152\"},\"breadcrumb\":{\"@id\":\"https:\/\/portalnpm.com\/index.php\/2020\/02\/02\/acidente-na-br-316-entre-campo-grande-vila-nova-deixa-uma-pessoa-morta\/#breadcrumb\"},\"inLanguage\":\"pt-BR\",\"potentialAction\":[{\"@type\":\"ReadAction\",\"target\":[\"https:\/\/portalnpm.com\/index.php\/2020\/02\/02\/acidente-na-br-316-entre-campo-grande-vila-nova-deixa-uma-pessoa-morta\/\"]}]},{\"@type\":\"ImageObject\",\"inLanguage\":\"pt-BR\",\"@id\":\"https:\/\/portalnpm.com\/index.php\/2020\/02\/02\/acidente-na-br-316-entre-campo-grande-vila-nova-deixa-uma-pessoa-morta\/#primaryimage\",\"url\":\"\",\"contentUrl\":\"\"},{\"@type\":\"BreadcrumbList\",\"@id\":\"https:\/\/portalnpm.com\/index.php\/2020\/02\/02\/acidente-na-br-316-entre-campo-grande-vila-nova-deixa-uma-pessoa-morta\/#breadcrumb\",\"itemListElement\":[{\"@type\":\"ListItem\",\"position\":1,\"name\":\"In\u00edcio\",\"item\":\"https:\/\/portalnpm.com\/\"},{\"@type\":\"ListItem\",\"position\":2,\"name\":\"Acidente entre carreta e motocicleta deixa uma pessoa morta na BR-316, entre Campo Grande e Vila Nova\"}]},{\"@type\":\"WebSite\",\"@id\":\"https:\/\/portalnpm.com\/#website\",\"url\":\"https:\/\/portalnpm.com\/\",\"name\":\"Portal NPM\",\"description\":\"Not\u00edcias em Primeira M\u00e3o\",\"potentialAction\":[{\"@type\":\"SearchAction\",\"target\":{\"@type\":\"EntryPoint\",\"urlTemplate\":\"https:\/\/portalnpm.com\/?s={search_term_string}\"},\"query-input\":\"required name=search_term_string\"}],\"inLanguage\":\"pt-BR\"},{\"@type\":\"Person\",\"@id\":\"https:\/\/portalnpm.com\/#\/schema\/person\/5c8006acdf71774cd4e7a5ab98482152\",\"name\":\"Luis Alberto\",\"image\":{\"@type\":\"ImageObject\",\"inLanguage\":\"pt-BR\",\"@id\":\"https:\/\/portalnpm.com\/#\/schema\/person\/image\/\",\"url\":\"https:\/\/portalnpm.com\/wp-content\/uploads\/2024\/12\/avatar_user_3_1734699769-96x96.jpeg\",\"contentUrl\":\"https:\/\/portalnpm.com\/wp-content\/uploads\/2024\/12\/avatar_user_3_1734699769-96x96.jpeg\",\"caption\":\"Luis Alberto\"},\"description\":\"Editor-geral do Portal NPM, \u00e9 formado como T\u00e9cnico em Seguran\u00e7a do Trabalho pela Escola Metropolitana de Cursos T\u00e9cnicos. Det\u00e9m ainda licenciatura em Educa\u00e7\u00e3o F\u00edsica e bacharelado em Ci\u00eancias Pol\u00edticas, ambos obtidos pela institui\u00e7\u00e3o Anhanguera\/UNOPAR.\",\"url\":\"https:\/\/portalnpm.com\/index.php\/author\/pereira\/\"}]}<\/script>\n<!-- \/ Yoast SEO plugin. -->","yoast_head_json":{"title":"Acidente entre carreta e motocicleta deixa uma pessoa morta na BR-316, entre Campo Grande e Vila Nova - Portal NPM","robots":{"index":"index","follow":"follow","max-snippet":"max-snippet:-1","max-image-preview":"max-image-preview:large","max-video-preview":"max-video-preview:-1"},"canonical":"https:\/\/portalnpm.com\/index.php\/2020\/02\/02\/acidente-na-br-316-entre-campo-grande-vila-nova-deixa-uma-pessoa-morta\/","og_locale":"pt_BR","og_type":"article","og_title":"Acidente entre carreta e motocicleta deixa uma pessoa morta na BR-316, entre Campo Grande e Vila Nova - Portal NPM","og_description":"Uma pessoa morreu em um acidente na BR 316, entre os munic\u00edpios de Campo Grande do Piau\u00ed e Vila Nova na noite deste s\u00e1bado, 1 de fevereiro. A batida envolveu uma carreta e uma moto, de acordo com informa\u00e7\u00f5es iniciais da\u00a0Pol\u00edcia Rodovi\u00e1ria Federal (PRF). A v\u00edtima foi identificada como Sebasti\u00e3o Augusto Bezerra, residente da cidade &hellip;","og_url":"https:\/\/portalnpm.com\/index.php\/2020\/02\/02\/acidente-na-br-316-entre-campo-grande-vila-nova-deixa-uma-pessoa-morta\/","og_site_name":"Portal NPM","article_published_time":"2020-02-02T17:15:59+00:00","author":"Luis Alberto","twitter_card":"summary_large_image","twitter_misc":{"Escrito por":"Luis Alberto","Est. tempo de leitura":"1 minuto"},"schema":{"@context":"https:\/\/schema.org","@graph":[{"@type":"WebPage","@id":"https:\/\/portalnpm.com\/index.php\/2020\/02\/02\/acidente-na-br-316-entre-campo-grande-vila-nova-deixa-uma-pessoa-morta\/","url":"https:\/\/portalnpm.com\/index.php\/2020\/02\/02\/acidente-na-br-316-entre-campo-grande-vila-nova-deixa-uma-pessoa-morta\/","name":"Acidente entre carreta e motocicleta deixa uma pessoa morta na BR-316, entre Campo Grande e Vila Nova - Portal NPM","isPartOf":{"@id":"https:\/\/portalnpm.com\/#website"},"primaryImageOfPage":{"@id":"https:\/\/portalnpm.com\/index.php\/2020\/02\/02\/acidente-na-br-316-entre-campo-grande-vila-nova-deixa-uma-pessoa-morta\/#primaryimage"},"image":{"@id":"https:\/\/portalnpm.com\/index.php\/2020\/02\/02\/acidente-na-br-316-entre-campo-grande-vila-nova-deixa-uma-pessoa-morta\/#primaryimage"},"thumbnailUrl":"","datePublished":"2020-02-02T17:15:59+00:00","dateModified":"2020-02-02T17:15:59+00:00","author":{"@id":"https:\/\/portalnpm.com\/#\/schema\/person\/5c8006acdf71774cd4e7a5ab98482152"},"breadcrumb":{"@id":"https:\/\/portalnpm.com\/index.php\/2020\/02\/02\/acidente-na-br-316-entre-campo-grande-vila-nova-deixa-uma-pessoa-morta\/#breadcrumb"},"inLanguage":"pt-BR","potentialAction":[{"@type":"ReadAction","target":["https:\/\/portalnpm.com\/index.php\/2020\/02\/02\/acidente-na-br-316-entre-campo-grande-vila-nova-deixa-uma-pessoa-morta\/"]}]},{"@type":"ImageObject","inLanguage":"pt-BR","@id":"https:\/\/portalnpm.com\/index.php\/2020\/02\/02\/acidente-na-br-316-entre-campo-grande-vila-nova-deixa-uma-pessoa-morta\/#primaryimage","url":"","contentUrl":""},{"@type":"BreadcrumbList","@id":"https:\/\/portalnpm.com\/index.php\/2020\/02\/02\/acidente-na-br-316-entre-campo-grande-vila-nova-deixa-uma-pessoa-morta\/#breadcrumb","itemListElement":[{"@type":"ListItem","position":1,"name":"In\u00edcio","item":"https:\/\/portalnpm.com\/"},{"@type":"ListItem","position":2,"name":"Acidente entre carreta e motocicleta deixa uma pessoa morta na BR-316, entre Campo Grande e Vila Nova"}]},{"@type":"WebSite","@id":"https:\/\/portalnpm.com\/#website","url":"https:\/\/portalnpm.com\/","name":"Portal NPM","description":"Not\u00edcias em Primeira M\u00e3o","potentialAction":[{"@type":"SearchAction","target":{"@type":"EntryPoint","urlTemplate":"https:\/\/portalnpm.com\/?s={search_term_string}"},"query-input":"required name=search_term_string"}],"inLanguage":"pt-BR"},{"@type":"Person","@id":"https:\/\/portalnpm.com\/#\/schema\/person\/5c8006acdf71774cd4e7a5ab98482152","name":"Luis Alberto","image":{"@type":"ImageObject","inLanguage":"pt-BR","@id":"https:\/\/portalnpm.com\/#\/schema\/person\/image\/","url":"https:\/\/portalnpm.com\/wp-content\/uploads\/2024\/12\/avatar_user_3_1734699769-96x96.jpeg","contentUrl":"https:\/\/portalnpm.com\/wp-content\/uploads\/2024\/12\/avatar_user_3_1734699769-96x96.jpeg","caption":"Luis Alberto"},"description":"Editor-geral do Portal NPM, \u00e9 formado como T\u00e9cnico em Seguran\u00e7a do Trabalho pela Escola Metropolitana de Cursos T\u00e9cnicos. Det\u00e9m ainda licenciatura em Educa\u00e7\u00e3o F\u00edsica e bacharelado em Ci\u00eancias Pol\u00edticas, ambos obtidos pela institui\u00e7\u00e3o Anhanguera\/UNOPAR.","url":"https:\/\/portalnpm.com\/index.php\/author\/pereira\/"}]}},"jetpack_sharing_enabled":true,"jetpack_featured_media_url":"","_links":{"self":[{"href":"https:\/\/portalnpm.com\/index.php\/wp-json\/wp\/v2\/posts\/17123"}],"collection":[{"href":"https:\/\/portalnpm.com\/index.php\/wp-json\/wp\/v2\/posts"}],"about":[{"href":"https:\/\/portalnpm.com\/index.php\/wp-json\/wp\/v2\/types\/post"}],"author":[{"embeddable":true,"href":"https:\/\/portalnpm.com\/index.php\/wp-json\/wp\/v2\/users\/3"}],"replies":[{"embeddable":true,"href":"https:\/\/portalnpm.com\/index.php\/wp-json\/wp\/v2\/comments?post=17123"}],"version-history":[{"count":0,"href":"https:\/\/portalnpm.com\/index.php\/wp-json\/wp\/v2\/posts\/17123\/revisions"}],"wp:featuredmedia":[{"embeddable":true,"href":"https:\/\/portalnpm.com\/index.php\/wp-json\/"}],"wp:attachment":[{"href":"https:\/\/portalnpm.com\/index.php\/wp-json\/wp\/v2\/media?parent=17123"}],"wp:term":[{"taxonomy":"category","embeddable":true,"href":"https:\/\/portalnpm.com\/index.php\/wp-json\/wp\/v2\/categories?post=17123"},{"taxonomy":"post_tag","embeddable":true,"href":"https:\/\/portalnpm.com\/index.php\/wp-json\/wp\/v2\/tags?post=17123"}],"curies":[{"name":"wp","href":"https:\/\/api.w.org\/{rel}","templated":true}]}}