{"id":1722,"date":"2018-10-08T10:13:28","date_gmt":"2018-10-08T13:13:28","guid":{"rendered":"http:\/\/srv.portalnpm.com.br\/?p=1722"},"modified":"2018-10-08T10:13:28","modified_gmt":"2018-10-08T13:13:28","slug":"veja-quais-sao-os-senadores-eleitos-em-2018-em-todo-o-pais","status":"publish","type":"post","link":"https:\/\/portalnpm.com\/index.php\/2018\/10\/08\/veja-quais-sao-os-senadores-eleitos-em-2018-em-todo-o-pais\/","title":{"rendered":"Veja quais s\u00e3o os senadores eleitos em 2018 em todo o pa\u00eds"},"content":{"rendered":"<p style=\"text-align: justify;\">Nas elei\u00e7\u00f5es de 2018, o Senado renovou dois ter\u00e7os das suas 81 cadeiras. 32 senadores buscaram reelei\u00e7\u00e3o, mas apenas 8 conseguiram. 24 novos nomes foram escolhidos pelos eleitores para representarem os seus estados a partir de fevereiro. Confira a lista completa dos eleitos:<\/p>\n<div align=\"center\">\n<table class=\"plain\">\n<tbody>\n<tr>\n<td colspan=\"2\">\n<h3><strong>Confira a lista completa dos eleitos<\/strong><\/h3>\n<\/td>\n<\/tr>\n<tr>\n<td colspan=\"2\"><\/td>\n<\/tr>\n<tr>\n<td colspan=\"2\"><\/td>\n<\/tr>\n<tr>\n<td scope=\"col\" width=\"49%\"><strong>ACRE<\/strong><\/td>\n<td>M\u00e1rcio Bittar (MDB)<br \/>\nS\u00e9rgio Petec\u00e3o (PSD)<\/td>\n<\/tr>\n<tr>\n<td><strong>ALAGOAS<\/strong><\/td>\n<td>Renan Calheiros (MDB)<br \/>\nRodrigo Cunha (PSDB)<\/td>\n<\/tr>\n<tr>\n<td><strong>AMAP\u00c1<\/strong><\/td>\n<td>Lucas Barreto (PTB)<br \/>\nRandolfe Rodrigues (REDE)<\/td>\n<\/tr>\n<tr>\n<td><strong>AMAZONAS<\/strong><\/td>\n<td>Pl\u00ednio Valerio (PSDB)<br \/>\nEduardo Braga (MDB)<\/td>\n<\/tr>\n<tr>\n<td><strong>BAHIA<\/strong><\/td>\n<td>\n<div id=\"_mcePaste\">Angelo Coronel (PSD)<\/div>\n<div id=\"_mcePaste\">Jaques Wagner (PT)<\/div>\n<\/td>\n<\/tr>\n<tr>\n<td><strong>CEAR\u00c1<\/strong><\/td>\n<td>Cid Gomes (PDT)<br \/>\nEduardo Gir\u00e3o (PROS)<\/td>\n<\/tr>\n<tr>\n<td><strong>DISTRITO FEDERAL<\/strong><\/td>\n<td>Izalci (PSDB)<br \/>\nLeila do V\u00f4lei (PSB)<\/td>\n<\/tr>\n<tr>\n<td><strong>ESP\u00cdRITO SANTO<\/strong><\/td>\n<td>Fabiano Contarato (REDE)<br \/>\nMarcos do Val (PPS)<\/td>\n<\/tr>\n<tr>\n<td><strong>GOI\u00c1S<\/strong><\/td>\n<td>Jorge Kajuru (PRP)<br \/>\nVanderlan (PP)<\/td>\n<\/tr>\n<tr>\n<td><strong>MARANH\u00c3O<\/strong><\/td>\n<td>Eliziane Gama (PPS)<br \/>\nWeverton (PDT)<\/td>\n<\/tr>\n<tr>\n<td><strong>MATO GROSSO<\/strong><\/td>\n<td>Jayme Campos (DEM)<br \/>\nJu\u00edza Selma Arruda (PSL)<\/td>\n<\/tr>\n<tr>\n<td><strong>MATO GROSSO DO SUL<\/strong><\/td>\n<td>Nelsinho Trad (PTB)<br \/>\nSoraya Thronicke (PSL)<\/td>\n<\/tr>\n<tr>\n<td><strong>MINAS GERAIS<\/strong><\/td>\n<td>Carlos Viana (PHS)<br \/>\nRodrigo Pacheco (DEM)<\/td>\n<\/tr>\n<tr>\n<td><strong>PAR\u00c1<\/strong><\/td>\n<td>Jader Barbalho (MDB)<br \/>\nZequinha Marinho (PSC)<\/td>\n<\/tr>\n<tr>\n<td><strong>PARA\u00cdBA<\/strong><\/td>\n<td>Daniella Ribeiro (PP)<br \/>\nVeneziano (PSB)<\/td>\n<\/tr>\n<tr>\n<td><strong>PARAN\u00c1<\/strong><\/td>\n<td>Fl\u00e1vio Arns (REDE)<br \/>\nProf. Oriovisto Guimar\u00e3es (PODE)<\/td>\n<\/tr>\n<tr>\n<td><strong>PERNAMBUCO<\/strong><\/td>\n<td>Humberto Costa (PT)<br \/>\nJarbas Vasconcelos (MDB)<\/td>\n<\/tr>\n<tr>\n<td><strong>PIAU\u00cd<\/strong><\/td>\n<td>Ciro Nogueira (PP)<br \/>\nMarcelo Castro (MDB)<\/td>\n<\/tr>\n<tr>\n<td><strong>RIO DE JANEIRO<\/strong><\/td>\n<td>Arolde de Oliveira (PSD)<br \/>\nFl\u00e1vio Bolsonaro (PSL)<\/td>\n<\/tr>\n<tr>\n<td><strong>RIO GRANDE DO NORTE<\/strong><\/td>\n<td>Capit\u00e3o Styvenson (REDE)<br \/>\nDr\u00aa Zenaide Maia (PHS)<\/td>\n<\/tr>\n<tr>\n<td><strong>RIO GRANDE DO SUL<\/strong><\/td>\n<td>Luis Carlos Heinze (PP)<br \/>\nPaulo Paim (PT)<\/td>\n<\/tr>\n<tr>\n<td><strong>ROND\u00d4NIA<\/strong><\/td>\n<td>Conf\u00facio Moura (MDB)<br \/>\nMarcos Rog\u00e9rio (DEM)<\/td>\n<\/tr>\n<tr>\n<td><strong>RORAIMA<\/strong><\/td>\n<td>Chico Rodrigues (DEM)<br \/>\nMecias de Jesus (PRB)<\/td>\n<\/tr>\n<tr>\n<td><strong>SANTA CATARINA<\/strong><\/td>\n<td>Esperidi\u00e3o Amin (PP)<br \/>\nJorginho Mello (PR)<\/td>\n<\/tr>\n<tr>\n<td><strong>S\u00c3O PAULO<\/strong><\/td>\n<td>Mara Gabrilli (PSDB)<br \/>\nMajor Ol\u00edmpio (PSL)<\/td>\n<\/tr>\n<tr>\n<td><strong>SERGIPE<\/strong><\/td>\n<td>Delegado Alessandro Vieira (REDE)<br \/>\nRog\u00e9rio Carvalho Santos (PT)<\/td>\n<\/tr>\n<tr>\n<td><strong>TOCANTINS<\/strong><\/td>\n<td>Eduardo Gomes (SD)<br \/>\nIraj\u00e1 (PSD)<\/td>\n<\/tr>\n<\/tbody>\n<\/table>\n<\/div>\n<p class=\"text-muted\"><strong><small>Ag\u00eancia Senado (Reprodu\u00e7\u00e3o autorizada mediante cita\u00e7\u00e3o da Ag\u00eancia Senado)<\/small><\/strong><\/p>\n","protected":false},"excerpt":{"rendered":"<p>Nas elei\u00e7\u00f5es de 2018, o Senado renovou dois ter\u00e7os das suas 81 cadeiras. 32 senadores buscaram reelei\u00e7\u00e3o, mas apenas 8 conseguiram. 24 novos nomes foram escolhidos pelos eleitores para representarem os seus estados a partir de fevereiro. Confira a lista completa dos eleitos: Confira a lista completa dos eleitos ACRE M\u00e1rcio Bittar (MDB) S\u00e9rgio Petec\u00e3o &hellip;<\/p>\n","protected":false},"author":3,"featured_media":1723,"comment_status":"open","ping_status":"open","sticky":false,"template":"","format":"standard","meta":{"content-type":"","rop_custom_images_group":[],"rop_custom_messages_group":[],"rop_publish_now":"initial","rop_publish_now_accounts":{"facebook_2648258775420054_1618374048415101":""},"rop_publish_now_history":[],"rop_publish_now_status":"pending","footnotes":"","_jetpack_memberships_contains_paid_content":false},"categories":[113,130],"tags":[760,1001,1002,1003],"yoast_head":"<!-- This site is optimized with the Yoast SEO plugin v22.3 - https:\/\/yoast.com\/wordpress\/plugins\/seo\/ -->\n<title>Veja quais s\u00e3o os senadores eleitos em 2018 em todo o pa\u00eds - Portal NPM<\/title>\n<meta name=\"robots\" content=\"index, follow, max-snippet:-1, max-image-preview:large, max-video-preview:-1\" \/>\n<link rel=\"canonical\" href=\"https:\/\/portalnpm.com\/index.php\/2018\/10\/08\/veja-quais-sao-os-senadores-eleitos-em-2018-em-todo-o-pais\/\" \/>\n<meta property=\"og:locale\" content=\"pt_BR\" \/>\n<meta property=\"og:type\" content=\"article\" \/>\n<meta property=\"og:title\" content=\"Veja quais s\u00e3o os senadores eleitos em 2018 em todo o pa\u00eds - Portal NPM\" \/>\n<meta property=\"og:description\" content=\"Nas elei\u00e7\u00f5es de 2018, o Senado renovou dois ter\u00e7os das suas 81 cadeiras. 32 senadores buscaram reelei\u00e7\u00e3o, mas apenas 8 conseguiram. 24 novos nomes foram escolhidos pelos eleitores para representarem os seus estados a partir de fevereiro. Confira a lista completa dos eleitos: Confira a lista completa dos eleitos ACRE M\u00e1rcio Bittar (MDB) S\u00e9rgio Petec\u00e3o &hellip;\" \/>\n<meta property=\"og:url\" content=\"https:\/\/portalnpm.com\/index.php\/2018\/10\/08\/veja-quais-sao-os-senadores-eleitos-em-2018-em-todo-o-pais\/\" \/>\n<meta property=\"og:site_name\" content=\"Portal NPM\" \/>\n<meta property=\"article:published_time\" content=\"2018-10-08T13:13:28+00:00\" \/>\n<meta property=\"og:image\" content=\"https:\/\/portalnpm.com\/wp-content\/uploads\/2018\/10\/20180904_03971w.jpg\" \/>\n\t<meta property=\"og:image:width\" content=\"860\" \/>\n\t<meta property=\"og:image:height\" content=\"570\" \/>\n\t<meta property=\"og:image:type\" content=\"image\/jpeg\" \/>\n<meta name=\"author\" content=\"Luis Alberto\" \/>\n<meta name=\"twitter:card\" content=\"summary_large_image\" \/>\n<meta name=\"twitter:label1\" content=\"Escrito por\" \/>\n\t<meta name=\"twitter:data1\" content=\"Luis Alberto\" \/>\n\t<meta name=\"twitter:label2\" content=\"Est. tempo de leitura\" \/>\n\t<meta name=\"twitter:data2\" content=\"1 minuto\" \/>\n<script type=\"application\/ld+json\" class=\"yoast-schema-graph\">{\"@context\":\"https:\/\/schema.org\",\"@graph\":[{\"@type\":\"WebPage\",\"@id\":\"https:\/\/portalnpm.com\/index.php\/2018\/10\/08\/veja-quais-sao-os-senadores-eleitos-em-2018-em-todo-o-pais\/\",\"url\":\"https:\/\/portalnpm.com\/index.php\/2018\/10\/08\/veja-quais-sao-os-senadores-eleitos-em-2018-em-todo-o-pais\/\",\"name\":\"Veja quais s\u00e3o os senadores eleitos em 2018 em todo o pa\u00eds - Portal NPM\",\"isPartOf\":{\"@id\":\"https:\/\/portalnpm.com\/#website\"},\"primaryImageOfPage\":{\"@id\":\"https:\/\/portalnpm.com\/index.php\/2018\/10\/08\/veja-quais-sao-os-senadores-eleitos-em-2018-em-todo-o-pais\/#primaryimage\"},\"image\":{\"@id\":\"https:\/\/portalnpm.com\/index.php\/2018\/10\/08\/veja-quais-sao-os-senadores-eleitos-em-2018-em-todo-o-pais\/#primaryimage\"},\"thumbnailUrl\":\"https:\/\/portalnpm.com\/wp-content\/uploads\/2018\/10\/20180904_03971w.jpg\",\"datePublished\":\"2018-10-08T13:13:28+00:00\",\"dateModified\":\"2018-10-08T13:13:28+00:00\",\"author\":{\"@id\":\"https:\/\/portalnpm.com\/#\/schema\/person\/5c8006acdf71774cd4e7a5ab98482152\"},\"breadcrumb\":{\"@id\":\"https:\/\/portalnpm.com\/index.php\/2018\/10\/08\/veja-quais-sao-os-senadores-eleitos-em-2018-em-todo-o-pais\/#breadcrumb\"},\"inLanguage\":\"pt-BR\",\"potentialAction\":[{\"@type\":\"ReadAction\",\"target\":[\"https:\/\/portalnpm.com\/index.php\/2018\/10\/08\/veja-quais-sao-os-senadores-eleitos-em-2018-em-todo-o-pais\/\"]}]},{\"@type\":\"ImageObject\",\"inLanguage\":\"pt-BR\",\"@id\":\"https:\/\/portalnpm.com\/index.php\/2018\/10\/08\/veja-quais-sao-os-senadores-eleitos-em-2018-em-todo-o-pais\/#primaryimage\",\"url\":\"https:\/\/portalnpm.com\/wp-content\/uploads\/2018\/10\/20180904_03971w.jpg\",\"contentUrl\":\"https:\/\/portalnpm.com\/wp-content\/uploads\/2018\/10\/20180904_03971w.jpg\",\"width\":860,\"height\":570,\"caption\":\"Plen\u00e1rio do Senado Federal durante sess\u00e3o deliberativa ordin\u00e1ria. \u00c0 mesa, presidente do Senado Federal, senador Eun\u00edcio Oliveira (MDB-CE), conduz sess\u00e3o. Por 49 votos a favor, tr\u00eas contra e uma absten\u00e7\u00e3o, o Plen\u00e1rio aprovou a indica\u00e7\u00e3o do diplomata Nelson Tabajara para o cargo de embaixador do Brasil na Su\u00e9cia. Foto: Waldemir Barreto\/Ag\u00eancia Senado\"},{\"@type\":\"BreadcrumbList\",\"@id\":\"https:\/\/portalnpm.com\/index.php\/2018\/10\/08\/veja-quais-sao-os-senadores-eleitos-em-2018-em-todo-o-pais\/#breadcrumb\",\"itemListElement\":[{\"@type\":\"ListItem\",\"position\":1,\"name\":\"In\u00edcio\",\"item\":\"https:\/\/portalnpm.com\/\"},{\"@type\":\"ListItem\",\"position\":2,\"name\":\"Veja quais s\u00e3o os senadores eleitos em 2018 em todo o pa\u00eds\"}]},{\"@type\":\"WebSite\",\"@id\":\"https:\/\/portalnpm.com\/#website\",\"url\":\"https:\/\/portalnpm.com\/\",\"name\":\"Portal NPM\",\"description\":\"Not\u00edcias em Primeira M\u00e3o\",\"potentialAction\":[{\"@type\":\"SearchAction\",\"target\":{\"@type\":\"EntryPoint\",\"urlTemplate\":\"https:\/\/portalnpm.com\/?s={search_term_string}\"},\"query-input\":\"required name=search_term_string\"}],\"inLanguage\":\"pt-BR\"},{\"@type\":\"Person\",\"@id\":\"https:\/\/portalnpm.com\/#\/schema\/person\/5c8006acdf71774cd4e7a5ab98482152\",\"name\":\"Luis Alberto\",\"image\":{\"@type\":\"ImageObject\",\"inLanguage\":\"pt-BR\",\"@id\":\"https:\/\/portalnpm.com\/#\/schema\/person\/image\/\",\"url\":\"https:\/\/portalnpm.com\/wp-content\/uploads\/2024\/12\/avatar_user_3_1734699769-96x96.jpeg\",\"contentUrl\":\"https:\/\/portalnpm.com\/wp-content\/uploads\/2024\/12\/avatar_user_3_1734699769-96x96.jpeg\",\"caption\":\"Luis Alberto\"},\"description\":\"Editor-geral do Portal NPM, \u00e9 formado como T\u00e9cnico em Seguran\u00e7a do Trabalho pela Escola Metropolitana de Cursos T\u00e9cnicos. Det\u00e9m ainda licenciatura em Educa\u00e7\u00e3o F\u00edsica e bacharelado em Ci\u00eancias Pol\u00edticas, ambos obtidos pela institui\u00e7\u00e3o Anhanguera\/UNOPAR.\",\"url\":\"https:\/\/portalnpm.com\/index.php\/author\/pereira\/\"}]}<\/script>\n<!-- \/ Yoast SEO plugin. -->","yoast_head_json":{"title":"Veja quais s\u00e3o os senadores eleitos em 2018 em todo o pa\u00eds - Portal NPM","robots":{"index":"index","follow":"follow","max-snippet":"max-snippet:-1","max-image-preview":"max-image-preview:large","max-video-preview":"max-video-preview:-1"},"canonical":"https:\/\/portalnpm.com\/index.php\/2018\/10\/08\/veja-quais-sao-os-senadores-eleitos-em-2018-em-todo-o-pais\/","og_locale":"pt_BR","og_type":"article","og_title":"Veja quais s\u00e3o os senadores eleitos em 2018 em todo o pa\u00eds - Portal NPM","og_description":"Nas elei\u00e7\u00f5es de 2018, o Senado renovou dois ter\u00e7os das suas 81 cadeiras. 32 senadores buscaram reelei\u00e7\u00e3o, mas apenas 8 conseguiram. 24 novos nomes foram escolhidos pelos eleitores para representarem os seus estados a partir de fevereiro. Confira a lista completa dos eleitos: Confira a lista completa dos eleitos ACRE M\u00e1rcio Bittar (MDB) S\u00e9rgio Petec\u00e3o &hellip;","og_url":"https:\/\/portalnpm.com\/index.php\/2018\/10\/08\/veja-quais-sao-os-senadores-eleitos-em-2018-em-todo-o-pais\/","og_site_name":"Portal NPM","article_published_time":"2018-10-08T13:13:28+00:00","og_image":[{"width":860,"height":570,"url":"https:\/\/portalnpm.com\/wp-content\/uploads\/2018\/10\/20180904_03971w.jpg","type":"image\/jpeg"}],"author":"Luis Alberto","twitter_card":"summary_large_image","twitter_misc":{"Escrito por":"Luis Alberto","Est. tempo de leitura":"1 minuto"},"schema":{"@context":"https:\/\/schema.org","@graph":[{"@type":"WebPage","@id":"https:\/\/portalnpm.com\/index.php\/2018\/10\/08\/veja-quais-sao-os-senadores-eleitos-em-2018-em-todo-o-pais\/","url":"https:\/\/portalnpm.com\/index.php\/2018\/10\/08\/veja-quais-sao-os-senadores-eleitos-em-2018-em-todo-o-pais\/","name":"Veja quais s\u00e3o os senadores eleitos em 2018 em todo o pa\u00eds - Portal NPM","isPartOf":{"@id":"https:\/\/portalnpm.com\/#website"},"primaryImageOfPage":{"@id":"https:\/\/portalnpm.com\/index.php\/2018\/10\/08\/veja-quais-sao-os-senadores-eleitos-em-2018-em-todo-o-pais\/#primaryimage"},"image":{"@id":"https:\/\/portalnpm.com\/index.php\/2018\/10\/08\/veja-quais-sao-os-senadores-eleitos-em-2018-em-todo-o-pais\/#primaryimage"},"thumbnailUrl":"https:\/\/portalnpm.com\/wp-content\/uploads\/2018\/10\/20180904_03971w.jpg","datePublished":"2018-10-08T13:13:28+00:00","dateModified":"2018-10-08T13:13:28+00:00","author":{"@id":"https:\/\/portalnpm.com\/#\/schema\/person\/5c8006acdf71774cd4e7a5ab98482152"},"breadcrumb":{"@id":"https:\/\/portalnpm.com\/index.php\/2018\/10\/08\/veja-quais-sao-os-senadores-eleitos-em-2018-em-todo-o-pais\/#breadcrumb"},"inLanguage":"pt-BR","potentialAction":[{"@type":"ReadAction","target":["https:\/\/portalnpm.com\/index.php\/2018\/10\/08\/veja-quais-sao-os-senadores-eleitos-em-2018-em-todo-o-pais\/"]}]},{"@type":"ImageObject","inLanguage":"pt-BR","@id":"https:\/\/portalnpm.com\/index.php\/2018\/10\/08\/veja-quais-sao-os-senadores-eleitos-em-2018-em-todo-o-pais\/#primaryimage","url":"https:\/\/portalnpm.com\/wp-content\/uploads\/2018\/10\/20180904_03971w.jpg","contentUrl":"https:\/\/portalnpm.com\/wp-content\/uploads\/2018\/10\/20180904_03971w.jpg","width":860,"height":570,"caption":"Plen\u00e1rio do Senado Federal durante sess\u00e3o deliberativa ordin\u00e1ria. \u00c0 mesa, presidente do Senado Federal, senador Eun\u00edcio Oliveira (MDB-CE), conduz sess\u00e3o. Por 49 votos a favor, tr\u00eas contra e uma absten\u00e7\u00e3o, o Plen\u00e1rio aprovou a indica\u00e7\u00e3o do diplomata Nelson Tabajara para o cargo de embaixador do Brasil na Su\u00e9cia. Foto: Waldemir Barreto\/Ag\u00eancia Senado"},{"@type":"BreadcrumbList","@id":"https:\/\/portalnpm.com\/index.php\/2018\/10\/08\/veja-quais-sao-os-senadores-eleitos-em-2018-em-todo-o-pais\/#breadcrumb","itemListElement":[{"@type":"ListItem","position":1,"name":"In\u00edcio","item":"https:\/\/portalnpm.com\/"},{"@type":"ListItem","position":2,"name":"Veja quais s\u00e3o os senadores eleitos em 2018 em todo o pa\u00eds"}]},{"@type":"WebSite","@id":"https:\/\/portalnpm.com\/#website","url":"https:\/\/portalnpm.com\/","name":"Portal NPM","description":"Not\u00edcias em Primeira M\u00e3o","potentialAction":[{"@type":"SearchAction","target":{"@type":"EntryPoint","urlTemplate":"https:\/\/portalnpm.com\/?s={search_term_string}"},"query-input":"required name=search_term_string"}],"inLanguage":"pt-BR"},{"@type":"Person","@id":"https:\/\/portalnpm.com\/#\/schema\/person\/5c8006acdf71774cd4e7a5ab98482152","name":"Luis Alberto","image":{"@type":"ImageObject","inLanguage":"pt-BR","@id":"https:\/\/portalnpm.com\/#\/schema\/person\/image\/","url":"https:\/\/portalnpm.com\/wp-content\/uploads\/2024\/12\/avatar_user_3_1734699769-96x96.jpeg","contentUrl":"https:\/\/portalnpm.com\/wp-content\/uploads\/2024\/12\/avatar_user_3_1734699769-96x96.jpeg","caption":"Luis Alberto"},"description":"Editor-geral do Portal NPM, \u00e9 formado como T\u00e9cnico em Seguran\u00e7a do Trabalho pela Escola Metropolitana de Cursos T\u00e9cnicos. Det\u00e9m ainda licenciatura em Educa\u00e7\u00e3o F\u00edsica e bacharelado em Ci\u00eancias Pol\u00edticas, ambos obtidos pela institui\u00e7\u00e3o Anhanguera\/UNOPAR.","url":"https:\/\/portalnpm.com\/index.php\/author\/pereira\/"}]}},"jetpack_sharing_enabled":true,"jetpack_featured_media_url":"https:\/\/portalnpm.com\/wp-content\/uploads\/2018\/10\/20180904_03971w.jpg","_links":{"self":[{"href":"https:\/\/portalnpm.com\/index.php\/wp-json\/wp\/v2\/posts\/1722"}],"collection":[{"href":"https:\/\/portalnpm.com\/index.php\/wp-json\/wp\/v2\/posts"}],"about":[{"href":"https:\/\/portalnpm.com\/index.php\/wp-json\/wp\/v2\/types\/post"}],"author":[{"embeddable":true,"href":"https:\/\/portalnpm.com\/index.php\/wp-json\/wp\/v2\/users\/3"}],"replies":[{"embeddable":true,"href":"https:\/\/portalnpm.com\/index.php\/wp-json\/wp\/v2\/comments?post=1722"}],"version-history":[{"count":0,"href":"https:\/\/portalnpm.com\/index.php\/wp-json\/wp\/v2\/posts\/1722\/revisions"}],"wp:featuredmedia":[{"embeddable":true,"href":"https:\/\/portalnpm.com\/index.php\/wp-json\/wp\/v2\/media\/1723"}],"wp:attachment":[{"href":"https:\/\/portalnpm.com\/index.php\/wp-json\/wp\/v2\/media?parent=1722"}],"wp:term":[{"taxonomy":"category","embeddable":true,"href":"https:\/\/portalnpm.com\/index.php\/wp-json\/wp\/v2\/categories?post=1722"},{"taxonomy":"post_tag","embeddable":true,"href":"https:\/\/portalnpm.com\/index.php\/wp-json\/wp\/v2\/tags?post=1722"}],"curies":[{"name":"wp","href":"https:\/\/api.w.org\/{rel}","templated":true}]}}