{"id":17304,"date":"2020-02-12T16:12:03","date_gmt":"2020-02-12T19:12:03","guid":{"rendered":"http:\/\/srv.portalnpm.com.br\/?p=17304"},"modified":"2020-02-12T16:12:03","modified_gmt":"2020-02-12T19:12:03","slug":"picos-gil-paraibano-declara-junto-a-ze-neri-pre-candidatura-ao-palacio-coelho-rodrigues","status":"publish","type":"post","link":"https:\/\/portalnpm.com\/index.php\/2020\/02\/12\/picos-gil-paraibano-declara-junto-a-ze-neri-pre-candidatura-ao-palacio-coelho-rodrigues\/","title":{"rendered":"PICOS | Gil Paraibano declara, junto a Z\u00e9 Neri, pr\u00e9-candidatura ao Pal\u00e1cio Coelho Rodrigues"},"content":{"rendered":"<p style=\"text-align: justify;\">O ex-prefeito de Picos, Gil Marques de Medeiros (Progressistas), anunciou, durante entrevista a uma r\u00e1dio local, que seu nome est\u00e1 puxando uma chapa para concorrer ao Pal\u00e1cio Coelho Rodrigues, juntamente com o, tamb\u00e9m, ex-prefeito Jos\u00e9 Neri (PTB).<\/p>\n<p style=\"text-align: justify;\">Ambos concorrem, respectivamente, aos cargos de prefeito e vice, durante este processo de pr\u00e9-candidatura. Segundo ele, as negocia\u00e7\u00f5es iniciaram h\u00e1 quatro meses e ele tem confian\u00e7a na palavra de seu companheiro de chapa.<\/p>\n<p style=\"text-align: justify;\">\u201cEu sou pr\u00e9-candidato e estou junto com o Jos\u00e9 Neri de Sousa e o povo picoense. Z\u00e9 Neri \u00e9 homem de palavra e toda vez que ele decidiu apoiar um candidato em Picos ele nunca abriu m\u00e3o da palavra dele. E o povo pode confiar no que ele diz, pois \u00e9 um homem s\u00e9rio N\u00e3o se justifica em Picos que ele tenha quebrado compromisso com ningu\u00e9m. Ele assumiu o compromisso comigo. Sou pr\u00e9-candidato a prefeito e ele a vice. De maneiras que o Governador j\u00e1 convocou ele para uma reuni\u00e3o em Teresina, mas o nosso compromisso est\u00e1 firmado\u201d, disse Gil Paraibano.<\/p>\n<p style=\"text-align: justify;\">O ex-gestor, que comandou Picos de 2005 a 2012, afirmou que, caso seu companheiro de chapa estivesse com melhores inten\u00e7\u00f5es de voto, ele abriria m\u00e3o de \u201cestar na cabe\u00e7a da chapa\u201d para acompanhar Z\u00e9 Neri.<\/p>\n<p style=\"text-align: justify;\">\u201cSe, por acaso, ele estivesse melhor nas pesquisas, ele que seria meu candidato. Aqui o que queremos \u00e9 s\u00f3 mudar Picos. Vamos trabalhar pelo progresso de Picos\u201d, declarou.<\/p>\n<p style=\"text-align: justify;\">Terceira maior cidade do Estado, Picos \u00e9 considerada uma das mais importantes do Piau\u00ed, inclusive, no aspecto pol\u00edtico. Administrada pelo petista Padre Walmir, que lan\u00e7ar\u00e1 o seu sucessor, o empres\u00e1rio Araujinho (PT). Corre ainda por fora o Coronel Viana, uma esp\u00e9cie de terceira via.<\/p>\n<p style=\"text-align: justify;\"><strong><em>Com informa\u00e7\u00f5es do Portal Cidades na Net<\/em><\/strong><\/p>\n","protected":false},"excerpt":{"rendered":"<p>O ex-prefeito de Picos, Gil Marques de Medeiros (Progressistas), anunciou, durante entrevista a uma r\u00e1dio local, que seu nome est\u00e1 puxando uma chapa para concorrer ao Pal\u00e1cio Coelho Rodrigues, juntamente com o, tamb\u00e9m, ex-prefeito Jos\u00e9 Neri (PTB). Ambos concorrem, respectivamente, aos cargos de prefeito e vice, durante este processo de pr\u00e9-candidatura. Segundo ele, as negocia\u00e7\u00f5es &hellip;<\/p>\n","protected":false},"author":3,"featured_media":17305,"comment_status":"open","ping_status":"open","sticky":false,"template":"","format":"standard","meta":{"content-type":"","rop_custom_images_group":[],"rop_custom_messages_group":[],"rop_publish_now":"initial","rop_publish_now_accounts":{"facebook_2648258775420054_1618374048415101":""},"rop_publish_now_history":[],"rop_publish_now_status":"pending","footnotes":"","_jetpack_memberships_contains_paid_content":false},"categories":[113,109,127,130],"tags":[378,1752,2045],"yoast_head":"<!-- This site is optimized with the Yoast SEO plugin v22.3 - https:\/\/yoast.com\/wordpress\/plugins\/seo\/ -->\n<title>PICOS | Gil Paraibano declara, junto a Z\u00e9 Neri, pr\u00e9-candidatura ao Pal\u00e1cio Coelho Rodrigues - Portal NPM<\/title>\n<meta name=\"robots\" content=\"index, follow, max-snippet:-1, max-image-preview:large, max-video-preview:-1\" \/>\n<link rel=\"canonical\" href=\"https:\/\/portalnpm.com\/index.php\/2020\/02\/12\/picos-gil-paraibano-declara-junto-a-ze-neri-pre-candidatura-ao-palacio-coelho-rodrigues\/\" \/>\n<meta property=\"og:locale\" content=\"pt_BR\" \/>\n<meta property=\"og:type\" content=\"article\" \/>\n<meta property=\"og:title\" content=\"PICOS | Gil Paraibano declara, junto a Z\u00e9 Neri, pr\u00e9-candidatura ao Pal\u00e1cio Coelho Rodrigues - Portal NPM\" \/>\n<meta property=\"og:description\" content=\"O ex-prefeito de Picos, Gil Marques de Medeiros (Progressistas), anunciou, durante entrevista a uma r\u00e1dio local, que seu nome est\u00e1 puxando uma chapa para concorrer ao Pal\u00e1cio Coelho Rodrigues, juntamente com o, tamb\u00e9m, ex-prefeito Jos\u00e9 Neri (PTB). Ambos concorrem, respectivamente, aos cargos de prefeito e vice, durante este processo de pr\u00e9-candidatura. Segundo ele, as negocia\u00e7\u00f5es &hellip;\" \/>\n<meta property=\"og:url\" content=\"https:\/\/portalnpm.com\/index.php\/2020\/02\/12\/picos-gil-paraibano-declara-junto-a-ze-neri-pre-candidatura-ao-palacio-coelho-rodrigues\/\" \/>\n<meta property=\"og:site_name\" content=\"Portal NPM\" \/>\n<meta property=\"article:published_time\" content=\"2020-02-12T19:12:03+00:00\" \/>\n<meta name=\"author\" content=\"Luis Alberto\" \/>\n<meta name=\"twitter:card\" content=\"summary_large_image\" \/>\n<meta name=\"twitter:label1\" content=\"Escrito por\" \/>\n\t<meta name=\"twitter:data1\" content=\"Luis Alberto\" \/>\n\t<meta name=\"twitter:label2\" content=\"Est. tempo de leitura\" \/>\n\t<meta name=\"twitter:data2\" content=\"2 minutos\" \/>\n<script type=\"application\/ld+json\" class=\"yoast-schema-graph\">{\"@context\":\"https:\/\/schema.org\",\"@graph\":[{\"@type\":\"WebPage\",\"@id\":\"https:\/\/portalnpm.com\/index.php\/2020\/02\/12\/picos-gil-paraibano-declara-junto-a-ze-neri-pre-candidatura-ao-palacio-coelho-rodrigues\/\",\"url\":\"https:\/\/portalnpm.com\/index.php\/2020\/02\/12\/picos-gil-paraibano-declara-junto-a-ze-neri-pre-candidatura-ao-palacio-coelho-rodrigues\/\",\"name\":\"PICOS | Gil Paraibano declara, junto a Z\u00e9 Neri, pr\u00e9-candidatura ao Pal\u00e1cio Coelho Rodrigues - Portal NPM\",\"isPartOf\":{\"@id\":\"https:\/\/portalnpm.com\/#website\"},\"primaryImageOfPage\":{\"@id\":\"https:\/\/portalnpm.com\/index.php\/2020\/02\/12\/picos-gil-paraibano-declara-junto-a-ze-neri-pre-candidatura-ao-palacio-coelho-rodrigues\/#primaryimage\"},\"image\":{\"@id\":\"https:\/\/portalnpm.com\/index.php\/2020\/02\/12\/picos-gil-paraibano-declara-junto-a-ze-neri-pre-candidatura-ao-palacio-coelho-rodrigues\/#primaryimage\"},\"thumbnailUrl\":\"\",\"datePublished\":\"2020-02-12T19:12:03+00:00\",\"dateModified\":\"2020-02-12T19:12:03+00:00\",\"author\":{\"@id\":\"https:\/\/portalnpm.com\/#\/schema\/person\/5c8006acdf71774cd4e7a5ab98482152\"},\"breadcrumb\":{\"@id\":\"https:\/\/portalnpm.com\/index.php\/2020\/02\/12\/picos-gil-paraibano-declara-junto-a-ze-neri-pre-candidatura-ao-palacio-coelho-rodrigues\/#breadcrumb\"},\"inLanguage\":\"pt-BR\",\"potentialAction\":[{\"@type\":\"ReadAction\",\"target\":[\"https:\/\/portalnpm.com\/index.php\/2020\/02\/12\/picos-gil-paraibano-declara-junto-a-ze-neri-pre-candidatura-ao-palacio-coelho-rodrigues\/\"]}]},{\"@type\":\"ImageObject\",\"inLanguage\":\"pt-BR\",\"@id\":\"https:\/\/portalnpm.com\/index.php\/2020\/02\/12\/picos-gil-paraibano-declara-junto-a-ze-neri-pre-candidatura-ao-palacio-coelho-rodrigues\/#primaryimage\",\"url\":\"\",\"contentUrl\":\"\"},{\"@type\":\"BreadcrumbList\",\"@id\":\"https:\/\/portalnpm.com\/index.php\/2020\/02\/12\/picos-gil-paraibano-declara-junto-a-ze-neri-pre-candidatura-ao-palacio-coelho-rodrigues\/#breadcrumb\",\"itemListElement\":[{\"@type\":\"ListItem\",\"position\":1,\"name\":\"In\u00edcio\",\"item\":\"https:\/\/portalnpm.com\/\"},{\"@type\":\"ListItem\",\"position\":2,\"name\":\"PICOS | Gil Paraibano declara, junto a Z\u00e9 Neri, pr\u00e9-candidatura ao Pal\u00e1cio Coelho Rodrigues\"}]},{\"@type\":\"WebSite\",\"@id\":\"https:\/\/portalnpm.com\/#website\",\"url\":\"https:\/\/portalnpm.com\/\",\"name\":\"Portal NPM\",\"description\":\"Not\u00edcias em Primeira M\u00e3o\",\"potentialAction\":[{\"@type\":\"SearchAction\",\"target\":{\"@type\":\"EntryPoint\",\"urlTemplate\":\"https:\/\/portalnpm.com\/?s={search_term_string}\"},\"query-input\":\"required name=search_term_string\"}],\"inLanguage\":\"pt-BR\"},{\"@type\":\"Person\",\"@id\":\"https:\/\/portalnpm.com\/#\/schema\/person\/5c8006acdf71774cd4e7a5ab98482152\",\"name\":\"Luis Alberto\",\"image\":{\"@type\":\"ImageObject\",\"inLanguage\":\"pt-BR\",\"@id\":\"https:\/\/portalnpm.com\/#\/schema\/person\/image\/\",\"url\":\"https:\/\/portalnpm.com\/wp-content\/uploads\/2024\/12\/avatar_user_3_1734699769-96x96.jpeg\",\"contentUrl\":\"https:\/\/portalnpm.com\/wp-content\/uploads\/2024\/12\/avatar_user_3_1734699769-96x96.jpeg\",\"caption\":\"Luis Alberto\"},\"description\":\"Editor-geral do Portal NPM, \u00e9 formado como T\u00e9cnico em Seguran\u00e7a do Trabalho pela Escola Metropolitana de Cursos T\u00e9cnicos. Det\u00e9m ainda licenciatura em Educa\u00e7\u00e3o F\u00edsica e bacharelado em Ci\u00eancias Pol\u00edticas, ambos obtidos pela institui\u00e7\u00e3o Anhanguera\/UNOPAR.\",\"url\":\"https:\/\/portalnpm.com\/index.php\/author\/pereira\/\"}]}<\/script>\n<!-- \/ Yoast SEO plugin. -->","yoast_head_json":{"title":"PICOS | Gil Paraibano declara, junto a Z\u00e9 Neri, pr\u00e9-candidatura ao Pal\u00e1cio Coelho Rodrigues - Portal NPM","robots":{"index":"index","follow":"follow","max-snippet":"max-snippet:-1","max-image-preview":"max-image-preview:large","max-video-preview":"max-video-preview:-1"},"canonical":"https:\/\/portalnpm.com\/index.php\/2020\/02\/12\/picos-gil-paraibano-declara-junto-a-ze-neri-pre-candidatura-ao-palacio-coelho-rodrigues\/","og_locale":"pt_BR","og_type":"article","og_title":"PICOS | Gil Paraibano declara, junto a Z\u00e9 Neri, pr\u00e9-candidatura ao Pal\u00e1cio Coelho Rodrigues - Portal NPM","og_description":"O ex-prefeito de Picos, Gil Marques de Medeiros (Progressistas), anunciou, durante entrevista a uma r\u00e1dio local, que seu nome est\u00e1 puxando uma chapa para concorrer ao Pal\u00e1cio Coelho Rodrigues, juntamente com o, tamb\u00e9m, ex-prefeito Jos\u00e9 Neri (PTB). Ambos concorrem, respectivamente, aos cargos de prefeito e vice, durante este processo de pr\u00e9-candidatura. Segundo ele, as negocia\u00e7\u00f5es &hellip;","og_url":"https:\/\/portalnpm.com\/index.php\/2020\/02\/12\/picos-gil-paraibano-declara-junto-a-ze-neri-pre-candidatura-ao-palacio-coelho-rodrigues\/","og_site_name":"Portal NPM","article_published_time":"2020-02-12T19:12:03+00:00","author":"Luis Alberto","twitter_card":"summary_large_image","twitter_misc":{"Escrito por":"Luis Alberto","Est. tempo de leitura":"2 minutos"},"schema":{"@context":"https:\/\/schema.org","@graph":[{"@type":"WebPage","@id":"https:\/\/portalnpm.com\/index.php\/2020\/02\/12\/picos-gil-paraibano-declara-junto-a-ze-neri-pre-candidatura-ao-palacio-coelho-rodrigues\/","url":"https:\/\/portalnpm.com\/index.php\/2020\/02\/12\/picos-gil-paraibano-declara-junto-a-ze-neri-pre-candidatura-ao-palacio-coelho-rodrigues\/","name":"PICOS | Gil Paraibano declara, junto a Z\u00e9 Neri, pr\u00e9-candidatura ao Pal\u00e1cio Coelho Rodrigues - Portal NPM","isPartOf":{"@id":"https:\/\/portalnpm.com\/#website"},"primaryImageOfPage":{"@id":"https:\/\/portalnpm.com\/index.php\/2020\/02\/12\/picos-gil-paraibano-declara-junto-a-ze-neri-pre-candidatura-ao-palacio-coelho-rodrigues\/#primaryimage"},"image":{"@id":"https:\/\/portalnpm.com\/index.php\/2020\/02\/12\/picos-gil-paraibano-declara-junto-a-ze-neri-pre-candidatura-ao-palacio-coelho-rodrigues\/#primaryimage"},"thumbnailUrl":"","datePublished":"2020-02-12T19:12:03+00:00","dateModified":"2020-02-12T19:12:03+00:00","author":{"@id":"https:\/\/portalnpm.com\/#\/schema\/person\/5c8006acdf71774cd4e7a5ab98482152"},"breadcrumb":{"@id":"https:\/\/portalnpm.com\/index.php\/2020\/02\/12\/picos-gil-paraibano-declara-junto-a-ze-neri-pre-candidatura-ao-palacio-coelho-rodrigues\/#breadcrumb"},"inLanguage":"pt-BR","potentialAction":[{"@type":"ReadAction","target":["https:\/\/portalnpm.com\/index.php\/2020\/02\/12\/picos-gil-paraibano-declara-junto-a-ze-neri-pre-candidatura-ao-palacio-coelho-rodrigues\/"]}]},{"@type":"ImageObject","inLanguage":"pt-BR","@id":"https:\/\/portalnpm.com\/index.php\/2020\/02\/12\/picos-gil-paraibano-declara-junto-a-ze-neri-pre-candidatura-ao-palacio-coelho-rodrigues\/#primaryimage","url":"","contentUrl":""},{"@type":"BreadcrumbList","@id":"https:\/\/portalnpm.com\/index.php\/2020\/02\/12\/picos-gil-paraibano-declara-junto-a-ze-neri-pre-candidatura-ao-palacio-coelho-rodrigues\/#breadcrumb","itemListElement":[{"@type":"ListItem","position":1,"name":"In\u00edcio","item":"https:\/\/portalnpm.com\/"},{"@type":"ListItem","position":2,"name":"PICOS | Gil Paraibano declara, junto a Z\u00e9 Neri, pr\u00e9-candidatura ao Pal\u00e1cio Coelho Rodrigues"}]},{"@type":"WebSite","@id":"https:\/\/portalnpm.com\/#website","url":"https:\/\/portalnpm.com\/","name":"Portal NPM","description":"Not\u00edcias em Primeira M\u00e3o","potentialAction":[{"@type":"SearchAction","target":{"@type":"EntryPoint","urlTemplate":"https:\/\/portalnpm.com\/?s={search_term_string}"},"query-input":"required name=search_term_string"}],"inLanguage":"pt-BR"},{"@type":"Person","@id":"https:\/\/portalnpm.com\/#\/schema\/person\/5c8006acdf71774cd4e7a5ab98482152","name":"Luis Alberto","image":{"@type":"ImageObject","inLanguage":"pt-BR","@id":"https:\/\/portalnpm.com\/#\/schema\/person\/image\/","url":"https:\/\/portalnpm.com\/wp-content\/uploads\/2024\/12\/avatar_user_3_1734699769-96x96.jpeg","contentUrl":"https:\/\/portalnpm.com\/wp-content\/uploads\/2024\/12\/avatar_user_3_1734699769-96x96.jpeg","caption":"Luis Alberto"},"description":"Editor-geral do Portal NPM, \u00e9 formado como T\u00e9cnico em Seguran\u00e7a do Trabalho pela Escola Metropolitana de Cursos T\u00e9cnicos. Det\u00e9m ainda licenciatura em Educa\u00e7\u00e3o F\u00edsica e bacharelado em Ci\u00eancias Pol\u00edticas, ambos obtidos pela institui\u00e7\u00e3o Anhanguera\/UNOPAR.","url":"https:\/\/portalnpm.com\/index.php\/author\/pereira\/"}]}},"jetpack_sharing_enabled":true,"jetpack_featured_media_url":"","_links":{"self":[{"href":"https:\/\/portalnpm.com\/index.php\/wp-json\/wp\/v2\/posts\/17304"}],"collection":[{"href":"https:\/\/portalnpm.com\/index.php\/wp-json\/wp\/v2\/posts"}],"about":[{"href":"https:\/\/portalnpm.com\/index.php\/wp-json\/wp\/v2\/types\/post"}],"author":[{"embeddable":true,"href":"https:\/\/portalnpm.com\/index.php\/wp-json\/wp\/v2\/users\/3"}],"replies":[{"embeddable":true,"href":"https:\/\/portalnpm.com\/index.php\/wp-json\/wp\/v2\/comments?post=17304"}],"version-history":[{"count":0,"href":"https:\/\/portalnpm.com\/index.php\/wp-json\/wp\/v2\/posts\/17304\/revisions"}],"wp:featuredmedia":[{"embeddable":true,"href":"https:\/\/portalnpm.com\/index.php\/wp-json\/"}],"wp:attachment":[{"href":"https:\/\/portalnpm.com\/index.php\/wp-json\/wp\/v2\/media?parent=17304"}],"wp:term":[{"taxonomy":"category","embeddable":true,"href":"https:\/\/portalnpm.com\/index.php\/wp-json\/wp\/v2\/categories?post=17304"},{"taxonomy":"post_tag","embeddable":true,"href":"https:\/\/portalnpm.com\/index.php\/wp-json\/wp\/v2\/tags?post=17304"}],"curies":[{"name":"wp","href":"https:\/\/api.w.org\/{rel}","templated":true}]}}