{"id":17400,"date":"2020-02-18T16:14:49","date_gmt":"2020-02-18T19:14:49","guid":{"rendered":"http:\/\/srv.portalnpm.com.br\/?p=17400"},"modified":"2020-02-18T16:14:49","modified_gmt":"2020-02-18T19:14:49","slug":"em-francisco-macedo-grupo-politico-da-oposicao-se-reune-visando-a-sucessao-municipal","status":"publish","type":"post","link":"https:\/\/portalnpm.com\/index.php\/2020\/02\/18\/em-francisco-macedo-grupo-politico-da-oposicao-se-reune-visando-a-sucessao-municipal\/","title":{"rendered":"Em Francisco Macedo, grupo pol\u00edtico da oposi\u00e7\u00e3o se re\u00fane visando a sucess\u00e3o municipal"},"content":{"rendered":"<h2 class=\"jeg_post_subtitle\">Neste domingo (16\/02) o grupo da oposi\u00e7\u00e3o se reuniu para um encontro de alto n\u00edvel<\/h2>\n<p style=\"text-align: justify;\">Um encontro de alto n\u00edvel. Assim pode ser definida a reuni\u00e3o entre lideran\u00e7as da cidade de Francisco Macedo, ocorrida neste domingo (16\/02).<\/p>\n<p style=\"text-align: justify;\">Inconformados com a atual situa\u00e7\u00e3o da cidade e com o objetivo de construir um projeto que possa tir\u00e1-la do marasmo e retrocesso em que se encontra, sentaram na mesma mesa lideran\u00e7as que j\u00e1 estiveram em lados opostos em outras situa\u00e7\u00f5es, mas que entendem que somente unidas, de forma pluripartid\u00e1ria, conseguir\u00e3o dar a cidade de Francisco Macedo um futuro melhor.<\/p>\n<p style=\"text-align: justify;\">L\u00e1 estiveram, os vereadores Ant\u00f4nio Os\u00e9as, Gilmar Filho, Paulo Costa, Apolin\u00e1rio Jos\u00e9, Osailton Lopes, K\u00e1ssio Carvalho pr\u00e9-candidato a vereador, Marisa Delfino pr\u00e9-candidata a vereadora, Adonias Jos\u00e9 pr\u00e9-candidato a vereador, o pr\u00e9-candidato a Prefeito Novim e o pr\u00e9-candidato a vice-prefeito Odair Lopes, e outras lideran\u00e7as pol\u00edticas.<\/p>\n<p style=\"text-align: justify;\">O pr\u00e9-candidato a Prefeito Adeilson Carvalho popularmente conhecido como Novim ainda espera lan\u00e7ar mais duas pr\u00e9-candidatas a vereadora, nomes fortes, nomes femininos, nomes bem aceito pela popula\u00e7\u00e3o de Francisco Macedo.<\/p>\n<p style=\"text-align: justify;\">Com a desist\u00eancia do Prefeito Nonato Alencar para disputar \u00e0 reelei\u00e7\u00e3o e apoiar seu sobrinho, informa\u00e7\u00f5es de bastidores d\u00e3o como certo o desgaste e a fragilidade por parte do grupo pol\u00edtico da situa\u00e7\u00e3o.<\/p>\n<p style=\"text-align: justify;\">J\u00e1 corre rumores na cidade que a vereadora Jacira Alencar desistiu para apoiar uma prima sua, fatos dessa natureza d\u00e3o a entender essa situa\u00e7\u00e3o ocorre pela desist\u00eancia do Prefeito Nonato Alencar.<\/p>\n<p style=\"text-align: justify;\">Conversas de bastidores tamb\u00e9m insinuam que a vereadora Mailane Carvalho tamb\u00e9m poder\u00e1 desistir da sua candidatura a reelei\u00e7\u00e3o ao Poder Legislativo, por enquanto s\u00e3o apenas meras especula\u00e7\u00f5es pol\u00edticas, mas veremos com o decorrer dos dias o que acontecer\u00e1 no cen\u00e1rio pol\u00edtico da cidade de Francisco Macedo, em anos de elei\u00e7\u00f5es municipais a R\u00e1dio Cal\u00e7ada a cada momento tem uma nova not\u00edcia.<\/p>\n<p style=\"text-align: justify;\">O que temos de certeza absoluta \u00e9 que o grupo pol\u00edtico da oposi\u00e7\u00e3o de Francisco Macedo, segue unido e forte, com disposi\u00e7\u00e3o para trabalhar por melhores dias para o munic\u00edpio.<\/p>\n<p><strong><em>Fonte: Di\u00e1rio GM<\/em><\/strong><\/p>\n","protected":false},"excerpt":{"rendered":"<p>Neste domingo (16\/02) o grupo da oposi\u00e7\u00e3o se reuniu para um encontro de alto n\u00edvel Um encontro de alto n\u00edvel. Assim pode ser definida a reuni\u00e3o entre lideran\u00e7as da cidade de Francisco Macedo, ocorrida neste domingo (16\/02). Inconformados com a atual situa\u00e7\u00e3o da cidade e com o objetivo de construir um projeto que possa tir\u00e1-la &hellip;<\/p>\n","protected":false},"author":4,"featured_media":17401,"comment_status":"open","ping_status":"open","sticky":false,"template":"","format":"standard","meta":{"content-type":"","rop_custom_images_group":[],"rop_custom_messages_group":[],"rop_publish_now":"initial","rop_publish_now_accounts":{"facebook_2648258775420054_1618374048415101":""},"rop_publish_now_history":[],"rop_publish_now_status":"pending","footnotes":"","_jetpack_memberships_contains_paid_content":false},"categories":[113,502,109],"tags":[1006,176,3728],"yoast_head":"<!-- This site is optimized with the Yoast SEO plugin v22.3 - https:\/\/yoast.com\/wordpress\/plugins\/seo\/ -->\n<title>Em Francisco Macedo, grupo pol\u00edtico da oposi\u00e7\u00e3o se re\u00fane visando a sucess\u00e3o municipal - Portal NPM<\/title>\n<meta name=\"robots\" content=\"index, follow, max-snippet:-1, max-image-preview:large, max-video-preview:-1\" \/>\n<link rel=\"canonical\" href=\"https:\/\/portalnpm.com\/index.php\/2020\/02\/18\/em-francisco-macedo-grupo-politico-da-oposicao-se-reune-visando-a-sucessao-municipal\/\" \/>\n<meta property=\"og:locale\" content=\"pt_BR\" \/>\n<meta property=\"og:type\" content=\"article\" \/>\n<meta property=\"og:title\" content=\"Em Francisco Macedo, grupo pol\u00edtico da oposi\u00e7\u00e3o se re\u00fane visando a sucess\u00e3o municipal - Portal NPM\" \/>\n<meta property=\"og:description\" content=\"Neste domingo (16\/02) o grupo da oposi\u00e7\u00e3o se reuniu para um encontro de alto n\u00edvel Um encontro de alto n\u00edvel. Assim pode ser definida a reuni\u00e3o entre lideran\u00e7as da cidade de Francisco Macedo, ocorrida neste domingo (16\/02). Inconformados com a atual situa\u00e7\u00e3o da cidade e com o objetivo de construir um projeto que possa tir\u00e1-la &hellip;\" \/>\n<meta property=\"og:url\" content=\"https:\/\/portalnpm.com\/index.php\/2020\/02\/18\/em-francisco-macedo-grupo-politico-da-oposicao-se-reune-visando-a-sucessao-municipal\/\" \/>\n<meta property=\"og:site_name\" content=\"Portal NPM\" \/>\n<meta property=\"article:published_time\" content=\"2020-02-18T19:14:49+00:00\" \/>\n<meta name=\"author\" content=\"Reda\u00e7\u00e3o\" \/>\n<meta name=\"twitter:card\" content=\"summary_large_image\" \/>\n<meta name=\"twitter:label1\" content=\"Escrito por\" \/>\n\t<meta name=\"twitter:data1\" content=\"Reda\u00e7\u00e3o\" \/>\n\t<meta name=\"twitter:label2\" content=\"Est. tempo de leitura\" \/>\n\t<meta name=\"twitter:data2\" content=\"2 minutos\" \/>\n<script type=\"application\/ld+json\" class=\"yoast-schema-graph\">{\"@context\":\"https:\/\/schema.org\",\"@graph\":[{\"@type\":\"WebPage\",\"@id\":\"https:\/\/portalnpm.com\/index.php\/2020\/02\/18\/em-francisco-macedo-grupo-politico-da-oposicao-se-reune-visando-a-sucessao-municipal\/\",\"url\":\"https:\/\/portalnpm.com\/index.php\/2020\/02\/18\/em-francisco-macedo-grupo-politico-da-oposicao-se-reune-visando-a-sucessao-municipal\/\",\"name\":\"Em Francisco Macedo, grupo pol\u00edtico da oposi\u00e7\u00e3o se re\u00fane visando a sucess\u00e3o municipal - Portal NPM\",\"isPartOf\":{\"@id\":\"https:\/\/portalnpm.com\/#website\"},\"primaryImageOfPage\":{\"@id\":\"https:\/\/portalnpm.com\/index.php\/2020\/02\/18\/em-francisco-macedo-grupo-politico-da-oposicao-se-reune-visando-a-sucessao-municipal\/#primaryimage\"},\"image\":{\"@id\":\"https:\/\/portalnpm.com\/index.php\/2020\/02\/18\/em-francisco-macedo-grupo-politico-da-oposicao-se-reune-visando-a-sucessao-municipal\/#primaryimage\"},\"thumbnailUrl\":\"\",\"datePublished\":\"2020-02-18T19:14:49+00:00\",\"dateModified\":\"2020-02-18T19:14:49+00:00\",\"author\":{\"@id\":\"https:\/\/portalnpm.com\/#\/schema\/person\/0b5f230ec96cee25504fa328e7f2b733\"},\"breadcrumb\":{\"@id\":\"https:\/\/portalnpm.com\/index.php\/2020\/02\/18\/em-francisco-macedo-grupo-politico-da-oposicao-se-reune-visando-a-sucessao-municipal\/#breadcrumb\"},\"inLanguage\":\"pt-BR\",\"potentialAction\":[{\"@type\":\"ReadAction\",\"target\":[\"https:\/\/portalnpm.com\/index.php\/2020\/02\/18\/em-francisco-macedo-grupo-politico-da-oposicao-se-reune-visando-a-sucessao-municipal\/\"]}]},{\"@type\":\"ImageObject\",\"inLanguage\":\"pt-BR\",\"@id\":\"https:\/\/portalnpm.com\/index.php\/2020\/02\/18\/em-francisco-macedo-grupo-politico-da-oposicao-se-reune-visando-a-sucessao-municipal\/#primaryimage\",\"url\":\"\",\"contentUrl\":\"\"},{\"@type\":\"BreadcrumbList\",\"@id\":\"https:\/\/portalnpm.com\/index.php\/2020\/02\/18\/em-francisco-macedo-grupo-politico-da-oposicao-se-reune-visando-a-sucessao-municipal\/#breadcrumb\",\"itemListElement\":[{\"@type\":\"ListItem\",\"position\":1,\"name\":\"In\u00edcio\",\"item\":\"https:\/\/portalnpm.com\/\"},{\"@type\":\"ListItem\",\"position\":2,\"name\":\"Em Francisco Macedo, grupo pol\u00edtico da oposi\u00e7\u00e3o se re\u00fane visando a sucess\u00e3o municipal\"}]},{\"@type\":\"WebSite\",\"@id\":\"https:\/\/portalnpm.com\/#website\",\"url\":\"https:\/\/portalnpm.com\/\",\"name\":\"Portal NPM\",\"description\":\"Not\u00edcias em Primeira M\u00e3o\",\"potentialAction\":[{\"@type\":\"SearchAction\",\"target\":{\"@type\":\"EntryPoint\",\"urlTemplate\":\"https:\/\/portalnpm.com\/?s={search_term_string}\"},\"query-input\":\"required name=search_term_string\"}],\"inLanguage\":\"pt-BR\"},{\"@type\":\"Person\",\"@id\":\"https:\/\/portalnpm.com\/#\/schema\/person\/0b5f230ec96cee25504fa328e7f2b733\",\"name\":\"Reda\u00e7\u00e3o\",\"image\":{\"@type\":\"ImageObject\",\"inLanguage\":\"pt-BR\",\"@id\":\"https:\/\/portalnpm.com\/#\/schema\/person\/image\/\",\"url\":\"https:\/\/portalnpm.com\/wp-content\/uploads\/2024\/03\/avatar_user_4_1710097212-96x96.png\",\"contentUrl\":\"https:\/\/portalnpm.com\/wp-content\/uploads\/2024\/03\/avatar_user_4_1710097212-96x96.png\",\"caption\":\"Reda\u00e7\u00e3o\"},\"url\":\"https:\/\/portalnpm.com\/index.php\/author\/redacao\/\"}]}<\/script>\n<!-- \/ Yoast SEO plugin. -->","yoast_head_json":{"title":"Em Francisco Macedo, grupo pol\u00edtico da oposi\u00e7\u00e3o se re\u00fane visando a sucess\u00e3o municipal - Portal NPM","robots":{"index":"index","follow":"follow","max-snippet":"max-snippet:-1","max-image-preview":"max-image-preview:large","max-video-preview":"max-video-preview:-1"},"canonical":"https:\/\/portalnpm.com\/index.php\/2020\/02\/18\/em-francisco-macedo-grupo-politico-da-oposicao-se-reune-visando-a-sucessao-municipal\/","og_locale":"pt_BR","og_type":"article","og_title":"Em Francisco Macedo, grupo pol\u00edtico da oposi\u00e7\u00e3o se re\u00fane visando a sucess\u00e3o municipal - Portal NPM","og_description":"Neste domingo (16\/02) o grupo da oposi\u00e7\u00e3o se reuniu para um encontro de alto n\u00edvel Um encontro de alto n\u00edvel. Assim pode ser definida a reuni\u00e3o entre lideran\u00e7as da cidade de Francisco Macedo, ocorrida neste domingo (16\/02). Inconformados com a atual situa\u00e7\u00e3o da cidade e com o objetivo de construir um projeto que possa tir\u00e1-la &hellip;","og_url":"https:\/\/portalnpm.com\/index.php\/2020\/02\/18\/em-francisco-macedo-grupo-politico-da-oposicao-se-reune-visando-a-sucessao-municipal\/","og_site_name":"Portal NPM","article_published_time":"2020-02-18T19:14:49+00:00","author":"Reda\u00e7\u00e3o","twitter_card":"summary_large_image","twitter_misc":{"Escrito por":"Reda\u00e7\u00e3o","Est. tempo de leitura":"2 minutos"},"schema":{"@context":"https:\/\/schema.org","@graph":[{"@type":"WebPage","@id":"https:\/\/portalnpm.com\/index.php\/2020\/02\/18\/em-francisco-macedo-grupo-politico-da-oposicao-se-reune-visando-a-sucessao-municipal\/","url":"https:\/\/portalnpm.com\/index.php\/2020\/02\/18\/em-francisco-macedo-grupo-politico-da-oposicao-se-reune-visando-a-sucessao-municipal\/","name":"Em Francisco Macedo, grupo pol\u00edtico da oposi\u00e7\u00e3o se re\u00fane visando a sucess\u00e3o municipal - Portal NPM","isPartOf":{"@id":"https:\/\/portalnpm.com\/#website"},"primaryImageOfPage":{"@id":"https:\/\/portalnpm.com\/index.php\/2020\/02\/18\/em-francisco-macedo-grupo-politico-da-oposicao-se-reune-visando-a-sucessao-municipal\/#primaryimage"},"image":{"@id":"https:\/\/portalnpm.com\/index.php\/2020\/02\/18\/em-francisco-macedo-grupo-politico-da-oposicao-se-reune-visando-a-sucessao-municipal\/#primaryimage"},"thumbnailUrl":"","datePublished":"2020-02-18T19:14:49+00:00","dateModified":"2020-02-18T19:14:49+00:00","author":{"@id":"https:\/\/portalnpm.com\/#\/schema\/person\/0b5f230ec96cee25504fa328e7f2b733"},"breadcrumb":{"@id":"https:\/\/portalnpm.com\/index.php\/2020\/02\/18\/em-francisco-macedo-grupo-politico-da-oposicao-se-reune-visando-a-sucessao-municipal\/#breadcrumb"},"inLanguage":"pt-BR","potentialAction":[{"@type":"ReadAction","target":["https:\/\/portalnpm.com\/index.php\/2020\/02\/18\/em-francisco-macedo-grupo-politico-da-oposicao-se-reune-visando-a-sucessao-municipal\/"]}]},{"@type":"ImageObject","inLanguage":"pt-BR","@id":"https:\/\/portalnpm.com\/index.php\/2020\/02\/18\/em-francisco-macedo-grupo-politico-da-oposicao-se-reune-visando-a-sucessao-municipal\/#primaryimage","url":"","contentUrl":""},{"@type":"BreadcrumbList","@id":"https:\/\/portalnpm.com\/index.php\/2020\/02\/18\/em-francisco-macedo-grupo-politico-da-oposicao-se-reune-visando-a-sucessao-municipal\/#breadcrumb","itemListElement":[{"@type":"ListItem","position":1,"name":"In\u00edcio","item":"https:\/\/portalnpm.com\/"},{"@type":"ListItem","position":2,"name":"Em Francisco Macedo, grupo pol\u00edtico da oposi\u00e7\u00e3o se re\u00fane visando a sucess\u00e3o municipal"}]},{"@type":"WebSite","@id":"https:\/\/portalnpm.com\/#website","url":"https:\/\/portalnpm.com\/","name":"Portal NPM","description":"Not\u00edcias em Primeira M\u00e3o","potentialAction":[{"@type":"SearchAction","target":{"@type":"EntryPoint","urlTemplate":"https:\/\/portalnpm.com\/?s={search_term_string}"},"query-input":"required name=search_term_string"}],"inLanguage":"pt-BR"},{"@type":"Person","@id":"https:\/\/portalnpm.com\/#\/schema\/person\/0b5f230ec96cee25504fa328e7f2b733","name":"Reda\u00e7\u00e3o","image":{"@type":"ImageObject","inLanguage":"pt-BR","@id":"https:\/\/portalnpm.com\/#\/schema\/person\/image\/","url":"https:\/\/portalnpm.com\/wp-content\/uploads\/2024\/03\/avatar_user_4_1710097212-96x96.png","contentUrl":"https:\/\/portalnpm.com\/wp-content\/uploads\/2024\/03\/avatar_user_4_1710097212-96x96.png","caption":"Reda\u00e7\u00e3o"},"url":"https:\/\/portalnpm.com\/index.php\/author\/redacao\/"}]}},"jetpack_sharing_enabled":true,"jetpack_featured_media_url":"","_links":{"self":[{"href":"https:\/\/portalnpm.com\/index.php\/wp-json\/wp\/v2\/posts\/17400"}],"collection":[{"href":"https:\/\/portalnpm.com\/index.php\/wp-json\/wp\/v2\/posts"}],"about":[{"href":"https:\/\/portalnpm.com\/index.php\/wp-json\/wp\/v2\/types\/post"}],"author":[{"embeddable":true,"href":"https:\/\/portalnpm.com\/index.php\/wp-json\/wp\/v2\/users\/4"}],"replies":[{"embeddable":true,"href":"https:\/\/portalnpm.com\/index.php\/wp-json\/wp\/v2\/comments?post=17400"}],"version-history":[{"count":0,"href":"https:\/\/portalnpm.com\/index.php\/wp-json\/wp\/v2\/posts\/17400\/revisions"}],"wp:featuredmedia":[{"embeddable":true,"href":"https:\/\/portalnpm.com\/index.php\/wp-json\/"}],"wp:attachment":[{"href":"https:\/\/portalnpm.com\/index.php\/wp-json\/wp\/v2\/media?parent=17400"}],"wp:term":[{"taxonomy":"category","embeddable":true,"href":"https:\/\/portalnpm.com\/index.php\/wp-json\/wp\/v2\/categories?post=17400"},{"taxonomy":"post_tag","embeddable":true,"href":"https:\/\/portalnpm.com\/index.php\/wp-json\/wp\/v2\/tags?post=17400"}],"curies":[{"name":"wp","href":"https:\/\/api.w.org\/{rel}","templated":true}]}}