{"id":17484,"date":"2020-02-22T20:38:58","date_gmt":"2020-02-22T23:38:58","guid":{"rendered":"http:\/\/srv.portalnpm.com.br\/?p=17484"},"modified":"2020-02-22T20:38:58","modified_gmt":"2020-02-22T23:38:58","slug":"em-fronteiras-pt-declara-apoio-a-pre-candidatura-a-prefeito-de-eudes-ribeiro-psd-pela-oposicao","status":"publish","type":"post","link":"https:\/\/portalnpm.com\/index.php\/2020\/02\/22\/em-fronteiras-pt-declara-apoio-a-pre-candidatura-a-prefeito-de-eudes-ribeiro-psd-pela-oposicao\/","title":{"rendered":"Em Fronteiras, PT declara apoio \u00e0 pr\u00e9-candidatura a prefeito de Eudes Ribeiro (PSD) pela oposi\u00e7\u00e3o"},"content":{"rendered":"<p style=\"text-align: justify;\">Em reuni\u00e3o realizada na tarde deste s\u00e1bado, 22 de fevereiro, o Partido Trabalhista (PT) de Fronteiras \u2013 PI oficializou apoio \u00e0 pr\u00e9-candidatura de Eudes Agripino Ribeiro (PSD) pela oposi\u00e7\u00e3o.<\/p>\n<p style=\"text-align: justify;\">\n<p style=\"text-align: justify;\">O PT apresentou candidato a prefeito nas elei\u00e7\u00f5es suplementar de 2011 e 2012, com o nome de Dr. La\u00e9rcio, e no ano de 2016, apoiou a candidatura de Maria Jos\u00e9 (MDB), indicando Dr. La\u00e9rcio de vice e Izalberto Luz e Chica Rosa, como postulantes a uma vaga no legislativo.<\/p>\n<figure id=\"attachment_73029\" class=\"wp-caption alignnone\" style=\"text-align: justify;\" aria-describedby=\"caption-attachment-73029\"><img fetchpriority=\"high\" decoding=\"async\" class=\"wp-image-73029 size-full\" src=\"https:\/\/i2.wp.com\/www.portalenoticias.com.br\/wp-content\/uploads\/2020\/02\/ptfronteir20194555-6.jpg?resize=718%2C600&amp;ssl=1\" sizes=\"(max-width: 718px) 100vw, 718px\" srcset=\"https:\/\/i2.wp.com\/www.portalenoticias.com.br\/wp-content\/uploads\/2020\/02\/ptfronteir20194555-6.jpg?w=718&amp;ssl=1 718w, https:\/\/i2.wp.com\/www.portalenoticias.com.br\/wp-content\/uploads\/2020\/02\/ptfronteir20194555-6.jpg?resize=300%2C251&amp;ssl=1 300w\" alt=\"\" width=\"718\" height=\"600\" data-recalc-dims=\"1\" \/><figcaption id=\"caption-attachment-73029\" class=\"wp-caption-text\">PT de Fronteiras decide apoiar a pr\u00e9-candidatura de Eudes Ribeiro (PSD)<\/figcaption><\/figure>\n<p style=\"text-align: justify;\">Segundo os bastidores da pol\u00edtica, ap\u00f3s ser eleita prefeita, Maria Jos\u00e9 n\u00e3o teria cumprido os compromissos de campanha junto \u00e0 sigla provocando um distanciamento da atual gest\u00e3o com as lideran\u00e7as petistas locais. A situa\u00e7\u00e3o se agravou no ano de 2018, quando o PT deixou a dire\u00e7\u00e3o do hospital, \u00fanico cargo ocupado pelo partido na atual gest\u00e3o.<\/p>\n<p style=\"text-align: justify;\">De acordo com o vereador Izalberto Luz, atualmente articulador do PT em Fronteiras, o partido em reuni\u00e3o decidiu n\u00e3o apresentar candidato a prefeito neste ano e assumir o apoio incondicional e irrestrito \u00e0 pr\u00e9-candidatura de Eudes Agripino Ribeiro.<\/p>\n<figure id=\"attachment_73028\" class=\"wp-caption alignnone\" style=\"text-align: justify;\" aria-describedby=\"caption-attachment-73028\"><img decoding=\"async\" class=\"wp-image-73028 size-full\" src=\"https:\/\/i1.wp.com\/www.portalenoticias.com.br\/wp-content\/uploads\/2020\/02\/ptfronteir20194555-5.jpg?resize=600%2C619&amp;ssl=1\" sizes=\"(max-width: 600px) 100vw, 600px\" srcset=\"https:\/\/i1.wp.com\/www.portalenoticias.com.br\/wp-content\/uploads\/2020\/02\/ptfronteir20194555-5.jpg?w=600&amp;ssl=1 600w, https:\/\/i1.wp.com\/www.portalenoticias.com.br\/wp-content\/uploads\/2020\/02\/ptfronteir20194555-5.jpg?resize=291%2C300&amp;ssl=1 291w\" alt=\"\" width=\"600\" height=\"619\" data-recalc-dims=\"1\" \/><figcaption id=\"caption-attachment-73028\" class=\"wp-caption-text\">Reuni\u00e3o aconteceu na tarde deste sabado, 22 de fevereiro<\/figcaption><\/figure>\n<p style=\"text-align: justify;\">Perguntado pela reda\u00e7\u00e3o do\u00a0<a href=\"https:\/\/www.facebook.com\/ENoticiasOficial\/\"><em>Portal \u00c9 Not\u00edcias\u00a0<\/em><\/a>sobre quem ser\u00e1 o vice na chapa encabe\u00e7ada por Eudes Ribeiro, Izalberto Luz, foi enf\u00e1tico:<\/p>\n<p style=\"text-align: justify;\">\u201cFicou combinado que a indica\u00e7\u00e3o do candidato \u00e0 vice na chapa de Eudes ficar\u00e1 para mais pr\u00f3ximo das conven\u00e7\u00f5es, com a possibilidade de atrair mais um grupo pol\u00edtico, mesmo assim, o PT coloca \u00e0 disposi\u00e7\u00e3o do grupo bons nomes, como: o de Dr Wyrlei, Dr. Rodrigo, a lideran\u00e7a forte do Bela Vista Paulo Bezerra e tamb\u00e9m de mim, que atualmente possuo assento no legislativo municipal\u201d, disse Izalberto Luz.<\/p>\n<p style=\"text-align: justify;\"><img decoding=\"async\" class=\"alignnone size-full wp-image-73023\" src=\"https:\/\/i2.wp.com\/www.portalenoticias.com.br\/wp-content\/uploads\/2020\/02\/ptfronteir20194555-7.jpg?resize=618%2C600&amp;ssl=1\" sizes=\"(max-width: 618px) 100vw, 618px\" srcset=\"https:\/\/i2.wp.com\/www.portalenoticias.com.br\/wp-content\/uploads\/2020\/02\/ptfronteir20194555-7.jpg?w=618&amp;ssl=1 618w, https:\/\/i2.wp.com\/www.portalenoticias.com.br\/wp-content\/uploads\/2020\/02\/ptfronteir20194555-7.jpg?resize=300%2C291&amp;ssl=1 300w\" alt=\"\" width=\"618\" height=\"600\" data-recalc-dims=\"1\" \/>\u00a0<img loading=\"lazy\" decoding=\"async\" class=\"alignnone size-full wp-image-73025\" src=\"https:\/\/i0.wp.com\/www.portalenoticias.com.br\/wp-content\/uploads\/2020\/02\/ptfronteir20194555-2.jpg?resize=800%2C579&amp;ssl=1\" sizes=\"(max-width: 800px) 100vw, 800px\" srcset=\"https:\/\/i0.wp.com\/www.portalenoticias.com.br\/wp-content\/uploads\/2020\/02\/ptfronteir20194555-2.jpg?w=800&amp;ssl=1 800w, https:\/\/i0.wp.com\/www.portalenoticias.com.br\/wp-content\/uploads\/2020\/02\/ptfronteir20194555-2.jpg?resize=300%2C217&amp;ssl=1 300w, https:\/\/i0.wp.com\/www.portalenoticias.com.br\/wp-content\/uploads\/2020\/02\/ptfronteir20194555-2.jpg?resize=768%2C556&amp;ssl=1 768w\" alt=\"\" width=\"800\" height=\"579\" data-recalc-dims=\"1\" \/><img loading=\"lazy\" decoding=\"async\" class=\"alignnone size-full wp-image-73026\" src=\"https:\/\/i0.wp.com\/www.portalenoticias.com.br\/wp-content\/uploads\/2020\/02\/ptfronteir20194555-3.jpg?resize=800%2C462&amp;ssl=1\" sizes=\"(max-width: 800px) 100vw, 800px\" srcset=\"https:\/\/i0.wp.com\/www.portalenoticias.com.br\/wp-content\/uploads\/2020\/02\/ptfronteir20194555-3.jpg?w=800&amp;ssl=1 800w, https:\/\/i0.wp.com\/www.portalenoticias.com.br\/wp-content\/uploads\/2020\/02\/ptfronteir20194555-3.jpg?resize=300%2C173&amp;ssl=1 300w, https:\/\/i0.wp.com\/www.portalenoticias.com.br\/wp-content\/uploads\/2020\/02\/ptfronteir20194555-3.jpg?resize=768%2C444&amp;ssl=1 768w\" alt=\"\" width=\"800\" height=\"462\" data-recalc-dims=\"1\" \/><img loading=\"lazy\" decoding=\"async\" class=\"alignnone size-full wp-image-73027\" src=\"https:\/\/i2.wp.com\/www.portalenoticias.com.br\/wp-content\/uploads\/2020\/02\/ptfronteir20194555-4.jpg?resize=666%2C600&amp;ssl=1\" sizes=\"(max-width: 666px) 100vw, 666px\" srcset=\"https:\/\/i2.wp.com\/www.portalenoticias.com.br\/wp-content\/uploads\/2020\/02\/ptfronteir20194555-4.jpg?w=666&amp;ssl=1 666w, https:\/\/i2.wp.com\/www.portalenoticias.com.br\/wp-content\/uploads\/2020\/02\/ptfronteir20194555-4.jpg?resize=300%2C270&amp;ssl=1 300w\" alt=\"\" width=\"666\" height=\"600\" data-recalc-dims=\"1\" \/><\/p>\n<p style=\"text-align: justify;\"><strong><em>Fonte: Portal \u00c9 Not\u00edcias<\/em><\/strong><\/p>\n","protected":false},"excerpt":{"rendered":"<p>Em reuni\u00e3o realizada na tarde deste s\u00e1bado, 22 de fevereiro, o Partido Trabalhista (PT) de Fronteiras \u2013 PI oficializou apoio \u00e0 pr\u00e9-candidatura de Eudes Agripino Ribeiro (PSD) pela oposi\u00e7\u00e3o. O PT apresentou candidato a prefeito nas elei\u00e7\u00f5es suplementar de 2011 e 2012, com o nome de Dr. La\u00e9rcio, e no ano de 2016, apoiou a &hellip;<\/p>\n","protected":false},"author":4,"featured_media":17485,"comment_status":"open","ping_status":"open","sticky":false,"template":"","format":"standard","meta":{"content-type":"","rop_custom_images_group":[],"rop_custom_messages_group":[],"rop_publish_now":"initial","rop_publish_now_accounts":{"facebook_2648258775420054_1618374048415101":""},"rop_publish_now_history":[],"rop_publish_now_status":"pending","footnotes":"","_jetpack_memberships_contains_paid_content":false},"categories":[151,109,130],"tags":[150,176,403],"yoast_head":"<!-- This site is optimized with the Yoast SEO plugin v22.3 - https:\/\/yoast.com\/wordpress\/plugins\/seo\/ -->\n<title>Em Fronteiras, PT declara apoio \u00e0 pr\u00e9-candidatura a prefeito de Eudes Ribeiro (PSD) pela oposi\u00e7\u00e3o - Portal NPM<\/title>\n<meta name=\"robots\" content=\"index, follow, max-snippet:-1, max-image-preview:large, max-video-preview:-1\" \/>\n<link rel=\"canonical\" href=\"https:\/\/portalnpm.com\/index.php\/2020\/02\/22\/em-fronteiras-pt-declara-apoio-a-pre-candidatura-a-prefeito-de-eudes-ribeiro-psd-pela-oposicao\/\" \/>\n<meta property=\"og:locale\" content=\"pt_BR\" \/>\n<meta property=\"og:type\" content=\"article\" \/>\n<meta property=\"og:title\" content=\"Em Fronteiras, PT declara apoio \u00e0 pr\u00e9-candidatura a prefeito de Eudes Ribeiro (PSD) pela oposi\u00e7\u00e3o - Portal NPM\" \/>\n<meta property=\"og:description\" content=\"Em reuni\u00e3o realizada na tarde deste s\u00e1bado, 22 de fevereiro, o Partido Trabalhista (PT) de Fronteiras \u2013 PI oficializou apoio \u00e0 pr\u00e9-candidatura de Eudes Agripino Ribeiro (PSD) pela oposi\u00e7\u00e3o. O PT apresentou candidato a prefeito nas elei\u00e7\u00f5es suplementar de 2011 e 2012, com o nome de Dr. La\u00e9rcio, e no ano de 2016, apoiou a &hellip;\" \/>\n<meta property=\"og:url\" content=\"https:\/\/portalnpm.com\/index.php\/2020\/02\/22\/em-fronteiras-pt-declara-apoio-a-pre-candidatura-a-prefeito-de-eudes-ribeiro-psd-pela-oposicao\/\" \/>\n<meta property=\"og:site_name\" content=\"Portal NPM\" \/>\n<meta property=\"article:published_time\" content=\"2020-02-22T23:38:58+00:00\" \/>\n<meta name=\"author\" content=\"Reda\u00e7\u00e3o\" \/>\n<meta name=\"twitter:card\" content=\"summary_large_image\" \/>\n<meta name=\"twitter:label1\" content=\"Escrito por\" \/>\n\t<meta name=\"twitter:data1\" content=\"Reda\u00e7\u00e3o\" \/>\n\t<meta name=\"twitter:label2\" content=\"Est. tempo de leitura\" \/>\n\t<meta name=\"twitter:data2\" content=\"2 minutos\" \/>\n<script type=\"application\/ld+json\" class=\"yoast-schema-graph\">{\"@context\":\"https:\/\/schema.org\",\"@graph\":[{\"@type\":\"WebPage\",\"@id\":\"https:\/\/portalnpm.com\/index.php\/2020\/02\/22\/em-fronteiras-pt-declara-apoio-a-pre-candidatura-a-prefeito-de-eudes-ribeiro-psd-pela-oposicao\/\",\"url\":\"https:\/\/portalnpm.com\/index.php\/2020\/02\/22\/em-fronteiras-pt-declara-apoio-a-pre-candidatura-a-prefeito-de-eudes-ribeiro-psd-pela-oposicao\/\",\"name\":\"Em Fronteiras, PT declara apoio \u00e0 pr\u00e9-candidatura a prefeito de Eudes Ribeiro (PSD) pela oposi\u00e7\u00e3o - Portal NPM\",\"isPartOf\":{\"@id\":\"https:\/\/portalnpm.com\/#website\"},\"primaryImageOfPage\":{\"@id\":\"https:\/\/portalnpm.com\/index.php\/2020\/02\/22\/em-fronteiras-pt-declara-apoio-a-pre-candidatura-a-prefeito-de-eudes-ribeiro-psd-pela-oposicao\/#primaryimage\"},\"image\":{\"@id\":\"https:\/\/portalnpm.com\/index.php\/2020\/02\/22\/em-fronteiras-pt-declara-apoio-a-pre-candidatura-a-prefeito-de-eudes-ribeiro-psd-pela-oposicao\/#primaryimage\"},\"thumbnailUrl\":\"\",\"datePublished\":\"2020-02-22T23:38:58+00:00\",\"dateModified\":\"2020-02-22T23:38:58+00:00\",\"author\":{\"@id\":\"https:\/\/portalnpm.com\/#\/schema\/person\/0b5f230ec96cee25504fa328e7f2b733\"},\"breadcrumb\":{\"@id\":\"https:\/\/portalnpm.com\/index.php\/2020\/02\/22\/em-fronteiras-pt-declara-apoio-a-pre-candidatura-a-prefeito-de-eudes-ribeiro-psd-pela-oposicao\/#breadcrumb\"},\"inLanguage\":\"pt-BR\",\"potentialAction\":[{\"@type\":\"ReadAction\",\"target\":[\"https:\/\/portalnpm.com\/index.php\/2020\/02\/22\/em-fronteiras-pt-declara-apoio-a-pre-candidatura-a-prefeito-de-eudes-ribeiro-psd-pela-oposicao\/\"]}]},{\"@type\":\"ImageObject\",\"inLanguage\":\"pt-BR\",\"@id\":\"https:\/\/portalnpm.com\/index.php\/2020\/02\/22\/em-fronteiras-pt-declara-apoio-a-pre-candidatura-a-prefeito-de-eudes-ribeiro-psd-pela-oposicao\/#primaryimage\",\"url\":\"\",\"contentUrl\":\"\"},{\"@type\":\"BreadcrumbList\",\"@id\":\"https:\/\/portalnpm.com\/index.php\/2020\/02\/22\/em-fronteiras-pt-declara-apoio-a-pre-candidatura-a-prefeito-de-eudes-ribeiro-psd-pela-oposicao\/#breadcrumb\",\"itemListElement\":[{\"@type\":\"ListItem\",\"position\":1,\"name\":\"In\u00edcio\",\"item\":\"https:\/\/portalnpm.com\/\"},{\"@type\":\"ListItem\",\"position\":2,\"name\":\"Em Fronteiras, PT declara apoio \u00e0 pr\u00e9-candidatura a prefeito de Eudes Ribeiro (PSD) pela oposi\u00e7\u00e3o\"}]},{\"@type\":\"WebSite\",\"@id\":\"https:\/\/portalnpm.com\/#website\",\"url\":\"https:\/\/portalnpm.com\/\",\"name\":\"Portal NPM\",\"description\":\"Not\u00edcias em Primeira M\u00e3o\",\"potentialAction\":[{\"@type\":\"SearchAction\",\"target\":{\"@type\":\"EntryPoint\",\"urlTemplate\":\"https:\/\/portalnpm.com\/?s={search_term_string}\"},\"query-input\":\"required name=search_term_string\"}],\"inLanguage\":\"pt-BR\"},{\"@type\":\"Person\",\"@id\":\"https:\/\/portalnpm.com\/#\/schema\/person\/0b5f230ec96cee25504fa328e7f2b733\",\"name\":\"Reda\u00e7\u00e3o\",\"image\":{\"@type\":\"ImageObject\",\"inLanguage\":\"pt-BR\",\"@id\":\"https:\/\/portalnpm.com\/#\/schema\/person\/image\/\",\"url\":\"https:\/\/portalnpm.com\/wp-content\/uploads\/2024\/03\/avatar_user_4_1710097212-96x96.png\",\"contentUrl\":\"https:\/\/portalnpm.com\/wp-content\/uploads\/2024\/03\/avatar_user_4_1710097212-96x96.png\",\"caption\":\"Reda\u00e7\u00e3o\"},\"url\":\"https:\/\/portalnpm.com\/index.php\/author\/redacao\/\"}]}<\/script>\n<!-- \/ Yoast SEO plugin. -->","yoast_head_json":{"title":"Em Fronteiras, PT declara apoio \u00e0 pr\u00e9-candidatura a prefeito de Eudes Ribeiro (PSD) pela oposi\u00e7\u00e3o - Portal NPM","robots":{"index":"index","follow":"follow","max-snippet":"max-snippet:-1","max-image-preview":"max-image-preview:large","max-video-preview":"max-video-preview:-1"},"canonical":"https:\/\/portalnpm.com\/index.php\/2020\/02\/22\/em-fronteiras-pt-declara-apoio-a-pre-candidatura-a-prefeito-de-eudes-ribeiro-psd-pela-oposicao\/","og_locale":"pt_BR","og_type":"article","og_title":"Em Fronteiras, PT declara apoio \u00e0 pr\u00e9-candidatura a prefeito de Eudes Ribeiro (PSD) pela oposi\u00e7\u00e3o - Portal NPM","og_description":"Em reuni\u00e3o realizada na tarde deste s\u00e1bado, 22 de fevereiro, o Partido Trabalhista (PT) de Fronteiras \u2013 PI oficializou apoio \u00e0 pr\u00e9-candidatura de Eudes Agripino Ribeiro (PSD) pela oposi\u00e7\u00e3o. O PT apresentou candidato a prefeito nas elei\u00e7\u00f5es suplementar de 2011 e 2012, com o nome de Dr. La\u00e9rcio, e no ano de 2016, apoiou a &hellip;","og_url":"https:\/\/portalnpm.com\/index.php\/2020\/02\/22\/em-fronteiras-pt-declara-apoio-a-pre-candidatura-a-prefeito-de-eudes-ribeiro-psd-pela-oposicao\/","og_site_name":"Portal NPM","article_published_time":"2020-02-22T23:38:58+00:00","author":"Reda\u00e7\u00e3o","twitter_card":"summary_large_image","twitter_misc":{"Escrito por":"Reda\u00e7\u00e3o","Est. tempo de leitura":"2 minutos"},"schema":{"@context":"https:\/\/schema.org","@graph":[{"@type":"WebPage","@id":"https:\/\/portalnpm.com\/index.php\/2020\/02\/22\/em-fronteiras-pt-declara-apoio-a-pre-candidatura-a-prefeito-de-eudes-ribeiro-psd-pela-oposicao\/","url":"https:\/\/portalnpm.com\/index.php\/2020\/02\/22\/em-fronteiras-pt-declara-apoio-a-pre-candidatura-a-prefeito-de-eudes-ribeiro-psd-pela-oposicao\/","name":"Em Fronteiras, PT declara apoio \u00e0 pr\u00e9-candidatura a prefeito de Eudes Ribeiro (PSD) pela oposi\u00e7\u00e3o - Portal NPM","isPartOf":{"@id":"https:\/\/portalnpm.com\/#website"},"primaryImageOfPage":{"@id":"https:\/\/portalnpm.com\/index.php\/2020\/02\/22\/em-fronteiras-pt-declara-apoio-a-pre-candidatura-a-prefeito-de-eudes-ribeiro-psd-pela-oposicao\/#primaryimage"},"image":{"@id":"https:\/\/portalnpm.com\/index.php\/2020\/02\/22\/em-fronteiras-pt-declara-apoio-a-pre-candidatura-a-prefeito-de-eudes-ribeiro-psd-pela-oposicao\/#primaryimage"},"thumbnailUrl":"","datePublished":"2020-02-22T23:38:58+00:00","dateModified":"2020-02-22T23:38:58+00:00","author":{"@id":"https:\/\/portalnpm.com\/#\/schema\/person\/0b5f230ec96cee25504fa328e7f2b733"},"breadcrumb":{"@id":"https:\/\/portalnpm.com\/index.php\/2020\/02\/22\/em-fronteiras-pt-declara-apoio-a-pre-candidatura-a-prefeito-de-eudes-ribeiro-psd-pela-oposicao\/#breadcrumb"},"inLanguage":"pt-BR","potentialAction":[{"@type":"ReadAction","target":["https:\/\/portalnpm.com\/index.php\/2020\/02\/22\/em-fronteiras-pt-declara-apoio-a-pre-candidatura-a-prefeito-de-eudes-ribeiro-psd-pela-oposicao\/"]}]},{"@type":"ImageObject","inLanguage":"pt-BR","@id":"https:\/\/portalnpm.com\/index.php\/2020\/02\/22\/em-fronteiras-pt-declara-apoio-a-pre-candidatura-a-prefeito-de-eudes-ribeiro-psd-pela-oposicao\/#primaryimage","url":"","contentUrl":""},{"@type":"BreadcrumbList","@id":"https:\/\/portalnpm.com\/index.php\/2020\/02\/22\/em-fronteiras-pt-declara-apoio-a-pre-candidatura-a-prefeito-de-eudes-ribeiro-psd-pela-oposicao\/#breadcrumb","itemListElement":[{"@type":"ListItem","position":1,"name":"In\u00edcio","item":"https:\/\/portalnpm.com\/"},{"@type":"ListItem","position":2,"name":"Em Fronteiras, PT declara apoio \u00e0 pr\u00e9-candidatura a prefeito de Eudes Ribeiro (PSD) pela oposi\u00e7\u00e3o"}]},{"@type":"WebSite","@id":"https:\/\/portalnpm.com\/#website","url":"https:\/\/portalnpm.com\/","name":"Portal NPM","description":"Not\u00edcias em Primeira M\u00e3o","potentialAction":[{"@type":"SearchAction","target":{"@type":"EntryPoint","urlTemplate":"https:\/\/portalnpm.com\/?s={search_term_string}"},"query-input":"required name=search_term_string"}],"inLanguage":"pt-BR"},{"@type":"Person","@id":"https:\/\/portalnpm.com\/#\/schema\/person\/0b5f230ec96cee25504fa328e7f2b733","name":"Reda\u00e7\u00e3o","image":{"@type":"ImageObject","inLanguage":"pt-BR","@id":"https:\/\/portalnpm.com\/#\/schema\/person\/image\/","url":"https:\/\/portalnpm.com\/wp-content\/uploads\/2024\/03\/avatar_user_4_1710097212-96x96.png","contentUrl":"https:\/\/portalnpm.com\/wp-content\/uploads\/2024\/03\/avatar_user_4_1710097212-96x96.png","caption":"Reda\u00e7\u00e3o"},"url":"https:\/\/portalnpm.com\/index.php\/author\/redacao\/"}]}},"jetpack_sharing_enabled":true,"jetpack_featured_media_url":"","_links":{"self":[{"href":"https:\/\/portalnpm.com\/index.php\/wp-json\/wp\/v2\/posts\/17484"}],"collection":[{"href":"https:\/\/portalnpm.com\/index.php\/wp-json\/wp\/v2\/posts"}],"about":[{"href":"https:\/\/portalnpm.com\/index.php\/wp-json\/wp\/v2\/types\/post"}],"author":[{"embeddable":true,"href":"https:\/\/portalnpm.com\/index.php\/wp-json\/wp\/v2\/users\/4"}],"replies":[{"embeddable":true,"href":"https:\/\/portalnpm.com\/index.php\/wp-json\/wp\/v2\/comments?post=17484"}],"version-history":[{"count":0,"href":"https:\/\/portalnpm.com\/index.php\/wp-json\/wp\/v2\/posts\/17484\/revisions"}],"wp:featuredmedia":[{"embeddable":true,"href":"https:\/\/portalnpm.com\/index.php\/wp-json\/"}],"wp:attachment":[{"href":"https:\/\/portalnpm.com\/index.php\/wp-json\/wp\/v2\/media?parent=17484"}],"wp:term":[{"taxonomy":"category","embeddable":true,"href":"https:\/\/portalnpm.com\/index.php\/wp-json\/wp\/v2\/categories?post=17484"},{"taxonomy":"post_tag","embeddable":true,"href":"https:\/\/portalnpm.com\/index.php\/wp-json\/wp\/v2\/tags?post=17484"}],"curies":[{"name":"wp","href":"https:\/\/api.w.org\/{rel}","templated":true}]}}