{"id":17487,"date":"2020-02-23T12:53:10","date_gmt":"2020-02-23T15:53:10","guid":{"rendered":"http:\/\/srv.portalnpm.com.br\/?p=17487"},"modified":"2020-02-23T12:53:10","modified_gmt":"2020-02-23T15:53:10","slug":"trecho-da-pi-243-que-liga-o-povoado-mandacaru-a-sao-juliao-recebe-o-nome-rodovia-prefeito-chico-nenem-veja-fotos","status":"publish","type":"post","link":"https:\/\/portalnpm.com\/index.php\/2020\/02\/23\/trecho-da-pi-243-que-liga-o-povoado-mandacaru-a-sao-juliao-recebe-o-nome-rodovia-prefeito-chico-nenem-veja-fotos\/","title":{"rendered":"Trecho da PI-243 que liga o povoado Mandacaru a S\u00e3o Juli\u00e3o recebe o nome &#8216;Rodovia Prefeito Chico Nen\u00e9m&#8217;; veja fotos!"},"content":{"rendered":"<p style=\"text-align: justify;\">Na manh\u00e3 deste domingo, 23 de fevereiro, foi colocada as placas de identifica\u00e7\u00e3o da PI-243, que liga o povoado Mandacaru a cidade de S\u00e3o Juli\u00e3o &#8211; PI, que ser\u00e1 chamado de Rodovia Prefeito Chico Nen\u00e9m. Familiares e amigos participaram do ato.<img fetchpriority=\"high\" decoding=\"async\" class=\"aligncenter size-full wp-image-17489\" src=\"http:\/\/portalnpm.com\/wp-content\/uploads\/2020\/02\/IMG-20200223-WA0121.jpg\" alt=\"\" width=\"600\" height=\"400\" \/><\/p>\n<p style=\"text-align: justify;\">Atendendo um pedido do sobrinho do saudoso Chico Nen\u00e9m, o ex-vereador Leureny Sobrinho e da sua esposa, a vereadora Ant\u00f4nia do Leu (PSDB), o deputado estadual Marden Menezes (PSDB) colocou em vota\u00e7\u00e3o e aprovado pelos parlamentares o projeto de Lei n\u00b0 7.275, de outubro de 2019 e sancionado pelo governador Wellington Dias.<\/p>\n<p style=\"text-align: justify;\">Chico Nen\u00e9m foi eleito vereador de S\u00e3o Juli\u00e3o por quatro mandatos, al\u00e9m de um mandato como prefeito do munic\u00edpio. Foi casado com a ex-vereadora Margarida da Preta e deixou dois filhos.<\/p>\n<p style=\"text-align: justify;\">Chico Nen\u00e9m deixou sua marca em todos os recantos do munic\u00edpio como, por exemplo, a pra\u00e7a Nossa Senhora da Concei\u00e7\u00e3o, no centro de S\u00e3o Juli\u00e3o, os a\u00e7udes do povoado Mandacaru e da localidade Po\u00e7o Escuro, po\u00e7os artesianos em diversas localidades do munic\u00edpio e tantas outras grandes realiza\u00e7\u00f5es que ocorreram enquanto prefeito de S\u00e3o Juli\u00e3o.<\/p>\n<p style=\"text-align: justify;\">O saudoso ex-prefeito faleceu h\u00e1 exatamente 14 anos, em 23 de fevereiro de 2006 ao n\u00e3o resistir \u00e0s sess\u00f5es de hemodi\u00e1lises ap\u00f3s ser diagnosticado com problemas renais e diabetes.<\/p>\n<p style=\"text-align: justify;\">A homenagem a Chico Nen\u00e9m \u00e9 mais que justa, pois, trata-se um homem que deixou um grande legado para seus familiares, amigos e a nova gera\u00e7\u00e3o de S\u00e3o Juli\u00e3o. Na pol\u00edtica, o seu sobrinho Leureny segue os seus passos, onde j\u00e1 ocupou por tr\u00eas vezes um dos nove acentos no Legislativo Municipal e, hoje, \u00e9 um dos pol\u00edticos de grande influ\u00eancia no cen\u00e1rio pol\u00edtico local.<\/p>\n<p><img decoding=\"async\" class=\"aligncenter size-medium wp-image-17490\" src=\"http:\/\/portalnpm.com\/wp-content\/uploads\/2020\/02\/IMG-20200223-WA0079.jpg\" alt=\"\" width=\"1280\" height=\"960\" \/> <img decoding=\"async\" class=\"aligncenter size-medium wp-image-17491\" src=\"http:\/\/portalnpm.com\/wp-content\/uploads\/2020\/02\/IMG-20200223-WA0081.jpg\" alt=\"\" width=\"540\" height=\"1140\" \/> <img loading=\"lazy\" decoding=\"async\" class=\"aligncenter size-medium wp-image-17492\" src=\"http:\/\/portalnpm.com\/wp-content\/uploads\/2020\/02\/IMG-20200223-WA0068.jpg\" alt=\"\" width=\"1280\" height=\"960\" \/> <img loading=\"lazy\" decoding=\"async\" class=\"aligncenter size-medium wp-image-17493\" src=\"http:\/\/portalnpm.com\/wp-content\/uploads\/2020\/02\/IMG-20200223-WA0077.jpg\" alt=\"\" width=\"1280\" height=\"960\" \/> <img loading=\"lazy\" decoding=\"async\" class=\"aligncenter size-medium wp-image-17494\" src=\"http:\/\/portalnpm.com\/wp-content\/uploads\/2020\/02\/IMG-20200223-WA0066.jpg\" alt=\"\" width=\"720\" height=\"1280\" \/> <img loading=\"lazy\" decoding=\"async\" class=\"aligncenter size-medium wp-image-17495\" src=\"http:\/\/portalnpm.com\/wp-content\/uploads\/2020\/02\/IMG-20200223-WA0067.jpg\" alt=\"\" width=\"720\" height=\"1280\" \/> <img loading=\"lazy\" decoding=\"async\" class=\"aligncenter size-medium wp-image-17496\" src=\"http:\/\/portalnpm.com\/wp-content\/uploads\/2020\/02\/IMG-20200223-WA0090.jpg\" alt=\"\" width=\"960\" height=\"1280\" \/> <img loading=\"lazy\" decoding=\"async\" class=\"aligncenter size-medium wp-image-17497\" src=\"http:\/\/portalnpm.com\/wp-content\/uploads\/2020\/02\/IMG-20200223-WA0071.jpg\" alt=\"\" width=\"720\" height=\"1280\" \/> <img loading=\"lazy\" decoding=\"async\" class=\"aligncenter size-medium wp-image-17498\" src=\"http:\/\/portalnpm.com\/wp-content\/uploads\/2020\/02\/IMG-20200223-WA0072.jpg\" alt=\"\" width=\"720\" height=\"1280\" \/> <img loading=\"lazy\" decoding=\"async\" class=\"aligncenter size-medium wp-image-17499\" src=\"http:\/\/portalnpm.com\/wp-content\/uploads\/2020\/02\/IMG-20200223-WA0087.jpg\" alt=\"\" width=\"1032\" height=\"774\" \/> <img loading=\"lazy\" decoding=\"async\" class=\"aligncenter size-medium wp-image-17500\" src=\"http:\/\/portalnpm.com\/wp-content\/uploads\/2020\/02\/IMG-20200223-WA0069.jpg\" alt=\"\" width=\"720\" height=\"1280\" \/> <img loading=\"lazy\" decoding=\"async\" class=\"aligncenter size-medium wp-image-17501\" src=\"http:\/\/portalnpm.com\/wp-content\/uploads\/2020\/02\/IMG-20200223-WA0070.jpg\" alt=\"\" width=\"648\" height=\"1152\" \/> <img loading=\"lazy\" decoding=\"async\" class=\"aligncenter size-medium wp-image-17502\" src=\"http:\/\/portalnpm.com\/wp-content\/uploads\/2020\/02\/IMG-20200223-WA0075-1.jpg\" alt=\"\" width=\"1280\" height=\"720\" \/> <img loading=\"lazy\" decoding=\"async\" class=\"aligncenter size-medium wp-image-17503\" src=\"http:\/\/portalnpm.com\/wp-content\/uploads\/2020\/02\/IMG-20200223-WA0064.jpg\" alt=\"\" width=\"720\" height=\"1280\" \/> <img loading=\"lazy\" decoding=\"async\" class=\"aligncenter size-medium wp-image-17504\" src=\"http:\/\/portalnpm.com\/wp-content\/uploads\/2020\/02\/IMG-20200223-WA0076.jpg\" alt=\"\" width=\"720\" height=\"1280\" \/> <img loading=\"lazy\" decoding=\"async\" class=\"aligncenter size-medium wp-image-17505\" src=\"http:\/\/portalnpm.com\/wp-content\/uploads\/2020\/02\/IMG-20200223-WA0065.jpg\" alt=\"\" width=\"720\" height=\"1280\" \/> <img loading=\"lazy\" decoding=\"async\" class=\"aligncenter size-medium wp-image-17506\" src=\"http:\/\/portalnpm.com\/wp-content\/uploads\/2020\/02\/IMG-20200223-WA0073.jpg\" alt=\"\" width=\"540\" height=\"1140\" \/> <img loading=\"lazy\" decoding=\"async\" class=\"aligncenter size-medium wp-image-17507\" src=\"http:\/\/portalnpm.com\/wp-content\/uploads\/2020\/02\/IMG-20200223-WA0062.jpg\" alt=\"\" width=\"648\" height=\"1152\" \/> <img loading=\"lazy\" decoding=\"async\" class=\"aligncenter size-medium wp-image-17508\" src=\"http:\/\/portalnpm.com\/wp-content\/uploads\/2020\/02\/IMG-20200223-WA0074.jpg\" alt=\"\" width=\"1280\" height=\"720\" \/> <img loading=\"lazy\" decoding=\"async\" class=\"aligncenter size-medium wp-image-17509\" src=\"http:\/\/portalnpm.com\/wp-content\/uploads\/2020\/02\/IMG-20200223-WA0063.jpg\" alt=\"\" width=\"1032\" height=\"774\" \/><\/p>\n<p><strong><em>Por Luis Alberto, reda\u00e7\u00e3o do Portal NPM<\/em><\/strong><\/p>\n","protected":false},"excerpt":{"rendered":"<p>Na manh\u00e3 deste domingo, 23 de fevereiro, foi colocada as placas de identifica\u00e7\u00e3o da PI-243, que liga o povoado Mandacaru a cidade de S\u00e3o Juli\u00e3o &#8211; PI, que ser\u00e1 chamado de Rodovia Prefeito Chico Nen\u00e9m. Familiares e amigos participaram do ato. Atendendo um pedido do sobrinho do saudoso Chico Nen\u00e9m, o ex-vereador Leureny Sobrinho e &hellip;<\/p>\n","protected":false},"author":4,"featured_media":17488,"comment_status":"open","ping_status":"open","sticky":false,"template":"","format":"standard","meta":{"content-type":"","rop_custom_images_group":[],"rop_custom_messages_group":[],"rop_publish_now":"initial","rop_publish_now_accounts":{"facebook_2648258775420054_1618374048415101":""},"rop_publish_now_history":[],"rop_publish_now_status":"pending","footnotes":"","_jetpack_memberships_contains_paid_content":false},"categories":[113,109,136],"tags":[3808,2391,137],"yoast_head":"<!-- This site is optimized with the Yoast SEO plugin v22.3 - https:\/\/yoast.com\/wordpress\/plugins\/seo\/ -->\n<title>Trecho da PI-243 que liga o povoado Mandacaru a S\u00e3o Juli\u00e3o recebe o nome &#039;Rodovia Prefeito Chico Nen\u00e9m&#039;; veja fotos! - Portal NPM<\/title>\n<meta name=\"robots\" content=\"index, follow, max-snippet:-1, max-image-preview:large, max-video-preview:-1\" \/>\n<link rel=\"canonical\" href=\"https:\/\/portalnpm.com\/index.php\/2020\/02\/23\/trecho-da-pi-243-que-liga-o-povoado-mandacaru-a-sao-juliao-recebe-o-nome-rodovia-prefeito-chico-nenem-veja-fotos\/\" \/>\n<meta property=\"og:locale\" content=\"pt_BR\" \/>\n<meta property=\"og:type\" content=\"article\" \/>\n<meta property=\"og:title\" content=\"Trecho da PI-243 que liga o povoado Mandacaru a S\u00e3o Juli\u00e3o recebe o nome &#039;Rodovia Prefeito Chico Nen\u00e9m&#039;; veja fotos! - Portal NPM\" \/>\n<meta property=\"og:description\" content=\"Na manh\u00e3 deste domingo, 23 de fevereiro, foi colocada as placas de identifica\u00e7\u00e3o da PI-243, que liga o povoado Mandacaru a cidade de S\u00e3o Juli\u00e3o &#8211; PI, que ser\u00e1 chamado de Rodovia Prefeito Chico Nen\u00e9m. Familiares e amigos participaram do ato. Atendendo um pedido do sobrinho do saudoso Chico Nen\u00e9m, o ex-vereador Leureny Sobrinho e &hellip;\" \/>\n<meta property=\"og:url\" content=\"https:\/\/portalnpm.com\/index.php\/2020\/02\/23\/trecho-da-pi-243-que-liga-o-povoado-mandacaru-a-sao-juliao-recebe-o-nome-rodovia-prefeito-chico-nenem-veja-fotos\/\" \/>\n<meta property=\"og:site_name\" content=\"Portal NPM\" \/>\n<meta property=\"article:published_time\" content=\"2020-02-23T15:53:10+00:00\" \/>\n<meta name=\"author\" content=\"Reda\u00e7\u00e3o\" \/>\n<meta name=\"twitter:card\" content=\"summary_large_image\" \/>\n<meta name=\"twitter:label1\" content=\"Escrito por\" \/>\n\t<meta name=\"twitter:data1\" content=\"Reda\u00e7\u00e3o\" \/>\n\t<meta name=\"twitter:label2\" content=\"Est. tempo de leitura\" \/>\n\t<meta name=\"twitter:data2\" content=\"2 minutos\" \/>\n<script type=\"application\/ld+json\" class=\"yoast-schema-graph\">{\"@context\":\"https:\/\/schema.org\",\"@graph\":[{\"@type\":\"WebPage\",\"@id\":\"https:\/\/portalnpm.com\/index.php\/2020\/02\/23\/trecho-da-pi-243-que-liga-o-povoado-mandacaru-a-sao-juliao-recebe-o-nome-rodovia-prefeito-chico-nenem-veja-fotos\/\",\"url\":\"https:\/\/portalnpm.com\/index.php\/2020\/02\/23\/trecho-da-pi-243-que-liga-o-povoado-mandacaru-a-sao-juliao-recebe-o-nome-rodovia-prefeito-chico-nenem-veja-fotos\/\",\"name\":\"Trecho da PI-243 que liga o povoado Mandacaru a S\u00e3o Juli\u00e3o recebe o nome 'Rodovia Prefeito Chico Nen\u00e9m'; veja fotos! - Portal NPM\",\"isPartOf\":{\"@id\":\"https:\/\/portalnpm.com\/#website\"},\"primaryImageOfPage\":{\"@id\":\"https:\/\/portalnpm.com\/index.php\/2020\/02\/23\/trecho-da-pi-243-que-liga-o-povoado-mandacaru-a-sao-juliao-recebe-o-nome-rodovia-prefeito-chico-nenem-veja-fotos\/#primaryimage\"},\"image\":{\"@id\":\"https:\/\/portalnpm.com\/index.php\/2020\/02\/23\/trecho-da-pi-243-que-liga-o-povoado-mandacaru-a-sao-juliao-recebe-o-nome-rodovia-prefeito-chico-nenem-veja-fotos\/#primaryimage\"},\"thumbnailUrl\":\"\",\"datePublished\":\"2020-02-23T15:53:10+00:00\",\"dateModified\":\"2020-02-23T15:53:10+00:00\",\"author\":{\"@id\":\"https:\/\/portalnpm.com\/#\/schema\/person\/0b5f230ec96cee25504fa328e7f2b733\"},\"breadcrumb\":{\"@id\":\"https:\/\/portalnpm.com\/index.php\/2020\/02\/23\/trecho-da-pi-243-que-liga-o-povoado-mandacaru-a-sao-juliao-recebe-o-nome-rodovia-prefeito-chico-nenem-veja-fotos\/#breadcrumb\"},\"inLanguage\":\"pt-BR\",\"potentialAction\":[{\"@type\":\"ReadAction\",\"target\":[\"https:\/\/portalnpm.com\/index.php\/2020\/02\/23\/trecho-da-pi-243-que-liga-o-povoado-mandacaru-a-sao-juliao-recebe-o-nome-rodovia-prefeito-chico-nenem-veja-fotos\/\"]}]},{\"@type\":\"ImageObject\",\"inLanguage\":\"pt-BR\",\"@id\":\"https:\/\/portalnpm.com\/index.php\/2020\/02\/23\/trecho-da-pi-243-que-liga-o-povoado-mandacaru-a-sao-juliao-recebe-o-nome-rodovia-prefeito-chico-nenem-veja-fotos\/#primaryimage\",\"url\":\"\",\"contentUrl\":\"\"},{\"@type\":\"BreadcrumbList\",\"@id\":\"https:\/\/portalnpm.com\/index.php\/2020\/02\/23\/trecho-da-pi-243-que-liga-o-povoado-mandacaru-a-sao-juliao-recebe-o-nome-rodovia-prefeito-chico-nenem-veja-fotos\/#breadcrumb\",\"itemListElement\":[{\"@type\":\"ListItem\",\"position\":1,\"name\":\"In\u00edcio\",\"item\":\"https:\/\/portalnpm.com\/\"},{\"@type\":\"ListItem\",\"position\":2,\"name\":\"Trecho da PI-243 que liga o povoado Mandacaru a S\u00e3o Juli\u00e3o recebe o nome &#8216;Rodovia Prefeito Chico Nen\u00e9m&#8217;; veja fotos!\"}]},{\"@type\":\"WebSite\",\"@id\":\"https:\/\/portalnpm.com\/#website\",\"url\":\"https:\/\/portalnpm.com\/\",\"name\":\"Portal NPM\",\"description\":\"Not\u00edcias em Primeira M\u00e3o\",\"potentialAction\":[{\"@type\":\"SearchAction\",\"target\":{\"@type\":\"EntryPoint\",\"urlTemplate\":\"https:\/\/portalnpm.com\/?s={search_term_string}\"},\"query-input\":\"required name=search_term_string\"}],\"inLanguage\":\"pt-BR\"},{\"@type\":\"Person\",\"@id\":\"https:\/\/portalnpm.com\/#\/schema\/person\/0b5f230ec96cee25504fa328e7f2b733\",\"name\":\"Reda\u00e7\u00e3o\",\"image\":{\"@type\":\"ImageObject\",\"inLanguage\":\"pt-BR\",\"@id\":\"https:\/\/portalnpm.com\/#\/schema\/person\/image\/\",\"url\":\"https:\/\/portalnpm.com\/wp-content\/uploads\/2024\/03\/avatar_user_4_1710097212-96x96.png\",\"contentUrl\":\"https:\/\/portalnpm.com\/wp-content\/uploads\/2024\/03\/avatar_user_4_1710097212-96x96.png\",\"caption\":\"Reda\u00e7\u00e3o\"},\"url\":\"https:\/\/portalnpm.com\/index.php\/author\/redacao\/\"}]}<\/script>\n<!-- \/ Yoast SEO plugin. -->","yoast_head_json":{"title":"Trecho da PI-243 que liga o povoado Mandacaru a S\u00e3o Juli\u00e3o recebe o nome 'Rodovia Prefeito Chico Nen\u00e9m'; veja fotos! - Portal NPM","robots":{"index":"index","follow":"follow","max-snippet":"max-snippet:-1","max-image-preview":"max-image-preview:large","max-video-preview":"max-video-preview:-1"},"canonical":"https:\/\/portalnpm.com\/index.php\/2020\/02\/23\/trecho-da-pi-243-que-liga-o-povoado-mandacaru-a-sao-juliao-recebe-o-nome-rodovia-prefeito-chico-nenem-veja-fotos\/","og_locale":"pt_BR","og_type":"article","og_title":"Trecho da PI-243 que liga o povoado Mandacaru a S\u00e3o Juli\u00e3o recebe o nome 'Rodovia Prefeito Chico Nen\u00e9m'; veja fotos! - Portal NPM","og_description":"Na manh\u00e3 deste domingo, 23 de fevereiro, foi colocada as placas de identifica\u00e7\u00e3o da PI-243, que liga o povoado Mandacaru a cidade de S\u00e3o Juli\u00e3o &#8211; PI, que ser\u00e1 chamado de Rodovia Prefeito Chico Nen\u00e9m. Familiares e amigos participaram do ato. Atendendo um pedido do sobrinho do saudoso Chico Nen\u00e9m, o ex-vereador Leureny Sobrinho e &hellip;","og_url":"https:\/\/portalnpm.com\/index.php\/2020\/02\/23\/trecho-da-pi-243-que-liga-o-povoado-mandacaru-a-sao-juliao-recebe-o-nome-rodovia-prefeito-chico-nenem-veja-fotos\/","og_site_name":"Portal NPM","article_published_time":"2020-02-23T15:53:10+00:00","author":"Reda\u00e7\u00e3o","twitter_card":"summary_large_image","twitter_misc":{"Escrito por":"Reda\u00e7\u00e3o","Est. tempo de leitura":"2 minutos"},"schema":{"@context":"https:\/\/schema.org","@graph":[{"@type":"WebPage","@id":"https:\/\/portalnpm.com\/index.php\/2020\/02\/23\/trecho-da-pi-243-que-liga-o-povoado-mandacaru-a-sao-juliao-recebe-o-nome-rodovia-prefeito-chico-nenem-veja-fotos\/","url":"https:\/\/portalnpm.com\/index.php\/2020\/02\/23\/trecho-da-pi-243-que-liga-o-povoado-mandacaru-a-sao-juliao-recebe-o-nome-rodovia-prefeito-chico-nenem-veja-fotos\/","name":"Trecho da PI-243 que liga o povoado Mandacaru a S\u00e3o Juli\u00e3o recebe o nome 'Rodovia Prefeito Chico Nen\u00e9m'; veja fotos! - Portal NPM","isPartOf":{"@id":"https:\/\/portalnpm.com\/#website"},"primaryImageOfPage":{"@id":"https:\/\/portalnpm.com\/index.php\/2020\/02\/23\/trecho-da-pi-243-que-liga-o-povoado-mandacaru-a-sao-juliao-recebe-o-nome-rodovia-prefeito-chico-nenem-veja-fotos\/#primaryimage"},"image":{"@id":"https:\/\/portalnpm.com\/index.php\/2020\/02\/23\/trecho-da-pi-243-que-liga-o-povoado-mandacaru-a-sao-juliao-recebe-o-nome-rodovia-prefeito-chico-nenem-veja-fotos\/#primaryimage"},"thumbnailUrl":"","datePublished":"2020-02-23T15:53:10+00:00","dateModified":"2020-02-23T15:53:10+00:00","author":{"@id":"https:\/\/portalnpm.com\/#\/schema\/person\/0b5f230ec96cee25504fa328e7f2b733"},"breadcrumb":{"@id":"https:\/\/portalnpm.com\/index.php\/2020\/02\/23\/trecho-da-pi-243-que-liga-o-povoado-mandacaru-a-sao-juliao-recebe-o-nome-rodovia-prefeito-chico-nenem-veja-fotos\/#breadcrumb"},"inLanguage":"pt-BR","potentialAction":[{"@type":"ReadAction","target":["https:\/\/portalnpm.com\/index.php\/2020\/02\/23\/trecho-da-pi-243-que-liga-o-povoado-mandacaru-a-sao-juliao-recebe-o-nome-rodovia-prefeito-chico-nenem-veja-fotos\/"]}]},{"@type":"ImageObject","inLanguage":"pt-BR","@id":"https:\/\/portalnpm.com\/index.php\/2020\/02\/23\/trecho-da-pi-243-que-liga-o-povoado-mandacaru-a-sao-juliao-recebe-o-nome-rodovia-prefeito-chico-nenem-veja-fotos\/#primaryimage","url":"","contentUrl":""},{"@type":"BreadcrumbList","@id":"https:\/\/portalnpm.com\/index.php\/2020\/02\/23\/trecho-da-pi-243-que-liga-o-povoado-mandacaru-a-sao-juliao-recebe-o-nome-rodovia-prefeito-chico-nenem-veja-fotos\/#breadcrumb","itemListElement":[{"@type":"ListItem","position":1,"name":"In\u00edcio","item":"https:\/\/portalnpm.com\/"},{"@type":"ListItem","position":2,"name":"Trecho da PI-243 que liga o povoado Mandacaru a S\u00e3o Juli\u00e3o recebe o nome &#8216;Rodovia Prefeito Chico Nen\u00e9m&#8217;; veja fotos!"}]},{"@type":"WebSite","@id":"https:\/\/portalnpm.com\/#website","url":"https:\/\/portalnpm.com\/","name":"Portal NPM","description":"Not\u00edcias em Primeira M\u00e3o","potentialAction":[{"@type":"SearchAction","target":{"@type":"EntryPoint","urlTemplate":"https:\/\/portalnpm.com\/?s={search_term_string}"},"query-input":"required name=search_term_string"}],"inLanguage":"pt-BR"},{"@type":"Person","@id":"https:\/\/portalnpm.com\/#\/schema\/person\/0b5f230ec96cee25504fa328e7f2b733","name":"Reda\u00e7\u00e3o","image":{"@type":"ImageObject","inLanguage":"pt-BR","@id":"https:\/\/portalnpm.com\/#\/schema\/person\/image\/","url":"https:\/\/portalnpm.com\/wp-content\/uploads\/2024\/03\/avatar_user_4_1710097212-96x96.png","contentUrl":"https:\/\/portalnpm.com\/wp-content\/uploads\/2024\/03\/avatar_user_4_1710097212-96x96.png","caption":"Reda\u00e7\u00e3o"},"url":"https:\/\/portalnpm.com\/index.php\/author\/redacao\/"}]}},"jetpack_sharing_enabled":true,"jetpack_featured_media_url":"","_links":{"self":[{"href":"https:\/\/portalnpm.com\/index.php\/wp-json\/wp\/v2\/posts\/17487"}],"collection":[{"href":"https:\/\/portalnpm.com\/index.php\/wp-json\/wp\/v2\/posts"}],"about":[{"href":"https:\/\/portalnpm.com\/index.php\/wp-json\/wp\/v2\/types\/post"}],"author":[{"embeddable":true,"href":"https:\/\/portalnpm.com\/index.php\/wp-json\/wp\/v2\/users\/4"}],"replies":[{"embeddable":true,"href":"https:\/\/portalnpm.com\/index.php\/wp-json\/wp\/v2\/comments?post=17487"}],"version-history":[{"count":0,"href":"https:\/\/portalnpm.com\/index.php\/wp-json\/wp\/v2\/posts\/17487\/revisions"}],"wp:featuredmedia":[{"embeddable":true,"href":"https:\/\/portalnpm.com\/index.php\/wp-json\/"}],"wp:attachment":[{"href":"https:\/\/portalnpm.com\/index.php\/wp-json\/wp\/v2\/media?parent=17487"}],"wp:term":[{"taxonomy":"category","embeddable":true,"href":"https:\/\/portalnpm.com\/index.php\/wp-json\/wp\/v2\/categories?post=17487"},{"taxonomy":"post_tag","embeddable":true,"href":"https:\/\/portalnpm.com\/index.php\/wp-json\/wp\/v2\/tags?post=17487"}],"curies":[{"name":"wp","href":"https:\/\/api.w.org\/{rel}","templated":true}]}}