{"id":17511,"date":"2020-02-23T14:19:52","date_gmt":"2020-02-23T17:19:52","guid":{"rendered":"http:\/\/srv.portalnpm.com.br\/?p=17511"},"modified":"2020-02-23T14:19:52","modified_gmt":"2020-02-23T17:19:52","slug":"sao-juliao-igreja-assembleia-de-deus-ministerio-madureira-realiza-retiro-espiritual","status":"publish","type":"post","link":"https:\/\/portalnpm.com\/index.php\/2020\/02\/23\/sao-juliao-igreja-assembleia-de-deus-ministerio-madureira-realiza-retiro-espiritual\/","title":{"rendered":"S\u00e3o Juli\u00e3o | Igreja Assembl\u00e9ia de Deus minist\u00e9rio Madureira realiza retiro espiritual"},"content":{"rendered":"<p style=\"text-align: justify;\">O Pastor Djalma juntamente com os membros da Igreja Assembl\u00e9ia de Deus minist\u00e9rio de Madureira de S\u00e3o Juli\u00e3o-Piau\u00ed, convida voc\u00ea a participar do retiro espiritual da igreja Assembl\u00e9ia de Deus minist\u00e9rio de Madureira da referida cidade nos dias 23, 24, 25 de fevereiro de 2020 na ch\u00e1cara do Jamuel em S\u00e3o Juli\u00e3o.<\/p>\n<p>Com grandes pregadores e cantores Gospel, voc\u00ea \u00e9 o nosso convidado especial a marcar presen\u00e7a, venham, Deus tem uma palavra para sua vida. Esse ano, com o tema &#8220;Desintoxicando a Alma&#8221;. tamb\u00e9m haver\u00e1 a participa\u00e7\u00e3o da banda minist\u00e9rio de louvor com as cantoras Ceicinha Lima, Alicia Cristal, e Maria Jos\u00e9.<\/p>\n<p style=\"text-align: justify;\">Teremos tamb\u00e9m v\u00e1rias atividades como:<\/p>\n<p style=\"text-align: justify;\">Estudo b\u00edblico<br \/>\nPalestra<br \/>\nGincana<br \/>\nLazer<br \/>\nCine gospel<br \/>\nCultos.<\/p>\n<p style=\"text-align: justify;\">S\u00e3o 3 dias de muito louvor e adora\u00e7\u00e3o a nosso Deus todo poderoso, e ainda contamos com os preletores da noite e tamb\u00e9m do evento Gospel.<\/p>\n<p>Os preletores: o Evangelista Nassis, de Alegrete do Piau\u00ed; a preletora Monique, de Francisco Santos; D\u00e9bora Lima Barros, psic\u00f3loga de S\u00e3o Juli\u00e3o; e Denisio Silva, di\u00e1cono de S\u00e3o Juli\u00e3o.<\/p>\n<p style=\"text-align: justify;\">Venha traga toda a sua fam\u00edlia voc\u00ea \u00e9 especial para Deus. S\u00e3o 3 dias de muito louvor e adora\u00e7\u00e3o ao senhor dos ex\u00e9rcitos, que \u00e9 digno de toda honra e toda gl\u00f3ria.<\/p>\n<p style=\"text-align: justify;\">Realiza\u00e7\u00e3o: Igreja Assembl\u00e9ia de Deus minist\u00e9rio de Madureira de S\u00e3o Juli\u00e3o.<\/p>\n<p><strong>Veja v\u00eddeo do local do evento<\/strong>:<\/p>\n<p><iframe title=\"Retiro de Jovens de S\u00e3o Juli\u00e3o-PI\" width=\"500\" height=\"281\" src=\"https:\/\/www.youtube.com\/embed\/KYkxohOS-ic?feature=oembed\" frameborder=\"0\" allow=\"accelerometer; autoplay; clipboard-write; encrypted-media; gyroscope; picture-in-picture; web-share\" allowfullscreen><\/iframe><\/p>\n<p style=\"text-align: justify;\"><strong>Fonte<\/strong>: Por Herisberto Barros, Portal Assembl\u00e9ia de Deus minist\u00e9rio de Madureira de S\u00e3o Juli\u00e3o &#8211; PI.<\/p>\n","protected":false},"excerpt":{"rendered":"<p>O Pastor Djalma juntamente com os membros da Igreja Assembl\u00e9ia de Deus minist\u00e9rio de Madureira de S\u00e3o Juli\u00e3o-Piau\u00ed, convida voc\u00ea a participar do retiro espiritual da igreja Assembl\u00e9ia de Deus minist\u00e9rio de Madureira da referida cidade nos dias 23, 24, 25 de fevereiro de 2020 na ch\u00e1cara do Jamuel em S\u00e3o Juli\u00e3o. Com grandes pregadores &hellip;<\/p>\n","protected":false},"author":8,"featured_media":17512,"comment_status":"open","ping_status":"open","sticky":false,"template":"","format":"standard","meta":{"content-type":"","rop_custom_images_group":[],"rop_custom_messages_group":[],"rop_publish_now":"initial","rop_publish_now_accounts":{"facebook_2648258775420054_1618374048415101":""},"rop_publish_now_history":[],"rop_publish_now_status":"pending","footnotes":"","_jetpack_memberships_contains_paid_content":false},"categories":[136],"tags":[3572,1322,3809],"yoast_head":"<!-- This site is optimized with the Yoast SEO plugin v22.3 - https:\/\/yoast.com\/wordpress\/plugins\/seo\/ -->\n<title>S\u00e3o Juli\u00e3o | Igreja Assembl\u00e9ia de Deus minist\u00e9rio Madureira realiza retiro espiritual - Portal NPM<\/title>\n<meta name=\"robots\" content=\"index, follow, max-snippet:-1, max-image-preview:large, max-video-preview:-1\" \/>\n<link rel=\"canonical\" href=\"https:\/\/portalnpm.com\/index.php\/2020\/02\/23\/sao-juliao-igreja-assembleia-de-deus-ministerio-madureira-realiza-retiro-espiritual\/\" \/>\n<meta property=\"og:locale\" content=\"pt_BR\" \/>\n<meta property=\"og:type\" content=\"article\" \/>\n<meta property=\"og:title\" content=\"S\u00e3o Juli\u00e3o | Igreja Assembl\u00e9ia de Deus minist\u00e9rio Madureira realiza retiro espiritual - Portal NPM\" \/>\n<meta property=\"og:description\" content=\"O Pastor Djalma juntamente com os membros da Igreja Assembl\u00e9ia de Deus minist\u00e9rio de Madureira de S\u00e3o Juli\u00e3o-Piau\u00ed, convida voc\u00ea a participar do retiro espiritual da igreja Assembl\u00e9ia de Deus minist\u00e9rio de Madureira da referida cidade nos dias 23, 24, 25 de fevereiro de 2020 na ch\u00e1cara do Jamuel em S\u00e3o Juli\u00e3o. Com grandes pregadores &hellip;\" \/>\n<meta property=\"og:url\" content=\"https:\/\/portalnpm.com\/index.php\/2020\/02\/23\/sao-juliao-igreja-assembleia-de-deus-ministerio-madureira-realiza-retiro-espiritual\/\" \/>\n<meta property=\"og:site_name\" content=\"Portal NPM\" \/>\n<meta property=\"article:published_time\" content=\"2020-02-23T17:19:52+00:00\" \/>\n<meta name=\"author\" content=\"Zenilton Lima\" \/>\n<meta name=\"twitter:card\" content=\"summary_large_image\" \/>\n<meta name=\"twitter:label1\" content=\"Escrito por\" \/>\n\t<meta name=\"twitter:data1\" content=\"Zenilton Lima\" \/>\n\t<meta name=\"twitter:label2\" content=\"Est. tempo de leitura\" \/>\n\t<meta name=\"twitter:data2\" content=\"1 minuto\" \/>\n<script type=\"application\/ld+json\" class=\"yoast-schema-graph\">{\"@context\":\"https:\/\/schema.org\",\"@graph\":[{\"@type\":\"WebPage\",\"@id\":\"https:\/\/portalnpm.com\/index.php\/2020\/02\/23\/sao-juliao-igreja-assembleia-de-deus-ministerio-madureira-realiza-retiro-espiritual\/\",\"url\":\"https:\/\/portalnpm.com\/index.php\/2020\/02\/23\/sao-juliao-igreja-assembleia-de-deus-ministerio-madureira-realiza-retiro-espiritual\/\",\"name\":\"S\u00e3o Juli\u00e3o | Igreja Assembl\u00e9ia de Deus minist\u00e9rio Madureira realiza retiro espiritual - Portal NPM\",\"isPartOf\":{\"@id\":\"https:\/\/portalnpm.com\/#website\"},\"primaryImageOfPage\":{\"@id\":\"https:\/\/portalnpm.com\/index.php\/2020\/02\/23\/sao-juliao-igreja-assembleia-de-deus-ministerio-madureira-realiza-retiro-espiritual\/#primaryimage\"},\"image\":{\"@id\":\"https:\/\/portalnpm.com\/index.php\/2020\/02\/23\/sao-juliao-igreja-assembleia-de-deus-ministerio-madureira-realiza-retiro-espiritual\/#primaryimage\"},\"thumbnailUrl\":\"\",\"datePublished\":\"2020-02-23T17:19:52+00:00\",\"dateModified\":\"2020-02-23T17:19:52+00:00\",\"author\":{\"@id\":\"https:\/\/portalnpm.com\/#\/schema\/person\/35cb55186eae3f074b6783da6d35591e\"},\"breadcrumb\":{\"@id\":\"https:\/\/portalnpm.com\/index.php\/2020\/02\/23\/sao-juliao-igreja-assembleia-de-deus-ministerio-madureira-realiza-retiro-espiritual\/#breadcrumb\"},\"inLanguage\":\"pt-BR\",\"potentialAction\":[{\"@type\":\"ReadAction\",\"target\":[\"https:\/\/portalnpm.com\/index.php\/2020\/02\/23\/sao-juliao-igreja-assembleia-de-deus-ministerio-madureira-realiza-retiro-espiritual\/\"]}]},{\"@type\":\"ImageObject\",\"inLanguage\":\"pt-BR\",\"@id\":\"https:\/\/portalnpm.com\/index.php\/2020\/02\/23\/sao-juliao-igreja-assembleia-de-deus-ministerio-madureira-realiza-retiro-espiritual\/#primaryimage\",\"url\":\"\",\"contentUrl\":\"\"},{\"@type\":\"BreadcrumbList\",\"@id\":\"https:\/\/portalnpm.com\/index.php\/2020\/02\/23\/sao-juliao-igreja-assembleia-de-deus-ministerio-madureira-realiza-retiro-espiritual\/#breadcrumb\",\"itemListElement\":[{\"@type\":\"ListItem\",\"position\":1,\"name\":\"In\u00edcio\",\"item\":\"https:\/\/portalnpm.com\/\"},{\"@type\":\"ListItem\",\"position\":2,\"name\":\"S\u00e3o Juli\u00e3o | Igreja Assembl\u00e9ia de Deus minist\u00e9rio Madureira realiza retiro espiritual\"}]},{\"@type\":\"WebSite\",\"@id\":\"https:\/\/portalnpm.com\/#website\",\"url\":\"https:\/\/portalnpm.com\/\",\"name\":\"Portal NPM\",\"description\":\"Not\u00edcias em Primeira M\u00e3o\",\"potentialAction\":[{\"@type\":\"SearchAction\",\"target\":{\"@type\":\"EntryPoint\",\"urlTemplate\":\"https:\/\/portalnpm.com\/?s={search_term_string}\"},\"query-input\":\"required name=search_term_string\"}],\"inLanguage\":\"pt-BR\"},{\"@type\":\"Person\",\"@id\":\"https:\/\/portalnpm.com\/#\/schema\/person\/35cb55186eae3f074b6783da6d35591e\",\"name\":\"Zenilton Lima\",\"image\":{\"@type\":\"ImageObject\",\"inLanguage\":\"pt-BR\",\"@id\":\"https:\/\/portalnpm.com\/#\/schema\/person\/image\/\",\"url\":\"https:\/\/portalnpm.com\/wp-content\/uploads\/2024\/12\/avatar_user_8_1733658137-96x96.jpeg\",\"contentUrl\":\"https:\/\/portalnpm.com\/wp-content\/uploads\/2024\/12\/avatar_user_8_1733658137-96x96.jpeg\",\"caption\":\"Zenilton Lima\"},\"url\":\"https:\/\/portalnpm.com\/index.php\/author\/zenilton\/\"}]}<\/script>\n<!-- \/ Yoast SEO plugin. -->","yoast_head_json":{"title":"S\u00e3o Juli\u00e3o | Igreja Assembl\u00e9ia de Deus minist\u00e9rio Madureira realiza retiro espiritual - Portal NPM","robots":{"index":"index","follow":"follow","max-snippet":"max-snippet:-1","max-image-preview":"max-image-preview:large","max-video-preview":"max-video-preview:-1"},"canonical":"https:\/\/portalnpm.com\/index.php\/2020\/02\/23\/sao-juliao-igreja-assembleia-de-deus-ministerio-madureira-realiza-retiro-espiritual\/","og_locale":"pt_BR","og_type":"article","og_title":"S\u00e3o Juli\u00e3o | Igreja Assembl\u00e9ia de Deus minist\u00e9rio Madureira realiza retiro espiritual - Portal NPM","og_description":"O Pastor Djalma juntamente com os membros da Igreja Assembl\u00e9ia de Deus minist\u00e9rio de Madureira de S\u00e3o Juli\u00e3o-Piau\u00ed, convida voc\u00ea a participar do retiro espiritual da igreja Assembl\u00e9ia de Deus minist\u00e9rio de Madureira da referida cidade nos dias 23, 24, 25 de fevereiro de 2020 na ch\u00e1cara do Jamuel em S\u00e3o Juli\u00e3o. Com grandes pregadores &hellip;","og_url":"https:\/\/portalnpm.com\/index.php\/2020\/02\/23\/sao-juliao-igreja-assembleia-de-deus-ministerio-madureira-realiza-retiro-espiritual\/","og_site_name":"Portal NPM","article_published_time":"2020-02-23T17:19:52+00:00","author":"Zenilton Lima","twitter_card":"summary_large_image","twitter_misc":{"Escrito por":"Zenilton Lima","Est. tempo de leitura":"1 minuto"},"schema":{"@context":"https:\/\/schema.org","@graph":[{"@type":"WebPage","@id":"https:\/\/portalnpm.com\/index.php\/2020\/02\/23\/sao-juliao-igreja-assembleia-de-deus-ministerio-madureira-realiza-retiro-espiritual\/","url":"https:\/\/portalnpm.com\/index.php\/2020\/02\/23\/sao-juliao-igreja-assembleia-de-deus-ministerio-madureira-realiza-retiro-espiritual\/","name":"S\u00e3o Juli\u00e3o | Igreja Assembl\u00e9ia de Deus minist\u00e9rio Madureira realiza retiro espiritual - Portal NPM","isPartOf":{"@id":"https:\/\/portalnpm.com\/#website"},"primaryImageOfPage":{"@id":"https:\/\/portalnpm.com\/index.php\/2020\/02\/23\/sao-juliao-igreja-assembleia-de-deus-ministerio-madureira-realiza-retiro-espiritual\/#primaryimage"},"image":{"@id":"https:\/\/portalnpm.com\/index.php\/2020\/02\/23\/sao-juliao-igreja-assembleia-de-deus-ministerio-madureira-realiza-retiro-espiritual\/#primaryimage"},"thumbnailUrl":"","datePublished":"2020-02-23T17:19:52+00:00","dateModified":"2020-02-23T17:19:52+00:00","author":{"@id":"https:\/\/portalnpm.com\/#\/schema\/person\/35cb55186eae3f074b6783da6d35591e"},"breadcrumb":{"@id":"https:\/\/portalnpm.com\/index.php\/2020\/02\/23\/sao-juliao-igreja-assembleia-de-deus-ministerio-madureira-realiza-retiro-espiritual\/#breadcrumb"},"inLanguage":"pt-BR","potentialAction":[{"@type":"ReadAction","target":["https:\/\/portalnpm.com\/index.php\/2020\/02\/23\/sao-juliao-igreja-assembleia-de-deus-ministerio-madureira-realiza-retiro-espiritual\/"]}]},{"@type":"ImageObject","inLanguage":"pt-BR","@id":"https:\/\/portalnpm.com\/index.php\/2020\/02\/23\/sao-juliao-igreja-assembleia-de-deus-ministerio-madureira-realiza-retiro-espiritual\/#primaryimage","url":"","contentUrl":""},{"@type":"BreadcrumbList","@id":"https:\/\/portalnpm.com\/index.php\/2020\/02\/23\/sao-juliao-igreja-assembleia-de-deus-ministerio-madureira-realiza-retiro-espiritual\/#breadcrumb","itemListElement":[{"@type":"ListItem","position":1,"name":"In\u00edcio","item":"https:\/\/portalnpm.com\/"},{"@type":"ListItem","position":2,"name":"S\u00e3o Juli\u00e3o | Igreja Assembl\u00e9ia de Deus minist\u00e9rio Madureira realiza retiro espiritual"}]},{"@type":"WebSite","@id":"https:\/\/portalnpm.com\/#website","url":"https:\/\/portalnpm.com\/","name":"Portal NPM","description":"Not\u00edcias em Primeira M\u00e3o","potentialAction":[{"@type":"SearchAction","target":{"@type":"EntryPoint","urlTemplate":"https:\/\/portalnpm.com\/?s={search_term_string}"},"query-input":"required name=search_term_string"}],"inLanguage":"pt-BR"},{"@type":"Person","@id":"https:\/\/portalnpm.com\/#\/schema\/person\/35cb55186eae3f074b6783da6d35591e","name":"Zenilton Lima","image":{"@type":"ImageObject","inLanguage":"pt-BR","@id":"https:\/\/portalnpm.com\/#\/schema\/person\/image\/","url":"https:\/\/portalnpm.com\/wp-content\/uploads\/2024\/12\/avatar_user_8_1733658137-96x96.jpeg","contentUrl":"https:\/\/portalnpm.com\/wp-content\/uploads\/2024\/12\/avatar_user_8_1733658137-96x96.jpeg","caption":"Zenilton Lima"},"url":"https:\/\/portalnpm.com\/index.php\/author\/zenilton\/"}]}},"jetpack_sharing_enabled":true,"jetpack_featured_media_url":"","_links":{"self":[{"href":"https:\/\/portalnpm.com\/index.php\/wp-json\/wp\/v2\/posts\/17511"}],"collection":[{"href":"https:\/\/portalnpm.com\/index.php\/wp-json\/wp\/v2\/posts"}],"about":[{"href":"https:\/\/portalnpm.com\/index.php\/wp-json\/wp\/v2\/types\/post"}],"author":[{"embeddable":true,"href":"https:\/\/portalnpm.com\/index.php\/wp-json\/wp\/v2\/users\/8"}],"replies":[{"embeddable":true,"href":"https:\/\/portalnpm.com\/index.php\/wp-json\/wp\/v2\/comments?post=17511"}],"version-history":[{"count":0,"href":"https:\/\/portalnpm.com\/index.php\/wp-json\/wp\/v2\/posts\/17511\/revisions"}],"wp:featuredmedia":[{"embeddable":true,"href":"https:\/\/portalnpm.com\/index.php\/wp-json\/"}],"wp:attachment":[{"href":"https:\/\/portalnpm.com\/index.php\/wp-json\/wp\/v2\/media?parent=17511"}],"wp:term":[{"taxonomy":"category","embeddable":true,"href":"https:\/\/portalnpm.com\/index.php\/wp-json\/wp\/v2\/categories?post=17511"},{"taxonomy":"post_tag","embeddable":true,"href":"https:\/\/portalnpm.com\/index.php\/wp-json\/wp\/v2\/tags?post=17511"}],"curies":[{"name":"wp","href":"https:\/\/api.w.org\/{rel}","templated":true}]}}