{"id":17664,"date":"2020-02-25T16:16:54","date_gmt":"2020-02-25T19:16:54","guid":{"rendered":"http:\/\/srv.portalnpm.com.br\/?p=17664"},"modified":"2020-02-25T16:16:54","modified_gmt":"2020-02-25T19:16:54","slug":"ceara-registra-170-homicidios-durante-seis-dias-de-paralisacao-de-pms","status":"publish","type":"post","link":"https:\/\/portalnpm.com\/index.php\/2020\/02\/25\/ceara-registra-170-homicidios-durante-seis-dias-de-paralisacao-de-pms\/","title":{"rendered":"Cear\u00e1 registra 170 homic\u00eddios durante seis dias de paralisa\u00e7\u00e3o de PMs"},"content":{"rendered":"<h2 class=\"c-article__subheading\">Somente nesta segunda-feira (24), foram registrados 23 Crimes Violentos Letais Intencionais (CVLIs) em todo o Estado<\/h2>\n<div id=\"google_image_div\">\n<p style=\"text-align: justify;\">O Cear\u00e1 registrou 170 homic\u00eddios de 0h da quarta-feira (19) a meia-noite\u00a0desta ter\u00e7a-feira (24), durante seis dias de paralisa\u00e7\u00e3o de\u00a0policiais militares do Estado, de acordo com a\u00a0mais\u00a0recente\u00a0atualiza\u00e7\u00e3o da Secretaria da Seguran\u00e7a P\u00fablica (SSPDS).\u00a0O dado representa, em m\u00e9dia, uma morte violenta\u00a0a cada 51 minutos durante o per\u00edodo.<\/p>\n<p style=\"text-align: justify;\">Somente nesta segunda-feira (24), foram registrados 23 Crimes Violentos Letais Intencionais (CVLIs) em todo o Estado. Segundo a SSPDS, os CVLIs &#8220;englobam os casos que se enquadram como homic\u00eddio doloso\/feminic\u00eddio, les\u00e3o corporal seguida de morte e latroc\u00ednio&#8221;.<\/p>\n<p style=\"text-align: justify;\">Pelo menos 230 PMs foram afastados de suas fun\u00e7\u00f5es e dever\u00e3o ficar sem os sal\u00e1rios j\u00e1 neste m\u00eas. Outros\u00a0<a href=\"https:\/\/diariodonordeste.verdesmares.com.br\/editorias\/seguranca\/online\/43-policiais-militares-desertores-foram-presos-apos-paralisacoes-da-categoria-no-ceara-diz-sspds-1.2215055\" target=\"_blank\" rel=\"noopener noreferrer\">43 agentes de seguran\u00e7a foram presos por deser\u00e7\u00e3o<\/a>, em consequ\u00eancia de terem falatado o\u00a0servi\u00e7o durante o Carnaval. Dois batalh\u00f5es da corpora\u00e7\u00e3o est\u00e3o tomados pelos PMs paralisados em Fortaleza e um em Sobral.<\/p>\n<figure id=\"attachment_17665\" aria-describedby=\"caption-attachment-17665\" style=\"width: 895px\" class=\"wp-caption aligncenter\"><img fetchpriority=\"high\" decoding=\"async\" class=\"size-full wp-image-17665\" src=\"http:\/\/portalnpm.com\/wp-content\/uploads\/2020\/02\/IMG-20200225-WA0304.jpg\" alt=\"\" width=\"895\" height=\"602\" \/><figcaption id=\"caption-attachment-17665\" class=\"wp-caption-text\">Nesta ter\u00e7a-feira, o Ex\u00e9rcito chegou a Crato e Juazeiro, na Regi\u00e3o do Cariri Lorena Tavares<\/figcaption><\/figure>\n<p style=\"text-align: justify;\">A crise fez o governo estadual pedir\u00a0o refor\u00e7o da For\u00e7a Nacional e do Ex\u00e9rcito, que est\u00e1 nas ruas do Cear\u00e1 desde que o presidente Jair Bolsonaro decretou a Garantia da Lei e da Ordem (GLO), que possibilita o emprego das For\u00e7as Armadas em situa\u00e7\u00f5es nas quais h\u00e1 o esgotamento das for\u00e7as tradicionais de seguran\u00e7a p\u00fablica e em graves situa\u00e7\u00f5es de perturba\u00e7\u00e3o da ordem. Nesta segunda (24),\u00a0os ministros de Justi\u00e7a e Seguran\u00e7a P\u00fablica, S\u00e9rgio Moro, e da Defesa, Fernando Azevedo,\u00a0<a href=\"https:\/\/diariodonordeste.verdesmares.com.br\/editorias\/politica\/online\/camilo-encontra-moro-e-agradece-apoio-do-governo-para-lidar-com-motim-de-pms-1.2214880\" target=\"_blank\" rel=\"noopener noreferrer\">estiveram em Fortaleza para conferir os trabalhos<\/a>\u00a0das for\u00e7as de seguran\u00e7a.\u00a0Nesta ter\u00e7a-feira, o\u00a0<a href=\"https:\/\/diariodonordeste.verdesmares.com.br\/editorias\/seguranca\/online\/crato-e-juazeiro-do-norte-recebem-reforco-de-tropas-do-exercito-brasileiro-1.2215008\" target=\"_blank\" rel=\"noopener noreferrer\">Ex\u00e9rcito chegou a Crato e Juazeiro<\/a>, na Regi\u00e3o do Cariri.<\/p>\n<p style=\"text-align: justify;\">O n\u00famero de mortes violentas aumentou com o in\u00edcio do motim dos policiais militares, conforme dados da secretaria:<\/p>\n<ul style=\"text-align: justify;\">\n<li>Segunda-feira (17):\u00a0<strong>3<\/strong><\/li>\n<li>Ter\u00e7a-feira (18):\u00a0<strong>5<\/strong><\/li>\n<li>Quarta-feira (19):\u00a0<strong>29<\/strong><\/li>\n<li>Quinta-feira (20):<strong>\u00a022<\/strong><\/li>\n<li>Sexta-feira (21):\u00a0<strong>37<\/strong><\/li>\n<li>S\u00e1bado (22):\u00a0<strong>34<\/strong><\/li>\n<li>Domingo (23):\u00a0<strong>25<\/strong><\/li>\n<li>Segunda-feira (24):\u00a0<strong>23<\/strong><\/li>\n<\/ul>\n<p style=\"text-align: justify;\">A SSPDS destaca que &#8220;o amotinamento de parte dos policiais militares come\u00e7ou na ter\u00e7a-feira \u00e0 noite&#8221;.<\/p>\n<p style=\"text-align: justify;\"><strong><em>Fonte: Di\u00e1rio do Nordeste<\/em><\/strong><\/p>\n<\/div>\n","protected":false},"excerpt":{"rendered":"<p>Somente nesta segunda-feira (24), foram registrados 23 Crimes Violentos Letais Intencionais (CVLIs) em todo o Estado O Cear\u00e1 registrou 170 homic\u00eddios de 0h da quarta-feira (19) a meia-noite\u00a0desta ter\u00e7a-feira (24), durante seis dias de paralisa\u00e7\u00e3o de\u00a0policiais militares do Estado, de acordo com a\u00a0mais\u00a0recente\u00a0atualiza\u00e7\u00e3o da Secretaria da Seguran\u00e7a P\u00fablica (SSPDS).\u00a0O dado representa, em m\u00e9dia, uma morte &hellip;<\/p>\n","protected":false},"author":4,"featured_media":17666,"comment_status":"open","ping_status":"open","sticky":false,"template":"","format":"standard","meta":{"content-type":"","rop_custom_images_group":[],"rop_custom_messages_group":[],"rop_publish_now":"initial","rop_publish_now_accounts":{"facebook_2648258775420054_1618374048415101":""},"rop_publish_now_history":[],"rop_publish_now_status":"pending","footnotes":"","_jetpack_memberships_contains_paid_content":false},"categories":[113,145],"tags":[1163,410,3812],"yoast_head":"<!-- This site is optimized with the Yoast SEO plugin v22.3 - https:\/\/yoast.com\/wordpress\/plugins\/seo\/ -->\n<title>Cear\u00e1 registra 170 homic\u00eddios durante seis dias de paralisa\u00e7\u00e3o de PMs - Portal NPM<\/title>\n<meta name=\"robots\" content=\"index, follow, max-snippet:-1, max-image-preview:large, max-video-preview:-1\" \/>\n<link rel=\"canonical\" href=\"https:\/\/portalnpm.com\/index.php\/2020\/02\/25\/ceara-registra-170-homicidios-durante-seis-dias-de-paralisacao-de-pms\/\" \/>\n<meta property=\"og:locale\" content=\"pt_BR\" \/>\n<meta property=\"og:type\" content=\"article\" \/>\n<meta property=\"og:title\" content=\"Cear\u00e1 registra 170 homic\u00eddios durante seis dias de paralisa\u00e7\u00e3o de PMs - Portal NPM\" \/>\n<meta property=\"og:description\" content=\"Somente nesta segunda-feira (24), foram registrados 23 Crimes Violentos Letais Intencionais (CVLIs) em todo o Estado O Cear\u00e1 registrou 170 homic\u00eddios de 0h da quarta-feira (19) a meia-noite\u00a0desta ter\u00e7a-feira (24), durante seis dias de paralisa\u00e7\u00e3o de\u00a0policiais militares do Estado, de acordo com a\u00a0mais\u00a0recente\u00a0atualiza\u00e7\u00e3o da Secretaria da Seguran\u00e7a P\u00fablica (SSPDS).\u00a0O dado representa, em m\u00e9dia, uma morte &hellip;\" \/>\n<meta property=\"og:url\" content=\"https:\/\/portalnpm.com\/index.php\/2020\/02\/25\/ceara-registra-170-homicidios-durante-seis-dias-de-paralisacao-de-pms\/\" \/>\n<meta property=\"og:site_name\" content=\"Portal NPM\" \/>\n<meta property=\"article:published_time\" content=\"2020-02-25T19:16:54+00:00\" \/>\n<meta name=\"author\" content=\"Reda\u00e7\u00e3o\" \/>\n<meta name=\"twitter:card\" content=\"summary_large_image\" \/>\n<meta name=\"twitter:label1\" content=\"Escrito por\" \/>\n\t<meta name=\"twitter:data1\" content=\"Reda\u00e7\u00e3o\" \/>\n\t<meta name=\"twitter:label2\" content=\"Est. tempo de leitura\" \/>\n\t<meta name=\"twitter:data2\" content=\"2 minutos\" \/>\n<script type=\"application\/ld+json\" class=\"yoast-schema-graph\">{\"@context\":\"https:\/\/schema.org\",\"@graph\":[{\"@type\":\"WebPage\",\"@id\":\"https:\/\/portalnpm.com\/index.php\/2020\/02\/25\/ceara-registra-170-homicidios-durante-seis-dias-de-paralisacao-de-pms\/\",\"url\":\"https:\/\/portalnpm.com\/index.php\/2020\/02\/25\/ceara-registra-170-homicidios-durante-seis-dias-de-paralisacao-de-pms\/\",\"name\":\"Cear\u00e1 registra 170 homic\u00eddios durante seis dias de paralisa\u00e7\u00e3o de PMs - Portal NPM\",\"isPartOf\":{\"@id\":\"https:\/\/portalnpm.com\/#website\"},\"primaryImageOfPage\":{\"@id\":\"https:\/\/portalnpm.com\/index.php\/2020\/02\/25\/ceara-registra-170-homicidios-durante-seis-dias-de-paralisacao-de-pms\/#primaryimage\"},\"image\":{\"@id\":\"https:\/\/portalnpm.com\/index.php\/2020\/02\/25\/ceara-registra-170-homicidios-durante-seis-dias-de-paralisacao-de-pms\/#primaryimage\"},\"thumbnailUrl\":\"\",\"datePublished\":\"2020-02-25T19:16:54+00:00\",\"dateModified\":\"2020-02-25T19:16:54+00:00\",\"author\":{\"@id\":\"https:\/\/portalnpm.com\/#\/schema\/person\/0b5f230ec96cee25504fa328e7f2b733\"},\"breadcrumb\":{\"@id\":\"https:\/\/portalnpm.com\/index.php\/2020\/02\/25\/ceara-registra-170-homicidios-durante-seis-dias-de-paralisacao-de-pms\/#breadcrumb\"},\"inLanguage\":\"pt-BR\",\"potentialAction\":[{\"@type\":\"ReadAction\",\"target\":[\"https:\/\/portalnpm.com\/index.php\/2020\/02\/25\/ceara-registra-170-homicidios-durante-seis-dias-de-paralisacao-de-pms\/\"]}]},{\"@type\":\"ImageObject\",\"inLanguage\":\"pt-BR\",\"@id\":\"https:\/\/portalnpm.com\/index.php\/2020\/02\/25\/ceara-registra-170-homicidios-durante-seis-dias-de-paralisacao-de-pms\/#primaryimage\",\"url\":\"\",\"contentUrl\":\"\"},{\"@type\":\"BreadcrumbList\",\"@id\":\"https:\/\/portalnpm.com\/index.php\/2020\/02\/25\/ceara-registra-170-homicidios-durante-seis-dias-de-paralisacao-de-pms\/#breadcrumb\",\"itemListElement\":[{\"@type\":\"ListItem\",\"position\":1,\"name\":\"In\u00edcio\",\"item\":\"https:\/\/portalnpm.com\/\"},{\"@type\":\"ListItem\",\"position\":2,\"name\":\"Cear\u00e1 registra 170 homic\u00eddios durante seis dias de paralisa\u00e7\u00e3o de PMs\"}]},{\"@type\":\"WebSite\",\"@id\":\"https:\/\/portalnpm.com\/#website\",\"url\":\"https:\/\/portalnpm.com\/\",\"name\":\"Portal NPM\",\"description\":\"Not\u00edcias em Primeira M\u00e3o\",\"potentialAction\":[{\"@type\":\"SearchAction\",\"target\":{\"@type\":\"EntryPoint\",\"urlTemplate\":\"https:\/\/portalnpm.com\/?s={search_term_string}\"},\"query-input\":\"required name=search_term_string\"}],\"inLanguage\":\"pt-BR\"},{\"@type\":\"Person\",\"@id\":\"https:\/\/portalnpm.com\/#\/schema\/person\/0b5f230ec96cee25504fa328e7f2b733\",\"name\":\"Reda\u00e7\u00e3o\",\"image\":{\"@type\":\"ImageObject\",\"inLanguage\":\"pt-BR\",\"@id\":\"https:\/\/portalnpm.com\/#\/schema\/person\/image\/\",\"url\":\"https:\/\/portalnpm.com\/wp-content\/uploads\/2024\/03\/avatar_user_4_1710097212-96x96.png\",\"contentUrl\":\"https:\/\/portalnpm.com\/wp-content\/uploads\/2024\/03\/avatar_user_4_1710097212-96x96.png\",\"caption\":\"Reda\u00e7\u00e3o\"},\"url\":\"https:\/\/portalnpm.com\/index.php\/author\/redacao\/\"}]}<\/script>\n<!-- \/ Yoast SEO plugin. -->","yoast_head_json":{"title":"Cear\u00e1 registra 170 homic\u00eddios durante seis dias de paralisa\u00e7\u00e3o de PMs - Portal NPM","robots":{"index":"index","follow":"follow","max-snippet":"max-snippet:-1","max-image-preview":"max-image-preview:large","max-video-preview":"max-video-preview:-1"},"canonical":"https:\/\/portalnpm.com\/index.php\/2020\/02\/25\/ceara-registra-170-homicidios-durante-seis-dias-de-paralisacao-de-pms\/","og_locale":"pt_BR","og_type":"article","og_title":"Cear\u00e1 registra 170 homic\u00eddios durante seis dias de paralisa\u00e7\u00e3o de PMs - Portal NPM","og_description":"Somente nesta segunda-feira (24), foram registrados 23 Crimes Violentos Letais Intencionais (CVLIs) em todo o Estado O Cear\u00e1 registrou 170 homic\u00eddios de 0h da quarta-feira (19) a meia-noite\u00a0desta ter\u00e7a-feira (24), durante seis dias de paralisa\u00e7\u00e3o de\u00a0policiais militares do Estado, de acordo com a\u00a0mais\u00a0recente\u00a0atualiza\u00e7\u00e3o da Secretaria da Seguran\u00e7a P\u00fablica (SSPDS).\u00a0O dado representa, em m\u00e9dia, uma morte &hellip;","og_url":"https:\/\/portalnpm.com\/index.php\/2020\/02\/25\/ceara-registra-170-homicidios-durante-seis-dias-de-paralisacao-de-pms\/","og_site_name":"Portal NPM","article_published_time":"2020-02-25T19:16:54+00:00","author":"Reda\u00e7\u00e3o","twitter_card":"summary_large_image","twitter_misc":{"Escrito por":"Reda\u00e7\u00e3o","Est. tempo de leitura":"2 minutos"},"schema":{"@context":"https:\/\/schema.org","@graph":[{"@type":"WebPage","@id":"https:\/\/portalnpm.com\/index.php\/2020\/02\/25\/ceara-registra-170-homicidios-durante-seis-dias-de-paralisacao-de-pms\/","url":"https:\/\/portalnpm.com\/index.php\/2020\/02\/25\/ceara-registra-170-homicidios-durante-seis-dias-de-paralisacao-de-pms\/","name":"Cear\u00e1 registra 170 homic\u00eddios durante seis dias de paralisa\u00e7\u00e3o de PMs - Portal NPM","isPartOf":{"@id":"https:\/\/portalnpm.com\/#website"},"primaryImageOfPage":{"@id":"https:\/\/portalnpm.com\/index.php\/2020\/02\/25\/ceara-registra-170-homicidios-durante-seis-dias-de-paralisacao-de-pms\/#primaryimage"},"image":{"@id":"https:\/\/portalnpm.com\/index.php\/2020\/02\/25\/ceara-registra-170-homicidios-durante-seis-dias-de-paralisacao-de-pms\/#primaryimage"},"thumbnailUrl":"","datePublished":"2020-02-25T19:16:54+00:00","dateModified":"2020-02-25T19:16:54+00:00","author":{"@id":"https:\/\/portalnpm.com\/#\/schema\/person\/0b5f230ec96cee25504fa328e7f2b733"},"breadcrumb":{"@id":"https:\/\/portalnpm.com\/index.php\/2020\/02\/25\/ceara-registra-170-homicidios-durante-seis-dias-de-paralisacao-de-pms\/#breadcrumb"},"inLanguage":"pt-BR","potentialAction":[{"@type":"ReadAction","target":["https:\/\/portalnpm.com\/index.php\/2020\/02\/25\/ceara-registra-170-homicidios-durante-seis-dias-de-paralisacao-de-pms\/"]}]},{"@type":"ImageObject","inLanguage":"pt-BR","@id":"https:\/\/portalnpm.com\/index.php\/2020\/02\/25\/ceara-registra-170-homicidios-durante-seis-dias-de-paralisacao-de-pms\/#primaryimage","url":"","contentUrl":""},{"@type":"BreadcrumbList","@id":"https:\/\/portalnpm.com\/index.php\/2020\/02\/25\/ceara-registra-170-homicidios-durante-seis-dias-de-paralisacao-de-pms\/#breadcrumb","itemListElement":[{"@type":"ListItem","position":1,"name":"In\u00edcio","item":"https:\/\/portalnpm.com\/"},{"@type":"ListItem","position":2,"name":"Cear\u00e1 registra 170 homic\u00eddios durante seis dias de paralisa\u00e7\u00e3o de PMs"}]},{"@type":"WebSite","@id":"https:\/\/portalnpm.com\/#website","url":"https:\/\/portalnpm.com\/","name":"Portal NPM","description":"Not\u00edcias em Primeira M\u00e3o","potentialAction":[{"@type":"SearchAction","target":{"@type":"EntryPoint","urlTemplate":"https:\/\/portalnpm.com\/?s={search_term_string}"},"query-input":"required name=search_term_string"}],"inLanguage":"pt-BR"},{"@type":"Person","@id":"https:\/\/portalnpm.com\/#\/schema\/person\/0b5f230ec96cee25504fa328e7f2b733","name":"Reda\u00e7\u00e3o","image":{"@type":"ImageObject","inLanguage":"pt-BR","@id":"https:\/\/portalnpm.com\/#\/schema\/person\/image\/","url":"https:\/\/portalnpm.com\/wp-content\/uploads\/2024\/03\/avatar_user_4_1710097212-96x96.png","contentUrl":"https:\/\/portalnpm.com\/wp-content\/uploads\/2024\/03\/avatar_user_4_1710097212-96x96.png","caption":"Reda\u00e7\u00e3o"},"url":"https:\/\/portalnpm.com\/index.php\/author\/redacao\/"}]}},"jetpack_sharing_enabled":true,"jetpack_featured_media_url":"","_links":{"self":[{"href":"https:\/\/portalnpm.com\/index.php\/wp-json\/wp\/v2\/posts\/17664"}],"collection":[{"href":"https:\/\/portalnpm.com\/index.php\/wp-json\/wp\/v2\/posts"}],"about":[{"href":"https:\/\/portalnpm.com\/index.php\/wp-json\/wp\/v2\/types\/post"}],"author":[{"embeddable":true,"href":"https:\/\/portalnpm.com\/index.php\/wp-json\/wp\/v2\/users\/4"}],"replies":[{"embeddable":true,"href":"https:\/\/portalnpm.com\/index.php\/wp-json\/wp\/v2\/comments?post=17664"}],"version-history":[{"count":0,"href":"https:\/\/portalnpm.com\/index.php\/wp-json\/wp\/v2\/posts\/17664\/revisions"}],"wp:featuredmedia":[{"embeddable":true,"href":"https:\/\/portalnpm.com\/index.php\/wp-json\/"}],"wp:attachment":[{"href":"https:\/\/portalnpm.com\/index.php\/wp-json\/wp\/v2\/media?parent=17664"}],"wp:term":[{"taxonomy":"category","embeddable":true,"href":"https:\/\/portalnpm.com\/index.php\/wp-json\/wp\/v2\/categories?post=17664"},{"taxonomy":"post_tag","embeddable":true,"href":"https:\/\/portalnpm.com\/index.php\/wp-json\/wp\/v2\/tags?post=17664"}],"curies":[{"name":"wp","href":"https:\/\/api.w.org\/{rel}","templated":true}]}}