{"id":17668,"date":"2020-02-25T16:36:25","date_gmt":"2020-02-25T19:36:25","guid":{"rendered":"http:\/\/srv.portalnpm.com.br\/?p=17668"},"modified":"2020-02-25T16:36:25","modified_gmt":"2020-02-25T19:36:25","slug":"filho-de-empresaria-e-suspeito-de-ameacar-de-morte-vereador-e-familia-por-cassacao-de-vereador","status":"publish","type":"post","link":"https:\/\/portalnpm.com\/index.php\/2020\/02\/25\/filho-de-empresaria-e-suspeito-de-ameacar-de-morte-vereador-e-familia-por-cassacao-de-vereador\/","title":{"rendered":"Filho de empres\u00e1ria \u00e9 suspeito de amea\u00e7ar de morte vereador e fam\u00edlia por cassa\u00e7\u00e3o de vereador"},"content":{"rendered":"<p style=\"text-align: justify;\">O suspeito de amea\u00e7ar de morte o vereador Toninho de Souza (PSD) e sua fam\u00edlia foi identificado como Gustavo Lima Franco, de 28 anos. Filho de uma empres\u00e1ria do setor imobili\u00e1rio, o rapaz teria feito amea\u00e7as atrav\u00e9s do Facebook. Gustavo seria ligado ao movimento \u201cPr\u00f3-Ab\u00edlio\u201d e estaria presente na \u00faltima manifesta\u00e7\u00e3o contra a cassa\u00e7\u00e3o do parlamentar, na C\u00e2mara Municipal, conforme v\u00eddeos publicados em sua rede social.<\/p>\n<p>&nbsp;<\/p>\n<p style=\"text-align: justify;\">Segundo informa\u00e7\u00f5es obtidas pelo\u00a0<strong>Olhar Direto<\/strong>, Gustavo teria entrado em contato com a esposa de Toninho e enviado a seguinte mensagem: &#8220;Deixa eu te perguntar, voc\u00eas j\u00e1 se acostumaram com a possibilidade da morte do Toninho de Souza? Pois provavelmente numa manifesta\u00e7\u00e3o, se o povo perder o controle, pode acabar de uma forma bem cruel&#8221;, diz.<\/p>\n<p>J\u00e1 em uma postagem em modo p\u00fablico, Gustavo teria comentado que: &#8220;Essa \u00e9tica t\u00e1 parecendo aqueles c\u00f3digos de conduta do crime&#8230;X9 sempre acaba levando. Isso precisa mudar&#8221;.<\/p>\n<p>J\u00e1 em uma publica\u00e7\u00e3o do pr\u00f3prio vereador, presidente do Conselho de \u00c9tica, que votou por unanimidade pela cassa\u00e7\u00e3o de Ab\u00edlio Brunini J\u00fanior (PSC), Gustavo teria feito uma nova amea\u00e7a. &#8220;Voc\u00ea est\u00e1 esquecendo da morte dele em uma prov\u00e1vel revolta popular&#8221;, descreve a den\u00fancia.<\/p>\n<p>Al\u00e9m de Gustavo, outras pessoas j\u00e1 teriam sido identificadas por suspeita de amea\u00e7as contra o parlamentar e fam\u00edlia. O motivo do crime \u00e9 todo processo envolvendo a cassa\u00e7\u00e3o do tamb\u00e9m vereador Abilinho, como \u00e9 conhecido.<\/p>\n<p>Acompanhado de seus advogados, Toninho esteve na tarde de sexta-feira (21) na 2\u00aa Delegacia de Pol\u00edcia Civil de Cuiab\u00e1, no bairro Planalto, e confirmou ao\u00a0<strong>Olhar Direto<\/strong>\u00a0que al\u00e9m de identificar, os policiais j\u00e1 mandaram uma representa\u00e7\u00e3o para essas pessoas.<\/p>\n<p>\u201cForam duas amea\u00e7as, uma feita de forma indireta no Facebook da minha esposa e outra feita diretamente para mim, no meu celular, no \u00faltimo domingo. Esse com amea\u00e7as de morte diretamente \u00e0 minha pessoa. Ligou querendo saber se era eu mesmo, que eu pagaria com minha pr\u00f3pria vida o que eu estava fazendo com o vereador Ab\u00edlio, se referindo o processo de cassa\u00e7\u00e3o. Eu queria saber quem era, ele disse que no momento certo eu saberia. Que poderia andar com seguran\u00e7a, com quem fosse, mas a minha hora iria chegar. Ent\u00e3o eu tomei todas as provid\u00eancias, tanto das amea\u00e7as indiretas, que houve a identifica\u00e7\u00e3o, quanto a essa a amea\u00e7a mais direta, no telefonema. N\u00e3o que isso v\u00e1 me intimidar, mas que provid\u00eancias precisam ser tomadas. Amea\u00e7a de morte \u00e9 um crime e o crime precisa ser combatido\u201d, disse Toninho de Souza, com exclusividade ao\u00a0<strong>Olhar Direto<\/strong>.<\/p>\n<p>O caso est\u00e1 sendo investigado e conduzido pelo delegado Jeferson Dias, na 2\u00aa Delegacia de Pol\u00edcia Civil de Cuiab\u00e1.<\/p>\n<p style=\"text-align: justify;\">\n<strong>Outro lado<\/strong><\/p>\n<p>Sobre a suspeita de amea\u00e7as, Gustavo disse ao Olhar Direto que: &#8220;S\u00f3 posso dizer que \u00e9 uma bobagem. Eu n\u00e3o realizei amea\u00e7as, a \u00fanica coisa que fiz foi exercer minha cidadania e externar coment\u00e1rios no Facebook de revolta em rela\u00e7\u00e3o \u00e0s atitudes tomadas pelo representante&#8221;, disse.<\/p>\n<p>&#8220;Falei algo l\u00f3gico para a mulher dele sobre a possibilidade de um l\u00edder que gerando a revolta popular pode acabar sendo morto em uma prov\u00e1vel manifesta\u00e7\u00e3o onde se perca o controle da popula\u00e7\u00e3o. Segundo a defini\u00e7\u00e3o do crime de amea\u00e7a isso n\u00e3o \u00e9 uma amea\u00e7a&#8221;, finalizou.<\/p>\n<p style=\"text-align: justify;\"><strong>Fonte: Olhar Direto<\/strong><\/p>\n","protected":false},"excerpt":{"rendered":"<p>O suspeito de amea\u00e7ar de morte o vereador Toninho de Souza (PSD) e sua fam\u00edlia foi identificado como Gustavo Lima Franco, de 28 anos. Filho de uma empres\u00e1ria do setor imobili\u00e1rio, o rapaz teria feito amea\u00e7as atrav\u00e9s do Facebook. Gustavo seria ligado ao movimento \u201cPr\u00f3-Ab\u00edlio\u201d e estaria presente na \u00faltima manifesta\u00e7\u00e3o contra a cassa\u00e7\u00e3o do &hellip;<\/p>\n","protected":false},"author":4,"featured_media":17669,"comment_status":"open","ping_status":"open","sticky":false,"template":"","format":"standard","meta":{"content-type":"","rop_custom_images_group":[],"rop_custom_messages_group":[],"rop_publish_now":"initial","rop_publish_now_accounts":{"facebook_2648258775420054_1618374048415101":""},"rop_publish_now_history":[],"rop_publish_now_status":"pending","footnotes":"","_jetpack_memberships_contains_paid_content":false},"categories":[125],"tags":[],"yoast_head":"<!-- This site is optimized with the Yoast SEO plugin v22.3 - https:\/\/yoast.com\/wordpress\/plugins\/seo\/ -->\n<title>Filho de empres\u00e1ria \u00e9 suspeito de amea\u00e7ar de morte vereador e fam\u00edlia por cassa\u00e7\u00e3o de vereador - Portal NPM<\/title>\n<meta name=\"robots\" content=\"index, follow, max-snippet:-1, max-image-preview:large, max-video-preview:-1\" \/>\n<link rel=\"canonical\" href=\"https:\/\/portalnpm.com\/index.php\/2020\/02\/25\/filho-de-empresaria-e-suspeito-de-ameacar-de-morte-vereador-e-familia-por-cassacao-de-vereador\/\" \/>\n<meta property=\"og:locale\" content=\"pt_BR\" \/>\n<meta property=\"og:type\" content=\"article\" \/>\n<meta property=\"og:title\" content=\"Filho de empres\u00e1ria \u00e9 suspeito de amea\u00e7ar de morte vereador e fam\u00edlia por cassa\u00e7\u00e3o de vereador - Portal NPM\" \/>\n<meta property=\"og:description\" content=\"O suspeito de amea\u00e7ar de morte o vereador Toninho de Souza (PSD) e sua fam\u00edlia foi identificado como Gustavo Lima Franco, de 28 anos. Filho de uma empres\u00e1ria do setor imobili\u00e1rio, o rapaz teria feito amea\u00e7as atrav\u00e9s do Facebook. Gustavo seria ligado ao movimento \u201cPr\u00f3-Ab\u00edlio\u201d e estaria presente na \u00faltima manifesta\u00e7\u00e3o contra a cassa\u00e7\u00e3o do &hellip;\" \/>\n<meta property=\"og:url\" content=\"https:\/\/portalnpm.com\/index.php\/2020\/02\/25\/filho-de-empresaria-e-suspeito-de-ameacar-de-morte-vereador-e-familia-por-cassacao-de-vereador\/\" \/>\n<meta property=\"og:site_name\" content=\"Portal NPM\" \/>\n<meta property=\"article:published_time\" content=\"2020-02-25T19:36:25+00:00\" \/>\n<meta name=\"author\" content=\"Reda\u00e7\u00e3o\" \/>\n<meta name=\"twitter:card\" content=\"summary_large_image\" \/>\n<meta name=\"twitter:label1\" content=\"Escrito por\" \/>\n\t<meta name=\"twitter:data1\" content=\"Reda\u00e7\u00e3o\" \/>\n\t<meta name=\"twitter:label2\" content=\"Est. tempo de leitura\" \/>\n\t<meta name=\"twitter:data2\" content=\"3 minutos\" \/>\n<script type=\"application\/ld+json\" class=\"yoast-schema-graph\">{\"@context\":\"https:\/\/schema.org\",\"@graph\":[{\"@type\":\"WebPage\",\"@id\":\"https:\/\/portalnpm.com\/index.php\/2020\/02\/25\/filho-de-empresaria-e-suspeito-de-ameacar-de-morte-vereador-e-familia-por-cassacao-de-vereador\/\",\"url\":\"https:\/\/portalnpm.com\/index.php\/2020\/02\/25\/filho-de-empresaria-e-suspeito-de-ameacar-de-morte-vereador-e-familia-por-cassacao-de-vereador\/\",\"name\":\"Filho de empres\u00e1ria \u00e9 suspeito de amea\u00e7ar de morte vereador e fam\u00edlia por cassa\u00e7\u00e3o de vereador - Portal NPM\",\"isPartOf\":{\"@id\":\"https:\/\/portalnpm.com\/#website\"},\"primaryImageOfPage\":{\"@id\":\"https:\/\/portalnpm.com\/index.php\/2020\/02\/25\/filho-de-empresaria-e-suspeito-de-ameacar-de-morte-vereador-e-familia-por-cassacao-de-vereador\/#primaryimage\"},\"image\":{\"@id\":\"https:\/\/portalnpm.com\/index.php\/2020\/02\/25\/filho-de-empresaria-e-suspeito-de-ameacar-de-morte-vereador-e-familia-por-cassacao-de-vereador\/#primaryimage\"},\"thumbnailUrl\":\"\",\"datePublished\":\"2020-02-25T19:36:25+00:00\",\"dateModified\":\"2020-02-25T19:36:25+00:00\",\"author\":{\"@id\":\"https:\/\/portalnpm.com\/#\/schema\/person\/0b5f230ec96cee25504fa328e7f2b733\"},\"breadcrumb\":{\"@id\":\"https:\/\/portalnpm.com\/index.php\/2020\/02\/25\/filho-de-empresaria-e-suspeito-de-ameacar-de-morte-vereador-e-familia-por-cassacao-de-vereador\/#breadcrumb\"},\"inLanguage\":\"pt-BR\",\"potentialAction\":[{\"@type\":\"ReadAction\",\"target\":[\"https:\/\/portalnpm.com\/index.php\/2020\/02\/25\/filho-de-empresaria-e-suspeito-de-ameacar-de-morte-vereador-e-familia-por-cassacao-de-vereador\/\"]}]},{\"@type\":\"ImageObject\",\"inLanguage\":\"pt-BR\",\"@id\":\"https:\/\/portalnpm.com\/index.php\/2020\/02\/25\/filho-de-empresaria-e-suspeito-de-ameacar-de-morte-vereador-e-familia-por-cassacao-de-vereador\/#primaryimage\",\"url\":\"\",\"contentUrl\":\"\"},{\"@type\":\"BreadcrumbList\",\"@id\":\"https:\/\/portalnpm.com\/index.php\/2020\/02\/25\/filho-de-empresaria-e-suspeito-de-ameacar-de-morte-vereador-e-familia-por-cassacao-de-vereador\/#breadcrumb\",\"itemListElement\":[{\"@type\":\"ListItem\",\"position\":1,\"name\":\"In\u00edcio\",\"item\":\"https:\/\/portalnpm.com\/\"},{\"@type\":\"ListItem\",\"position\":2,\"name\":\"Filho de empres\u00e1ria \u00e9 suspeito de amea\u00e7ar de morte vereador e fam\u00edlia por cassa\u00e7\u00e3o de vereador\"}]},{\"@type\":\"WebSite\",\"@id\":\"https:\/\/portalnpm.com\/#website\",\"url\":\"https:\/\/portalnpm.com\/\",\"name\":\"Portal NPM\",\"description\":\"Not\u00edcias em Primeira M\u00e3o\",\"potentialAction\":[{\"@type\":\"SearchAction\",\"target\":{\"@type\":\"EntryPoint\",\"urlTemplate\":\"https:\/\/portalnpm.com\/?s={search_term_string}\"},\"query-input\":\"required name=search_term_string\"}],\"inLanguage\":\"pt-BR\"},{\"@type\":\"Person\",\"@id\":\"https:\/\/portalnpm.com\/#\/schema\/person\/0b5f230ec96cee25504fa328e7f2b733\",\"name\":\"Reda\u00e7\u00e3o\",\"image\":{\"@type\":\"ImageObject\",\"inLanguage\":\"pt-BR\",\"@id\":\"https:\/\/portalnpm.com\/#\/schema\/person\/image\/\",\"url\":\"https:\/\/portalnpm.com\/wp-content\/uploads\/2024\/03\/avatar_user_4_1710097212-96x96.png\",\"contentUrl\":\"https:\/\/portalnpm.com\/wp-content\/uploads\/2024\/03\/avatar_user_4_1710097212-96x96.png\",\"caption\":\"Reda\u00e7\u00e3o\"},\"url\":\"https:\/\/portalnpm.com\/index.php\/author\/redacao\/\"}]}<\/script>\n<!-- \/ Yoast SEO plugin. -->","yoast_head_json":{"title":"Filho de empres\u00e1ria \u00e9 suspeito de amea\u00e7ar de morte vereador e fam\u00edlia por cassa\u00e7\u00e3o de vereador - Portal NPM","robots":{"index":"index","follow":"follow","max-snippet":"max-snippet:-1","max-image-preview":"max-image-preview:large","max-video-preview":"max-video-preview:-1"},"canonical":"https:\/\/portalnpm.com\/index.php\/2020\/02\/25\/filho-de-empresaria-e-suspeito-de-ameacar-de-morte-vereador-e-familia-por-cassacao-de-vereador\/","og_locale":"pt_BR","og_type":"article","og_title":"Filho de empres\u00e1ria \u00e9 suspeito de amea\u00e7ar de morte vereador e fam\u00edlia por cassa\u00e7\u00e3o de vereador - Portal NPM","og_description":"O suspeito de amea\u00e7ar de morte o vereador Toninho de Souza (PSD) e sua fam\u00edlia foi identificado como Gustavo Lima Franco, de 28 anos. Filho de uma empres\u00e1ria do setor imobili\u00e1rio, o rapaz teria feito amea\u00e7as atrav\u00e9s do Facebook. Gustavo seria ligado ao movimento \u201cPr\u00f3-Ab\u00edlio\u201d e estaria presente na \u00faltima manifesta\u00e7\u00e3o contra a cassa\u00e7\u00e3o do &hellip;","og_url":"https:\/\/portalnpm.com\/index.php\/2020\/02\/25\/filho-de-empresaria-e-suspeito-de-ameacar-de-morte-vereador-e-familia-por-cassacao-de-vereador\/","og_site_name":"Portal NPM","article_published_time":"2020-02-25T19:36:25+00:00","author":"Reda\u00e7\u00e3o","twitter_card":"summary_large_image","twitter_misc":{"Escrito por":"Reda\u00e7\u00e3o","Est. tempo de leitura":"3 minutos"},"schema":{"@context":"https:\/\/schema.org","@graph":[{"@type":"WebPage","@id":"https:\/\/portalnpm.com\/index.php\/2020\/02\/25\/filho-de-empresaria-e-suspeito-de-ameacar-de-morte-vereador-e-familia-por-cassacao-de-vereador\/","url":"https:\/\/portalnpm.com\/index.php\/2020\/02\/25\/filho-de-empresaria-e-suspeito-de-ameacar-de-morte-vereador-e-familia-por-cassacao-de-vereador\/","name":"Filho de empres\u00e1ria \u00e9 suspeito de amea\u00e7ar de morte vereador e fam\u00edlia por cassa\u00e7\u00e3o de vereador - Portal NPM","isPartOf":{"@id":"https:\/\/portalnpm.com\/#website"},"primaryImageOfPage":{"@id":"https:\/\/portalnpm.com\/index.php\/2020\/02\/25\/filho-de-empresaria-e-suspeito-de-ameacar-de-morte-vereador-e-familia-por-cassacao-de-vereador\/#primaryimage"},"image":{"@id":"https:\/\/portalnpm.com\/index.php\/2020\/02\/25\/filho-de-empresaria-e-suspeito-de-ameacar-de-morte-vereador-e-familia-por-cassacao-de-vereador\/#primaryimage"},"thumbnailUrl":"","datePublished":"2020-02-25T19:36:25+00:00","dateModified":"2020-02-25T19:36:25+00:00","author":{"@id":"https:\/\/portalnpm.com\/#\/schema\/person\/0b5f230ec96cee25504fa328e7f2b733"},"breadcrumb":{"@id":"https:\/\/portalnpm.com\/index.php\/2020\/02\/25\/filho-de-empresaria-e-suspeito-de-ameacar-de-morte-vereador-e-familia-por-cassacao-de-vereador\/#breadcrumb"},"inLanguage":"pt-BR","potentialAction":[{"@type":"ReadAction","target":["https:\/\/portalnpm.com\/index.php\/2020\/02\/25\/filho-de-empresaria-e-suspeito-de-ameacar-de-morte-vereador-e-familia-por-cassacao-de-vereador\/"]}]},{"@type":"ImageObject","inLanguage":"pt-BR","@id":"https:\/\/portalnpm.com\/index.php\/2020\/02\/25\/filho-de-empresaria-e-suspeito-de-ameacar-de-morte-vereador-e-familia-por-cassacao-de-vereador\/#primaryimage","url":"","contentUrl":""},{"@type":"BreadcrumbList","@id":"https:\/\/portalnpm.com\/index.php\/2020\/02\/25\/filho-de-empresaria-e-suspeito-de-ameacar-de-morte-vereador-e-familia-por-cassacao-de-vereador\/#breadcrumb","itemListElement":[{"@type":"ListItem","position":1,"name":"In\u00edcio","item":"https:\/\/portalnpm.com\/"},{"@type":"ListItem","position":2,"name":"Filho de empres\u00e1ria \u00e9 suspeito de amea\u00e7ar de morte vereador e fam\u00edlia por cassa\u00e7\u00e3o de vereador"}]},{"@type":"WebSite","@id":"https:\/\/portalnpm.com\/#website","url":"https:\/\/portalnpm.com\/","name":"Portal NPM","description":"Not\u00edcias em Primeira M\u00e3o","potentialAction":[{"@type":"SearchAction","target":{"@type":"EntryPoint","urlTemplate":"https:\/\/portalnpm.com\/?s={search_term_string}"},"query-input":"required name=search_term_string"}],"inLanguage":"pt-BR"},{"@type":"Person","@id":"https:\/\/portalnpm.com\/#\/schema\/person\/0b5f230ec96cee25504fa328e7f2b733","name":"Reda\u00e7\u00e3o","image":{"@type":"ImageObject","inLanguage":"pt-BR","@id":"https:\/\/portalnpm.com\/#\/schema\/person\/image\/","url":"https:\/\/portalnpm.com\/wp-content\/uploads\/2024\/03\/avatar_user_4_1710097212-96x96.png","contentUrl":"https:\/\/portalnpm.com\/wp-content\/uploads\/2024\/03\/avatar_user_4_1710097212-96x96.png","caption":"Reda\u00e7\u00e3o"},"url":"https:\/\/portalnpm.com\/index.php\/author\/redacao\/"}]}},"jetpack_sharing_enabled":true,"jetpack_featured_media_url":"","_links":{"self":[{"href":"https:\/\/portalnpm.com\/index.php\/wp-json\/wp\/v2\/posts\/17668"}],"collection":[{"href":"https:\/\/portalnpm.com\/index.php\/wp-json\/wp\/v2\/posts"}],"about":[{"href":"https:\/\/portalnpm.com\/index.php\/wp-json\/wp\/v2\/types\/post"}],"author":[{"embeddable":true,"href":"https:\/\/portalnpm.com\/index.php\/wp-json\/wp\/v2\/users\/4"}],"replies":[{"embeddable":true,"href":"https:\/\/portalnpm.com\/index.php\/wp-json\/wp\/v2\/comments?post=17668"}],"version-history":[{"count":0,"href":"https:\/\/portalnpm.com\/index.php\/wp-json\/wp\/v2\/posts\/17668\/revisions"}],"wp:featuredmedia":[{"embeddable":true,"href":"https:\/\/portalnpm.com\/index.php\/wp-json\/"}],"wp:attachment":[{"href":"https:\/\/portalnpm.com\/index.php\/wp-json\/wp\/v2\/media?parent=17668"}],"wp:term":[{"taxonomy":"category","embeddable":true,"href":"https:\/\/portalnpm.com\/index.php\/wp-json\/wp\/v2\/categories?post=17668"},{"taxonomy":"post_tag","embeddable":true,"href":"https:\/\/portalnpm.com\/index.php\/wp-json\/wp\/v2\/tags?post=17668"}],"curies":[{"name":"wp","href":"https:\/\/api.w.org\/{rel}","templated":true}]}}