{"id":17692,"date":"2020-02-27T12:27:46","date_gmt":"2020-02-27T15:27:46","guid":{"rendered":"http:\/\/srv.portalnpm.com.br\/?p=17692"},"modified":"2020-02-27T12:27:46","modified_gmt":"2020-02-27T15:27:46","slug":"coronel-viana-tem-o-menor-indice-de-rejeicao-entre-os-pre-candidatos-a-prefeito-de-picos","status":"publish","type":"post","link":"https:\/\/portalnpm.com\/index.php\/2020\/02\/27\/coronel-viana-tem-o-menor-indice-de-rejeicao-entre-os-pre-candidatos-a-prefeito-de-picos\/","title":{"rendered":"Coronel Viana tem o menor \u00edndice de rejei\u00e7\u00e3o entre os pr\u00e9-candidatos a prefeito de Picos"},"content":{"rendered":"<h2 class=\"entry-sub-title\">Na pesquisa estimulada o Coronel aparece com 12,25% da inten\u00e7\u00e3o de votos.<\/h2>\n<p class=\"texto-justificado\" style=\"text-align: justify;\">Coronel Edwaldo Viana (sem partido)\u00e9 o menos rejeitado entre os pr\u00e9-candidatos a prefeito de Picos na pesquisa do Instituto Amostragem para o Grupo Meio Norte de Comunica\u00e7\u00e3o. O empres\u00e1rio Araujinho (PT) possui a maior rejei\u00e7\u00e3o entre os pr\u00e9-candidatos a prefeito de Picos.<\/p>\n<p class=\"texto-justificado\" style=\"text-align: justify;\">Em segundo lugar em rejei\u00e7\u00e3o est\u00e1 J\u00fanior Nobre (PSC) com 16,75%. O ex- prefeito Gil Paraibano (Progressistas) tem 13,25% de rejei\u00e7\u00e3o entre os eleitores de Picos. E o Coronel Viana (Sem Partido) \u00e9 o menos rejeitado com 12%.<\/p>\n<p class=\"texto-justificado\" style=\"text-align: justify;\">Os eleitores que n\u00e3o rejeitam ningu\u00e9m somam 31,75%, os que n\u00e3o souberam ou n\u00e3o quiseram opinar sobre rejei\u00e7\u00e3o s\u00e3o 8%, e os que votariam em branco ou nulo somam 2,75%. Na rejei\u00e7\u00e3o, a soma dos percentuais de cada candidato ultrapassa 100% porque cada eleitor pode rejeitar mais de um nome.<\/p>\n<p style=\"text-align: justify;\"><strong>Pesquisa estimulada<\/strong><\/p>\n<p class=\"texto-justificado\" style=\"text-align: justify;\">Na pesquisa de inten\u00e7\u00e3o de votos estimulada para prefeito de Picos, o ex-prefeito Gil Paraibano (Progressistas) lidera com 45,75%. Em segundo lugar aparece o pr\u00e9-candidato Araujinho (PT) com 16%. Em terceiro lugar est\u00e1 o pr\u00e9-candidato a prefeito Coronel Viana (Sem Partido) com 12,25%. O pr\u00e9-candidato J\u00fanior Nobre (PSC) tem 8,5% de inten\u00e7\u00e3o de votos estimulada para prefeito de Picos.<\/p>\n<p style=\"text-align: justify;\"><strong>Votos V\u00e1lidos<\/strong><\/p>\n<p class=\"texto-justificado\" style=\"text-align: justify;\">O ex-prefeito Gil Paraibano (Progressistas) lidera pesquisa de inten\u00e7\u00e3o de votos estimulada para prefeito de Picos com 55,45% dos votos v\u00e1lidos. Os votos v\u00e1lidos s\u00e3o aqueles efetivados pelos eleitores, descontados os votos em branco, nulos ou indecisos. \u00c9 dessa forma que o resultado da elei\u00e7\u00e3o \u00e9 divulgado pelo Tribunal Superior Eleitoral (TSE).<\/p>\n<p class=\"texto-justificado\" style=\"text-align: justify;\">Na pesquisa, o pr\u00e9-candidato a prefeito Araujinho (PT) aparece com 19,39% dos votos v\u00e1lidos, seguido por Coronel Viana (Sem Partido) com 14,85% e pelo pr\u00e9-canidato J\u00fanior Nobre (PSC) com 10,3%.<\/p>\n<p style=\"text-align: justify;\"><strong>Sem Coronel Viana, Gil Paraibano chega a 52,25%<\/strong><\/p>\n<p class=\"texto-justificado\" style=\"text-align: justify;\">O pr\u00e9-candidato a prefeito Gil Paraibano (Progressistas) chega a 52,25% de inten\u00e7\u00e3o de votos estimulada no cen\u00e1rio em que o Coronel Viana (Sem Partido) n\u00e3o est\u00e1 na disputa em Picos.<\/p>\n<p class=\"texto-justificado\" style=\"text-align: justify;\">Em seguida aparece o pr\u00e9-candidato a prefeito Araujinho (PT) com 18%. J\u00e1 J\u00fanior Nobre (PSC) fica com 13%.<\/p>\n<p class=\"texto-justificado\" style=\"text-align: justify;\">Os eleitores que n\u00e3o votariam em nenhum dos pr\u00e9-candidatos somam 7%, os que n\u00e3o sabem ou preferem n\u00e3o opinar s\u00e3o 8%, e os que votariam em branco ou nulo somam 1,75%.<\/p>\n<p class=\"texto-justificado\" style=\"text-align: justify;\">VOTOS V\u00c1LIDOS \u2013 Nesse cen\u00e1rio, Gil Paraibano teria 62,76% dos votos v\u00e1lidos, contra 21,62% de Araujinho e 15,62% de J\u00fanior Nobre.<\/p>\n<p style=\"text-align: justify;\"><strong>FICHA T\u00c9CNICA<\/strong><\/p>\n<p class=\"texto-justificado\" style=\"text-align: justify;\">A pesquisa do Instituto Amostragem para o Grupo Meio Norte de Comunica\u00e7\u00e3o foi realizada entre os dias 18 e 20 de fevereiro com 400 eleitores das zonas urbana e rural de Picos e tem margem de erro de 4,8% para mais ou para menos. O n\u00edvel de confian\u00e7a \u00e9 de 95%.<\/p>\n<p class=\"texto-justificado\" style=\"text-align: justify;\">A pesquisa est\u00e1 registrada no Tribunal Superior Eleitoral (TSE) sob o n\u00famero PI-02940\/2020 no dia 17 de fevereiro de 2020.<\/p>\n<p><strong><em>Fonte: Riach\u00e3oNet<\/em><\/strong><\/p>\n","protected":false},"excerpt":{"rendered":"<p>Na pesquisa estimulada o Coronel aparece com 12,25% da inten\u00e7\u00e3o de votos. Coronel Edwaldo Viana (sem partido)\u00e9 o menos rejeitado entre os pr\u00e9-candidatos a prefeito de Picos na pesquisa do Instituto Amostragem para o Grupo Meio Norte de Comunica\u00e7\u00e3o. O empres\u00e1rio Araujinho (PT) possui a maior rejei\u00e7\u00e3o entre os pr\u00e9-candidatos a prefeito de Picos. Em &hellip;<\/p>\n","protected":false},"author":4,"featured_media":17693,"comment_status":"open","ping_status":"open","sticky":false,"template":"","format":"standard","meta":{"content-type":"","rop_custom_images_group":[],"rop_custom_messages_group":[],"rop_publish_now":"initial","rop_publish_now_accounts":{"facebook_2648258775420054_1618374048415101":""},"rop_publish_now_history":[],"rop_publish_now_status":"pending","footnotes":"","_jetpack_memberships_contains_paid_content":false},"categories":[113,109,127],"tags":[3688,129,128,135],"yoast_head":"<!-- This site is optimized with the Yoast SEO plugin v22.3 - https:\/\/yoast.com\/wordpress\/plugins\/seo\/ -->\n<title>Coronel Viana tem o menor \u00edndice de rejei\u00e7\u00e3o entre os pr\u00e9-candidatos a prefeito de Picos - Portal NPM<\/title>\n<meta name=\"robots\" content=\"index, follow, max-snippet:-1, max-image-preview:large, max-video-preview:-1\" \/>\n<link rel=\"canonical\" href=\"https:\/\/portalnpm.com\/index.php\/2020\/02\/27\/coronel-viana-tem-o-menor-indice-de-rejeicao-entre-os-pre-candidatos-a-prefeito-de-picos\/\" \/>\n<meta property=\"og:locale\" content=\"pt_BR\" \/>\n<meta property=\"og:type\" content=\"article\" \/>\n<meta property=\"og:title\" content=\"Coronel Viana tem o menor \u00edndice de rejei\u00e7\u00e3o entre os pr\u00e9-candidatos a prefeito de Picos - Portal NPM\" \/>\n<meta property=\"og:description\" content=\"Na pesquisa estimulada o Coronel aparece com 12,25% da inten\u00e7\u00e3o de votos. Coronel Edwaldo Viana (sem partido)\u00e9 o menos rejeitado entre os pr\u00e9-candidatos a prefeito de Picos na pesquisa do Instituto Amostragem para o Grupo Meio Norte de Comunica\u00e7\u00e3o. O empres\u00e1rio Araujinho (PT) possui a maior rejei\u00e7\u00e3o entre os pr\u00e9-candidatos a prefeito de Picos. Em &hellip;\" \/>\n<meta property=\"og:url\" content=\"https:\/\/portalnpm.com\/index.php\/2020\/02\/27\/coronel-viana-tem-o-menor-indice-de-rejeicao-entre-os-pre-candidatos-a-prefeito-de-picos\/\" \/>\n<meta property=\"og:site_name\" content=\"Portal NPM\" \/>\n<meta property=\"article:published_time\" content=\"2020-02-27T15:27:46+00:00\" \/>\n<meta name=\"author\" content=\"Reda\u00e7\u00e3o\" \/>\n<meta name=\"twitter:card\" content=\"summary_large_image\" \/>\n<meta name=\"twitter:label1\" content=\"Escrito por\" \/>\n\t<meta name=\"twitter:data1\" content=\"Reda\u00e7\u00e3o\" \/>\n\t<meta name=\"twitter:label2\" content=\"Est. tempo de leitura\" \/>\n\t<meta name=\"twitter:data2\" content=\"2 minutos\" \/>\n<script type=\"application\/ld+json\" class=\"yoast-schema-graph\">{\"@context\":\"https:\/\/schema.org\",\"@graph\":[{\"@type\":\"WebPage\",\"@id\":\"https:\/\/portalnpm.com\/index.php\/2020\/02\/27\/coronel-viana-tem-o-menor-indice-de-rejeicao-entre-os-pre-candidatos-a-prefeito-de-picos\/\",\"url\":\"https:\/\/portalnpm.com\/index.php\/2020\/02\/27\/coronel-viana-tem-o-menor-indice-de-rejeicao-entre-os-pre-candidatos-a-prefeito-de-picos\/\",\"name\":\"Coronel Viana tem o menor \u00edndice de rejei\u00e7\u00e3o entre os pr\u00e9-candidatos a prefeito de Picos - Portal NPM\",\"isPartOf\":{\"@id\":\"https:\/\/portalnpm.com\/#website\"},\"primaryImageOfPage\":{\"@id\":\"https:\/\/portalnpm.com\/index.php\/2020\/02\/27\/coronel-viana-tem-o-menor-indice-de-rejeicao-entre-os-pre-candidatos-a-prefeito-de-picos\/#primaryimage\"},\"image\":{\"@id\":\"https:\/\/portalnpm.com\/index.php\/2020\/02\/27\/coronel-viana-tem-o-menor-indice-de-rejeicao-entre-os-pre-candidatos-a-prefeito-de-picos\/#primaryimage\"},\"thumbnailUrl\":\"\",\"datePublished\":\"2020-02-27T15:27:46+00:00\",\"dateModified\":\"2020-02-27T15:27:46+00:00\",\"author\":{\"@id\":\"https:\/\/portalnpm.com\/#\/schema\/person\/0b5f230ec96cee25504fa328e7f2b733\"},\"breadcrumb\":{\"@id\":\"https:\/\/portalnpm.com\/index.php\/2020\/02\/27\/coronel-viana-tem-o-menor-indice-de-rejeicao-entre-os-pre-candidatos-a-prefeito-de-picos\/#breadcrumb\"},\"inLanguage\":\"pt-BR\",\"potentialAction\":[{\"@type\":\"ReadAction\",\"target\":[\"https:\/\/portalnpm.com\/index.php\/2020\/02\/27\/coronel-viana-tem-o-menor-indice-de-rejeicao-entre-os-pre-candidatos-a-prefeito-de-picos\/\"]}]},{\"@type\":\"ImageObject\",\"inLanguage\":\"pt-BR\",\"@id\":\"https:\/\/portalnpm.com\/index.php\/2020\/02\/27\/coronel-viana-tem-o-menor-indice-de-rejeicao-entre-os-pre-candidatos-a-prefeito-de-picos\/#primaryimage\",\"url\":\"\",\"contentUrl\":\"\"},{\"@type\":\"BreadcrumbList\",\"@id\":\"https:\/\/portalnpm.com\/index.php\/2020\/02\/27\/coronel-viana-tem-o-menor-indice-de-rejeicao-entre-os-pre-candidatos-a-prefeito-de-picos\/#breadcrumb\",\"itemListElement\":[{\"@type\":\"ListItem\",\"position\":1,\"name\":\"In\u00edcio\",\"item\":\"https:\/\/portalnpm.com\/\"},{\"@type\":\"ListItem\",\"position\":2,\"name\":\"Coronel Viana tem o menor \u00edndice de rejei\u00e7\u00e3o entre os pr\u00e9-candidatos a prefeito de Picos\"}]},{\"@type\":\"WebSite\",\"@id\":\"https:\/\/portalnpm.com\/#website\",\"url\":\"https:\/\/portalnpm.com\/\",\"name\":\"Portal NPM\",\"description\":\"Not\u00edcias em Primeira M\u00e3o\",\"potentialAction\":[{\"@type\":\"SearchAction\",\"target\":{\"@type\":\"EntryPoint\",\"urlTemplate\":\"https:\/\/portalnpm.com\/?s={search_term_string}\"},\"query-input\":\"required name=search_term_string\"}],\"inLanguage\":\"pt-BR\"},{\"@type\":\"Person\",\"@id\":\"https:\/\/portalnpm.com\/#\/schema\/person\/0b5f230ec96cee25504fa328e7f2b733\",\"name\":\"Reda\u00e7\u00e3o\",\"image\":{\"@type\":\"ImageObject\",\"inLanguage\":\"pt-BR\",\"@id\":\"https:\/\/portalnpm.com\/#\/schema\/person\/image\/\",\"url\":\"https:\/\/portalnpm.com\/wp-content\/uploads\/2024\/03\/avatar_user_4_1710097212-96x96.png\",\"contentUrl\":\"https:\/\/portalnpm.com\/wp-content\/uploads\/2024\/03\/avatar_user_4_1710097212-96x96.png\",\"caption\":\"Reda\u00e7\u00e3o\"},\"url\":\"https:\/\/portalnpm.com\/index.php\/author\/redacao\/\"}]}<\/script>\n<!-- \/ Yoast SEO plugin. -->","yoast_head_json":{"title":"Coronel Viana tem o menor \u00edndice de rejei\u00e7\u00e3o entre os pr\u00e9-candidatos a prefeito de Picos - Portal NPM","robots":{"index":"index","follow":"follow","max-snippet":"max-snippet:-1","max-image-preview":"max-image-preview:large","max-video-preview":"max-video-preview:-1"},"canonical":"https:\/\/portalnpm.com\/index.php\/2020\/02\/27\/coronel-viana-tem-o-menor-indice-de-rejeicao-entre-os-pre-candidatos-a-prefeito-de-picos\/","og_locale":"pt_BR","og_type":"article","og_title":"Coronel Viana tem o menor \u00edndice de rejei\u00e7\u00e3o entre os pr\u00e9-candidatos a prefeito de Picos - Portal NPM","og_description":"Na pesquisa estimulada o Coronel aparece com 12,25% da inten\u00e7\u00e3o de votos. Coronel Edwaldo Viana (sem partido)\u00e9 o menos rejeitado entre os pr\u00e9-candidatos a prefeito de Picos na pesquisa do Instituto Amostragem para o Grupo Meio Norte de Comunica\u00e7\u00e3o. O empres\u00e1rio Araujinho (PT) possui a maior rejei\u00e7\u00e3o entre os pr\u00e9-candidatos a prefeito de Picos. Em &hellip;","og_url":"https:\/\/portalnpm.com\/index.php\/2020\/02\/27\/coronel-viana-tem-o-menor-indice-de-rejeicao-entre-os-pre-candidatos-a-prefeito-de-picos\/","og_site_name":"Portal NPM","article_published_time":"2020-02-27T15:27:46+00:00","author":"Reda\u00e7\u00e3o","twitter_card":"summary_large_image","twitter_misc":{"Escrito por":"Reda\u00e7\u00e3o","Est. tempo de leitura":"2 minutos"},"schema":{"@context":"https:\/\/schema.org","@graph":[{"@type":"WebPage","@id":"https:\/\/portalnpm.com\/index.php\/2020\/02\/27\/coronel-viana-tem-o-menor-indice-de-rejeicao-entre-os-pre-candidatos-a-prefeito-de-picos\/","url":"https:\/\/portalnpm.com\/index.php\/2020\/02\/27\/coronel-viana-tem-o-menor-indice-de-rejeicao-entre-os-pre-candidatos-a-prefeito-de-picos\/","name":"Coronel Viana tem o menor \u00edndice de rejei\u00e7\u00e3o entre os pr\u00e9-candidatos a prefeito de Picos - Portal NPM","isPartOf":{"@id":"https:\/\/portalnpm.com\/#website"},"primaryImageOfPage":{"@id":"https:\/\/portalnpm.com\/index.php\/2020\/02\/27\/coronel-viana-tem-o-menor-indice-de-rejeicao-entre-os-pre-candidatos-a-prefeito-de-picos\/#primaryimage"},"image":{"@id":"https:\/\/portalnpm.com\/index.php\/2020\/02\/27\/coronel-viana-tem-o-menor-indice-de-rejeicao-entre-os-pre-candidatos-a-prefeito-de-picos\/#primaryimage"},"thumbnailUrl":"","datePublished":"2020-02-27T15:27:46+00:00","dateModified":"2020-02-27T15:27:46+00:00","author":{"@id":"https:\/\/portalnpm.com\/#\/schema\/person\/0b5f230ec96cee25504fa328e7f2b733"},"breadcrumb":{"@id":"https:\/\/portalnpm.com\/index.php\/2020\/02\/27\/coronel-viana-tem-o-menor-indice-de-rejeicao-entre-os-pre-candidatos-a-prefeito-de-picos\/#breadcrumb"},"inLanguage":"pt-BR","potentialAction":[{"@type":"ReadAction","target":["https:\/\/portalnpm.com\/index.php\/2020\/02\/27\/coronel-viana-tem-o-menor-indice-de-rejeicao-entre-os-pre-candidatos-a-prefeito-de-picos\/"]}]},{"@type":"ImageObject","inLanguage":"pt-BR","@id":"https:\/\/portalnpm.com\/index.php\/2020\/02\/27\/coronel-viana-tem-o-menor-indice-de-rejeicao-entre-os-pre-candidatos-a-prefeito-de-picos\/#primaryimage","url":"","contentUrl":""},{"@type":"BreadcrumbList","@id":"https:\/\/portalnpm.com\/index.php\/2020\/02\/27\/coronel-viana-tem-o-menor-indice-de-rejeicao-entre-os-pre-candidatos-a-prefeito-de-picos\/#breadcrumb","itemListElement":[{"@type":"ListItem","position":1,"name":"In\u00edcio","item":"https:\/\/portalnpm.com\/"},{"@type":"ListItem","position":2,"name":"Coronel Viana tem o menor \u00edndice de rejei\u00e7\u00e3o entre os pr\u00e9-candidatos a prefeito de Picos"}]},{"@type":"WebSite","@id":"https:\/\/portalnpm.com\/#website","url":"https:\/\/portalnpm.com\/","name":"Portal NPM","description":"Not\u00edcias em Primeira M\u00e3o","potentialAction":[{"@type":"SearchAction","target":{"@type":"EntryPoint","urlTemplate":"https:\/\/portalnpm.com\/?s={search_term_string}"},"query-input":"required name=search_term_string"}],"inLanguage":"pt-BR"},{"@type":"Person","@id":"https:\/\/portalnpm.com\/#\/schema\/person\/0b5f230ec96cee25504fa328e7f2b733","name":"Reda\u00e7\u00e3o","image":{"@type":"ImageObject","inLanguage":"pt-BR","@id":"https:\/\/portalnpm.com\/#\/schema\/person\/image\/","url":"https:\/\/portalnpm.com\/wp-content\/uploads\/2024\/03\/avatar_user_4_1710097212-96x96.png","contentUrl":"https:\/\/portalnpm.com\/wp-content\/uploads\/2024\/03\/avatar_user_4_1710097212-96x96.png","caption":"Reda\u00e7\u00e3o"},"url":"https:\/\/portalnpm.com\/index.php\/author\/redacao\/"}]}},"jetpack_sharing_enabled":true,"jetpack_featured_media_url":"","_links":{"self":[{"href":"https:\/\/portalnpm.com\/index.php\/wp-json\/wp\/v2\/posts\/17692"}],"collection":[{"href":"https:\/\/portalnpm.com\/index.php\/wp-json\/wp\/v2\/posts"}],"about":[{"href":"https:\/\/portalnpm.com\/index.php\/wp-json\/wp\/v2\/types\/post"}],"author":[{"embeddable":true,"href":"https:\/\/portalnpm.com\/index.php\/wp-json\/wp\/v2\/users\/4"}],"replies":[{"embeddable":true,"href":"https:\/\/portalnpm.com\/index.php\/wp-json\/wp\/v2\/comments?post=17692"}],"version-history":[{"count":0,"href":"https:\/\/portalnpm.com\/index.php\/wp-json\/wp\/v2\/posts\/17692\/revisions"}],"wp:featuredmedia":[{"embeddable":true,"href":"https:\/\/portalnpm.com\/index.php\/wp-json\/"}],"wp:attachment":[{"href":"https:\/\/portalnpm.com\/index.php\/wp-json\/wp\/v2\/media?parent=17692"}],"wp:term":[{"taxonomy":"category","embeddable":true,"href":"https:\/\/portalnpm.com\/index.php\/wp-json\/wp\/v2\/categories?post=17692"},{"taxonomy":"post_tag","embeddable":true,"href":"https:\/\/portalnpm.com\/index.php\/wp-json\/wp\/v2\/tags?post=17692"}],"curies":[{"name":"wp","href":"https:\/\/api.w.org\/{rel}","templated":true}]}}