{"id":17791,"date":"2020-03-03T16:33:37","date_gmt":"2020-03-03T19:33:37","guid":{"rendered":"http:\/\/srv.portalnpm.com.br\/?p=17791"},"modified":"2020-03-03T16:33:37","modified_gmt":"2020-03-03T19:33:37","slug":"apos-escolha-de-candidato-senador-ciro-nogueira-pede-unificacao-na-base-do-prefeito-firmino-filho","status":"publish","type":"post","link":"https:\/\/portalnpm.com\/index.php\/2020\/03\/03\/apos-escolha-de-candidato-senador-ciro-nogueira-pede-unificacao-na-base-do-prefeito-firmino-filho\/","title":{"rendered":"Ap\u00f3s escolha de candidato, senador Ciro Nogueira pede unifica\u00e7\u00e3o na base do prefeito Firmino Filho"},"content":{"rendered":"<p style=\"text-align: justify;\">O senador Ciro Nogueira (PP) s\u00f3 deve ser comunicado oficialmente da escolha do candidato a prefeito de Teresina no final da tarde de hoje, durante uma reuni\u00e3o com o prefeito Firmino Filho (PSDB) em Bras\u00edlia. <a href=\"https:\/\/cidadeverde.com\/noticias\/318995\/firmino-escolhe-kleber-montezuma-como-candidato-a-prefeito-de-teresina\">Ao que tudo indica, o secret\u00e1rio de educa\u00e7\u00e3o Kl\u00e9ber Montezuma foi o escolhido pelo tucano<\/a>. Para Ciro, que acredita na consolida\u00e7\u00e3o do nome de Kl\u00e9ber, agora \u00e9 hora dos aliados pensarem na unifica\u00e7\u00e3o do discurso.<\/p>\n<p><iframe title=\"Ap\u00f3s escolha de candidato, Ciro pede unifica\u00e7\u00e3o na base de Firmino\" width=\"500\" height=\"281\" src=\"https:\/\/www.youtube.com\/embed\/FW-ZtUiSvZE?feature=oembed\" frameborder=\"0\" allow=\"accelerometer; autoplay; clipboard-write; encrypted-media; gyroscope; picture-in-picture; web-share\" allowfullscreen><\/iframe><\/p>\n<p style=\"text-align: justify;\">&#8220;Acredito que isso deve se consolidar (nome de Kl\u00e9ber). Se for \u00e9 uma grande escolha e n\u00f3s s\u00f3 temos agora que unificar o nosso grupo. \u00c9 l\u00f3gico que tinham v\u00e1rias pessoas que poderiam representar esse projeto da prefeitura. \u00c0s vezes as pessoas ficam um pouco magoadas, mas faz parte do processo. N\u00e3o tenha d\u00favida que o grande objetivo \u00e9 a continuidade administrativa em Teresina. Vai unificar esse grupo, os partidos aliados&#8221;, disse em entrevista \u00e0 TV Cidade Verde.<\/p>\n<p style=\"text-align: justify;\">Ciro disse que Kleber tem uma hist\u00f3ria de vida &#8220;bonita e honrada&#8221; e compromisso com o prefeito. &#8220;E com a educa\u00e7\u00e3o de Teresina. A escolha \u00e9 uma sinaliza\u00e7\u00e3o boa para o futuro de Teresina&#8221;, disse.<\/p>\n<p style=\"text-align: justify;\">Sobre o vice, o senador deu total liberdade para Firmino tamb\u00e9m opinar dentro do Progressistas. &#8220;Sempre coloquei que a escolha do vice depende muito da escolha do candidato a prefeito. Em hip\u00f3tese nenhuma isso impedia nosso apoio. Se n\u00e3o coubesse ao Progressistas n\u00f3s estar\u00edamos apoiando do mesmo jeito. O prefeito tem total liberdade para escolher dos nossos membros&#8221;, finalizou.<\/p>\n<p><strong><em>Fonte: Cidade Verde<\/em><\/strong><\/p>\n","protected":false},"excerpt":{"rendered":"<p>O senador Ciro Nogueira (PP) s\u00f3 deve ser comunicado oficialmente da escolha do candidato a prefeito de Teresina no final da tarde de hoje, durante uma reuni\u00e3o com o prefeito Firmino Filho (PSDB) em Bras\u00edlia. Ao que tudo indica, o secret\u00e1rio de educa\u00e7\u00e3o Kl\u00e9ber Montezuma foi o escolhido pelo tucano. Para Ciro, que acredita na &hellip;<\/p>\n","protected":false},"author":3,"featured_media":17792,"comment_status":"open","ping_status":"open","sticky":false,"template":"","format":"standard","meta":{"content-type":"","rop_custom_images_group":[],"rop_custom_messages_group":[],"rop_publish_now":"initial","rop_publish_now_accounts":{"facebook_2648258775420054_1618374048415101":""},"rop_publish_now_history":[],"rop_publish_now_status":"pending","footnotes":"","_jetpack_memberships_contains_paid_content":false},"categories":[113,130],"tags":[2202,3827,2538],"yoast_head":"<!-- This site is optimized with the Yoast SEO plugin v22.3 - https:\/\/yoast.com\/wordpress\/plugins\/seo\/ -->\n<title>Ap\u00f3s escolha de candidato, senador Ciro Nogueira pede unifica\u00e7\u00e3o na base do prefeito Firmino Filho - Portal NPM<\/title>\n<meta name=\"robots\" content=\"index, follow, max-snippet:-1, max-image-preview:large, max-video-preview:-1\" \/>\n<link rel=\"canonical\" href=\"https:\/\/portalnpm.com\/index.php\/2020\/03\/03\/apos-escolha-de-candidato-senador-ciro-nogueira-pede-unificacao-na-base-do-prefeito-firmino-filho\/\" \/>\n<meta property=\"og:locale\" content=\"pt_BR\" \/>\n<meta property=\"og:type\" content=\"article\" \/>\n<meta property=\"og:title\" content=\"Ap\u00f3s escolha de candidato, senador Ciro Nogueira pede unifica\u00e7\u00e3o na base do prefeito Firmino Filho - Portal NPM\" \/>\n<meta property=\"og:description\" content=\"O senador Ciro Nogueira (PP) s\u00f3 deve ser comunicado oficialmente da escolha do candidato a prefeito de Teresina no final da tarde de hoje, durante uma reuni\u00e3o com o prefeito Firmino Filho (PSDB) em Bras\u00edlia. Ao que tudo indica, o secret\u00e1rio de educa\u00e7\u00e3o Kl\u00e9ber Montezuma foi o escolhido pelo tucano. Para Ciro, que acredita na &hellip;\" \/>\n<meta property=\"og:url\" content=\"https:\/\/portalnpm.com\/index.php\/2020\/03\/03\/apos-escolha-de-candidato-senador-ciro-nogueira-pede-unificacao-na-base-do-prefeito-firmino-filho\/\" \/>\n<meta property=\"og:site_name\" content=\"Portal NPM\" \/>\n<meta property=\"article:published_time\" content=\"2020-03-03T19:33:37+00:00\" \/>\n<meta name=\"author\" content=\"Luis Alberto\" \/>\n<meta name=\"twitter:card\" content=\"summary_large_image\" \/>\n<meta name=\"twitter:label1\" content=\"Escrito por\" \/>\n\t<meta name=\"twitter:data1\" content=\"Luis Alberto\" \/>\n\t<meta name=\"twitter:label2\" content=\"Est. tempo de leitura\" \/>\n\t<meta name=\"twitter:data2\" content=\"1 minuto\" \/>\n<script type=\"application\/ld+json\" class=\"yoast-schema-graph\">{\"@context\":\"https:\/\/schema.org\",\"@graph\":[{\"@type\":\"WebPage\",\"@id\":\"https:\/\/portalnpm.com\/index.php\/2020\/03\/03\/apos-escolha-de-candidato-senador-ciro-nogueira-pede-unificacao-na-base-do-prefeito-firmino-filho\/\",\"url\":\"https:\/\/portalnpm.com\/index.php\/2020\/03\/03\/apos-escolha-de-candidato-senador-ciro-nogueira-pede-unificacao-na-base-do-prefeito-firmino-filho\/\",\"name\":\"Ap\u00f3s escolha de candidato, senador Ciro Nogueira pede unifica\u00e7\u00e3o na base do prefeito Firmino Filho - Portal NPM\",\"isPartOf\":{\"@id\":\"https:\/\/portalnpm.com\/#website\"},\"primaryImageOfPage\":{\"@id\":\"https:\/\/portalnpm.com\/index.php\/2020\/03\/03\/apos-escolha-de-candidato-senador-ciro-nogueira-pede-unificacao-na-base-do-prefeito-firmino-filho\/#primaryimage\"},\"image\":{\"@id\":\"https:\/\/portalnpm.com\/index.php\/2020\/03\/03\/apos-escolha-de-candidato-senador-ciro-nogueira-pede-unificacao-na-base-do-prefeito-firmino-filho\/#primaryimage\"},\"thumbnailUrl\":\"\",\"datePublished\":\"2020-03-03T19:33:37+00:00\",\"dateModified\":\"2020-03-03T19:33:37+00:00\",\"author\":{\"@id\":\"https:\/\/portalnpm.com\/#\/schema\/person\/5c8006acdf71774cd4e7a5ab98482152\"},\"breadcrumb\":{\"@id\":\"https:\/\/portalnpm.com\/index.php\/2020\/03\/03\/apos-escolha-de-candidato-senador-ciro-nogueira-pede-unificacao-na-base-do-prefeito-firmino-filho\/#breadcrumb\"},\"inLanguage\":\"pt-BR\",\"potentialAction\":[{\"@type\":\"ReadAction\",\"target\":[\"https:\/\/portalnpm.com\/index.php\/2020\/03\/03\/apos-escolha-de-candidato-senador-ciro-nogueira-pede-unificacao-na-base-do-prefeito-firmino-filho\/\"]}]},{\"@type\":\"ImageObject\",\"inLanguage\":\"pt-BR\",\"@id\":\"https:\/\/portalnpm.com\/index.php\/2020\/03\/03\/apos-escolha-de-candidato-senador-ciro-nogueira-pede-unificacao-na-base-do-prefeito-firmino-filho\/#primaryimage\",\"url\":\"\",\"contentUrl\":\"\"},{\"@type\":\"BreadcrumbList\",\"@id\":\"https:\/\/portalnpm.com\/index.php\/2020\/03\/03\/apos-escolha-de-candidato-senador-ciro-nogueira-pede-unificacao-na-base-do-prefeito-firmino-filho\/#breadcrumb\",\"itemListElement\":[{\"@type\":\"ListItem\",\"position\":1,\"name\":\"In\u00edcio\",\"item\":\"https:\/\/portalnpm.com\/\"},{\"@type\":\"ListItem\",\"position\":2,\"name\":\"Ap\u00f3s escolha de candidato, senador Ciro Nogueira pede unifica\u00e7\u00e3o na base do prefeito Firmino Filho\"}]},{\"@type\":\"WebSite\",\"@id\":\"https:\/\/portalnpm.com\/#website\",\"url\":\"https:\/\/portalnpm.com\/\",\"name\":\"Portal NPM\",\"description\":\"Not\u00edcias em Primeira M\u00e3o\",\"potentialAction\":[{\"@type\":\"SearchAction\",\"target\":{\"@type\":\"EntryPoint\",\"urlTemplate\":\"https:\/\/portalnpm.com\/?s={search_term_string}\"},\"query-input\":\"required name=search_term_string\"}],\"inLanguage\":\"pt-BR\"},{\"@type\":\"Person\",\"@id\":\"https:\/\/portalnpm.com\/#\/schema\/person\/5c8006acdf71774cd4e7a5ab98482152\",\"name\":\"Luis Alberto\",\"image\":{\"@type\":\"ImageObject\",\"inLanguage\":\"pt-BR\",\"@id\":\"https:\/\/portalnpm.com\/#\/schema\/person\/image\/\",\"url\":\"https:\/\/portalnpm.com\/wp-content\/uploads\/2024\/12\/avatar_user_3_1734699769-96x96.jpeg\",\"contentUrl\":\"https:\/\/portalnpm.com\/wp-content\/uploads\/2024\/12\/avatar_user_3_1734699769-96x96.jpeg\",\"caption\":\"Luis Alberto\"},\"description\":\"Editor-geral do Portal NPM, \u00e9 formado como T\u00e9cnico em Seguran\u00e7a do Trabalho pela Escola Metropolitana de Cursos T\u00e9cnicos. Det\u00e9m ainda licenciatura em Educa\u00e7\u00e3o F\u00edsica e bacharelado em Ci\u00eancias Pol\u00edticas, ambos obtidos pela institui\u00e7\u00e3o Anhanguera\/UNOPAR.\",\"url\":\"https:\/\/portalnpm.com\/index.php\/author\/pereira\/\"}]}<\/script>\n<!-- \/ Yoast SEO plugin. -->","yoast_head_json":{"title":"Ap\u00f3s escolha de candidato, senador Ciro Nogueira pede unifica\u00e7\u00e3o na base do prefeito Firmino Filho - Portal NPM","robots":{"index":"index","follow":"follow","max-snippet":"max-snippet:-1","max-image-preview":"max-image-preview:large","max-video-preview":"max-video-preview:-1"},"canonical":"https:\/\/portalnpm.com\/index.php\/2020\/03\/03\/apos-escolha-de-candidato-senador-ciro-nogueira-pede-unificacao-na-base-do-prefeito-firmino-filho\/","og_locale":"pt_BR","og_type":"article","og_title":"Ap\u00f3s escolha de candidato, senador Ciro Nogueira pede unifica\u00e7\u00e3o na base do prefeito Firmino Filho - Portal NPM","og_description":"O senador Ciro Nogueira (PP) s\u00f3 deve ser comunicado oficialmente da escolha do candidato a prefeito de Teresina no final da tarde de hoje, durante uma reuni\u00e3o com o prefeito Firmino Filho (PSDB) em Bras\u00edlia. Ao que tudo indica, o secret\u00e1rio de educa\u00e7\u00e3o Kl\u00e9ber Montezuma foi o escolhido pelo tucano. Para Ciro, que acredita na &hellip;","og_url":"https:\/\/portalnpm.com\/index.php\/2020\/03\/03\/apos-escolha-de-candidato-senador-ciro-nogueira-pede-unificacao-na-base-do-prefeito-firmino-filho\/","og_site_name":"Portal NPM","article_published_time":"2020-03-03T19:33:37+00:00","author":"Luis Alberto","twitter_card":"summary_large_image","twitter_misc":{"Escrito por":"Luis Alberto","Est. tempo de leitura":"1 minuto"},"schema":{"@context":"https:\/\/schema.org","@graph":[{"@type":"WebPage","@id":"https:\/\/portalnpm.com\/index.php\/2020\/03\/03\/apos-escolha-de-candidato-senador-ciro-nogueira-pede-unificacao-na-base-do-prefeito-firmino-filho\/","url":"https:\/\/portalnpm.com\/index.php\/2020\/03\/03\/apos-escolha-de-candidato-senador-ciro-nogueira-pede-unificacao-na-base-do-prefeito-firmino-filho\/","name":"Ap\u00f3s escolha de candidato, senador Ciro Nogueira pede unifica\u00e7\u00e3o na base do prefeito Firmino Filho - Portal NPM","isPartOf":{"@id":"https:\/\/portalnpm.com\/#website"},"primaryImageOfPage":{"@id":"https:\/\/portalnpm.com\/index.php\/2020\/03\/03\/apos-escolha-de-candidato-senador-ciro-nogueira-pede-unificacao-na-base-do-prefeito-firmino-filho\/#primaryimage"},"image":{"@id":"https:\/\/portalnpm.com\/index.php\/2020\/03\/03\/apos-escolha-de-candidato-senador-ciro-nogueira-pede-unificacao-na-base-do-prefeito-firmino-filho\/#primaryimage"},"thumbnailUrl":"","datePublished":"2020-03-03T19:33:37+00:00","dateModified":"2020-03-03T19:33:37+00:00","author":{"@id":"https:\/\/portalnpm.com\/#\/schema\/person\/5c8006acdf71774cd4e7a5ab98482152"},"breadcrumb":{"@id":"https:\/\/portalnpm.com\/index.php\/2020\/03\/03\/apos-escolha-de-candidato-senador-ciro-nogueira-pede-unificacao-na-base-do-prefeito-firmino-filho\/#breadcrumb"},"inLanguage":"pt-BR","potentialAction":[{"@type":"ReadAction","target":["https:\/\/portalnpm.com\/index.php\/2020\/03\/03\/apos-escolha-de-candidato-senador-ciro-nogueira-pede-unificacao-na-base-do-prefeito-firmino-filho\/"]}]},{"@type":"ImageObject","inLanguage":"pt-BR","@id":"https:\/\/portalnpm.com\/index.php\/2020\/03\/03\/apos-escolha-de-candidato-senador-ciro-nogueira-pede-unificacao-na-base-do-prefeito-firmino-filho\/#primaryimage","url":"","contentUrl":""},{"@type":"BreadcrumbList","@id":"https:\/\/portalnpm.com\/index.php\/2020\/03\/03\/apos-escolha-de-candidato-senador-ciro-nogueira-pede-unificacao-na-base-do-prefeito-firmino-filho\/#breadcrumb","itemListElement":[{"@type":"ListItem","position":1,"name":"In\u00edcio","item":"https:\/\/portalnpm.com\/"},{"@type":"ListItem","position":2,"name":"Ap\u00f3s escolha de candidato, senador Ciro Nogueira pede unifica\u00e7\u00e3o na base do prefeito Firmino Filho"}]},{"@type":"WebSite","@id":"https:\/\/portalnpm.com\/#website","url":"https:\/\/portalnpm.com\/","name":"Portal NPM","description":"Not\u00edcias em Primeira M\u00e3o","potentialAction":[{"@type":"SearchAction","target":{"@type":"EntryPoint","urlTemplate":"https:\/\/portalnpm.com\/?s={search_term_string}"},"query-input":"required name=search_term_string"}],"inLanguage":"pt-BR"},{"@type":"Person","@id":"https:\/\/portalnpm.com\/#\/schema\/person\/5c8006acdf71774cd4e7a5ab98482152","name":"Luis Alberto","image":{"@type":"ImageObject","inLanguage":"pt-BR","@id":"https:\/\/portalnpm.com\/#\/schema\/person\/image\/","url":"https:\/\/portalnpm.com\/wp-content\/uploads\/2024\/12\/avatar_user_3_1734699769-96x96.jpeg","contentUrl":"https:\/\/portalnpm.com\/wp-content\/uploads\/2024\/12\/avatar_user_3_1734699769-96x96.jpeg","caption":"Luis Alberto"},"description":"Editor-geral do Portal NPM, \u00e9 formado como T\u00e9cnico em Seguran\u00e7a do Trabalho pela Escola Metropolitana de Cursos T\u00e9cnicos. Det\u00e9m ainda licenciatura em Educa\u00e7\u00e3o F\u00edsica e bacharelado em Ci\u00eancias Pol\u00edticas, ambos obtidos pela institui\u00e7\u00e3o Anhanguera\/UNOPAR.","url":"https:\/\/portalnpm.com\/index.php\/author\/pereira\/"}]}},"jetpack_sharing_enabled":true,"jetpack_featured_media_url":"","_links":{"self":[{"href":"https:\/\/portalnpm.com\/index.php\/wp-json\/wp\/v2\/posts\/17791"}],"collection":[{"href":"https:\/\/portalnpm.com\/index.php\/wp-json\/wp\/v2\/posts"}],"about":[{"href":"https:\/\/portalnpm.com\/index.php\/wp-json\/wp\/v2\/types\/post"}],"author":[{"embeddable":true,"href":"https:\/\/portalnpm.com\/index.php\/wp-json\/wp\/v2\/users\/3"}],"replies":[{"embeddable":true,"href":"https:\/\/portalnpm.com\/index.php\/wp-json\/wp\/v2\/comments?post=17791"}],"version-history":[{"count":0,"href":"https:\/\/portalnpm.com\/index.php\/wp-json\/wp\/v2\/posts\/17791\/revisions"}],"wp:featuredmedia":[{"embeddable":true,"href":"https:\/\/portalnpm.com\/index.php\/wp-json\/"}],"wp:attachment":[{"href":"https:\/\/portalnpm.com\/index.php\/wp-json\/wp\/v2\/media?parent=17791"}],"wp:term":[{"taxonomy":"category","embeddable":true,"href":"https:\/\/portalnpm.com\/index.php\/wp-json\/wp\/v2\/categories?post=17791"},{"taxonomy":"post_tag","embeddable":true,"href":"https:\/\/portalnpm.com\/index.php\/wp-json\/wp\/v2\/tags?post=17791"}],"curies":[{"name":"wp","href":"https:\/\/api.w.org\/{rel}","templated":true}]}}