{"id":1799,"date":"2018-10-15T22:22:18","date_gmt":"2018-10-16T01:22:18","guid":{"rendered":"http:\/\/srv.portalnpm.com.br\/?p=1799"},"modified":"2018-10-15T22:22:18","modified_gmt":"2018-10-16T01:22:18","slug":"cid-gomes-defende-mea-culpa-do-pt-bate-boca-com-militantes-e-e-vaiado","status":"publish","type":"post","link":"https:\/\/portalnpm.com\/index.php\/2018\/10\/15\/cid-gomes-defende-mea-culpa-do-pt-bate-boca-com-militantes-e-e-vaiado\/","title":{"rendered":"Cid Gomes defende mea culpa do PT, bate boca com militantes e \u00e9 vaiado"},"content":{"rendered":"<p style=\"text-align: justify;\">Em encontro do PT para lan\u00e7amento da campanha pr\u00f3-Haddad no Cear\u00e1, na noite desta segunda, 15, o senador eleito Cid Gomes (PDT), primeiro a falar, cobrou mea culpa do PT. O ex-governador ent\u00e3o foi vaiado por militantes que lotaram o audit\u00f3rio do Marina Park. Cid respondeu: &#8220;\u00c9 por isso que voc\u00eas v\u00e3o perder&#8221;.<\/p>\n<p style=\"text-align: justify;\">Em seguida chamou os filiados com quem ele discutia de &#8220;babacas&#8221;. O governador Camilo Santana (PT) tentou colocar panos quentes depois da fala de Cid. O petista admitiu que o ex-governador tinha raz\u00e3o em partes de sua queixas, mas que n\u00e3o era hora de discutir o PT.<\/p>\n<p style=\"text-align: justify;\">Logo ap\u00f3s o encerramento do ato, que durou menos de 20 minutos, Cid foi vaiado novamente. Do lado de fora do audit\u00f3rio, foi encurralado por militantes do PT, que jogaram faixas do partido no pedetista. Aliados de Cid e do PT causaram tumulto.<\/p>\n<p style=\"text-align: justify;\">O evento, no Marina Park Hotel, fazia parte das articula\u00e7\u00f5es de Camilo Santana, governador reeleito no Cear\u00e1, para impulsionar campanha de Fernando Haddad, candidato petista \u00e0 presid\u00eancia. Camilo deveria se encontrar com prefeitos, deputados, vereadores, movimentos sociais e lideran\u00e7as para, al\u00e9m de campanha presidencial, agradecer a reelei\u00e7\u00e3o.<\/p>\n<p style=\"text-align: justify;\">A movimenta\u00e7\u00e3o acontece em tentativa de obter os votos que Ciro Gomes (PDT) recebeu no Estado no primeiro turno. Haddad disputa o eleitorado cearense com Jair Bolsonaro (PSL), seu advers\u00e1rio no segundo turno das elei\u00e7\u00f5es.<\/p>\n<p style=\"text-align: justify;\">Logo no in\u00edcio do discurso, Cid j\u00e1 se mostrava indisposto com a situa\u00e7\u00e3o. &#8220;Juro que n\u00e3o esperava que fosse eu que fosse abrir. Me colocaram numa situa\u00e7\u00e3o constrangedora&#8221;, disse ele.<\/p>\n<p style=\"text-align: justify;\">Em determinado momento, algu\u00e9m gritou &#8220;vem para rua&#8221;, ao que foi respondido por Cid: &#8220;Para ir para a rua, a gente tem de estar motivado. Para ir para rua sem estar motivado n\u00e3o adianta nada. \u00c0s vezes at\u00e9 piora&#8221;.<\/p>\n<p style=\"text-align: justify;\">&#8220;N\u00f3s temos duas alternativas. Uma \u00e9 a gente fazer de conta&#8230; Futebol \u00e9 isso mesmo. Tem dois turnos e no segundo turno a gente tem de escolher. Para mim, tudo bem. Se \u00e9 essa a alternativa, eu estou disposto, como aquele beija-florzinho da f\u00e1bula do inc\u00eandio, a botar uma gotinha de \u00e1gua no bico e levar para apagar o inc\u00eandio. Se \u00e9 essa a alternativa, muito bem. Podem ter certeza. O meu partido j\u00e1 tomou uma delibera\u00e7\u00e3o. Ora, eu j\u00e1 votei no Eun\u00edcio (Oliveira). Para votar no (Fernando) Haddad, eu voto com muito mais prazer&#8221;. Disse ele, sobre a escolha a ser feita no segundo turno. Nesse momento, ele foi aplaudido por alguns dos presentes.<\/p>\n<p style=\"text-align: justify;\">&#8220;Agora, se a gente quer, daqui do Cear\u00e1, dar um exemplo para o Brasil, a\u00ed tem de haver outra coisa. Est\u00e3o faltando treze dias. Deus construiu o mundo em seis. Tudo bem que Deus \u00e9 Deus. Mas dobrando o tempo, seria poss\u00edvel a gente tentar daqui do cear\u00e1 dar um exemplo para o Brasil como as coisas deveriam ser feitas&#8221;.<\/p>\n<p style=\"text-align: justify;\">&#8220;E a\u00ed eu n\u00e3o sei. Porque tamb\u00e9m n\u00e3o cabe a mim, cobrar mea culpa de ningu\u00e9m&#8221;.<\/p>\n<p style=\"text-align: justify;\">&#8220;Eu conhe\u00e7o o Haddad, \u00e9 uma boa pessoa. Mas a\u00ed fica para algum companheiro do PT que me suceda aqui na fala, que se quiser fazer um exemplo para o pa\u00eds, tem de fazer um mea culpa. Tem de pedir desculpas, tem de ter humildade e reconhecer que fizeram muita besteira&#8221;. As rea\u00e7\u00f5es se dividiram; alguns aplaudiram, outros vaiaram e fizeram sinal de &#8220;n\u00e3o&#8221; com as m\u00e3os.<\/p>\n<p style=\"text-align: justify;\">&#8220;N\u00e3o admitir o mea culpa, os erros que cometeram, isso \u00e9 para perder a elei\u00e7\u00e3o e \u00e9 bem feito. Voc\u00eas deviam&#8230; o teu tipo, ue acha que fez tudo certo&#8230; Quem junto com ele acha que fez tudo certo&#8230;. V\u00e3o&#8230; Muito bem, muito bem. Pois v\u00e3o, v\u00e3o, v\u00e3o e v\u00e3o perder feio. V\u00e3o perder feio porque fizeram muita besteira. Porque aparelharam as reparti\u00e7\u00f5es p\u00fablicas. Porque acharam que eram donos de um pa\u00eds, e o Brasil n\u00e3o aceita ter dono&#8221;. As rea\u00e7\u00f5es da plat\u00e9ia ainda se dividem.<\/p>\n<p style=\"text-align: justify;\">&#8220;Quem criou o Bolsonaro foram essas figuras. Quem criou o Bolsonaro foram essas figuras que acham que s\u00e3o donas da verdade, que acham que podem fazer tudo, que acham que os fins justificam os meios. Muito bem, eu me calo, eu me calo numa boa. N\u00e3o sei porque me pediram para falar antes. \u00c9 para fazer faz de conta?&#8221;<\/p>\n<p style=\"text-align: justify;\">Cid discutiu com alguns presentes, que cantavam m\u00fasicas em apoio ao ex-presidente Lula. &#8220;Lula, o que? Lula t\u00e1 preso, babaca&#8221;, respondeu ele aos gritos dos militantes. &#8220;Isso \u00e9 o PT. E o PT desse jeito merece perder. S\u00f3 para rimar. Se voc\u00eas estivessem&#8230; babaca, vai perder a elei\u00e7\u00e3o. \u00c9 isso a\u00ed. \u00c9 esse sentimento que vai perder a elei\u00e7\u00e3o&#8221;.<\/p>\n<p style=\"text-align: justify;\">O senador eleito tamb\u00e9m afirmou que o pa\u00eds est\u00e1 numa encruzilhada, e que a culpa n\u00e3o era do PDT. &#8220;O Brasil est\u00e1 numa encruzilhada, e dela pode sair um mal terr\u00edvel para o Brasil, terrivel. Que pode colocar em risco a liberdade das pessoas. A liberdade das pessoas de se expressar, de fazer sua op\u00e7\u00e3o de vida, qualquer que seja ela. Do outro lado, tem um candidato, que \u00e9 s\u00e9rio, bem intencionado, ama o Brasil, carrega um fardo pesado nas suas costas. Mas n\u00e3o vou mais falar disso. Estou falando a voc\u00eas para que compreendam. Engulam, os que me tiverem aten\u00e7\u00e3o, engulam. Fa\u00e7am mais esse sacrif\u00edcio. Nunca mereceram. Nunca deram nada em troca.<\/p>\n<p style=\"text-align: justify;\">Ele tamb\u00e9m revelou que teria convidado Dilma Roussef para ser candidata ao Senado no Cear\u00e1, mas que teve o convite negado por Lula. &#8220;Agora, faltando seis meses, quatro meses para a elei\u00e7\u00e3o, eu convidei a Dilma para ser senadora, candidata aqui no estado do Cear\u00e1. Eu convidei. E o Lula impediu que ela viesse, porque queria que o Eun\u00edcio (Oliveira) fosse eleito aqui no Cear\u00e1. O Lula. O Lula. Muito bem, amigos e amigas que me t\u00eam aten\u00e7\u00e3o. Vamos relevar mais uma vez. Mais uma vez, vamos relevar&#8221;.<\/p>\n<p style=\"text-align: justify;\">N\u00f3s sempre fomos democratas. N\u00f3s nunca queremos ser hegem\u00f4nicos. N\u00f3s sempre compartilhamos o poder. Quer prova maior: eu votei no PT em Sobral, e o PT teve um prefeito de Sobral com todos os m\u00e9ritos, que \u00e9 Jos\u00e9 Clodoveu de Arruda Coelho Neto, porque o PDT votou no &#8216;Veveu&#8217;. Eu votei e o Camilo s\u00f3 foi governador &#8211; com todos os m\u00e9ritos que ele tem &#8211; porque tamb\u00e9m n\u00e3o teria escolhido se ele n\u00e3o tivesse talentos, n\u00e3o tivesse compet\u00eancia, n\u00e3o fosse amigo verdadeiro do povo, porque o PDT compreendendo momentos pol\u00edticos e sem ser partido hegem\u00f4nico, apoiou a candidatura do Camilo&#8221;.<\/p>\n<p style=\"text-align: justify;\"><strong>Fonte: O Povo Online\u00a0<\/strong><\/p>\n","protected":false},"excerpt":{"rendered":"<p>Em encontro do PT para lan\u00e7amento da campanha pr\u00f3-Haddad no Cear\u00e1, na noite desta segunda, 15, o senador eleito Cid Gomes (PDT), primeiro a falar, cobrou mea culpa do PT. O ex-governador ent\u00e3o foi vaiado por militantes que lotaram o audit\u00f3rio do Marina Park. Cid respondeu: &#8220;\u00c9 por isso que voc\u00eas v\u00e3o perder&#8221;. Em seguida &hellip;<\/p>\n","protected":false},"author":3,"featured_media":1800,"comment_status":"open","ping_status":"open","sticky":false,"template":"","format":"standard","meta":{"content-type":"","rop_custom_images_group":[],"rop_custom_messages_group":[],"rop_publish_now":"initial","rop_publish_now_accounts":{"facebook_2648258775420054_1618374048415101":""},"rop_publish_now_history":[],"rop_publish_now_status":"pending","footnotes":"","_jetpack_memberships_contains_paid_content":false},"categories":[113,130],"tags":[1014,401,1015,403],"yoast_head":"<!-- This site is optimized with the Yoast SEO plugin v22.3 - https:\/\/yoast.com\/wordpress\/plugins\/seo\/ -->\n<title>Cid Gomes defende mea culpa do PT, bate boca com militantes e \u00e9 vaiado - Portal NPM<\/title>\n<meta name=\"robots\" content=\"index, follow, max-snippet:-1, max-image-preview:large, max-video-preview:-1\" \/>\n<link rel=\"canonical\" href=\"https:\/\/portalnpm.com\/index.php\/2018\/10\/15\/cid-gomes-defende-mea-culpa-do-pt-bate-boca-com-militantes-e-e-vaiado\/\" \/>\n<meta property=\"og:locale\" content=\"pt_BR\" \/>\n<meta property=\"og:type\" content=\"article\" \/>\n<meta property=\"og:title\" content=\"Cid Gomes defende mea culpa do PT, bate boca com militantes e \u00e9 vaiado - Portal NPM\" \/>\n<meta property=\"og:description\" content=\"Em encontro do PT para lan\u00e7amento da campanha pr\u00f3-Haddad no Cear\u00e1, na noite desta segunda, 15, o senador eleito Cid Gomes (PDT), primeiro a falar, cobrou mea culpa do PT. O ex-governador ent\u00e3o foi vaiado por militantes que lotaram o audit\u00f3rio do Marina Park. Cid respondeu: &#8220;\u00c9 por isso que voc\u00eas v\u00e3o perder&#8221;. Em seguida &hellip;\" \/>\n<meta property=\"og:url\" content=\"https:\/\/portalnpm.com\/index.php\/2018\/10\/15\/cid-gomes-defende-mea-culpa-do-pt-bate-boca-com-militantes-e-e-vaiado\/\" \/>\n<meta property=\"og:site_name\" content=\"Portal NPM\" \/>\n<meta property=\"article:published_time\" content=\"2018-10-16T01:22:18+00:00\" \/>\n<meta property=\"og:image\" content=\"https:\/\/portalnpm.com\/wp-content\/uploads\/2018\/10\/cid-bate-boca-pt-vaiado-militantes.jpg\" \/>\n\t<meta property=\"og:image:width\" content=\"700\" \/>\n\t<meta property=\"og:image:height\" content=\"467\" \/>\n\t<meta property=\"og:image:type\" content=\"image\/jpeg\" \/>\n<meta name=\"author\" content=\"Luis Alberto\" \/>\n<meta name=\"twitter:card\" content=\"summary_large_image\" \/>\n<meta name=\"twitter:label1\" content=\"Escrito por\" \/>\n\t<meta name=\"twitter:data1\" content=\"Luis Alberto\" \/>\n\t<meta name=\"twitter:label2\" content=\"Est. tempo de leitura\" \/>\n\t<meta name=\"twitter:data2\" content=\"6 minutos\" \/>\n<script type=\"application\/ld+json\" class=\"yoast-schema-graph\">{\"@context\":\"https:\/\/schema.org\",\"@graph\":[{\"@type\":\"WebPage\",\"@id\":\"https:\/\/portalnpm.com\/index.php\/2018\/10\/15\/cid-gomes-defende-mea-culpa-do-pt-bate-boca-com-militantes-e-e-vaiado\/\",\"url\":\"https:\/\/portalnpm.com\/index.php\/2018\/10\/15\/cid-gomes-defende-mea-culpa-do-pt-bate-boca-com-militantes-e-e-vaiado\/\",\"name\":\"Cid Gomes defende mea culpa do PT, bate boca com militantes e \u00e9 vaiado - Portal NPM\",\"isPartOf\":{\"@id\":\"https:\/\/portalnpm.com\/#website\"},\"primaryImageOfPage\":{\"@id\":\"https:\/\/portalnpm.com\/index.php\/2018\/10\/15\/cid-gomes-defende-mea-culpa-do-pt-bate-boca-com-militantes-e-e-vaiado\/#primaryimage\"},\"image\":{\"@id\":\"https:\/\/portalnpm.com\/index.php\/2018\/10\/15\/cid-gomes-defende-mea-culpa-do-pt-bate-boca-com-militantes-e-e-vaiado\/#primaryimage\"},\"thumbnailUrl\":\"https:\/\/portalnpm.com\/wp-content\/uploads\/2018\/10\/cid-bate-boca-pt-vaiado-militantes.jpg\",\"datePublished\":\"2018-10-16T01:22:18+00:00\",\"dateModified\":\"2018-10-16T01:22:18+00:00\",\"author\":{\"@id\":\"https:\/\/portalnpm.com\/#\/schema\/person\/5c8006acdf71774cd4e7a5ab98482152\"},\"breadcrumb\":{\"@id\":\"https:\/\/portalnpm.com\/index.php\/2018\/10\/15\/cid-gomes-defende-mea-culpa-do-pt-bate-boca-com-militantes-e-e-vaiado\/#breadcrumb\"},\"inLanguage\":\"pt-BR\",\"potentialAction\":[{\"@type\":\"ReadAction\",\"target\":[\"https:\/\/portalnpm.com\/index.php\/2018\/10\/15\/cid-gomes-defende-mea-culpa-do-pt-bate-boca-com-militantes-e-e-vaiado\/\"]}]},{\"@type\":\"ImageObject\",\"inLanguage\":\"pt-BR\",\"@id\":\"https:\/\/portalnpm.com\/index.php\/2018\/10\/15\/cid-gomes-defende-mea-culpa-do-pt-bate-boca-com-militantes-e-e-vaiado\/#primaryimage\",\"url\":\"https:\/\/portalnpm.com\/wp-content\/uploads\/2018\/10\/cid-bate-boca-pt-vaiado-militantes.jpg\",\"contentUrl\":\"https:\/\/portalnpm.com\/wp-content\/uploads\/2018\/10\/cid-bate-boca-pt-vaiado-militantes.jpg\",\"width\":700,\"height\":467},{\"@type\":\"BreadcrumbList\",\"@id\":\"https:\/\/portalnpm.com\/index.php\/2018\/10\/15\/cid-gomes-defende-mea-culpa-do-pt-bate-boca-com-militantes-e-e-vaiado\/#breadcrumb\",\"itemListElement\":[{\"@type\":\"ListItem\",\"position\":1,\"name\":\"In\u00edcio\",\"item\":\"https:\/\/portalnpm.com\/\"},{\"@type\":\"ListItem\",\"position\":2,\"name\":\"Cid Gomes defende mea culpa do PT, bate boca com militantes e \u00e9 vaiado\"}]},{\"@type\":\"WebSite\",\"@id\":\"https:\/\/portalnpm.com\/#website\",\"url\":\"https:\/\/portalnpm.com\/\",\"name\":\"Portal NPM\",\"description\":\"Not\u00edcias em Primeira M\u00e3o\",\"potentialAction\":[{\"@type\":\"SearchAction\",\"target\":{\"@type\":\"EntryPoint\",\"urlTemplate\":\"https:\/\/portalnpm.com\/?s={search_term_string}\"},\"query-input\":\"required name=search_term_string\"}],\"inLanguage\":\"pt-BR\"},{\"@type\":\"Person\",\"@id\":\"https:\/\/portalnpm.com\/#\/schema\/person\/5c8006acdf71774cd4e7a5ab98482152\",\"name\":\"Luis Alberto\",\"image\":{\"@type\":\"ImageObject\",\"inLanguage\":\"pt-BR\",\"@id\":\"https:\/\/portalnpm.com\/#\/schema\/person\/image\/\",\"url\":\"https:\/\/portalnpm.com\/wp-content\/uploads\/2024\/12\/avatar_user_3_1734699769-96x96.jpeg\",\"contentUrl\":\"https:\/\/portalnpm.com\/wp-content\/uploads\/2024\/12\/avatar_user_3_1734699769-96x96.jpeg\",\"caption\":\"Luis Alberto\"},\"description\":\"Editor-geral do Portal NPM, \u00e9 formado como T\u00e9cnico em Seguran\u00e7a do Trabalho pela Escola Metropolitana de Cursos T\u00e9cnicos. Det\u00e9m ainda licenciatura em Educa\u00e7\u00e3o F\u00edsica e bacharelado em Ci\u00eancias Pol\u00edticas, ambos obtidos pela institui\u00e7\u00e3o Anhanguera\/UNOPAR.\",\"url\":\"https:\/\/portalnpm.com\/index.php\/author\/pereira\/\"}]}<\/script>\n<!-- \/ Yoast SEO plugin. -->","yoast_head_json":{"title":"Cid Gomes defende mea culpa do PT, bate boca com militantes e \u00e9 vaiado - Portal NPM","robots":{"index":"index","follow":"follow","max-snippet":"max-snippet:-1","max-image-preview":"max-image-preview:large","max-video-preview":"max-video-preview:-1"},"canonical":"https:\/\/portalnpm.com\/index.php\/2018\/10\/15\/cid-gomes-defende-mea-culpa-do-pt-bate-boca-com-militantes-e-e-vaiado\/","og_locale":"pt_BR","og_type":"article","og_title":"Cid Gomes defende mea culpa do PT, bate boca com militantes e \u00e9 vaiado - Portal NPM","og_description":"Em encontro do PT para lan\u00e7amento da campanha pr\u00f3-Haddad no Cear\u00e1, na noite desta segunda, 15, o senador eleito Cid Gomes (PDT), primeiro a falar, cobrou mea culpa do PT. O ex-governador ent\u00e3o foi vaiado por militantes que lotaram o audit\u00f3rio do Marina Park. Cid respondeu: &#8220;\u00c9 por isso que voc\u00eas v\u00e3o perder&#8221;. Em seguida &hellip;","og_url":"https:\/\/portalnpm.com\/index.php\/2018\/10\/15\/cid-gomes-defende-mea-culpa-do-pt-bate-boca-com-militantes-e-e-vaiado\/","og_site_name":"Portal NPM","article_published_time":"2018-10-16T01:22:18+00:00","og_image":[{"width":700,"height":467,"url":"https:\/\/portalnpm.com\/wp-content\/uploads\/2018\/10\/cid-bate-boca-pt-vaiado-militantes.jpg","type":"image\/jpeg"}],"author":"Luis Alberto","twitter_card":"summary_large_image","twitter_misc":{"Escrito por":"Luis Alberto","Est. tempo de leitura":"6 minutos"},"schema":{"@context":"https:\/\/schema.org","@graph":[{"@type":"WebPage","@id":"https:\/\/portalnpm.com\/index.php\/2018\/10\/15\/cid-gomes-defende-mea-culpa-do-pt-bate-boca-com-militantes-e-e-vaiado\/","url":"https:\/\/portalnpm.com\/index.php\/2018\/10\/15\/cid-gomes-defende-mea-culpa-do-pt-bate-boca-com-militantes-e-e-vaiado\/","name":"Cid Gomes defende mea culpa do PT, bate boca com militantes e \u00e9 vaiado - Portal NPM","isPartOf":{"@id":"https:\/\/portalnpm.com\/#website"},"primaryImageOfPage":{"@id":"https:\/\/portalnpm.com\/index.php\/2018\/10\/15\/cid-gomes-defende-mea-culpa-do-pt-bate-boca-com-militantes-e-e-vaiado\/#primaryimage"},"image":{"@id":"https:\/\/portalnpm.com\/index.php\/2018\/10\/15\/cid-gomes-defende-mea-culpa-do-pt-bate-boca-com-militantes-e-e-vaiado\/#primaryimage"},"thumbnailUrl":"https:\/\/portalnpm.com\/wp-content\/uploads\/2018\/10\/cid-bate-boca-pt-vaiado-militantes.jpg","datePublished":"2018-10-16T01:22:18+00:00","dateModified":"2018-10-16T01:22:18+00:00","author":{"@id":"https:\/\/portalnpm.com\/#\/schema\/person\/5c8006acdf71774cd4e7a5ab98482152"},"breadcrumb":{"@id":"https:\/\/portalnpm.com\/index.php\/2018\/10\/15\/cid-gomes-defende-mea-culpa-do-pt-bate-boca-com-militantes-e-e-vaiado\/#breadcrumb"},"inLanguage":"pt-BR","potentialAction":[{"@type":"ReadAction","target":["https:\/\/portalnpm.com\/index.php\/2018\/10\/15\/cid-gomes-defende-mea-culpa-do-pt-bate-boca-com-militantes-e-e-vaiado\/"]}]},{"@type":"ImageObject","inLanguage":"pt-BR","@id":"https:\/\/portalnpm.com\/index.php\/2018\/10\/15\/cid-gomes-defende-mea-culpa-do-pt-bate-boca-com-militantes-e-e-vaiado\/#primaryimage","url":"https:\/\/portalnpm.com\/wp-content\/uploads\/2018\/10\/cid-bate-boca-pt-vaiado-militantes.jpg","contentUrl":"https:\/\/portalnpm.com\/wp-content\/uploads\/2018\/10\/cid-bate-boca-pt-vaiado-militantes.jpg","width":700,"height":467},{"@type":"BreadcrumbList","@id":"https:\/\/portalnpm.com\/index.php\/2018\/10\/15\/cid-gomes-defende-mea-culpa-do-pt-bate-boca-com-militantes-e-e-vaiado\/#breadcrumb","itemListElement":[{"@type":"ListItem","position":1,"name":"In\u00edcio","item":"https:\/\/portalnpm.com\/"},{"@type":"ListItem","position":2,"name":"Cid Gomes defende mea culpa do PT, bate boca com militantes e \u00e9 vaiado"}]},{"@type":"WebSite","@id":"https:\/\/portalnpm.com\/#website","url":"https:\/\/portalnpm.com\/","name":"Portal NPM","description":"Not\u00edcias em Primeira M\u00e3o","potentialAction":[{"@type":"SearchAction","target":{"@type":"EntryPoint","urlTemplate":"https:\/\/portalnpm.com\/?s={search_term_string}"},"query-input":"required name=search_term_string"}],"inLanguage":"pt-BR"},{"@type":"Person","@id":"https:\/\/portalnpm.com\/#\/schema\/person\/5c8006acdf71774cd4e7a5ab98482152","name":"Luis Alberto","image":{"@type":"ImageObject","inLanguage":"pt-BR","@id":"https:\/\/portalnpm.com\/#\/schema\/person\/image\/","url":"https:\/\/portalnpm.com\/wp-content\/uploads\/2024\/12\/avatar_user_3_1734699769-96x96.jpeg","contentUrl":"https:\/\/portalnpm.com\/wp-content\/uploads\/2024\/12\/avatar_user_3_1734699769-96x96.jpeg","caption":"Luis Alberto"},"description":"Editor-geral do Portal NPM, \u00e9 formado como T\u00e9cnico em Seguran\u00e7a do Trabalho pela Escola Metropolitana de Cursos T\u00e9cnicos. Det\u00e9m ainda licenciatura em Educa\u00e7\u00e3o F\u00edsica e bacharelado em Ci\u00eancias Pol\u00edticas, ambos obtidos pela institui\u00e7\u00e3o Anhanguera\/UNOPAR.","url":"https:\/\/portalnpm.com\/index.php\/author\/pereira\/"}]}},"jetpack_sharing_enabled":true,"jetpack_featured_media_url":"https:\/\/portalnpm.com\/wp-content\/uploads\/2018\/10\/cid-bate-boca-pt-vaiado-militantes.jpg","_links":{"self":[{"href":"https:\/\/portalnpm.com\/index.php\/wp-json\/wp\/v2\/posts\/1799"}],"collection":[{"href":"https:\/\/portalnpm.com\/index.php\/wp-json\/wp\/v2\/posts"}],"about":[{"href":"https:\/\/portalnpm.com\/index.php\/wp-json\/wp\/v2\/types\/post"}],"author":[{"embeddable":true,"href":"https:\/\/portalnpm.com\/index.php\/wp-json\/wp\/v2\/users\/3"}],"replies":[{"embeddable":true,"href":"https:\/\/portalnpm.com\/index.php\/wp-json\/wp\/v2\/comments?post=1799"}],"version-history":[{"count":0,"href":"https:\/\/portalnpm.com\/index.php\/wp-json\/wp\/v2\/posts\/1799\/revisions"}],"wp:featuredmedia":[{"embeddable":true,"href":"https:\/\/portalnpm.com\/index.php\/wp-json\/wp\/v2\/media\/1800"}],"wp:attachment":[{"href":"https:\/\/portalnpm.com\/index.php\/wp-json\/wp\/v2\/media?parent=1799"}],"wp:term":[{"taxonomy":"category","embeddable":true,"href":"https:\/\/portalnpm.com\/index.php\/wp-json\/wp\/v2\/categories?post=1799"},{"taxonomy":"post_tag","embeddable":true,"href":"https:\/\/portalnpm.com\/index.php\/wp-json\/wp\/v2\/tags?post=1799"}],"curies":[{"name":"wp","href":"https:\/\/api.w.org\/{rel}","templated":true}]}}