{"id":18255,"date":"2020-03-13T15:58:33","date_gmt":"2020-03-13T18:58:33","guid":{"rendered":"http:\/\/srv.portalnpm.com.br\/?p=18255"},"modified":"2020-03-13T15:58:33","modified_gmt":"2020-03-13T18:58:33","slug":"em-picos-atacadao-carrefour-oferece-selecao-para-vagas-de-emprego","status":"publish","type":"post","link":"https:\/\/portalnpm.com\/index.php\/2020\/03\/13\/em-picos-atacadao-carrefour-oferece-selecao-para-vagas-de-emprego\/","title":{"rendered":"Em Picos, Atacad\u00e3o Carrefour oferece sele\u00e7\u00e3o para vagas de emprego"},"content":{"rendered":"<p class=\"texto-justificado\" style=\"text-align: justify;\">A rede de\u00a0<em>atacarejo<\/em>\u00a0(atacado e varejo)\u00a0Atacad\u00e3o, do grupo franc\u00eas\u00a0Carrefour, iniciou a constru\u00e7\u00e3o de uma unidade em\u00a0Picos no ano passado, no terreno quase em frente ao seu concorrente\u00a0Assa\u00ed Atacadista, nas margens da BR 316, no bairro\u00a0Belo Norte. A previs\u00e3o \u00e9 de contratar cerca de\u00a0150 colaboradores para a unidade de\u00a0Picos. A inaugura\u00e7\u00e3o deve acontecer no pr\u00f3ximo m\u00eas.<\/p>\n<p>&nbsp;<\/p>\n<p class=\"texto-justificado\" style=\"text-align: justify;\">De acordo com informa\u00e7\u00f5es de Railda de Sousa, Coordenadora do SINE (Sistema Nacional de Empregos) em Picos, a entrega de curr\u00edculos est\u00e3o sendo realizadas na sede do \u00f3rg\u00e3o no Picos Plaza Shopping, de segunda a sexta, no hor\u00e1rio de 7h30 \u00e0s 13h30.<\/p>\n<p class=\"texto-justificado\" style=\"text-align: justify;\">Ainda segundo a coordenadora, as entrevistas tamb\u00e9m j\u00e1 est\u00e3o ocorrendo. O SINE far\u00e1 o comunicado quando a demanda das vagas estiverem conclu\u00eddas.<\/p>\n<p class=\"texto-justificado\" style=\"text-align: justify;\">O interessado deve ficar atento aos contatos pois o comunicado ao selecionado para a entrevistas ser\u00e1 feits por celular.<\/p>\n<h2 style=\"text-align: justify;\"><strong>O QUE \u00c9 O ATACAD\u00c3O<\/strong><\/h2>\n<p class=\"texto-justificado\" style=\"text-align: justify;\">O\u00a0<strong>Atacad\u00e3o<\/strong>\u00a0\u00e9 uma rede brasileira de supermercados atacado-varejista, e atua em atividades comerciais como o\u00a0<strong>Atacado de Distribui\u00e7\u00e3o\u00a0<\/strong>e\u00a0<strong>Lojas de Auto-servi\u00e7o<\/strong>.<\/p>\n<p class=\"texto-justificado\" style=\"text-align: justify;\">Fundado na d\u00e9cada de 1960 e comprado pelo\u00a0<strong>Grupo Carrefour<\/strong>\u00a0em 2007 o\u00a0<strong>Atacad\u00e3o\u00a0<\/strong>est\u00e1 entre as melhores e maiores empresas do seu segmento no Pa\u00eds, ocupando posi\u00e7\u00e3o de destaque no cen\u00e1rio nacional.<\/p>\n<p class=\"texto-justificado\" style=\"text-align: justify;\">O\u00a0<strong>Carrefour\u00a0<\/strong>nasceu na Fran\u00e7a, no ano de 1963. Com o passar dos anos, ele se consolidou como uma rede internacional de hipermercados. A companhia mant\u00e9m mais de\u00a0<strong>15 mil lojas<\/strong>\u00a0espalhadas pelo mundo e emprega mais de\u00a0<strong>495 mil<\/strong>\u00a0pessoas, sendo assim o\u00a0<strong>s\u00e9timo maior empregador<\/strong>\u00a0do planeta.<\/p>\n<p class=\"texto-justificado\" style=\"text-align: justify;\">A chegada do\u00a0<strong>Carrefour\u00a0<\/strong>no\u00a0<strong>Brasil<\/strong>\u00a0aconteceu em 1975. Hoje, a rede conta com\u00a0<strong>539 unidades<\/strong>\u00a0no pa\u00eds, que marcam presen\u00e7a em 17 estados. Para atender a demanda do mercado nacional, a empresa conta com\u00a0<strong>70 mil<\/strong>\u00a0colaboradores.<\/p>\n<p class=\"texto-justificado\" style=\"text-align: justify;\">No\u00a0<strong>Brasil<\/strong>, o varejista franc\u00eas se encontra em ritmo de expans\u00e3o. Nos pr\u00f3ximos meses, a empresa espera refor\u00e7ar a bandeira\u00a0<strong>Atacad\u00e3o<\/strong>\u00a0e abrir\u00a0<strong>20 unidades<\/strong>\u00a0ao ano no pa\u00eds.<\/p>\n<h3 style=\"text-align: justify;\"><strong>TRABALHAR NO CARREFOUR \u00c9 BOM?<\/strong><\/h3>\n<p class=\"texto-justificado\" style=\"text-align: justify;\">De acordo com o site\u00a0<strong>99Jobs<\/strong>,\u00a0<strong>67%<\/strong>\u00a0dos colaboradores e ex-funcion\u00e1rios recomendam o\u00a0<strong>Carrefour<\/strong>\u00a0para um amigo. Entre\u00a0<strong>zero e cinco<\/strong>, a avalia\u00e7\u00e3o geral da empresa \u00e9\u00a0<strong>2.9<\/strong>.<\/p>\n<p class=\"texto-justificado\" style=\"text-align: justify;\">Quem trabalha no\u00a0<strong>Carrefour<\/strong>\u00a0aprecia as oportunidades que a empresa oferece para a carreira. No entanto, refor\u00e7a a necessidade de melhorar os sal\u00e1rios e os benef\u00edcios.<\/p>\n<h2 style=\"text-align: justify;\"><strong>Sal\u00e1rios pagos pelo Carrefour<\/strong><\/h2>\n<p style=\"text-align: justify;\">Veja a seguir os sal\u00e1rios\u00a0<strong>Carrefour Brasil<\/strong>, considerando as m\u00e9dias calculadas pelo site\u00a0<strong>Love Mondays<\/strong>:<\/p>\n<ul style=\"text-align: justify;\">\n<li><strong>Operador de caixa<\/strong>: R$1.299,00<\/li>\n<li><strong>Operador de loja<\/strong>: R$1.300,00<\/li>\n<li><strong>Assistente administrativo<\/strong>: R$1.817,00<\/li>\n<li><strong>Gerente<\/strong>: R$5.394,00<\/li>\n<li><strong>Vendedor<\/strong>: R$2.176,00<\/li>\n<li><strong>Repositor<\/strong>: R$1.226,00<\/li>\n<li><strong>Recepcionista de caixa<\/strong>: R$1.262,00<\/li>\n<li><strong>Jovem Aprendiz<\/strong>: R$643,00<\/li>\n<li><strong>A\u00e7ougueiro<\/strong>: R$1.442,00<\/li>\n<li><strong>Padeiro<\/strong>: R$1.490,00<\/li>\n<li><strong>Coordenador<\/strong>: R$8.066,00<\/li>\n<\/ul>\n<p class=\"texto-justificado\" style=\"text-align: justify;\">Al\u00e9m de receber sal\u00e1rio, quem trabalha no\u00a0<strong>Carrefour<\/strong>\u00a0tamb\u00e9m tem direito a\u00a0<strong>assist\u00eancia m\u00e9dica<\/strong>,\u00a0<strong>refeit\u00f3rio no local<\/strong>,\u00a0<strong>aux\u00edlio lanche<\/strong>,\u00a0<strong>vale-transporte<\/strong>\u00a0e\u00a0<strong>cart\u00e3o<\/strong>\u00a0<strong>Carrefour<\/strong>\u00a0(que garante descontos na compra de produtos).<strong>\u00a0<\/strong><\/p>\n<h2 style=\"text-align: justify;\"><strong>Como \u00e9 o processo seletivo do Carrefour?<\/strong><\/h2>\n<p class=\"texto-justificado\" style=\"text-align: justify;\">O RH do Carrefour realiza uma triagem dos curr\u00edculos entregues pessoalmente ou cadastrados pela internet. Se o candidato tiver perfil para ocupar a vaga, ele \u00e9 convocado para uma\u00a0<a href=\"https:\/\/viacarreira.com\/10-dicas-de-como-se-comportar-numa-entrevista-de-emprego-212731\/\">entrevista de emprego<\/a>. O processo seletivo dura apenas alguns dias e o seu formato varia de acordo com o cargo pretendido.<\/p>\n<h2 style=\"text-align: justify;\"><strong>CONFIRA ABAIXO AS VAGAS QUE DEVEM SER ABERTAS<\/strong><\/h2>\n<p style=\"text-align: justify;\"><strong>AUXILIAR DE RECURSO HUMANOS<br \/>\n<\/strong>Superior incompleto<br \/>\nDesej\u00e1vel Cursando Administra\u00e7\u00e3o ou \u00e1reas afins<br \/>\nTer conhecimento em departamento pessoal e legisla\u00e7\u00e3o trabalhista<\/p>\n<p style=\"text-align: justify;\"><strong>CONFERENTE DEP\u00d3SITO<\/strong><br \/>\nEnsino m\u00e9dio completo<\/p>\n<p style=\"text-align: justify;\"><strong>OPERADOR DE EMPILHADEIRA<\/strong><br \/>\nEnsino m\u00e9dio completo<\/p>\n<p style=\"text-align: justify;\"><strong>ESTOQUISTA<\/strong><br \/>\nEnsino m\u00e9dio completo<\/p>\n<p style=\"text-align: justify;\"><strong>L\u00cdDER DE SETOR<\/strong><br \/>\nEnsino Superior Incompleto<\/p>\n<p style=\"text-align: justify;\"><strong>FISCAL DE LOJA<\/strong><br \/>\nEnsino m\u00e9dio completo<\/p>\n<p style=\"text-align: justify;\"><strong>FRENTE DE CAIXA<\/strong><br \/>\nEnsino superior completo<\/p>\n<p style=\"text-align: justify;\"><strong>FISCAL DE CAIXA<\/strong><br \/>\nEnsino m\u00e9dio completo<\/p>\n<p style=\"text-align: justify;\"><strong>AUXILIAR DE MANUNTEN\u00c7\u00c3O<br \/>\n<\/strong>Ensino m\u00e9dio completo<\/p>\n<p style=\"text-align: justify;\"><strong>AUXILIAR DE COZINHA<br \/>\n<\/strong>Ensino fundamental completo<\/p>\n<p style=\"text-align: justify;\"><strong>NUTRICIONISTA<br \/>\n<\/strong>Ensino supeiror completo<\/p>\n<p style=\"text-align: justify;\"><strong>CAFETEIRA<br \/>\n<\/strong>Ensino superior incompleto<\/p>\n<p style=\"text-align: justify;\"><strong>AUXILIAR DE RECEBIMENTO DE MERCADORIA (Auxilar de Dep\u00f3sito)<\/strong><br \/>\nEnsino m\u00e9dio completo<\/p>\n<p style=\"text-align: justify;\"><strong>COZINHEIRO (A)<br \/>\n<\/strong>Ensino m\u00e9dio completo<\/p>\n<p style=\"text-align: justify;\"><strong>L\u00cdDER DE SETOR (dep\u00f3sito)<br \/>\n<\/strong>Ensino superior incompleto<\/p>\n<p style=\"text-align: justify;\"><strong>L\u00cdDER DE SETOR (Loja, Frios e Horti Fruti)<br \/>\n<\/strong>Ensino superior incompleto<\/p>\n<p style=\"text-align: justify;\"><strong>CARTAZISTA<br \/>\n<\/strong>Ensino m\u00e9dio completo<\/p>\n<p style=\"text-align: justify;\"><strong>Fonte:\u00a0<\/strong>Riach\u00e3o Net<\/p>\n","protected":false},"excerpt":{"rendered":"<p>A rede de\u00a0atacarejo\u00a0(atacado e varejo)\u00a0Atacad\u00e3o, do grupo franc\u00eas\u00a0Carrefour, iniciou a constru\u00e7\u00e3o de uma unidade em\u00a0Picos no ano passado, no terreno quase em frente ao seu concorrente\u00a0Assa\u00ed Atacadista, nas margens da BR 316, no bairro\u00a0Belo Norte. A previs\u00e3o \u00e9 de contratar cerca de\u00a0150 colaboradores para a unidade de\u00a0Picos. A inaugura\u00e7\u00e3o deve acontecer no pr\u00f3ximo m\u00eas. &nbsp; &hellip;<\/p>\n","protected":false},"author":8,"featured_media":18256,"comment_status":"open","ping_status":"open","sticky":false,"template":"","format":"standard","meta":{"content-type":"","rop_custom_images_group":[],"rop_custom_messages_group":[],"rop_publish_now":"initial","rop_publish_now_accounts":{"facebook_2648258775420054_1618374048415101":""},"rop_publish_now_history":[],"rop_publish_now_status":"pending","footnotes":"","_jetpack_memberships_contains_paid_content":false},"categories":[127],"tags":[3503,3855,1769,1160,1232],"yoast_head":"<!-- This site is optimized with the Yoast SEO plugin v22.3 - https:\/\/yoast.com\/wordpress\/plugins\/seo\/ -->\n<title>Em Picos, Atacad\u00e3o Carrefour oferece sele\u00e7\u00e3o para vagas de emprego - Portal NPM<\/title>\n<meta name=\"robots\" content=\"index, follow, max-snippet:-1, max-image-preview:large, max-video-preview:-1\" \/>\n<link rel=\"canonical\" href=\"https:\/\/portalnpm.com\/index.php\/2020\/03\/13\/em-picos-atacadao-carrefour-oferece-selecao-para-vagas-de-emprego\/\" \/>\n<meta property=\"og:locale\" content=\"pt_BR\" \/>\n<meta property=\"og:type\" content=\"article\" \/>\n<meta property=\"og:title\" content=\"Em Picos, Atacad\u00e3o Carrefour oferece sele\u00e7\u00e3o para vagas de emprego - Portal NPM\" \/>\n<meta property=\"og:description\" content=\"A rede de\u00a0atacarejo\u00a0(atacado e varejo)\u00a0Atacad\u00e3o, do grupo franc\u00eas\u00a0Carrefour, iniciou a constru\u00e7\u00e3o de uma unidade em\u00a0Picos no ano passado, no terreno quase em frente ao seu concorrente\u00a0Assa\u00ed Atacadista, nas margens da BR 316, no bairro\u00a0Belo Norte. A previs\u00e3o \u00e9 de contratar cerca de\u00a0150 colaboradores para a unidade de\u00a0Picos. A inaugura\u00e7\u00e3o deve acontecer no pr\u00f3ximo m\u00eas. &nbsp; &hellip;\" \/>\n<meta property=\"og:url\" content=\"https:\/\/portalnpm.com\/index.php\/2020\/03\/13\/em-picos-atacadao-carrefour-oferece-selecao-para-vagas-de-emprego\/\" \/>\n<meta property=\"og:site_name\" content=\"Portal NPM\" \/>\n<meta property=\"article:published_time\" content=\"2020-03-13T18:58:33+00:00\" \/>\n<meta name=\"author\" content=\"Zenilton Lima\" \/>\n<meta name=\"twitter:card\" content=\"summary_large_image\" \/>\n<meta name=\"twitter:label1\" content=\"Escrito por\" \/>\n\t<meta name=\"twitter:data1\" content=\"Zenilton Lima\" \/>\n\t<meta name=\"twitter:label2\" content=\"Est. tempo de leitura\" \/>\n\t<meta name=\"twitter:data2\" content=\"3 minutos\" \/>\n<script type=\"application\/ld+json\" class=\"yoast-schema-graph\">{\"@context\":\"https:\/\/schema.org\",\"@graph\":[{\"@type\":\"WebPage\",\"@id\":\"https:\/\/portalnpm.com\/index.php\/2020\/03\/13\/em-picos-atacadao-carrefour-oferece-selecao-para-vagas-de-emprego\/\",\"url\":\"https:\/\/portalnpm.com\/index.php\/2020\/03\/13\/em-picos-atacadao-carrefour-oferece-selecao-para-vagas-de-emprego\/\",\"name\":\"Em Picos, Atacad\u00e3o Carrefour oferece sele\u00e7\u00e3o para vagas de emprego - Portal NPM\",\"isPartOf\":{\"@id\":\"https:\/\/portalnpm.com\/#website\"},\"primaryImageOfPage\":{\"@id\":\"https:\/\/portalnpm.com\/index.php\/2020\/03\/13\/em-picos-atacadao-carrefour-oferece-selecao-para-vagas-de-emprego\/#primaryimage\"},\"image\":{\"@id\":\"https:\/\/portalnpm.com\/index.php\/2020\/03\/13\/em-picos-atacadao-carrefour-oferece-selecao-para-vagas-de-emprego\/#primaryimage\"},\"thumbnailUrl\":\"\",\"datePublished\":\"2020-03-13T18:58:33+00:00\",\"dateModified\":\"2020-03-13T18:58:33+00:00\",\"author\":{\"@id\":\"https:\/\/portalnpm.com\/#\/schema\/person\/35cb55186eae3f074b6783da6d35591e\"},\"breadcrumb\":{\"@id\":\"https:\/\/portalnpm.com\/index.php\/2020\/03\/13\/em-picos-atacadao-carrefour-oferece-selecao-para-vagas-de-emprego\/#breadcrumb\"},\"inLanguage\":\"pt-BR\",\"potentialAction\":[{\"@type\":\"ReadAction\",\"target\":[\"https:\/\/portalnpm.com\/index.php\/2020\/03\/13\/em-picos-atacadao-carrefour-oferece-selecao-para-vagas-de-emprego\/\"]}]},{\"@type\":\"ImageObject\",\"inLanguage\":\"pt-BR\",\"@id\":\"https:\/\/portalnpm.com\/index.php\/2020\/03\/13\/em-picos-atacadao-carrefour-oferece-selecao-para-vagas-de-emprego\/#primaryimage\",\"url\":\"\",\"contentUrl\":\"\"},{\"@type\":\"BreadcrumbList\",\"@id\":\"https:\/\/portalnpm.com\/index.php\/2020\/03\/13\/em-picos-atacadao-carrefour-oferece-selecao-para-vagas-de-emprego\/#breadcrumb\",\"itemListElement\":[{\"@type\":\"ListItem\",\"position\":1,\"name\":\"In\u00edcio\",\"item\":\"https:\/\/portalnpm.com\/\"},{\"@type\":\"ListItem\",\"position\":2,\"name\":\"Em Picos, Atacad\u00e3o Carrefour oferece sele\u00e7\u00e3o para vagas de emprego\"}]},{\"@type\":\"WebSite\",\"@id\":\"https:\/\/portalnpm.com\/#website\",\"url\":\"https:\/\/portalnpm.com\/\",\"name\":\"Portal NPM\",\"description\":\"Not\u00edcias em Primeira M\u00e3o\",\"potentialAction\":[{\"@type\":\"SearchAction\",\"target\":{\"@type\":\"EntryPoint\",\"urlTemplate\":\"https:\/\/portalnpm.com\/?s={search_term_string}\"},\"query-input\":\"required name=search_term_string\"}],\"inLanguage\":\"pt-BR\"},{\"@type\":\"Person\",\"@id\":\"https:\/\/portalnpm.com\/#\/schema\/person\/35cb55186eae3f074b6783da6d35591e\",\"name\":\"Zenilton Lima\",\"image\":{\"@type\":\"ImageObject\",\"inLanguage\":\"pt-BR\",\"@id\":\"https:\/\/portalnpm.com\/#\/schema\/person\/image\/\",\"url\":\"https:\/\/portalnpm.com\/wp-content\/uploads\/2024\/12\/avatar_user_8_1733658137-96x96.jpeg\",\"contentUrl\":\"https:\/\/portalnpm.com\/wp-content\/uploads\/2024\/12\/avatar_user_8_1733658137-96x96.jpeg\",\"caption\":\"Zenilton Lima\"},\"url\":\"https:\/\/portalnpm.com\/index.php\/author\/zenilton\/\"}]}<\/script>\n<!-- \/ Yoast SEO plugin. -->","yoast_head_json":{"title":"Em Picos, Atacad\u00e3o Carrefour oferece sele\u00e7\u00e3o para vagas de emprego - Portal NPM","robots":{"index":"index","follow":"follow","max-snippet":"max-snippet:-1","max-image-preview":"max-image-preview:large","max-video-preview":"max-video-preview:-1"},"canonical":"https:\/\/portalnpm.com\/index.php\/2020\/03\/13\/em-picos-atacadao-carrefour-oferece-selecao-para-vagas-de-emprego\/","og_locale":"pt_BR","og_type":"article","og_title":"Em Picos, Atacad\u00e3o Carrefour oferece sele\u00e7\u00e3o para vagas de emprego - Portal NPM","og_description":"A rede de\u00a0atacarejo\u00a0(atacado e varejo)\u00a0Atacad\u00e3o, do grupo franc\u00eas\u00a0Carrefour, iniciou a constru\u00e7\u00e3o de uma unidade em\u00a0Picos no ano passado, no terreno quase em frente ao seu concorrente\u00a0Assa\u00ed Atacadista, nas margens da BR 316, no bairro\u00a0Belo Norte. A previs\u00e3o \u00e9 de contratar cerca de\u00a0150 colaboradores para a unidade de\u00a0Picos. A inaugura\u00e7\u00e3o deve acontecer no pr\u00f3ximo m\u00eas. &nbsp; &hellip;","og_url":"https:\/\/portalnpm.com\/index.php\/2020\/03\/13\/em-picos-atacadao-carrefour-oferece-selecao-para-vagas-de-emprego\/","og_site_name":"Portal NPM","article_published_time":"2020-03-13T18:58:33+00:00","author":"Zenilton Lima","twitter_card":"summary_large_image","twitter_misc":{"Escrito por":"Zenilton Lima","Est. tempo de leitura":"3 minutos"},"schema":{"@context":"https:\/\/schema.org","@graph":[{"@type":"WebPage","@id":"https:\/\/portalnpm.com\/index.php\/2020\/03\/13\/em-picos-atacadao-carrefour-oferece-selecao-para-vagas-de-emprego\/","url":"https:\/\/portalnpm.com\/index.php\/2020\/03\/13\/em-picos-atacadao-carrefour-oferece-selecao-para-vagas-de-emprego\/","name":"Em Picos, Atacad\u00e3o Carrefour oferece sele\u00e7\u00e3o para vagas de emprego - Portal NPM","isPartOf":{"@id":"https:\/\/portalnpm.com\/#website"},"primaryImageOfPage":{"@id":"https:\/\/portalnpm.com\/index.php\/2020\/03\/13\/em-picos-atacadao-carrefour-oferece-selecao-para-vagas-de-emprego\/#primaryimage"},"image":{"@id":"https:\/\/portalnpm.com\/index.php\/2020\/03\/13\/em-picos-atacadao-carrefour-oferece-selecao-para-vagas-de-emprego\/#primaryimage"},"thumbnailUrl":"","datePublished":"2020-03-13T18:58:33+00:00","dateModified":"2020-03-13T18:58:33+00:00","author":{"@id":"https:\/\/portalnpm.com\/#\/schema\/person\/35cb55186eae3f074b6783da6d35591e"},"breadcrumb":{"@id":"https:\/\/portalnpm.com\/index.php\/2020\/03\/13\/em-picos-atacadao-carrefour-oferece-selecao-para-vagas-de-emprego\/#breadcrumb"},"inLanguage":"pt-BR","potentialAction":[{"@type":"ReadAction","target":["https:\/\/portalnpm.com\/index.php\/2020\/03\/13\/em-picos-atacadao-carrefour-oferece-selecao-para-vagas-de-emprego\/"]}]},{"@type":"ImageObject","inLanguage":"pt-BR","@id":"https:\/\/portalnpm.com\/index.php\/2020\/03\/13\/em-picos-atacadao-carrefour-oferece-selecao-para-vagas-de-emprego\/#primaryimage","url":"","contentUrl":""},{"@type":"BreadcrumbList","@id":"https:\/\/portalnpm.com\/index.php\/2020\/03\/13\/em-picos-atacadao-carrefour-oferece-selecao-para-vagas-de-emprego\/#breadcrumb","itemListElement":[{"@type":"ListItem","position":1,"name":"In\u00edcio","item":"https:\/\/portalnpm.com\/"},{"@type":"ListItem","position":2,"name":"Em Picos, Atacad\u00e3o Carrefour oferece sele\u00e7\u00e3o para vagas de emprego"}]},{"@type":"WebSite","@id":"https:\/\/portalnpm.com\/#website","url":"https:\/\/portalnpm.com\/","name":"Portal NPM","description":"Not\u00edcias em Primeira M\u00e3o","potentialAction":[{"@type":"SearchAction","target":{"@type":"EntryPoint","urlTemplate":"https:\/\/portalnpm.com\/?s={search_term_string}"},"query-input":"required name=search_term_string"}],"inLanguage":"pt-BR"},{"@type":"Person","@id":"https:\/\/portalnpm.com\/#\/schema\/person\/35cb55186eae3f074b6783da6d35591e","name":"Zenilton Lima","image":{"@type":"ImageObject","inLanguage":"pt-BR","@id":"https:\/\/portalnpm.com\/#\/schema\/person\/image\/","url":"https:\/\/portalnpm.com\/wp-content\/uploads\/2024\/12\/avatar_user_8_1733658137-96x96.jpeg","contentUrl":"https:\/\/portalnpm.com\/wp-content\/uploads\/2024\/12\/avatar_user_8_1733658137-96x96.jpeg","caption":"Zenilton Lima"},"url":"https:\/\/portalnpm.com\/index.php\/author\/zenilton\/"}]}},"jetpack_sharing_enabled":true,"jetpack_featured_media_url":"","_links":{"self":[{"href":"https:\/\/portalnpm.com\/index.php\/wp-json\/wp\/v2\/posts\/18255"}],"collection":[{"href":"https:\/\/portalnpm.com\/index.php\/wp-json\/wp\/v2\/posts"}],"about":[{"href":"https:\/\/portalnpm.com\/index.php\/wp-json\/wp\/v2\/types\/post"}],"author":[{"embeddable":true,"href":"https:\/\/portalnpm.com\/index.php\/wp-json\/wp\/v2\/users\/8"}],"replies":[{"embeddable":true,"href":"https:\/\/portalnpm.com\/index.php\/wp-json\/wp\/v2\/comments?post=18255"}],"version-history":[{"count":0,"href":"https:\/\/portalnpm.com\/index.php\/wp-json\/wp\/v2\/posts\/18255\/revisions"}],"wp:featuredmedia":[{"embeddable":true,"href":"https:\/\/portalnpm.com\/index.php\/wp-json\/"}],"wp:attachment":[{"href":"https:\/\/portalnpm.com\/index.php\/wp-json\/wp\/v2\/media?parent=18255"}],"wp:term":[{"taxonomy":"category","embeddable":true,"href":"https:\/\/portalnpm.com\/index.php\/wp-json\/wp\/v2\/categories?post=18255"},{"taxonomy":"post_tag","embeddable":true,"href":"https:\/\/portalnpm.com\/index.php\/wp-json\/wp\/v2\/tags?post=18255"}],"curies":[{"name":"wp","href":"https:\/\/api.w.org\/{rel}","templated":true}]}}