{"id":18303,"date":"2020-03-15T12:35:25","date_gmt":"2020-03-15T15:35:25","guid":{"rendered":"http:\/\/srv.portalnpm.com.br\/?p=18303"},"modified":"2020-03-15T12:35:25","modified_gmt":"2020-03-15T15:35:25","slug":"jovem-natural-de-belem-do-piaui-e-encontrado-morto-em-marcolandia-pi","status":"publish","type":"post","link":"https:\/\/portalnpm.com\/index.php\/2020\/03\/15\/jovem-natural-de-belem-do-piaui-e-encontrado-morto-em-marcolandia-pi\/","title":{"rendered":"Jovem natural de Bel\u00e9m do Piau\u00ed \u00e9 encontrado morto em Marcol\u00e2ndia \u2013 PI"},"content":{"rendered":"<p style=\"text-align: justify;\">Um Jovem identificado como Gabriel, de 19 anos, natural da cidade de Bel\u00e9m do Piau\u00ed, especificamente do Povoado Caboclo, foi encontrado morto com suspeitas de golpes de faca no munic\u00edpio de Marcol\u00e2ndia \u2013 PI, na noite deste s\u00e1bado (14).<\/p>\n<p style=\"text-align: justify;\">\n<p style=\"text-align: justify;\">Segundo Informa\u00e7\u00f5es repassadas a reda\u00e7\u00e3o do Portal PI News, o jovem morava no Povoado Caboclo, mais o mesmo estava com seu pai que residia na cidade de Marcol\u00e2ndia \u2013 PI, munic\u00edpio onde o mesmo foi encontrado morto.<\/p>\n<p style=\"text-align: justify;\">At\u00e9 fechamento dessa mat\u00e9ria n\u00e3o se sabe o real motivo do crime.<\/p>\n<p style=\"text-align: justify;\"><strong><em>Fonte: Da Reda\u00e7\u00e3o do portal PI News<\/em><\/strong><\/p>\n","protected":false},"excerpt":{"rendered":"<p>Um Jovem identificado como Gabriel, de 19 anos, natural da cidade de Bel\u00e9m do Piau\u00ed, especificamente do Povoado Caboclo, foi encontrado morto com suspeitas de golpes de faca no munic\u00edpio de Marcol\u00e2ndia \u2013 PI, na noite deste s\u00e1bado (14). Segundo Informa\u00e7\u00f5es repassadas a reda\u00e7\u00e3o do Portal PI News, o jovem morava no Povoado Caboclo, mais &hellip;<\/p>\n","protected":false},"author":3,"featured_media":18304,"comment_status":"open","ping_status":"open","sticky":false,"template":"","format":"standard","meta":{"content-type":"","rop_custom_images_group":[],"rop_custom_messages_group":[],"rop_publish_now":"initial","rop_publish_now_accounts":{"facebook_2648258775420054_1618374048415101":""},"rop_publish_now_history":[],"rop_publish_now_status":"pending","footnotes":"","_jetpack_memberships_contains_paid_content":false},"categories":[106,113,109],"tags":[1937,172,460],"yoast_head":"<!-- This site is optimized with the Yoast SEO plugin v22.3 - https:\/\/yoast.com\/wordpress\/plugins\/seo\/ -->\n<title>Jovem natural de Bel\u00e9m do Piau\u00ed \u00e9 encontrado morto em Marcol\u00e2ndia \u2013 PI - Portal NPM<\/title>\n<meta name=\"robots\" content=\"index, follow, max-snippet:-1, max-image-preview:large, max-video-preview:-1\" \/>\n<link rel=\"canonical\" href=\"https:\/\/portalnpm.com\/index.php\/2020\/03\/15\/jovem-natural-de-belem-do-piaui-e-encontrado-morto-em-marcolandia-pi\/\" \/>\n<meta property=\"og:locale\" content=\"pt_BR\" \/>\n<meta property=\"og:type\" content=\"article\" \/>\n<meta property=\"og:title\" content=\"Jovem natural de Bel\u00e9m do Piau\u00ed \u00e9 encontrado morto em Marcol\u00e2ndia \u2013 PI - Portal NPM\" \/>\n<meta property=\"og:description\" content=\"Um Jovem identificado como Gabriel, de 19 anos, natural da cidade de Bel\u00e9m do Piau\u00ed, especificamente do Povoado Caboclo, foi encontrado morto com suspeitas de golpes de faca no munic\u00edpio de Marcol\u00e2ndia \u2013 PI, na noite deste s\u00e1bado (14). Segundo Informa\u00e7\u00f5es repassadas a reda\u00e7\u00e3o do Portal PI News, o jovem morava no Povoado Caboclo, mais &hellip;\" \/>\n<meta property=\"og:url\" content=\"https:\/\/portalnpm.com\/index.php\/2020\/03\/15\/jovem-natural-de-belem-do-piaui-e-encontrado-morto-em-marcolandia-pi\/\" \/>\n<meta property=\"og:site_name\" content=\"Portal NPM\" \/>\n<meta property=\"article:published_time\" content=\"2020-03-15T15:35:25+00:00\" \/>\n<meta name=\"author\" content=\"Luis Alberto\" \/>\n<meta name=\"twitter:card\" content=\"summary_large_image\" \/>\n<meta name=\"twitter:label1\" content=\"Escrito por\" \/>\n\t<meta name=\"twitter:data1\" content=\"Luis Alberto\" \/>\n\t<meta name=\"twitter:label2\" content=\"Est. tempo de leitura\" \/>\n\t<meta name=\"twitter:data2\" content=\"1 minuto\" \/>\n<script type=\"application\/ld+json\" class=\"yoast-schema-graph\">{\"@context\":\"https:\/\/schema.org\",\"@graph\":[{\"@type\":\"WebPage\",\"@id\":\"https:\/\/portalnpm.com\/index.php\/2020\/03\/15\/jovem-natural-de-belem-do-piaui-e-encontrado-morto-em-marcolandia-pi\/\",\"url\":\"https:\/\/portalnpm.com\/index.php\/2020\/03\/15\/jovem-natural-de-belem-do-piaui-e-encontrado-morto-em-marcolandia-pi\/\",\"name\":\"Jovem natural de Bel\u00e9m do Piau\u00ed \u00e9 encontrado morto em Marcol\u00e2ndia \u2013 PI - Portal NPM\",\"isPartOf\":{\"@id\":\"https:\/\/portalnpm.com\/#website\"},\"primaryImageOfPage\":{\"@id\":\"https:\/\/portalnpm.com\/index.php\/2020\/03\/15\/jovem-natural-de-belem-do-piaui-e-encontrado-morto-em-marcolandia-pi\/#primaryimage\"},\"image\":{\"@id\":\"https:\/\/portalnpm.com\/index.php\/2020\/03\/15\/jovem-natural-de-belem-do-piaui-e-encontrado-morto-em-marcolandia-pi\/#primaryimage\"},\"thumbnailUrl\":\"\",\"datePublished\":\"2020-03-15T15:35:25+00:00\",\"dateModified\":\"2020-03-15T15:35:25+00:00\",\"author\":{\"@id\":\"https:\/\/portalnpm.com\/#\/schema\/person\/5c8006acdf71774cd4e7a5ab98482152\"},\"breadcrumb\":{\"@id\":\"https:\/\/portalnpm.com\/index.php\/2020\/03\/15\/jovem-natural-de-belem-do-piaui-e-encontrado-morto-em-marcolandia-pi\/#breadcrumb\"},\"inLanguage\":\"pt-BR\",\"potentialAction\":[{\"@type\":\"ReadAction\",\"target\":[\"https:\/\/portalnpm.com\/index.php\/2020\/03\/15\/jovem-natural-de-belem-do-piaui-e-encontrado-morto-em-marcolandia-pi\/\"]}]},{\"@type\":\"ImageObject\",\"inLanguage\":\"pt-BR\",\"@id\":\"https:\/\/portalnpm.com\/index.php\/2020\/03\/15\/jovem-natural-de-belem-do-piaui-e-encontrado-morto-em-marcolandia-pi\/#primaryimage\",\"url\":\"\",\"contentUrl\":\"\"},{\"@type\":\"BreadcrumbList\",\"@id\":\"https:\/\/portalnpm.com\/index.php\/2020\/03\/15\/jovem-natural-de-belem-do-piaui-e-encontrado-morto-em-marcolandia-pi\/#breadcrumb\",\"itemListElement\":[{\"@type\":\"ListItem\",\"position\":1,\"name\":\"In\u00edcio\",\"item\":\"https:\/\/portalnpm.com\/\"},{\"@type\":\"ListItem\",\"position\":2,\"name\":\"Jovem natural de Bel\u00e9m do Piau\u00ed \u00e9 encontrado morto em Marcol\u00e2ndia \u2013 PI\"}]},{\"@type\":\"WebSite\",\"@id\":\"https:\/\/portalnpm.com\/#website\",\"url\":\"https:\/\/portalnpm.com\/\",\"name\":\"Portal NPM\",\"description\":\"Not\u00edcias em Primeira M\u00e3o\",\"potentialAction\":[{\"@type\":\"SearchAction\",\"target\":{\"@type\":\"EntryPoint\",\"urlTemplate\":\"https:\/\/portalnpm.com\/?s={search_term_string}\"},\"query-input\":\"required name=search_term_string\"}],\"inLanguage\":\"pt-BR\"},{\"@type\":\"Person\",\"@id\":\"https:\/\/portalnpm.com\/#\/schema\/person\/5c8006acdf71774cd4e7a5ab98482152\",\"name\":\"Luis Alberto\",\"image\":{\"@type\":\"ImageObject\",\"inLanguage\":\"pt-BR\",\"@id\":\"https:\/\/portalnpm.com\/#\/schema\/person\/image\/\",\"url\":\"https:\/\/portalnpm.com\/wp-content\/uploads\/2024\/12\/avatar_user_3_1734699769-96x96.jpeg\",\"contentUrl\":\"https:\/\/portalnpm.com\/wp-content\/uploads\/2024\/12\/avatar_user_3_1734699769-96x96.jpeg\",\"caption\":\"Luis Alberto\"},\"description\":\"Editor-geral do Portal NPM, \u00e9 formado como T\u00e9cnico em Seguran\u00e7a do Trabalho pela Escola Metropolitana de Cursos T\u00e9cnicos. Det\u00e9m ainda licenciatura em Educa\u00e7\u00e3o F\u00edsica e bacharelado em Ci\u00eancias Pol\u00edticas, ambos obtidos pela institui\u00e7\u00e3o Anhanguera\/UNOPAR.\",\"url\":\"https:\/\/portalnpm.com\/index.php\/author\/pereira\/\"}]}<\/script>\n<!-- \/ Yoast SEO plugin. -->","yoast_head_json":{"title":"Jovem natural de Bel\u00e9m do Piau\u00ed \u00e9 encontrado morto em Marcol\u00e2ndia \u2013 PI - Portal NPM","robots":{"index":"index","follow":"follow","max-snippet":"max-snippet:-1","max-image-preview":"max-image-preview:large","max-video-preview":"max-video-preview:-1"},"canonical":"https:\/\/portalnpm.com\/index.php\/2020\/03\/15\/jovem-natural-de-belem-do-piaui-e-encontrado-morto-em-marcolandia-pi\/","og_locale":"pt_BR","og_type":"article","og_title":"Jovem natural de Bel\u00e9m do Piau\u00ed \u00e9 encontrado morto em Marcol\u00e2ndia \u2013 PI - Portal NPM","og_description":"Um Jovem identificado como Gabriel, de 19 anos, natural da cidade de Bel\u00e9m do Piau\u00ed, especificamente do Povoado Caboclo, foi encontrado morto com suspeitas de golpes de faca no munic\u00edpio de Marcol\u00e2ndia \u2013 PI, na noite deste s\u00e1bado (14). Segundo Informa\u00e7\u00f5es repassadas a reda\u00e7\u00e3o do Portal PI News, o jovem morava no Povoado Caboclo, mais &hellip;","og_url":"https:\/\/portalnpm.com\/index.php\/2020\/03\/15\/jovem-natural-de-belem-do-piaui-e-encontrado-morto-em-marcolandia-pi\/","og_site_name":"Portal NPM","article_published_time":"2020-03-15T15:35:25+00:00","author":"Luis Alberto","twitter_card":"summary_large_image","twitter_misc":{"Escrito por":"Luis Alberto","Est. tempo de leitura":"1 minuto"},"schema":{"@context":"https:\/\/schema.org","@graph":[{"@type":"WebPage","@id":"https:\/\/portalnpm.com\/index.php\/2020\/03\/15\/jovem-natural-de-belem-do-piaui-e-encontrado-morto-em-marcolandia-pi\/","url":"https:\/\/portalnpm.com\/index.php\/2020\/03\/15\/jovem-natural-de-belem-do-piaui-e-encontrado-morto-em-marcolandia-pi\/","name":"Jovem natural de Bel\u00e9m do Piau\u00ed \u00e9 encontrado morto em Marcol\u00e2ndia \u2013 PI - Portal NPM","isPartOf":{"@id":"https:\/\/portalnpm.com\/#website"},"primaryImageOfPage":{"@id":"https:\/\/portalnpm.com\/index.php\/2020\/03\/15\/jovem-natural-de-belem-do-piaui-e-encontrado-morto-em-marcolandia-pi\/#primaryimage"},"image":{"@id":"https:\/\/portalnpm.com\/index.php\/2020\/03\/15\/jovem-natural-de-belem-do-piaui-e-encontrado-morto-em-marcolandia-pi\/#primaryimage"},"thumbnailUrl":"","datePublished":"2020-03-15T15:35:25+00:00","dateModified":"2020-03-15T15:35:25+00:00","author":{"@id":"https:\/\/portalnpm.com\/#\/schema\/person\/5c8006acdf71774cd4e7a5ab98482152"},"breadcrumb":{"@id":"https:\/\/portalnpm.com\/index.php\/2020\/03\/15\/jovem-natural-de-belem-do-piaui-e-encontrado-morto-em-marcolandia-pi\/#breadcrumb"},"inLanguage":"pt-BR","potentialAction":[{"@type":"ReadAction","target":["https:\/\/portalnpm.com\/index.php\/2020\/03\/15\/jovem-natural-de-belem-do-piaui-e-encontrado-morto-em-marcolandia-pi\/"]}]},{"@type":"ImageObject","inLanguage":"pt-BR","@id":"https:\/\/portalnpm.com\/index.php\/2020\/03\/15\/jovem-natural-de-belem-do-piaui-e-encontrado-morto-em-marcolandia-pi\/#primaryimage","url":"","contentUrl":""},{"@type":"BreadcrumbList","@id":"https:\/\/portalnpm.com\/index.php\/2020\/03\/15\/jovem-natural-de-belem-do-piaui-e-encontrado-morto-em-marcolandia-pi\/#breadcrumb","itemListElement":[{"@type":"ListItem","position":1,"name":"In\u00edcio","item":"https:\/\/portalnpm.com\/"},{"@type":"ListItem","position":2,"name":"Jovem natural de Bel\u00e9m do Piau\u00ed \u00e9 encontrado morto em Marcol\u00e2ndia \u2013 PI"}]},{"@type":"WebSite","@id":"https:\/\/portalnpm.com\/#website","url":"https:\/\/portalnpm.com\/","name":"Portal NPM","description":"Not\u00edcias em Primeira M\u00e3o","potentialAction":[{"@type":"SearchAction","target":{"@type":"EntryPoint","urlTemplate":"https:\/\/portalnpm.com\/?s={search_term_string}"},"query-input":"required name=search_term_string"}],"inLanguage":"pt-BR"},{"@type":"Person","@id":"https:\/\/portalnpm.com\/#\/schema\/person\/5c8006acdf71774cd4e7a5ab98482152","name":"Luis Alberto","image":{"@type":"ImageObject","inLanguage":"pt-BR","@id":"https:\/\/portalnpm.com\/#\/schema\/person\/image\/","url":"https:\/\/portalnpm.com\/wp-content\/uploads\/2024\/12\/avatar_user_3_1734699769-96x96.jpeg","contentUrl":"https:\/\/portalnpm.com\/wp-content\/uploads\/2024\/12\/avatar_user_3_1734699769-96x96.jpeg","caption":"Luis Alberto"},"description":"Editor-geral do Portal NPM, \u00e9 formado como T\u00e9cnico em Seguran\u00e7a do Trabalho pela Escola Metropolitana de Cursos T\u00e9cnicos. Det\u00e9m ainda licenciatura em Educa\u00e7\u00e3o F\u00edsica e bacharelado em Ci\u00eancias Pol\u00edticas, ambos obtidos pela institui\u00e7\u00e3o Anhanguera\/UNOPAR.","url":"https:\/\/portalnpm.com\/index.php\/author\/pereira\/"}]}},"jetpack_sharing_enabled":true,"jetpack_featured_media_url":"","_links":{"self":[{"href":"https:\/\/portalnpm.com\/index.php\/wp-json\/wp\/v2\/posts\/18303"}],"collection":[{"href":"https:\/\/portalnpm.com\/index.php\/wp-json\/wp\/v2\/posts"}],"about":[{"href":"https:\/\/portalnpm.com\/index.php\/wp-json\/wp\/v2\/types\/post"}],"author":[{"embeddable":true,"href":"https:\/\/portalnpm.com\/index.php\/wp-json\/wp\/v2\/users\/3"}],"replies":[{"embeddable":true,"href":"https:\/\/portalnpm.com\/index.php\/wp-json\/wp\/v2\/comments?post=18303"}],"version-history":[{"count":0,"href":"https:\/\/portalnpm.com\/index.php\/wp-json\/wp\/v2\/posts\/18303\/revisions"}],"wp:featuredmedia":[{"embeddable":true,"href":"https:\/\/portalnpm.com\/index.php\/wp-json\/"}],"wp:attachment":[{"href":"https:\/\/portalnpm.com\/index.php\/wp-json\/wp\/v2\/media?parent=18303"}],"wp:term":[{"taxonomy":"category","embeddable":true,"href":"https:\/\/portalnpm.com\/index.php\/wp-json\/wp\/v2\/categories?post=18303"},{"taxonomy":"post_tag","embeddable":true,"href":"https:\/\/portalnpm.com\/index.php\/wp-json\/wp\/v2\/tags?post=18303"}],"curies":[{"name":"wp","href":"https:\/\/api.w.org\/{rel}","templated":true}]}}