{"id":18420,"date":"2020-03-18T20:39:30","date_gmt":"2020-03-18T23:39:30","guid":{"rendered":"http:\/\/srv.portalnpm.com.br\/?p=18420"},"modified":"2020-03-18T20:39:30","modified_gmt":"2020-03-18T23:39:30","slug":"comerciantes-afirmam-que-fluxo-de-pessoas-diminui-em-picos-por-prevencao-ao-covid-19","status":"publish","type":"post","link":"https:\/\/portalnpm.com\/index.php\/2020\/03\/18\/comerciantes-afirmam-que-fluxo-de-pessoas-diminui-em-picos-por-prevencao-ao-covid-19\/","title":{"rendered":"Comerciantes afirmam que fluxo de pessoas diminui em Picos por preven\u00e7\u00e3o ao COVID-19"},"content":{"rendered":"<p style=\"text-align: justify;\">A crise pand\u00eamica do Coronav\u00edrus, al\u00e9m da sa\u00fade humana, impactou o com\u00e9rcio de gr\u00e3os, carnes, frutas e verduras, e nos mais diversos segmentos devido ao controle dos \u00f3rg\u00e3os de sa\u00fade que regem o fechamento de fronteiras e diminui\u00e7\u00e3o do fluxo de pessoas em locais p\u00fablicos e privados como terminais, aeroportos, centros comerciais, entre outros.<\/p>\n<p style=\"text-align: justify;\">\n<p style=\"text-align: justify;\">Em Picos, cidade situada h\u00e1 310 quil\u00f4metros de Teresina, os comerciantes j\u00e1 sentem os impactos quando o assunto \u00e9 fluxo de pessoas nas ruas e nos estabelecimentos comerciais.\u00a0No segmento de carnes, verduras e frutas os sinais da crise gerada pelo COVID-19 come\u00e7am a ser vistos, pois j\u00e1 \u00e9 poss\u00edvel notar diminui\u00e7\u00e3o da procura por parte dos consumidores que evitam sair de casa devido \u00e0s recomenda\u00e7\u00f5es dos \u00f3rg\u00e3os de controle.<\/p>\n<p><img fetchpriority=\"high\" decoding=\"async\" class=\"aligncenter size-full wp-image-18421\" src=\"http:\/\/portalnpm.com\/wp-content\/uploads\/2020\/03\/IMG_7343-768x512.jpg\" alt=\"\" width=\"768\" height=\"512\" \/><\/p>\n<p style=\"text-align: justify;\">O comerciante no ramo de frutas e verduras, Francisco Moura, propriet\u00e1rio de ponto comercial na feira livre de Picos, disse que j\u00e1 \u00e9 percept\u00edvel a redu\u00e7\u00e3o do movimento nas ruas. Por conta da pandemia do COVID-19, a popula\u00e7\u00e3o segue as recomenda\u00e7\u00f5es e evita o m\u00e1ximo sair \u00e0s ruas, o que consequentemente atinge as vendas.<\/p>\n<p><img decoding=\"async\" class=\"aligncenter size-full wp-image-18422\" src=\"http:\/\/portalnpm.com\/wp-content\/uploads\/2020\/03\/IMG_7334-768x512.jpg\" alt=\"\" width=\"768\" height=\"512\" \/><\/p>\n<p style=\"text-align: justify;\">\u201cAs pessoas ficam com medo\u00a0de sair por ver os coment\u00e1rios e not\u00edcias da televis\u00e3o e o fluxo fica pouco. Muita gente segue as recomenda\u00e7\u00f5es, tem medo e isso acaba atrapalhando nas vendas\u201d, relatou o feirante.<\/p>\n<p><img decoding=\"async\" class=\"aligncenter size-full wp-image-18423\" src=\"http:\/\/portalnpm.com\/wp-content\/uploads\/2020\/03\/IMG_7338-768x512.jpg\" alt=\"\" width=\"768\" height=\"512\" \/><\/p>\n<p style=\"text-align: justify;\">Francisco Ant\u00f4nio de Sousa, conhecido como Francisco do Frigotil, empresa do ramos de carnes e frios, tamb\u00e9m sente a diminui\u00e7\u00e3o do fluxo de pessoas nas ruas de Picos. \u201cA gente percebe que nos \u00faltimos dias e nas \u00faltimas horas diminuiu o fluxo de clientes no com\u00e9rcio e a quantidade de pessoas nas ruas. Isso afeta de certa forma. A venda de produtos, em geral afetou um pouco porque as pessoas est\u00e3o obedecendo os conselhos dos \u00f3rg\u00e3os da sa\u00fade\u201d, comentou.<\/p>\n<p><img loading=\"lazy\" decoding=\"async\" class=\"aligncenter size-full wp-image-18424\" src=\"http:\/\/portalnpm.com\/wp-content\/uploads\/2020\/03\/IMG_7339-768x512.jpg\" alt=\"\" width=\"768\" height=\"512\" \/><\/p>\n<p style=\"text-align: justify;\">Al\u00e9m de carnes e demais itens, o Frigotil comercializa tamb\u00e9m \u00e1lcool em gel e devido a grande procura, como forma de preven\u00e7\u00e3o ao Coronav\u00edrus, mediante recomenda\u00e7\u00e3o dos \u00f3rg\u00e3os de controle, aumentou consideravelmente. O resultado foi o esgotamento do estoque. \u201cNos \u00faltimos dias vendemos muito r\u00e1pido e acabou o estoque\u201d, concluiu.<\/p>\n<p><strong>Fonte<\/strong>: Cidades na Net<\/p>\n","protected":false},"excerpt":{"rendered":"<p>A crise pand\u00eamica do Coronav\u00edrus, al\u00e9m da sa\u00fade humana, impactou o com\u00e9rcio de gr\u00e3os, carnes, frutas e verduras, e nos mais diversos segmentos devido ao controle dos \u00f3rg\u00e3os de sa\u00fade que regem o fechamento de fronteiras e diminui\u00e7\u00e3o do fluxo de pessoas em locais p\u00fablicos e privados como terminais, aeroportos, centros comerciais, entre outros. Em &hellip;<\/p>\n","protected":false},"author":8,"featured_media":18425,"comment_status":"open","ping_status":"open","sticky":false,"template":"","format":"standard","meta":{"content-type":"","rop_custom_images_group":[],"rop_custom_messages_group":[],"rop_publish_now":"initial","rop_publish_now_accounts":{"facebook_2648258775420054_1618374048415101":""},"rop_publish_now_history":[],"rop_publish_now_status":"pending","footnotes":"","_jetpack_memberships_contains_paid_content":false},"categories":[113,127],"tags":[3873,3403,3874,546,128],"yoast_head":"<!-- This site is optimized with the Yoast SEO plugin v22.3 - https:\/\/yoast.com\/wordpress\/plugins\/seo\/ -->\n<title>Comerciantes afirmam que fluxo de pessoas diminui em Picos por preven\u00e7\u00e3o ao COVID-19 - Portal NPM<\/title>\n<meta name=\"robots\" content=\"index, follow, max-snippet:-1, max-image-preview:large, max-video-preview:-1\" \/>\n<link rel=\"canonical\" href=\"https:\/\/portalnpm.com\/index.php\/2020\/03\/18\/comerciantes-afirmam-que-fluxo-de-pessoas-diminui-em-picos-por-prevencao-ao-covid-19\/\" \/>\n<meta property=\"og:locale\" content=\"pt_BR\" \/>\n<meta property=\"og:type\" content=\"article\" \/>\n<meta property=\"og:title\" content=\"Comerciantes afirmam que fluxo de pessoas diminui em Picos por preven\u00e7\u00e3o ao COVID-19 - Portal NPM\" \/>\n<meta property=\"og:description\" content=\"A crise pand\u00eamica do Coronav\u00edrus, al\u00e9m da sa\u00fade humana, impactou o com\u00e9rcio de gr\u00e3os, carnes, frutas e verduras, e nos mais diversos segmentos devido ao controle dos \u00f3rg\u00e3os de sa\u00fade que regem o fechamento de fronteiras e diminui\u00e7\u00e3o do fluxo de pessoas em locais p\u00fablicos e privados como terminais, aeroportos, centros comerciais, entre outros. Em &hellip;\" \/>\n<meta property=\"og:url\" content=\"https:\/\/portalnpm.com\/index.php\/2020\/03\/18\/comerciantes-afirmam-que-fluxo-de-pessoas-diminui-em-picos-por-prevencao-ao-covid-19\/\" \/>\n<meta property=\"og:site_name\" content=\"Portal NPM\" \/>\n<meta property=\"article:published_time\" content=\"2020-03-18T23:39:30+00:00\" \/>\n<meta name=\"author\" content=\"Zenilton Lima\" \/>\n<meta name=\"twitter:card\" content=\"summary_large_image\" \/>\n<meta name=\"twitter:label1\" content=\"Escrito por\" \/>\n\t<meta name=\"twitter:data1\" content=\"Zenilton Lima\" \/>\n\t<meta name=\"twitter:label2\" content=\"Est. tempo de leitura\" \/>\n\t<meta name=\"twitter:data2\" content=\"2 minutos\" \/>\n<script type=\"application\/ld+json\" class=\"yoast-schema-graph\">{\"@context\":\"https:\/\/schema.org\",\"@graph\":[{\"@type\":\"WebPage\",\"@id\":\"https:\/\/portalnpm.com\/index.php\/2020\/03\/18\/comerciantes-afirmam-que-fluxo-de-pessoas-diminui-em-picos-por-prevencao-ao-covid-19\/\",\"url\":\"https:\/\/portalnpm.com\/index.php\/2020\/03\/18\/comerciantes-afirmam-que-fluxo-de-pessoas-diminui-em-picos-por-prevencao-ao-covid-19\/\",\"name\":\"Comerciantes afirmam que fluxo de pessoas diminui em Picos por preven\u00e7\u00e3o ao COVID-19 - Portal NPM\",\"isPartOf\":{\"@id\":\"https:\/\/portalnpm.com\/#website\"},\"primaryImageOfPage\":{\"@id\":\"https:\/\/portalnpm.com\/index.php\/2020\/03\/18\/comerciantes-afirmam-que-fluxo-de-pessoas-diminui-em-picos-por-prevencao-ao-covid-19\/#primaryimage\"},\"image\":{\"@id\":\"https:\/\/portalnpm.com\/index.php\/2020\/03\/18\/comerciantes-afirmam-que-fluxo-de-pessoas-diminui-em-picos-por-prevencao-ao-covid-19\/#primaryimage\"},\"thumbnailUrl\":\"\",\"datePublished\":\"2020-03-18T23:39:30+00:00\",\"dateModified\":\"2020-03-18T23:39:30+00:00\",\"author\":{\"@id\":\"https:\/\/portalnpm.com\/#\/schema\/person\/35cb55186eae3f074b6783da6d35591e\"},\"breadcrumb\":{\"@id\":\"https:\/\/portalnpm.com\/index.php\/2020\/03\/18\/comerciantes-afirmam-que-fluxo-de-pessoas-diminui-em-picos-por-prevencao-ao-covid-19\/#breadcrumb\"},\"inLanguage\":\"pt-BR\",\"potentialAction\":[{\"@type\":\"ReadAction\",\"target\":[\"https:\/\/portalnpm.com\/index.php\/2020\/03\/18\/comerciantes-afirmam-que-fluxo-de-pessoas-diminui-em-picos-por-prevencao-ao-covid-19\/\"]}]},{\"@type\":\"ImageObject\",\"inLanguage\":\"pt-BR\",\"@id\":\"https:\/\/portalnpm.com\/index.php\/2020\/03\/18\/comerciantes-afirmam-que-fluxo-de-pessoas-diminui-em-picos-por-prevencao-ao-covid-19\/#primaryimage\",\"url\":\"\",\"contentUrl\":\"\"},{\"@type\":\"BreadcrumbList\",\"@id\":\"https:\/\/portalnpm.com\/index.php\/2020\/03\/18\/comerciantes-afirmam-que-fluxo-de-pessoas-diminui-em-picos-por-prevencao-ao-covid-19\/#breadcrumb\",\"itemListElement\":[{\"@type\":\"ListItem\",\"position\":1,\"name\":\"In\u00edcio\",\"item\":\"https:\/\/portalnpm.com\/\"},{\"@type\":\"ListItem\",\"position\":2,\"name\":\"Comerciantes afirmam que fluxo de pessoas diminui em Picos por preven\u00e7\u00e3o ao COVID-19\"}]},{\"@type\":\"WebSite\",\"@id\":\"https:\/\/portalnpm.com\/#website\",\"url\":\"https:\/\/portalnpm.com\/\",\"name\":\"Portal NPM\",\"description\":\"Not\u00edcias em Primeira M\u00e3o\",\"potentialAction\":[{\"@type\":\"SearchAction\",\"target\":{\"@type\":\"EntryPoint\",\"urlTemplate\":\"https:\/\/portalnpm.com\/?s={search_term_string}\"},\"query-input\":\"required name=search_term_string\"}],\"inLanguage\":\"pt-BR\"},{\"@type\":\"Person\",\"@id\":\"https:\/\/portalnpm.com\/#\/schema\/person\/35cb55186eae3f074b6783da6d35591e\",\"name\":\"Zenilton Lima\",\"image\":{\"@type\":\"ImageObject\",\"inLanguage\":\"pt-BR\",\"@id\":\"https:\/\/portalnpm.com\/#\/schema\/person\/image\/\",\"url\":\"https:\/\/portalnpm.com\/wp-content\/uploads\/2024\/12\/avatar_user_8_1733658137-96x96.jpeg\",\"contentUrl\":\"https:\/\/portalnpm.com\/wp-content\/uploads\/2024\/12\/avatar_user_8_1733658137-96x96.jpeg\",\"caption\":\"Zenilton Lima\"},\"url\":\"https:\/\/portalnpm.com\/index.php\/author\/zenilton\/\"}]}<\/script>\n<!-- \/ Yoast SEO plugin. -->","yoast_head_json":{"title":"Comerciantes afirmam que fluxo de pessoas diminui em Picos por preven\u00e7\u00e3o ao COVID-19 - Portal NPM","robots":{"index":"index","follow":"follow","max-snippet":"max-snippet:-1","max-image-preview":"max-image-preview:large","max-video-preview":"max-video-preview:-1"},"canonical":"https:\/\/portalnpm.com\/index.php\/2020\/03\/18\/comerciantes-afirmam-que-fluxo-de-pessoas-diminui-em-picos-por-prevencao-ao-covid-19\/","og_locale":"pt_BR","og_type":"article","og_title":"Comerciantes afirmam que fluxo de pessoas diminui em Picos por preven\u00e7\u00e3o ao COVID-19 - Portal NPM","og_description":"A crise pand\u00eamica do Coronav\u00edrus, al\u00e9m da sa\u00fade humana, impactou o com\u00e9rcio de gr\u00e3os, carnes, frutas e verduras, e nos mais diversos segmentos devido ao controle dos \u00f3rg\u00e3os de sa\u00fade que regem o fechamento de fronteiras e diminui\u00e7\u00e3o do fluxo de pessoas em locais p\u00fablicos e privados como terminais, aeroportos, centros comerciais, entre outros. Em &hellip;","og_url":"https:\/\/portalnpm.com\/index.php\/2020\/03\/18\/comerciantes-afirmam-que-fluxo-de-pessoas-diminui-em-picos-por-prevencao-ao-covid-19\/","og_site_name":"Portal NPM","article_published_time":"2020-03-18T23:39:30+00:00","author":"Zenilton Lima","twitter_card":"summary_large_image","twitter_misc":{"Escrito por":"Zenilton Lima","Est. tempo de leitura":"2 minutos"},"schema":{"@context":"https:\/\/schema.org","@graph":[{"@type":"WebPage","@id":"https:\/\/portalnpm.com\/index.php\/2020\/03\/18\/comerciantes-afirmam-que-fluxo-de-pessoas-diminui-em-picos-por-prevencao-ao-covid-19\/","url":"https:\/\/portalnpm.com\/index.php\/2020\/03\/18\/comerciantes-afirmam-que-fluxo-de-pessoas-diminui-em-picos-por-prevencao-ao-covid-19\/","name":"Comerciantes afirmam que fluxo de pessoas diminui em Picos por preven\u00e7\u00e3o ao COVID-19 - Portal NPM","isPartOf":{"@id":"https:\/\/portalnpm.com\/#website"},"primaryImageOfPage":{"@id":"https:\/\/portalnpm.com\/index.php\/2020\/03\/18\/comerciantes-afirmam-que-fluxo-de-pessoas-diminui-em-picos-por-prevencao-ao-covid-19\/#primaryimage"},"image":{"@id":"https:\/\/portalnpm.com\/index.php\/2020\/03\/18\/comerciantes-afirmam-que-fluxo-de-pessoas-diminui-em-picos-por-prevencao-ao-covid-19\/#primaryimage"},"thumbnailUrl":"","datePublished":"2020-03-18T23:39:30+00:00","dateModified":"2020-03-18T23:39:30+00:00","author":{"@id":"https:\/\/portalnpm.com\/#\/schema\/person\/35cb55186eae3f074b6783da6d35591e"},"breadcrumb":{"@id":"https:\/\/portalnpm.com\/index.php\/2020\/03\/18\/comerciantes-afirmam-que-fluxo-de-pessoas-diminui-em-picos-por-prevencao-ao-covid-19\/#breadcrumb"},"inLanguage":"pt-BR","potentialAction":[{"@type":"ReadAction","target":["https:\/\/portalnpm.com\/index.php\/2020\/03\/18\/comerciantes-afirmam-que-fluxo-de-pessoas-diminui-em-picos-por-prevencao-ao-covid-19\/"]}]},{"@type":"ImageObject","inLanguage":"pt-BR","@id":"https:\/\/portalnpm.com\/index.php\/2020\/03\/18\/comerciantes-afirmam-que-fluxo-de-pessoas-diminui-em-picos-por-prevencao-ao-covid-19\/#primaryimage","url":"","contentUrl":""},{"@type":"BreadcrumbList","@id":"https:\/\/portalnpm.com\/index.php\/2020\/03\/18\/comerciantes-afirmam-que-fluxo-de-pessoas-diminui-em-picos-por-prevencao-ao-covid-19\/#breadcrumb","itemListElement":[{"@type":"ListItem","position":1,"name":"In\u00edcio","item":"https:\/\/portalnpm.com\/"},{"@type":"ListItem","position":2,"name":"Comerciantes afirmam que fluxo de pessoas diminui em Picos por preven\u00e7\u00e3o ao COVID-19"}]},{"@type":"WebSite","@id":"https:\/\/portalnpm.com\/#website","url":"https:\/\/portalnpm.com\/","name":"Portal NPM","description":"Not\u00edcias em Primeira M\u00e3o","potentialAction":[{"@type":"SearchAction","target":{"@type":"EntryPoint","urlTemplate":"https:\/\/portalnpm.com\/?s={search_term_string}"},"query-input":"required name=search_term_string"}],"inLanguage":"pt-BR"},{"@type":"Person","@id":"https:\/\/portalnpm.com\/#\/schema\/person\/35cb55186eae3f074b6783da6d35591e","name":"Zenilton Lima","image":{"@type":"ImageObject","inLanguage":"pt-BR","@id":"https:\/\/portalnpm.com\/#\/schema\/person\/image\/","url":"https:\/\/portalnpm.com\/wp-content\/uploads\/2024\/12\/avatar_user_8_1733658137-96x96.jpeg","contentUrl":"https:\/\/portalnpm.com\/wp-content\/uploads\/2024\/12\/avatar_user_8_1733658137-96x96.jpeg","caption":"Zenilton Lima"},"url":"https:\/\/portalnpm.com\/index.php\/author\/zenilton\/"}]}},"jetpack_sharing_enabled":true,"jetpack_featured_media_url":"","_links":{"self":[{"href":"https:\/\/portalnpm.com\/index.php\/wp-json\/wp\/v2\/posts\/18420"}],"collection":[{"href":"https:\/\/portalnpm.com\/index.php\/wp-json\/wp\/v2\/posts"}],"about":[{"href":"https:\/\/portalnpm.com\/index.php\/wp-json\/wp\/v2\/types\/post"}],"author":[{"embeddable":true,"href":"https:\/\/portalnpm.com\/index.php\/wp-json\/wp\/v2\/users\/8"}],"replies":[{"embeddable":true,"href":"https:\/\/portalnpm.com\/index.php\/wp-json\/wp\/v2\/comments?post=18420"}],"version-history":[{"count":0,"href":"https:\/\/portalnpm.com\/index.php\/wp-json\/wp\/v2\/posts\/18420\/revisions"}],"wp:featuredmedia":[{"embeddable":true,"href":"https:\/\/portalnpm.com\/index.php\/wp-json\/"}],"wp:attachment":[{"href":"https:\/\/portalnpm.com\/index.php\/wp-json\/wp\/v2\/media?parent=18420"}],"wp:term":[{"taxonomy":"category","embeddable":true,"href":"https:\/\/portalnpm.com\/index.php\/wp-json\/wp\/v2\/categories?post=18420"},{"taxonomy":"post_tag","embeddable":true,"href":"https:\/\/portalnpm.com\/index.php\/wp-json\/wp\/v2\/tags?post=18420"}],"curies":[{"name":"wp","href":"https:\/\/api.w.org\/{rel}","templated":true}]}}