{"id":18461,"date":"2020-03-19T10:53:22","date_gmt":"2020-03-19T13:53:22","guid":{"rendered":"http:\/\/srv.portalnpm.com.br\/?p=18461"},"modified":"2020-03-19T10:53:22","modified_gmt":"2020-03-19T13:53:22","slug":"em-picos-procon-realiza-fiscalizacao-para-evitar-abusos-nos-precos-de-alcool-em-gel-e-mascaras","status":"publish","type":"post","link":"https:\/\/portalnpm.com\/index.php\/2020\/03\/19\/em-picos-procon-realiza-fiscalizacao-para-evitar-abusos-nos-precos-de-alcool-em-gel-e-mascaras\/","title":{"rendered":"Em Picos, Procon realiza fiscaliza\u00e7\u00e3o para evitar abusos nos pre\u00e7os de \u00e1lcool em gel e m\u00e1scaras"},"content":{"rendered":"<p class=\"texto-justificado \" style=\"text-align: justify;\">A Procuradoria de Prote\u00e7\u00e3o e Defesa do Consumidor (Procon) de Picos vai intensificar a fiscaliza\u00e7\u00e3o dos pre\u00e7os de \u00e1lcool em gel e m\u00e1scaras descart\u00e1veis nos estabelecimentos comerciais do munic\u00edpio.<\/p>\n<p>&nbsp;<\/p>\n<p class=\"texto-justificado \" style=\"text-align: justify;\">Devido a pandemia do novo Coronav\u00edrus, a procura por esses produtos t\u00eam crescido notadamente, esvaziando as prateleiras de com\u00e9rcios e farm\u00e1cias. Nesse contexto, o Procon atua para evitar o superfaturamento desses produtos em momentos de altas demandas.<\/p>\n<p><img fetchpriority=\"high\" decoding=\"async\" class=\"aligncenter size-full wp-image-18462\" src=\"http:\/\/portalnpm.com\/wp-content\/uploads\/2020\/03\/procon.jpg\" alt=\"\" width=\"300\" height=\"168\" \/><\/p>\n<p class=\"texto-justificado \" style=\"text-align: justify;\">O Procon disponibiliza canal de atendimento para realiza\u00e7\u00e3o de den\u00fancias sobre locais que estejam se aproveitando da situa\u00e7\u00e3o de pandemia para aumentar excessivamente o pre\u00e7o dos insumos.<\/p>\n<p class=\"texto-justificado \" style=\"text-align: justify;\">\u201c\u00c9 important\u00edssimo que a popula\u00e7\u00e3o denuncie a pr\u00e1tica de pre\u00e7os abusivos para que os \u00f3rg\u00e3os competentes possam tomar as provid\u00eancias cab\u00edveis\u201d, disse a Coordenadora do Procon, Susyanne Ara\u00fajo.<\/p>\n<p class=\"texto-justificado \" style=\"text-align: justify;\">As den\u00fancias devem ser feitas pelo telefone 3422-2397 ou pelo e-mail proconpicospi@gmail.com, tendo em vista que as atividades foram suspensas at\u00e9 o dia 01\/04\/2020, com a finalidade de evitar aglomera\u00e7\u00e3o de pessoas, em raz\u00e3o de combate a prolifera\u00e7\u00e3o do v\u00edrus.<\/p>\n<p class=\"texto-justificado \" style=\"text-align: justify;\">A Coordenadora ainda ressalta sobre como o v\u00edrus pode ser combatido sem a necessidade de comprar esses produtos.<\/p>\n<p class=\"texto-justificado \" style=\"text-align: justify;\">\u201cA orienta\u00e7\u00e3o das autoridades de sa\u00fade \u00e9 que as m\u00e1scaras sejam usadas s\u00f3 por profissionais de sa\u00fade, pessoas doentes ou que trabalhem como cuidadoras e que, portanto, a popula\u00e7\u00e3o em geral n\u00e3o necessita do uso dela. Salientar, tamb\u00e9m, que n\u00e3o h\u00e1 nada mais eficaz que lavar as m\u00e3os frequentemente com \u00e1gua e sab\u00e3o e que o \u00e1lcool em gel s\u00f3 deve ser usado em ocasi\u00f5es em que a lavagem n\u00e3o seja poss\u00edvel, como por exemplo: na rua, no carro, etc\u201d, frisa.<\/p>\n<p class=\"texto-justificado \" style=\"text-align: justify;\">O Procon de Picos funciona de segunda a sexta-feira, das 08:00 \u00e0s 12:00, no Centro Administrativo, localizado na Avenida An\u00edsio da Luz, n\u00ba 50, Bairro Ipueiras.<\/p>\n<p>Fonte: CCOM<\/p>\n","protected":false},"excerpt":{"rendered":"<p>A Procuradoria de Prote\u00e7\u00e3o e Defesa do Consumidor (Procon) de Picos vai intensificar a fiscaliza\u00e7\u00e3o dos pre\u00e7os de \u00e1lcool em gel e m\u00e1scaras descart\u00e1veis nos estabelecimentos comerciais do munic\u00edpio. &nbsp; Devido a pandemia do novo Coronav\u00edrus, a procura por esses produtos t\u00eam crescido notadamente, esvaziando as prateleiras de com\u00e9rcios e farm\u00e1cias. Nesse contexto, o Procon &hellip;<\/p>\n","protected":false},"author":8,"featured_media":18463,"comment_status":"open","ping_status":"open","sticky":false,"template":"","format":"standard","meta":{"content-type":"","rop_custom_images_group":[],"rop_custom_messages_group":[],"rop_publish_now":"initial","rop_publish_now_accounts":{"facebook_2648258775420054_1618374048415101":""},"rop_publish_now_history":[],"rop_publish_now_status":"pending","footnotes":"","_jetpack_memberships_contains_paid_content":false},"categories":[127],"tags":[1101,128,1142,1143],"yoast_head":"<!-- This site is optimized with the Yoast SEO plugin v22.3 - https:\/\/yoast.com\/wordpress\/plugins\/seo\/ -->\n<title>Em Picos, Procon realiza fiscaliza\u00e7\u00e3o para evitar abusos nos pre\u00e7os de \u00e1lcool em gel e m\u00e1scaras - Portal NPM<\/title>\n<meta name=\"robots\" content=\"index, follow, max-snippet:-1, max-image-preview:large, max-video-preview:-1\" \/>\n<link rel=\"canonical\" href=\"https:\/\/portalnpm.com\/index.php\/2020\/03\/19\/em-picos-procon-realiza-fiscalizacao-para-evitar-abusos-nos-precos-de-alcool-em-gel-e-mascaras\/\" \/>\n<meta property=\"og:locale\" content=\"pt_BR\" \/>\n<meta property=\"og:type\" content=\"article\" \/>\n<meta property=\"og:title\" content=\"Em Picos, Procon realiza fiscaliza\u00e7\u00e3o para evitar abusos nos pre\u00e7os de \u00e1lcool em gel e m\u00e1scaras - Portal NPM\" \/>\n<meta property=\"og:description\" content=\"A Procuradoria de Prote\u00e7\u00e3o e Defesa do Consumidor (Procon) de Picos vai intensificar a fiscaliza\u00e7\u00e3o dos pre\u00e7os de \u00e1lcool em gel e m\u00e1scaras descart\u00e1veis nos estabelecimentos comerciais do munic\u00edpio. &nbsp; Devido a pandemia do novo Coronav\u00edrus, a procura por esses produtos t\u00eam crescido notadamente, esvaziando as prateleiras de com\u00e9rcios e farm\u00e1cias. Nesse contexto, o Procon &hellip;\" \/>\n<meta property=\"og:url\" content=\"https:\/\/portalnpm.com\/index.php\/2020\/03\/19\/em-picos-procon-realiza-fiscalizacao-para-evitar-abusos-nos-precos-de-alcool-em-gel-e-mascaras\/\" \/>\n<meta property=\"og:site_name\" content=\"Portal NPM\" \/>\n<meta property=\"article:published_time\" content=\"2020-03-19T13:53:22+00:00\" \/>\n<meta name=\"author\" content=\"Zenilton Lima\" \/>\n<meta name=\"twitter:card\" content=\"summary_large_image\" \/>\n<meta name=\"twitter:label1\" content=\"Escrito por\" \/>\n\t<meta name=\"twitter:data1\" content=\"Zenilton Lima\" \/>\n\t<meta name=\"twitter:label2\" content=\"Est. tempo de leitura\" \/>\n\t<meta name=\"twitter:data2\" content=\"2 minutos\" \/>\n<script type=\"application\/ld+json\" class=\"yoast-schema-graph\">{\"@context\":\"https:\/\/schema.org\",\"@graph\":[{\"@type\":\"WebPage\",\"@id\":\"https:\/\/portalnpm.com\/index.php\/2020\/03\/19\/em-picos-procon-realiza-fiscalizacao-para-evitar-abusos-nos-precos-de-alcool-em-gel-e-mascaras\/\",\"url\":\"https:\/\/portalnpm.com\/index.php\/2020\/03\/19\/em-picos-procon-realiza-fiscalizacao-para-evitar-abusos-nos-precos-de-alcool-em-gel-e-mascaras\/\",\"name\":\"Em Picos, Procon realiza fiscaliza\u00e7\u00e3o para evitar abusos nos pre\u00e7os de \u00e1lcool em gel e m\u00e1scaras - Portal NPM\",\"isPartOf\":{\"@id\":\"https:\/\/portalnpm.com\/#website\"},\"primaryImageOfPage\":{\"@id\":\"https:\/\/portalnpm.com\/index.php\/2020\/03\/19\/em-picos-procon-realiza-fiscalizacao-para-evitar-abusos-nos-precos-de-alcool-em-gel-e-mascaras\/#primaryimage\"},\"image\":{\"@id\":\"https:\/\/portalnpm.com\/index.php\/2020\/03\/19\/em-picos-procon-realiza-fiscalizacao-para-evitar-abusos-nos-precos-de-alcool-em-gel-e-mascaras\/#primaryimage\"},\"thumbnailUrl\":\"\",\"datePublished\":\"2020-03-19T13:53:22+00:00\",\"dateModified\":\"2020-03-19T13:53:22+00:00\",\"author\":{\"@id\":\"https:\/\/portalnpm.com\/#\/schema\/person\/35cb55186eae3f074b6783da6d35591e\"},\"breadcrumb\":{\"@id\":\"https:\/\/portalnpm.com\/index.php\/2020\/03\/19\/em-picos-procon-realiza-fiscalizacao-para-evitar-abusos-nos-precos-de-alcool-em-gel-e-mascaras\/#breadcrumb\"},\"inLanguage\":\"pt-BR\",\"potentialAction\":[{\"@type\":\"ReadAction\",\"target\":[\"https:\/\/portalnpm.com\/index.php\/2020\/03\/19\/em-picos-procon-realiza-fiscalizacao-para-evitar-abusos-nos-precos-de-alcool-em-gel-e-mascaras\/\"]}]},{\"@type\":\"ImageObject\",\"inLanguage\":\"pt-BR\",\"@id\":\"https:\/\/portalnpm.com\/index.php\/2020\/03\/19\/em-picos-procon-realiza-fiscalizacao-para-evitar-abusos-nos-precos-de-alcool-em-gel-e-mascaras\/#primaryimage\",\"url\":\"\",\"contentUrl\":\"\"},{\"@type\":\"BreadcrumbList\",\"@id\":\"https:\/\/portalnpm.com\/index.php\/2020\/03\/19\/em-picos-procon-realiza-fiscalizacao-para-evitar-abusos-nos-precos-de-alcool-em-gel-e-mascaras\/#breadcrumb\",\"itemListElement\":[{\"@type\":\"ListItem\",\"position\":1,\"name\":\"In\u00edcio\",\"item\":\"https:\/\/portalnpm.com\/\"},{\"@type\":\"ListItem\",\"position\":2,\"name\":\"Em Picos, Procon realiza fiscaliza\u00e7\u00e3o para evitar abusos nos pre\u00e7os de \u00e1lcool em gel e m\u00e1scaras\"}]},{\"@type\":\"WebSite\",\"@id\":\"https:\/\/portalnpm.com\/#website\",\"url\":\"https:\/\/portalnpm.com\/\",\"name\":\"Portal NPM\",\"description\":\"Not\u00edcias em Primeira M\u00e3o\",\"potentialAction\":[{\"@type\":\"SearchAction\",\"target\":{\"@type\":\"EntryPoint\",\"urlTemplate\":\"https:\/\/portalnpm.com\/?s={search_term_string}\"},\"query-input\":\"required name=search_term_string\"}],\"inLanguage\":\"pt-BR\"},{\"@type\":\"Person\",\"@id\":\"https:\/\/portalnpm.com\/#\/schema\/person\/35cb55186eae3f074b6783da6d35591e\",\"name\":\"Zenilton Lima\",\"image\":{\"@type\":\"ImageObject\",\"inLanguage\":\"pt-BR\",\"@id\":\"https:\/\/portalnpm.com\/#\/schema\/person\/image\/\",\"url\":\"https:\/\/portalnpm.com\/wp-content\/uploads\/2024\/12\/avatar_user_8_1733658137-96x96.jpeg\",\"contentUrl\":\"https:\/\/portalnpm.com\/wp-content\/uploads\/2024\/12\/avatar_user_8_1733658137-96x96.jpeg\",\"caption\":\"Zenilton Lima\"},\"url\":\"https:\/\/portalnpm.com\/index.php\/author\/zenilton\/\"}]}<\/script>\n<!-- \/ Yoast SEO plugin. -->","yoast_head_json":{"title":"Em Picos, Procon realiza fiscaliza\u00e7\u00e3o para evitar abusos nos pre\u00e7os de \u00e1lcool em gel e m\u00e1scaras - Portal NPM","robots":{"index":"index","follow":"follow","max-snippet":"max-snippet:-1","max-image-preview":"max-image-preview:large","max-video-preview":"max-video-preview:-1"},"canonical":"https:\/\/portalnpm.com\/index.php\/2020\/03\/19\/em-picos-procon-realiza-fiscalizacao-para-evitar-abusos-nos-precos-de-alcool-em-gel-e-mascaras\/","og_locale":"pt_BR","og_type":"article","og_title":"Em Picos, Procon realiza fiscaliza\u00e7\u00e3o para evitar abusos nos pre\u00e7os de \u00e1lcool em gel e m\u00e1scaras - Portal NPM","og_description":"A Procuradoria de Prote\u00e7\u00e3o e Defesa do Consumidor (Procon) de Picos vai intensificar a fiscaliza\u00e7\u00e3o dos pre\u00e7os de \u00e1lcool em gel e m\u00e1scaras descart\u00e1veis nos estabelecimentos comerciais do munic\u00edpio. &nbsp; Devido a pandemia do novo Coronav\u00edrus, a procura por esses produtos t\u00eam crescido notadamente, esvaziando as prateleiras de com\u00e9rcios e farm\u00e1cias. Nesse contexto, o Procon &hellip;","og_url":"https:\/\/portalnpm.com\/index.php\/2020\/03\/19\/em-picos-procon-realiza-fiscalizacao-para-evitar-abusos-nos-precos-de-alcool-em-gel-e-mascaras\/","og_site_name":"Portal NPM","article_published_time":"2020-03-19T13:53:22+00:00","author":"Zenilton Lima","twitter_card":"summary_large_image","twitter_misc":{"Escrito por":"Zenilton Lima","Est. tempo de leitura":"2 minutos"},"schema":{"@context":"https:\/\/schema.org","@graph":[{"@type":"WebPage","@id":"https:\/\/portalnpm.com\/index.php\/2020\/03\/19\/em-picos-procon-realiza-fiscalizacao-para-evitar-abusos-nos-precos-de-alcool-em-gel-e-mascaras\/","url":"https:\/\/portalnpm.com\/index.php\/2020\/03\/19\/em-picos-procon-realiza-fiscalizacao-para-evitar-abusos-nos-precos-de-alcool-em-gel-e-mascaras\/","name":"Em Picos, Procon realiza fiscaliza\u00e7\u00e3o para evitar abusos nos pre\u00e7os de \u00e1lcool em gel e m\u00e1scaras - Portal NPM","isPartOf":{"@id":"https:\/\/portalnpm.com\/#website"},"primaryImageOfPage":{"@id":"https:\/\/portalnpm.com\/index.php\/2020\/03\/19\/em-picos-procon-realiza-fiscalizacao-para-evitar-abusos-nos-precos-de-alcool-em-gel-e-mascaras\/#primaryimage"},"image":{"@id":"https:\/\/portalnpm.com\/index.php\/2020\/03\/19\/em-picos-procon-realiza-fiscalizacao-para-evitar-abusos-nos-precos-de-alcool-em-gel-e-mascaras\/#primaryimage"},"thumbnailUrl":"","datePublished":"2020-03-19T13:53:22+00:00","dateModified":"2020-03-19T13:53:22+00:00","author":{"@id":"https:\/\/portalnpm.com\/#\/schema\/person\/35cb55186eae3f074b6783da6d35591e"},"breadcrumb":{"@id":"https:\/\/portalnpm.com\/index.php\/2020\/03\/19\/em-picos-procon-realiza-fiscalizacao-para-evitar-abusos-nos-precos-de-alcool-em-gel-e-mascaras\/#breadcrumb"},"inLanguage":"pt-BR","potentialAction":[{"@type":"ReadAction","target":["https:\/\/portalnpm.com\/index.php\/2020\/03\/19\/em-picos-procon-realiza-fiscalizacao-para-evitar-abusos-nos-precos-de-alcool-em-gel-e-mascaras\/"]}]},{"@type":"ImageObject","inLanguage":"pt-BR","@id":"https:\/\/portalnpm.com\/index.php\/2020\/03\/19\/em-picos-procon-realiza-fiscalizacao-para-evitar-abusos-nos-precos-de-alcool-em-gel-e-mascaras\/#primaryimage","url":"","contentUrl":""},{"@type":"BreadcrumbList","@id":"https:\/\/portalnpm.com\/index.php\/2020\/03\/19\/em-picos-procon-realiza-fiscalizacao-para-evitar-abusos-nos-precos-de-alcool-em-gel-e-mascaras\/#breadcrumb","itemListElement":[{"@type":"ListItem","position":1,"name":"In\u00edcio","item":"https:\/\/portalnpm.com\/"},{"@type":"ListItem","position":2,"name":"Em Picos, Procon realiza fiscaliza\u00e7\u00e3o para evitar abusos nos pre\u00e7os de \u00e1lcool em gel e m\u00e1scaras"}]},{"@type":"WebSite","@id":"https:\/\/portalnpm.com\/#website","url":"https:\/\/portalnpm.com\/","name":"Portal NPM","description":"Not\u00edcias em Primeira M\u00e3o","potentialAction":[{"@type":"SearchAction","target":{"@type":"EntryPoint","urlTemplate":"https:\/\/portalnpm.com\/?s={search_term_string}"},"query-input":"required name=search_term_string"}],"inLanguage":"pt-BR"},{"@type":"Person","@id":"https:\/\/portalnpm.com\/#\/schema\/person\/35cb55186eae3f074b6783da6d35591e","name":"Zenilton Lima","image":{"@type":"ImageObject","inLanguage":"pt-BR","@id":"https:\/\/portalnpm.com\/#\/schema\/person\/image\/","url":"https:\/\/portalnpm.com\/wp-content\/uploads\/2024\/12\/avatar_user_8_1733658137-96x96.jpeg","contentUrl":"https:\/\/portalnpm.com\/wp-content\/uploads\/2024\/12\/avatar_user_8_1733658137-96x96.jpeg","caption":"Zenilton Lima"},"url":"https:\/\/portalnpm.com\/index.php\/author\/zenilton\/"}]}},"jetpack_sharing_enabled":true,"jetpack_featured_media_url":"","_links":{"self":[{"href":"https:\/\/portalnpm.com\/index.php\/wp-json\/wp\/v2\/posts\/18461"}],"collection":[{"href":"https:\/\/portalnpm.com\/index.php\/wp-json\/wp\/v2\/posts"}],"about":[{"href":"https:\/\/portalnpm.com\/index.php\/wp-json\/wp\/v2\/types\/post"}],"author":[{"embeddable":true,"href":"https:\/\/portalnpm.com\/index.php\/wp-json\/wp\/v2\/users\/8"}],"replies":[{"embeddable":true,"href":"https:\/\/portalnpm.com\/index.php\/wp-json\/wp\/v2\/comments?post=18461"}],"version-history":[{"count":0,"href":"https:\/\/portalnpm.com\/index.php\/wp-json\/wp\/v2\/posts\/18461\/revisions"}],"wp:featuredmedia":[{"embeddable":true,"href":"https:\/\/portalnpm.com\/index.php\/wp-json\/"}],"wp:attachment":[{"href":"https:\/\/portalnpm.com\/index.php\/wp-json\/wp\/v2\/media?parent=18461"}],"wp:term":[{"taxonomy":"category","embeddable":true,"href":"https:\/\/portalnpm.com\/index.php\/wp-json\/wp\/v2\/categories?post=18461"},{"taxonomy":"post_tag","embeddable":true,"href":"https:\/\/portalnpm.com\/index.php\/wp-json\/wp\/v2\/tags?post=18461"}],"curies":[{"name":"wp","href":"https:\/\/api.w.org\/{rel}","templated":true}]}}