{"id":18489,"date":"2020-03-19T11:41:32","date_gmt":"2020-03-19T14:41:32","guid":{"rendered":"http:\/\/srv.portalnpm.com.br\/?p=18489"},"modified":"2020-03-19T11:41:32","modified_gmt":"2020-03-19T14:41:32","slug":"diocese-de-picos-emite-nota-suspendendo-missas-com-presenca-da-comunidade","status":"publish","type":"post","link":"https:\/\/portalnpm.com\/index.php\/2020\/03\/19\/diocese-de-picos-emite-nota-suspendendo-missas-com-presenca-da-comunidade\/","title":{"rendered":"Diocese de Picos emite nota suspendendo missas com presen\u00e7a da comunidade"},"content":{"rendered":"<p style=\"text-align: justify;\">No final da tarde desta quarta-feira (18) a Diocese de Picos emitiu nota informando a\u00e7\u00f5es que ser\u00e3o adotadas pelas par\u00f3quias e \u00e1reas pastorais em preven\u00e7\u00e3o ao Covid-19 (Coronav\u00edrus). Entre as medidas est\u00e3o a suspens\u00e3o de missas com a presen\u00e7a de fieis, prociss\u00f5es e demais eventos religiosos com aglomera\u00e7\u00e3o de pessoas.<\/p>\n<p style=\"text-align: justify;\">As missas durante esse per\u00edodo de avan\u00e7o da doen\u00e7a ser\u00e3o acompanhadas pela comunidade, em suas resid\u00eancias, atrav\u00e9s dos meios de comunica\u00e7\u00e3o: TV, R\u00e1dio, e demais redes sociais virtuais.<\/p>\n<p style=\"text-align: justify;\">O bispo Diocesano de Picos, Dom Pl\u00ednio Jos\u00e9 da Luz, destacou que as a\u00e7\u00f5es preventivas s\u00e3o adotadas visto o risco de prolifera\u00e7\u00e3o do Covid-19.<\/p>\n<div style=\"width: 640px;\" class=\"wp-video\"><!--[if lt IE 9]><script>document.createElement('video');<\/script><![endif]-->\n<video class=\"wp-video-shortcode\" id=\"video-18489-1\" width=\"640\" height=\"352\" preload=\"metadata\" controls=\"controls\"><source type=\"video\/mp4\" src=\"http:\/\/portalnpm.com\/wp-content\/uploads\/2020\/03\/WhatsApp-Video-2020-03-19-at-07_58_21.mp4?_=1\" \/><a href=\"http:\/\/portalnpm.com\/wp-content\/uploads\/2020\/03\/WhatsApp-Video-2020-03-19-at-07_58_21.mp4\">http:\/\/portalnpm.com\/wp-content\/uploads\/2020\/03\/WhatsApp-Video-2020-03-19-at-07_58_21.mp4<\/a><\/video><\/div>\n<p><img fetchpriority=\"high\" decoding=\"async\" class=\"aligncenter size-full wp-image-18491\" src=\"http:\/\/portalnpm.com\/wp-content\/uploads\/2020\/03\/cd8dbbdf-17e4-4420-9115-152a5c548b20.jpg\" alt=\"\" width=\"720\" height=\"1045\" \/><\/p>\n<p style=\"text-align: justify;\">Dom Pl\u00ednio frisou que a Diocese de Picos est\u00e1 seguindo e sendo pautada pelas orienta\u00e7\u00f5es oficiais dos \u00f3rg\u00e3os competentes.<\/p>\n<p style=\"text-align: justify;\"><strong>Fonte: Folha Atual<\/strong><\/p>\n","protected":false},"excerpt":{"rendered":"<p>No final da tarde desta quarta-feira (18) a Diocese de Picos emitiu nota informando a\u00e7\u00f5es que ser\u00e3o adotadas pelas par\u00f3quias e \u00e1reas pastorais em preven\u00e7\u00e3o ao Covid-19 (Coronav\u00edrus). Entre as medidas est\u00e3o a suspens\u00e3o de missas com a presen\u00e7a de fieis, prociss\u00f5es e demais eventos religiosos com aglomera\u00e7\u00e3o de pessoas. As missas durante esse per\u00edodo &hellip;<\/p>\n","protected":false},"author":8,"featured_media":18492,"comment_status":"open","ping_status":"open","sticky":false,"template":"","format":"standard","meta":{"content-type":"","rop_custom_images_group":[],"rop_custom_messages_group":[],"rop_publish_now":"initial","rop_publish_now_accounts":{"facebook_2648258775420054_1618374048415101":""},"rop_publish_now_history":[],"rop_publish_now_status":"pending","footnotes":"","_jetpack_memberships_contains_paid_content":false},"categories":[127],"tags":[3900,1613,3901,790,128,3902],"yoast_head":"<!-- This site is optimized with the Yoast SEO plugin v22.3 - https:\/\/yoast.com\/wordpress\/plugins\/seo\/ -->\n<title>Diocese de Picos emite nota suspendendo missas com presen\u00e7a da comunidade - Portal NPM<\/title>\n<meta name=\"robots\" content=\"index, follow, max-snippet:-1, max-image-preview:large, max-video-preview:-1\" \/>\n<link rel=\"canonical\" href=\"https:\/\/portalnpm.com\/index.php\/2020\/03\/19\/diocese-de-picos-emite-nota-suspendendo-missas-com-presenca-da-comunidade\/\" \/>\n<meta property=\"og:locale\" content=\"pt_BR\" \/>\n<meta property=\"og:type\" content=\"article\" \/>\n<meta property=\"og:title\" content=\"Diocese de Picos emite nota suspendendo missas com presen\u00e7a da comunidade - Portal NPM\" \/>\n<meta property=\"og:description\" content=\"No final da tarde desta quarta-feira (18) a Diocese de Picos emitiu nota informando a\u00e7\u00f5es que ser\u00e3o adotadas pelas par\u00f3quias e \u00e1reas pastorais em preven\u00e7\u00e3o ao Covid-19 (Coronav\u00edrus). Entre as medidas est\u00e3o a suspens\u00e3o de missas com a presen\u00e7a de fieis, prociss\u00f5es e demais eventos religiosos com aglomera\u00e7\u00e3o de pessoas. As missas durante esse per\u00edodo &hellip;\" \/>\n<meta property=\"og:url\" content=\"https:\/\/portalnpm.com\/index.php\/2020\/03\/19\/diocese-de-picos-emite-nota-suspendendo-missas-com-presenca-da-comunidade\/\" \/>\n<meta property=\"og:site_name\" content=\"Portal NPM\" \/>\n<meta property=\"article:published_time\" content=\"2020-03-19T14:41:32+00:00\" \/>\n<meta name=\"author\" content=\"Zenilton Lima\" \/>\n<meta name=\"twitter:card\" content=\"summary_large_image\" \/>\n<meta name=\"twitter:label1\" content=\"Escrito por\" \/>\n\t<meta name=\"twitter:data1\" content=\"Zenilton Lima\" \/>\n\t<meta name=\"twitter:label2\" content=\"Est. tempo de leitura\" \/>\n\t<meta name=\"twitter:data2\" content=\"1 minuto\" \/>\n<script type=\"application\/ld+json\" class=\"yoast-schema-graph\">{\"@context\":\"https:\/\/schema.org\",\"@graph\":[{\"@type\":\"WebPage\",\"@id\":\"https:\/\/portalnpm.com\/index.php\/2020\/03\/19\/diocese-de-picos-emite-nota-suspendendo-missas-com-presenca-da-comunidade\/\",\"url\":\"https:\/\/portalnpm.com\/index.php\/2020\/03\/19\/diocese-de-picos-emite-nota-suspendendo-missas-com-presenca-da-comunidade\/\",\"name\":\"Diocese de Picos emite nota suspendendo missas com presen\u00e7a da comunidade - Portal NPM\",\"isPartOf\":{\"@id\":\"https:\/\/portalnpm.com\/#website\"},\"primaryImageOfPage\":{\"@id\":\"https:\/\/portalnpm.com\/index.php\/2020\/03\/19\/diocese-de-picos-emite-nota-suspendendo-missas-com-presenca-da-comunidade\/#primaryimage\"},\"image\":{\"@id\":\"https:\/\/portalnpm.com\/index.php\/2020\/03\/19\/diocese-de-picos-emite-nota-suspendendo-missas-com-presenca-da-comunidade\/#primaryimage\"},\"thumbnailUrl\":\"\",\"datePublished\":\"2020-03-19T14:41:32+00:00\",\"dateModified\":\"2020-03-19T14:41:32+00:00\",\"author\":{\"@id\":\"https:\/\/portalnpm.com\/#\/schema\/person\/35cb55186eae3f074b6783da6d35591e\"},\"breadcrumb\":{\"@id\":\"https:\/\/portalnpm.com\/index.php\/2020\/03\/19\/diocese-de-picos-emite-nota-suspendendo-missas-com-presenca-da-comunidade\/#breadcrumb\"},\"inLanguage\":\"pt-BR\",\"potentialAction\":[{\"@type\":\"ReadAction\",\"target\":[\"https:\/\/portalnpm.com\/index.php\/2020\/03\/19\/diocese-de-picos-emite-nota-suspendendo-missas-com-presenca-da-comunidade\/\"]}]},{\"@type\":\"ImageObject\",\"inLanguage\":\"pt-BR\",\"@id\":\"https:\/\/portalnpm.com\/index.php\/2020\/03\/19\/diocese-de-picos-emite-nota-suspendendo-missas-com-presenca-da-comunidade\/#primaryimage\",\"url\":\"\",\"contentUrl\":\"\"},{\"@type\":\"BreadcrumbList\",\"@id\":\"https:\/\/portalnpm.com\/index.php\/2020\/03\/19\/diocese-de-picos-emite-nota-suspendendo-missas-com-presenca-da-comunidade\/#breadcrumb\",\"itemListElement\":[{\"@type\":\"ListItem\",\"position\":1,\"name\":\"In\u00edcio\",\"item\":\"https:\/\/portalnpm.com\/\"},{\"@type\":\"ListItem\",\"position\":2,\"name\":\"Diocese de Picos emite nota suspendendo missas com presen\u00e7a da comunidade\"}]},{\"@type\":\"WebSite\",\"@id\":\"https:\/\/portalnpm.com\/#website\",\"url\":\"https:\/\/portalnpm.com\/\",\"name\":\"Portal NPM\",\"description\":\"Not\u00edcias em Primeira M\u00e3o\",\"potentialAction\":[{\"@type\":\"SearchAction\",\"target\":{\"@type\":\"EntryPoint\",\"urlTemplate\":\"https:\/\/portalnpm.com\/?s={search_term_string}\"},\"query-input\":\"required name=search_term_string\"}],\"inLanguage\":\"pt-BR\"},{\"@type\":\"Person\",\"@id\":\"https:\/\/portalnpm.com\/#\/schema\/person\/35cb55186eae3f074b6783da6d35591e\",\"name\":\"Zenilton Lima\",\"image\":{\"@type\":\"ImageObject\",\"inLanguage\":\"pt-BR\",\"@id\":\"https:\/\/portalnpm.com\/#\/schema\/person\/image\/\",\"url\":\"https:\/\/portalnpm.com\/wp-content\/uploads\/2024\/12\/avatar_user_8_1733658137-96x96.jpeg\",\"contentUrl\":\"https:\/\/portalnpm.com\/wp-content\/uploads\/2024\/12\/avatar_user_8_1733658137-96x96.jpeg\",\"caption\":\"Zenilton Lima\"},\"url\":\"https:\/\/portalnpm.com\/index.php\/author\/zenilton\/\"}]}<\/script>\n<!-- \/ Yoast SEO plugin. -->","yoast_head_json":{"title":"Diocese de Picos emite nota suspendendo missas com presen\u00e7a da comunidade - Portal NPM","robots":{"index":"index","follow":"follow","max-snippet":"max-snippet:-1","max-image-preview":"max-image-preview:large","max-video-preview":"max-video-preview:-1"},"canonical":"https:\/\/portalnpm.com\/index.php\/2020\/03\/19\/diocese-de-picos-emite-nota-suspendendo-missas-com-presenca-da-comunidade\/","og_locale":"pt_BR","og_type":"article","og_title":"Diocese de Picos emite nota suspendendo missas com presen\u00e7a da comunidade - Portal NPM","og_description":"No final da tarde desta quarta-feira (18) a Diocese de Picos emitiu nota informando a\u00e7\u00f5es que ser\u00e3o adotadas pelas par\u00f3quias e \u00e1reas pastorais em preven\u00e7\u00e3o ao Covid-19 (Coronav\u00edrus). Entre as medidas est\u00e3o a suspens\u00e3o de missas com a presen\u00e7a de fieis, prociss\u00f5es e demais eventos religiosos com aglomera\u00e7\u00e3o de pessoas. As missas durante esse per\u00edodo &hellip;","og_url":"https:\/\/portalnpm.com\/index.php\/2020\/03\/19\/diocese-de-picos-emite-nota-suspendendo-missas-com-presenca-da-comunidade\/","og_site_name":"Portal NPM","article_published_time":"2020-03-19T14:41:32+00:00","author":"Zenilton Lima","twitter_card":"summary_large_image","twitter_misc":{"Escrito por":"Zenilton Lima","Est. tempo de leitura":"1 minuto"},"schema":{"@context":"https:\/\/schema.org","@graph":[{"@type":"WebPage","@id":"https:\/\/portalnpm.com\/index.php\/2020\/03\/19\/diocese-de-picos-emite-nota-suspendendo-missas-com-presenca-da-comunidade\/","url":"https:\/\/portalnpm.com\/index.php\/2020\/03\/19\/diocese-de-picos-emite-nota-suspendendo-missas-com-presenca-da-comunidade\/","name":"Diocese de Picos emite nota suspendendo missas com presen\u00e7a da comunidade - Portal NPM","isPartOf":{"@id":"https:\/\/portalnpm.com\/#website"},"primaryImageOfPage":{"@id":"https:\/\/portalnpm.com\/index.php\/2020\/03\/19\/diocese-de-picos-emite-nota-suspendendo-missas-com-presenca-da-comunidade\/#primaryimage"},"image":{"@id":"https:\/\/portalnpm.com\/index.php\/2020\/03\/19\/diocese-de-picos-emite-nota-suspendendo-missas-com-presenca-da-comunidade\/#primaryimage"},"thumbnailUrl":"","datePublished":"2020-03-19T14:41:32+00:00","dateModified":"2020-03-19T14:41:32+00:00","author":{"@id":"https:\/\/portalnpm.com\/#\/schema\/person\/35cb55186eae3f074b6783da6d35591e"},"breadcrumb":{"@id":"https:\/\/portalnpm.com\/index.php\/2020\/03\/19\/diocese-de-picos-emite-nota-suspendendo-missas-com-presenca-da-comunidade\/#breadcrumb"},"inLanguage":"pt-BR","potentialAction":[{"@type":"ReadAction","target":["https:\/\/portalnpm.com\/index.php\/2020\/03\/19\/diocese-de-picos-emite-nota-suspendendo-missas-com-presenca-da-comunidade\/"]}]},{"@type":"ImageObject","inLanguage":"pt-BR","@id":"https:\/\/portalnpm.com\/index.php\/2020\/03\/19\/diocese-de-picos-emite-nota-suspendendo-missas-com-presenca-da-comunidade\/#primaryimage","url":"","contentUrl":""},{"@type":"BreadcrumbList","@id":"https:\/\/portalnpm.com\/index.php\/2020\/03\/19\/diocese-de-picos-emite-nota-suspendendo-missas-com-presenca-da-comunidade\/#breadcrumb","itemListElement":[{"@type":"ListItem","position":1,"name":"In\u00edcio","item":"https:\/\/portalnpm.com\/"},{"@type":"ListItem","position":2,"name":"Diocese de Picos emite nota suspendendo missas com presen\u00e7a da comunidade"}]},{"@type":"WebSite","@id":"https:\/\/portalnpm.com\/#website","url":"https:\/\/portalnpm.com\/","name":"Portal NPM","description":"Not\u00edcias em Primeira M\u00e3o","potentialAction":[{"@type":"SearchAction","target":{"@type":"EntryPoint","urlTemplate":"https:\/\/portalnpm.com\/?s={search_term_string}"},"query-input":"required name=search_term_string"}],"inLanguage":"pt-BR"},{"@type":"Person","@id":"https:\/\/portalnpm.com\/#\/schema\/person\/35cb55186eae3f074b6783da6d35591e","name":"Zenilton Lima","image":{"@type":"ImageObject","inLanguage":"pt-BR","@id":"https:\/\/portalnpm.com\/#\/schema\/person\/image\/","url":"https:\/\/portalnpm.com\/wp-content\/uploads\/2024\/12\/avatar_user_8_1733658137-96x96.jpeg","contentUrl":"https:\/\/portalnpm.com\/wp-content\/uploads\/2024\/12\/avatar_user_8_1733658137-96x96.jpeg","caption":"Zenilton Lima"},"url":"https:\/\/portalnpm.com\/index.php\/author\/zenilton\/"}]}},"jetpack_sharing_enabled":true,"jetpack_featured_media_url":"","_links":{"self":[{"href":"https:\/\/portalnpm.com\/index.php\/wp-json\/wp\/v2\/posts\/18489"}],"collection":[{"href":"https:\/\/portalnpm.com\/index.php\/wp-json\/wp\/v2\/posts"}],"about":[{"href":"https:\/\/portalnpm.com\/index.php\/wp-json\/wp\/v2\/types\/post"}],"author":[{"embeddable":true,"href":"https:\/\/portalnpm.com\/index.php\/wp-json\/wp\/v2\/users\/8"}],"replies":[{"embeddable":true,"href":"https:\/\/portalnpm.com\/index.php\/wp-json\/wp\/v2\/comments?post=18489"}],"version-history":[{"count":0,"href":"https:\/\/portalnpm.com\/index.php\/wp-json\/wp\/v2\/posts\/18489\/revisions"}],"wp:featuredmedia":[{"embeddable":true,"href":"https:\/\/portalnpm.com\/index.php\/wp-json\/"}],"wp:attachment":[{"href":"https:\/\/portalnpm.com\/index.php\/wp-json\/wp\/v2\/media?parent=18489"}],"wp:term":[{"taxonomy":"category","embeddable":true,"href":"https:\/\/portalnpm.com\/index.php\/wp-json\/wp\/v2\/categories?post=18489"},{"taxonomy":"post_tag","embeddable":true,"href":"https:\/\/portalnpm.com\/index.php\/wp-json\/wp\/v2\/tags?post=18489"}],"curies":[{"name":"wp","href":"https:\/\/api.w.org\/{rel}","templated":true}]}}