{"id":1851,"date":"2018-10-20T13:11:35","date_gmt":"2018-10-20T16:11:35","guid":{"rendered":"http:\/\/srv.portalnpm.com.br\/?p=1851"},"modified":"2018-10-20T13:11:35","modified_gmt":"2018-10-20T16:11:35","slug":"bolsonaro-defende-que-psl-fique-fora-da-presidencia-da-camara","status":"publish","type":"post","link":"https:\/\/portalnpm.com\/index.php\/2018\/10\/20\/bolsonaro-defende-que-psl-fique-fora-da-presidencia-da-camara\/","title":{"rendered":"Bolsonaro defende que PSL fique fora da Presid\u00eancia da C\u00e2mara"},"content":{"rendered":"<p style=\"text-align: justify;\"><strong>RIO DE JANEIRO, RJ (FOLHAPRESS)<\/strong> &#8211; Com a segunda maior bancada da C\u00e2mara, o PSL n\u00e3o deve assumir a Presid\u00eancia da Casa, \u00e9 o que defende o presidenci\u00e1vel Jair Bolsonaro.<\/p>\n<p>Em entrevista \u00e0 Radio Folha de Pernambuco, o candidato do PSL disse que a legenda deve buscar a forma\u00e7\u00e3o de uma base e, para isso, a C\u00e2mara deve ser presidida por algu\u00e9m de outro partido.<\/p>\n<p>Diante disso, ele negou a possibilidade de o deputado federal eleito Luciano Bivar (PE), que \u00e9 presidente licenciado do PSL, comandar a Casa.<\/p>\n<p>O nome de Bivar, que cedeu a presid\u00eancia do partido a aliados de Bolsonaro, circulava como poss\u00edvel candidato \u00e0 presid\u00eancia da C\u00e2mara.<\/p>\n<p>&#8220;Com todo o carinho que eu tenho para o Luciano Bivar, acredito que ele ter\u00e1 um lugar na mesa conosco, mas a presid\u00eancia da C\u00e2mara, no meu entender, teria que ser de outro partido para exatamente a gente ir formando uma base la dentro. &#8221;<\/p>\n<p>Ele negou ainda ter conversado com o atual presidente da C\u00e2mara, Rodrigo Maia (DEM-RJ), para firmar um acordo de apoio a ele para um novo mandato no cargo em 2019.<\/p>\n<p>&#8220;Nunca conversei com Rodrigo Maia, nunca conversei como ele assunto nenhum&#8221;, disse.<\/p>\n<p>Bolsonaro disse ainda que um presidente eleito &#8220;n\u00e3o pode interferir nas elei\u00e7\u00f5es da C\u00e2mara ou do Senado&#8221; .<\/p>\n","protected":false},"excerpt":{"rendered":"<p>RIO DE JANEIRO, RJ (FOLHAPRESS) &#8211; Com a segunda maior bancada da C\u00e2mara, o PSL n\u00e3o deve assumir a Presid\u00eancia da Casa, \u00e9 o que defende o presidenci\u00e1vel Jair Bolsonaro. Em entrevista \u00e0 Radio Folha de Pernambuco, o candidato do PSL disse que a legenda deve buscar a forma\u00e7\u00e3o de uma base e, para isso, &hellip;<\/p>\n","protected":false},"author":4,"featured_media":1841,"comment_status":"open","ping_status":"open","sticky":false,"template":"","format":"standard","meta":{"content-type":"","rop_custom_images_group":[],"rop_custom_messages_group":[],"rop_publish_now":"initial","rop_publish_now_accounts":{"facebook_2648258775420054_1618374048415101":""},"rop_publish_now_history":[],"rop_publish_now_status":"pending","footnotes":"","_jetpack_memberships_contains_paid_content":false},"categories":[113,130],"tags":[680,1040,1041],"yoast_head":"<!-- This site is optimized with the Yoast SEO plugin v22.3 - https:\/\/yoast.com\/wordpress\/plugins\/seo\/ -->\n<title>Bolsonaro defende que PSL fique fora da Presid\u00eancia da C\u00e2mara - Portal NPM<\/title>\n<meta name=\"robots\" content=\"index, follow, max-snippet:-1, max-image-preview:large, max-video-preview:-1\" \/>\n<link rel=\"canonical\" href=\"https:\/\/portalnpm.com\/index.php\/2018\/10\/20\/bolsonaro-defende-que-psl-fique-fora-da-presidencia-da-camara\/\" \/>\n<meta property=\"og:locale\" content=\"pt_BR\" \/>\n<meta property=\"og:type\" content=\"article\" \/>\n<meta property=\"og:title\" content=\"Bolsonaro defende que PSL fique fora da Presid\u00eancia da C\u00e2mara - Portal NPM\" \/>\n<meta property=\"og:description\" content=\"RIO DE JANEIRO, RJ (FOLHAPRESS) &#8211; Com a segunda maior bancada da C\u00e2mara, o PSL n\u00e3o deve assumir a Presid\u00eancia da Casa, \u00e9 o que defende o presidenci\u00e1vel Jair Bolsonaro. Em entrevista \u00e0 Radio Folha de Pernambuco, o candidato do PSL disse que a legenda deve buscar a forma\u00e7\u00e3o de uma base e, para isso, &hellip;\" \/>\n<meta property=\"og:url\" content=\"https:\/\/portalnpm.com\/index.php\/2018\/10\/20\/bolsonaro-defende-que-psl-fique-fora-da-presidencia-da-camara\/\" \/>\n<meta property=\"og:site_name\" content=\"Portal NPM\" \/>\n<meta property=\"article:published_time\" content=\"2018-10-20T16:11:35+00:00\" \/>\n<meta property=\"og:image\" content=\"https:\/\/portalnpm.com\/wp-content\/uploads\/2018\/10\/750_politica-bolsonaro-alta_2018101695335922.jpg\" \/>\n\t<meta property=\"og:image:width\" content=\"750\" \/>\n\t<meta property=\"og:image:height\" content=\"500\" \/>\n\t<meta property=\"og:image:type\" content=\"image\/jpeg\" \/>\n<meta name=\"author\" content=\"Reda\u00e7\u00e3o\" \/>\n<meta name=\"twitter:card\" content=\"summary_large_image\" \/>\n<meta name=\"twitter:label1\" content=\"Escrito por\" \/>\n\t<meta name=\"twitter:data1\" content=\"Reda\u00e7\u00e3o\" \/>\n\t<meta name=\"twitter:label2\" content=\"Est. tempo de leitura\" \/>\n\t<meta name=\"twitter:data2\" content=\"1 minuto\" \/>\n<script type=\"application\/ld+json\" class=\"yoast-schema-graph\">{\"@context\":\"https:\/\/schema.org\",\"@graph\":[{\"@type\":\"WebPage\",\"@id\":\"https:\/\/portalnpm.com\/index.php\/2018\/10\/20\/bolsonaro-defende-que-psl-fique-fora-da-presidencia-da-camara\/\",\"url\":\"https:\/\/portalnpm.com\/index.php\/2018\/10\/20\/bolsonaro-defende-que-psl-fique-fora-da-presidencia-da-camara\/\",\"name\":\"Bolsonaro defende que PSL fique fora da Presid\u00eancia da C\u00e2mara - Portal NPM\",\"isPartOf\":{\"@id\":\"https:\/\/portalnpm.com\/#website\"},\"primaryImageOfPage\":{\"@id\":\"https:\/\/portalnpm.com\/index.php\/2018\/10\/20\/bolsonaro-defende-que-psl-fique-fora-da-presidencia-da-camara\/#primaryimage\"},\"image\":{\"@id\":\"https:\/\/portalnpm.com\/index.php\/2018\/10\/20\/bolsonaro-defende-que-psl-fique-fora-da-presidencia-da-camara\/#primaryimage\"},\"thumbnailUrl\":\"https:\/\/portalnpm.com\/wp-content\/uploads\/2018\/10\/750_politica-bolsonaro-alta_2018101695335922.jpg\",\"datePublished\":\"2018-10-20T16:11:35+00:00\",\"dateModified\":\"2018-10-20T16:11:35+00:00\",\"author\":{\"@id\":\"https:\/\/portalnpm.com\/#\/schema\/person\/0b5f230ec96cee25504fa328e7f2b733\"},\"breadcrumb\":{\"@id\":\"https:\/\/portalnpm.com\/index.php\/2018\/10\/20\/bolsonaro-defende-que-psl-fique-fora-da-presidencia-da-camara\/#breadcrumb\"},\"inLanguage\":\"pt-BR\",\"potentialAction\":[{\"@type\":\"ReadAction\",\"target\":[\"https:\/\/portalnpm.com\/index.php\/2018\/10\/20\/bolsonaro-defende-que-psl-fique-fora-da-presidencia-da-camara\/\"]}]},{\"@type\":\"ImageObject\",\"inLanguage\":\"pt-BR\",\"@id\":\"https:\/\/portalnpm.com\/index.php\/2018\/10\/20\/bolsonaro-defende-que-psl-fique-fora-da-presidencia-da-camara\/#primaryimage\",\"url\":\"https:\/\/portalnpm.com\/wp-content\/uploads\/2018\/10\/750_politica-bolsonaro-alta_2018101695335922.jpg\",\"contentUrl\":\"https:\/\/portalnpm.com\/wp-content\/uploads\/2018\/10\/750_politica-bolsonaro-alta_2018101695335922.jpg\",\"width\":750,\"height\":500},{\"@type\":\"BreadcrumbList\",\"@id\":\"https:\/\/portalnpm.com\/index.php\/2018\/10\/20\/bolsonaro-defende-que-psl-fique-fora-da-presidencia-da-camara\/#breadcrumb\",\"itemListElement\":[{\"@type\":\"ListItem\",\"position\":1,\"name\":\"In\u00edcio\",\"item\":\"https:\/\/portalnpm.com\/\"},{\"@type\":\"ListItem\",\"position\":2,\"name\":\"Bolsonaro defende que PSL fique fora da Presid\u00eancia da C\u00e2mara\"}]},{\"@type\":\"WebSite\",\"@id\":\"https:\/\/portalnpm.com\/#website\",\"url\":\"https:\/\/portalnpm.com\/\",\"name\":\"Portal NPM\",\"description\":\"Not\u00edcias em Primeira M\u00e3o\",\"potentialAction\":[{\"@type\":\"SearchAction\",\"target\":{\"@type\":\"EntryPoint\",\"urlTemplate\":\"https:\/\/portalnpm.com\/?s={search_term_string}\"},\"query-input\":\"required name=search_term_string\"}],\"inLanguage\":\"pt-BR\"},{\"@type\":\"Person\",\"@id\":\"https:\/\/portalnpm.com\/#\/schema\/person\/0b5f230ec96cee25504fa328e7f2b733\",\"name\":\"Reda\u00e7\u00e3o\",\"image\":{\"@type\":\"ImageObject\",\"inLanguage\":\"pt-BR\",\"@id\":\"https:\/\/portalnpm.com\/#\/schema\/person\/image\/\",\"url\":\"https:\/\/portalnpm.com\/wp-content\/uploads\/2024\/03\/avatar_user_4_1710097212-96x96.png\",\"contentUrl\":\"https:\/\/portalnpm.com\/wp-content\/uploads\/2024\/03\/avatar_user_4_1710097212-96x96.png\",\"caption\":\"Reda\u00e7\u00e3o\"},\"url\":\"https:\/\/portalnpm.com\/index.php\/author\/redacao\/\"}]}<\/script>\n<!-- \/ Yoast SEO plugin. -->","yoast_head_json":{"title":"Bolsonaro defende que PSL fique fora da Presid\u00eancia da C\u00e2mara - Portal NPM","robots":{"index":"index","follow":"follow","max-snippet":"max-snippet:-1","max-image-preview":"max-image-preview:large","max-video-preview":"max-video-preview:-1"},"canonical":"https:\/\/portalnpm.com\/index.php\/2018\/10\/20\/bolsonaro-defende-que-psl-fique-fora-da-presidencia-da-camara\/","og_locale":"pt_BR","og_type":"article","og_title":"Bolsonaro defende que PSL fique fora da Presid\u00eancia da C\u00e2mara - Portal NPM","og_description":"RIO DE JANEIRO, RJ (FOLHAPRESS) &#8211; Com a segunda maior bancada da C\u00e2mara, o PSL n\u00e3o deve assumir a Presid\u00eancia da Casa, \u00e9 o que defende o presidenci\u00e1vel Jair Bolsonaro. Em entrevista \u00e0 Radio Folha de Pernambuco, o candidato do PSL disse que a legenda deve buscar a forma\u00e7\u00e3o de uma base e, para isso, &hellip;","og_url":"https:\/\/portalnpm.com\/index.php\/2018\/10\/20\/bolsonaro-defende-que-psl-fique-fora-da-presidencia-da-camara\/","og_site_name":"Portal NPM","article_published_time":"2018-10-20T16:11:35+00:00","og_image":[{"width":750,"height":500,"url":"https:\/\/portalnpm.com\/wp-content\/uploads\/2018\/10\/750_politica-bolsonaro-alta_2018101695335922.jpg","type":"image\/jpeg"}],"author":"Reda\u00e7\u00e3o","twitter_card":"summary_large_image","twitter_misc":{"Escrito por":"Reda\u00e7\u00e3o","Est. tempo de leitura":"1 minuto"},"schema":{"@context":"https:\/\/schema.org","@graph":[{"@type":"WebPage","@id":"https:\/\/portalnpm.com\/index.php\/2018\/10\/20\/bolsonaro-defende-que-psl-fique-fora-da-presidencia-da-camara\/","url":"https:\/\/portalnpm.com\/index.php\/2018\/10\/20\/bolsonaro-defende-que-psl-fique-fora-da-presidencia-da-camara\/","name":"Bolsonaro defende que PSL fique fora da Presid\u00eancia da C\u00e2mara - Portal NPM","isPartOf":{"@id":"https:\/\/portalnpm.com\/#website"},"primaryImageOfPage":{"@id":"https:\/\/portalnpm.com\/index.php\/2018\/10\/20\/bolsonaro-defende-que-psl-fique-fora-da-presidencia-da-camara\/#primaryimage"},"image":{"@id":"https:\/\/portalnpm.com\/index.php\/2018\/10\/20\/bolsonaro-defende-que-psl-fique-fora-da-presidencia-da-camara\/#primaryimage"},"thumbnailUrl":"https:\/\/portalnpm.com\/wp-content\/uploads\/2018\/10\/750_politica-bolsonaro-alta_2018101695335922.jpg","datePublished":"2018-10-20T16:11:35+00:00","dateModified":"2018-10-20T16:11:35+00:00","author":{"@id":"https:\/\/portalnpm.com\/#\/schema\/person\/0b5f230ec96cee25504fa328e7f2b733"},"breadcrumb":{"@id":"https:\/\/portalnpm.com\/index.php\/2018\/10\/20\/bolsonaro-defende-que-psl-fique-fora-da-presidencia-da-camara\/#breadcrumb"},"inLanguage":"pt-BR","potentialAction":[{"@type":"ReadAction","target":["https:\/\/portalnpm.com\/index.php\/2018\/10\/20\/bolsonaro-defende-que-psl-fique-fora-da-presidencia-da-camara\/"]}]},{"@type":"ImageObject","inLanguage":"pt-BR","@id":"https:\/\/portalnpm.com\/index.php\/2018\/10\/20\/bolsonaro-defende-que-psl-fique-fora-da-presidencia-da-camara\/#primaryimage","url":"https:\/\/portalnpm.com\/wp-content\/uploads\/2018\/10\/750_politica-bolsonaro-alta_2018101695335922.jpg","contentUrl":"https:\/\/portalnpm.com\/wp-content\/uploads\/2018\/10\/750_politica-bolsonaro-alta_2018101695335922.jpg","width":750,"height":500},{"@type":"BreadcrumbList","@id":"https:\/\/portalnpm.com\/index.php\/2018\/10\/20\/bolsonaro-defende-que-psl-fique-fora-da-presidencia-da-camara\/#breadcrumb","itemListElement":[{"@type":"ListItem","position":1,"name":"In\u00edcio","item":"https:\/\/portalnpm.com\/"},{"@type":"ListItem","position":2,"name":"Bolsonaro defende que PSL fique fora da Presid\u00eancia da C\u00e2mara"}]},{"@type":"WebSite","@id":"https:\/\/portalnpm.com\/#website","url":"https:\/\/portalnpm.com\/","name":"Portal NPM","description":"Not\u00edcias em Primeira M\u00e3o","potentialAction":[{"@type":"SearchAction","target":{"@type":"EntryPoint","urlTemplate":"https:\/\/portalnpm.com\/?s={search_term_string}"},"query-input":"required name=search_term_string"}],"inLanguage":"pt-BR"},{"@type":"Person","@id":"https:\/\/portalnpm.com\/#\/schema\/person\/0b5f230ec96cee25504fa328e7f2b733","name":"Reda\u00e7\u00e3o","image":{"@type":"ImageObject","inLanguage":"pt-BR","@id":"https:\/\/portalnpm.com\/#\/schema\/person\/image\/","url":"https:\/\/portalnpm.com\/wp-content\/uploads\/2024\/03\/avatar_user_4_1710097212-96x96.png","contentUrl":"https:\/\/portalnpm.com\/wp-content\/uploads\/2024\/03\/avatar_user_4_1710097212-96x96.png","caption":"Reda\u00e7\u00e3o"},"url":"https:\/\/portalnpm.com\/index.php\/author\/redacao\/"}]}},"jetpack_sharing_enabled":true,"jetpack_featured_media_url":"https:\/\/portalnpm.com\/wp-content\/uploads\/2018\/10\/750_politica-bolsonaro-alta_2018101695335922.jpg","_links":{"self":[{"href":"https:\/\/portalnpm.com\/index.php\/wp-json\/wp\/v2\/posts\/1851"}],"collection":[{"href":"https:\/\/portalnpm.com\/index.php\/wp-json\/wp\/v2\/posts"}],"about":[{"href":"https:\/\/portalnpm.com\/index.php\/wp-json\/wp\/v2\/types\/post"}],"author":[{"embeddable":true,"href":"https:\/\/portalnpm.com\/index.php\/wp-json\/wp\/v2\/users\/4"}],"replies":[{"embeddable":true,"href":"https:\/\/portalnpm.com\/index.php\/wp-json\/wp\/v2\/comments?post=1851"}],"version-history":[{"count":0,"href":"https:\/\/portalnpm.com\/index.php\/wp-json\/wp\/v2\/posts\/1851\/revisions"}],"wp:featuredmedia":[{"embeddable":true,"href":"https:\/\/portalnpm.com\/index.php\/wp-json\/wp\/v2\/media\/1841"}],"wp:attachment":[{"href":"https:\/\/portalnpm.com\/index.php\/wp-json\/wp\/v2\/media?parent=1851"}],"wp:term":[{"taxonomy":"category","embeddable":true,"href":"https:\/\/portalnpm.com\/index.php\/wp-json\/wp\/v2\/categories?post=1851"},{"taxonomy":"post_tag","embeddable":true,"href":"https:\/\/portalnpm.com\/index.php\/wp-json\/wp\/v2\/tags?post=1851"}],"curies":[{"name":"wp","href":"https:\/\/api.w.org\/{rel}","templated":true}]}}