{"id":18552,"date":"2020-03-20T20:56:25","date_gmt":"2020-03-20T23:56:25","guid":{"rendered":"http:\/\/srv.portalnpm.com.br\/?p=18552"},"modified":"2020-03-20T20:56:25","modified_gmt":"2020-03-20T23:56:25","slug":"em-picos-prefeitura-emite-novo-decreto-para-fechamento-de-comercio-local","status":"publish","type":"post","link":"https:\/\/portalnpm.com\/index.php\/2020\/03\/20\/em-picos-prefeitura-emite-novo-decreto-para-fechamento-de-comercio-local\/","title":{"rendered":"Em Picos, Prefeitura emite novo decreto para fechamento de com\u00e9rcio local"},"content":{"rendered":"<p style=\"text-align: justify;\">A Prefeitura Municipal de Picos, seguindo recomenda\u00e7\u00f5es do Governo do Piau\u00ed, refez o decreto municipal com instru\u00e7\u00f5es mais duras, com a finalidade de fortificar o enfrentamento e preven\u00e7\u00e3o ao Coronav\u00edrus.<img fetchpriority=\"high\" decoding=\"async\" class=\"alignnone size-full wp-image-18555\" src=\"http:\/\/portalnpm.com\/wp-content\/uploads\/2020\/03\/17-35-40-segundo-decreto-coronavirus-picos-1-1024x768.jpeg\" alt=\"\" width=\"1024\" height=\"768\" \/><\/p>\n<p style=\"text-align: justify;\">A reuni\u00e3o aconteceu no fim da manh\u00e3 desta sexta-feira (20), no Centro Integrado de Especialidades M\u00e9dicas, com representantes de v\u00e1rias entidades tais como ag\u00eancias banc\u00e1rias, Pol\u00edcia Militar, Ex\u00e9rcito, Pol\u00edcia Rodovi\u00e1ria Federal.<\/p>\n<p style=\"text-align: justify;\">A partir da pr\u00f3xima segunda-feira (23) todo o com\u00e9rcio local deve ser fechado, podendo permanecer abertos apenas farm\u00e1cias e supermercados, pelo per\u00edodo de 15 dias, inicialmente, e seguindo at\u00e9 5 de abril. A feira livre da cidade tamb\u00e9m ter\u00e1 um hor\u00e1rio especial para atender a popula\u00e7\u00e3o.<\/p>\n<p style=\"text-align: justify;\"><strong>Confira o decreto na \u00edntegra:\u00a0<a href=\"https:\/\/cidadesnanet.com\/news\/wp-content\/uploads\/2020\/03\/Decreto-39_2020_PMP.pdf\">Decreto n\u00ba 39\/2020_Prefeitura Municipal de Picos<\/a><\/strong><\/p>\n<p style=\"text-align: justify;\">\u201cCom base no decreto que o Governador lan\u00e7ou ontem, declarando estado de calamidade p\u00fablica no Estado, o prefeito de Picos, Padre Walmir, reuniu uma equipe e decidiu endurecer mais, estabelecer mais medidas restritivas, entre elas o fechamento total do com\u00e9rcio local, a partir de segunda-feira (23)\u201d, disse o Procurador Geral de Picos, o advogado Maycon Luz.<\/p>\n<p style=\"text-align: justify;\">Ele tamb\u00e9m informou que todas as entradas da cidade ser\u00e3o monitoradas, a fim de que haja o controle na entrada de pessoas de outros munic\u00edpios. \u201cTamb\u00e9m iremos restringir o acesso de pessoas que v\u00eam de outros munic\u00edpios. Estaremos fazendo esse monitoramento para evitar que pessoas infectadas entrem no munic\u00edpio de Picos\u201d.<\/p>\n<p style=\"text-align: justify;\">Ele alerta ainda para que quem n\u00e3o queira obedecer as instru\u00e7\u00f5es sofrer\u00e1 pena administrativa. \u201cEstabelecemos imposi\u00e7\u00f5es de forma administrativas para quem n\u00e3o cumprir essas instru\u00e7\u00f5es, sem falar no aspecto criminal. Quem desobedecer estar\u00e1 cometendo crime de desobedi\u00eancia contra a sa\u00fade p\u00fablica e ser\u00e3o responsabilizadas.<\/p>\n<p style=\"text-align: justify;\">As medidas na \u00e1rea da sa\u00fade devem permanecer as mesmas constadas em decreto do dia 19 de mar\u00e7o de 2020, segundo informou o m\u00e9dico Pascoal Gomes, diretor t\u00e9cnico do CIEM. Ele faz um apelo \u00e0 sociedade para que todos permane\u00e7am de quarentena e sigam as regras emitidas pela OMS, como lavar as m\u00e3os.<\/p>\n<p style=\"text-align: justify;\">\u201cO que se est\u00e1 fazendo aqui \u00e9 pensando no coletivo. E \u00e9 preciso que as pessoas entendam a import\u00e2ncia do enfrentamento, que \u00e9 com uma coisa bem simples, que \u00e9 lavar as m\u00e3os v\u00e1rias vezes e de forma correta, o uso do \u00e1lcool em gel e ter a sensibilidade e consci\u00eancia de que temos que ficar em casa. Vamos nos proteger. O isolamento social \u00e9 a medida mais eficaz de controle dessa pandemia\u201d, declarou.<\/p>\n<p style=\"text-align: justify;\">O prefeito de Picos, Padre Walmir Lima, divulgou em suas redes sociais um v\u00eddeo onde explica o porqu\u00ea das novas medidas e pede a compreens\u00e3o de todos os segmentos locais e pessoas em geral no comprometimento de combate ao coronav\u00edrus, como forma de proteger a cidade.<\/p>\n<p style=\"text-align: justify;\">\u201cTomamos algumas medidas mais s\u00e9rias para tentarmos nos proteger. Neste momento, pensar no outro, pensar em si, \u00e9 evitar o conv\u00edvio social. [\u2026] As medidas podem desagradar algumas pessoas, alguns segmentos, mas, neste momento, \u00e9 hora de pensarmos todos juntos em prol de um mesmo objetivo. Vamos nos proteger e proteger nossa cidade\u201d, destacou.<\/p>\n<p><iframe title=\"Padre Walmir pede que popula\u00e7\u00e3o respeite decreto de enfrentamento ao Coronav\u00edrus\" width=\"500\" height=\"281\" src=\"https:\/\/www.youtube.com\/embed\/Mt0jDAgZV9U?feature=oembed\" frameborder=\"0\" allow=\"accelerometer; autoplay; clipboard-write; encrypted-media; gyroscope; picture-in-picture; web-share\" allowfullscreen><\/iframe><\/p>\n<p>Fonte: Cidades na Net<\/p>\n<p><strong>Fotos e v\u00eddeo:<\/strong>\u00a0Ccom<\/p>\n","protected":false},"excerpt":{"rendered":"<p>A Prefeitura Municipal de Picos, seguindo recomenda\u00e7\u00f5es do Governo do Piau\u00ed, refez o decreto municipal com instru\u00e7\u00f5es mais duras, com a finalidade de fortificar o enfrentamento e preven\u00e7\u00e3o ao Coronav\u00edrus. A reuni\u00e3o aconteceu no fim da manh\u00e3 desta sexta-feira (20), no Centro Integrado de Especialidades M\u00e9dicas, com representantes de v\u00e1rias entidades tais como ag\u00eancias banc\u00e1rias, &hellip;<\/p>\n","protected":false},"author":3,"featured_media":18554,"comment_status":"open","ping_status":"open","sticky":false,"template":"","format":"standard","meta":{"content-type":"","rop_custom_images_group":[],"rop_custom_messages_group":[],"rop_publish_now":"initial","rop_publish_now_accounts":{"facebook_2648258775420054_1618374048415101":""},"rop_publish_now_history":[],"rop_publish_now_status":"pending","footnotes":"","_jetpack_memberships_contains_paid_content":false},"categories":[109,127],"tags":[3910,3911,128],"yoast_head":"<!-- This site is optimized with the Yoast SEO plugin v22.3 - https:\/\/yoast.com\/wordpress\/plugins\/seo\/ -->\n<title>Em Picos, Prefeitura emite novo decreto para fechamento de com\u00e9rcio local - Portal NPM<\/title>\n<meta name=\"robots\" content=\"index, follow, max-snippet:-1, max-image-preview:large, max-video-preview:-1\" \/>\n<link rel=\"canonical\" href=\"https:\/\/portalnpm.com\/index.php\/2020\/03\/20\/em-picos-prefeitura-emite-novo-decreto-para-fechamento-de-comercio-local\/\" \/>\n<meta property=\"og:locale\" content=\"pt_BR\" \/>\n<meta property=\"og:type\" content=\"article\" \/>\n<meta property=\"og:title\" content=\"Em Picos, Prefeitura emite novo decreto para fechamento de com\u00e9rcio local - Portal NPM\" \/>\n<meta property=\"og:description\" content=\"A Prefeitura Municipal de Picos, seguindo recomenda\u00e7\u00f5es do Governo do Piau\u00ed, refez o decreto municipal com instru\u00e7\u00f5es mais duras, com a finalidade de fortificar o enfrentamento e preven\u00e7\u00e3o ao Coronav\u00edrus. A reuni\u00e3o aconteceu no fim da manh\u00e3 desta sexta-feira (20), no Centro Integrado de Especialidades M\u00e9dicas, com representantes de v\u00e1rias entidades tais como ag\u00eancias banc\u00e1rias, &hellip;\" \/>\n<meta property=\"og:url\" content=\"https:\/\/portalnpm.com\/index.php\/2020\/03\/20\/em-picos-prefeitura-emite-novo-decreto-para-fechamento-de-comercio-local\/\" \/>\n<meta property=\"og:site_name\" content=\"Portal NPM\" \/>\n<meta property=\"article:published_time\" content=\"2020-03-20T23:56:25+00:00\" \/>\n<meta name=\"author\" content=\"Luis Alberto\" \/>\n<meta name=\"twitter:card\" content=\"summary_large_image\" \/>\n<meta name=\"twitter:label1\" content=\"Escrito por\" \/>\n\t<meta name=\"twitter:data1\" content=\"Luis Alberto\" \/>\n\t<meta name=\"twitter:label2\" content=\"Est. tempo de leitura\" \/>\n\t<meta name=\"twitter:data2\" content=\"3 minutos\" \/>\n<script type=\"application\/ld+json\" class=\"yoast-schema-graph\">{\"@context\":\"https:\/\/schema.org\",\"@graph\":[{\"@type\":\"WebPage\",\"@id\":\"https:\/\/portalnpm.com\/index.php\/2020\/03\/20\/em-picos-prefeitura-emite-novo-decreto-para-fechamento-de-comercio-local\/\",\"url\":\"https:\/\/portalnpm.com\/index.php\/2020\/03\/20\/em-picos-prefeitura-emite-novo-decreto-para-fechamento-de-comercio-local\/\",\"name\":\"Em Picos, Prefeitura emite novo decreto para fechamento de com\u00e9rcio local - Portal NPM\",\"isPartOf\":{\"@id\":\"https:\/\/portalnpm.com\/#website\"},\"primaryImageOfPage\":{\"@id\":\"https:\/\/portalnpm.com\/index.php\/2020\/03\/20\/em-picos-prefeitura-emite-novo-decreto-para-fechamento-de-comercio-local\/#primaryimage\"},\"image\":{\"@id\":\"https:\/\/portalnpm.com\/index.php\/2020\/03\/20\/em-picos-prefeitura-emite-novo-decreto-para-fechamento-de-comercio-local\/#primaryimage\"},\"thumbnailUrl\":\"\",\"datePublished\":\"2020-03-20T23:56:25+00:00\",\"dateModified\":\"2020-03-20T23:56:25+00:00\",\"author\":{\"@id\":\"https:\/\/portalnpm.com\/#\/schema\/person\/5c8006acdf71774cd4e7a5ab98482152\"},\"breadcrumb\":{\"@id\":\"https:\/\/portalnpm.com\/index.php\/2020\/03\/20\/em-picos-prefeitura-emite-novo-decreto-para-fechamento-de-comercio-local\/#breadcrumb\"},\"inLanguage\":\"pt-BR\",\"potentialAction\":[{\"@type\":\"ReadAction\",\"target\":[\"https:\/\/portalnpm.com\/index.php\/2020\/03\/20\/em-picos-prefeitura-emite-novo-decreto-para-fechamento-de-comercio-local\/\"]}]},{\"@type\":\"ImageObject\",\"inLanguage\":\"pt-BR\",\"@id\":\"https:\/\/portalnpm.com\/index.php\/2020\/03\/20\/em-picos-prefeitura-emite-novo-decreto-para-fechamento-de-comercio-local\/#primaryimage\",\"url\":\"\",\"contentUrl\":\"\"},{\"@type\":\"BreadcrumbList\",\"@id\":\"https:\/\/portalnpm.com\/index.php\/2020\/03\/20\/em-picos-prefeitura-emite-novo-decreto-para-fechamento-de-comercio-local\/#breadcrumb\",\"itemListElement\":[{\"@type\":\"ListItem\",\"position\":1,\"name\":\"In\u00edcio\",\"item\":\"https:\/\/portalnpm.com\/\"},{\"@type\":\"ListItem\",\"position\":2,\"name\":\"Em Picos, Prefeitura emite novo decreto para fechamento de com\u00e9rcio local\"}]},{\"@type\":\"WebSite\",\"@id\":\"https:\/\/portalnpm.com\/#website\",\"url\":\"https:\/\/portalnpm.com\/\",\"name\":\"Portal NPM\",\"description\":\"Not\u00edcias em Primeira M\u00e3o\",\"potentialAction\":[{\"@type\":\"SearchAction\",\"target\":{\"@type\":\"EntryPoint\",\"urlTemplate\":\"https:\/\/portalnpm.com\/?s={search_term_string}\"},\"query-input\":\"required name=search_term_string\"}],\"inLanguage\":\"pt-BR\"},{\"@type\":\"Person\",\"@id\":\"https:\/\/portalnpm.com\/#\/schema\/person\/5c8006acdf71774cd4e7a5ab98482152\",\"name\":\"Luis Alberto\",\"image\":{\"@type\":\"ImageObject\",\"inLanguage\":\"pt-BR\",\"@id\":\"https:\/\/portalnpm.com\/#\/schema\/person\/image\/\",\"url\":\"https:\/\/portalnpm.com\/wp-content\/uploads\/2024\/12\/avatar_user_3_1734699769-96x96.jpeg\",\"contentUrl\":\"https:\/\/portalnpm.com\/wp-content\/uploads\/2024\/12\/avatar_user_3_1734699769-96x96.jpeg\",\"caption\":\"Luis Alberto\"},\"description\":\"Editor-geral do Portal NPM, \u00e9 formado como T\u00e9cnico em Seguran\u00e7a do Trabalho pela Escola Metropolitana de Cursos T\u00e9cnicos. Det\u00e9m ainda licenciatura em Educa\u00e7\u00e3o F\u00edsica e bacharelado em Ci\u00eancias Pol\u00edticas, ambos obtidos pela institui\u00e7\u00e3o Anhanguera\/UNOPAR.\",\"url\":\"https:\/\/portalnpm.com\/index.php\/author\/pereira\/\"}]}<\/script>\n<!-- \/ Yoast SEO plugin. -->","yoast_head_json":{"title":"Em Picos, Prefeitura emite novo decreto para fechamento de com\u00e9rcio local - Portal NPM","robots":{"index":"index","follow":"follow","max-snippet":"max-snippet:-1","max-image-preview":"max-image-preview:large","max-video-preview":"max-video-preview:-1"},"canonical":"https:\/\/portalnpm.com\/index.php\/2020\/03\/20\/em-picos-prefeitura-emite-novo-decreto-para-fechamento-de-comercio-local\/","og_locale":"pt_BR","og_type":"article","og_title":"Em Picos, Prefeitura emite novo decreto para fechamento de com\u00e9rcio local - Portal NPM","og_description":"A Prefeitura Municipal de Picos, seguindo recomenda\u00e7\u00f5es do Governo do Piau\u00ed, refez o decreto municipal com instru\u00e7\u00f5es mais duras, com a finalidade de fortificar o enfrentamento e preven\u00e7\u00e3o ao Coronav\u00edrus. A reuni\u00e3o aconteceu no fim da manh\u00e3 desta sexta-feira (20), no Centro Integrado de Especialidades M\u00e9dicas, com representantes de v\u00e1rias entidades tais como ag\u00eancias banc\u00e1rias, &hellip;","og_url":"https:\/\/portalnpm.com\/index.php\/2020\/03\/20\/em-picos-prefeitura-emite-novo-decreto-para-fechamento-de-comercio-local\/","og_site_name":"Portal NPM","article_published_time":"2020-03-20T23:56:25+00:00","author":"Luis Alberto","twitter_card":"summary_large_image","twitter_misc":{"Escrito por":"Luis Alberto","Est. tempo de leitura":"3 minutos"},"schema":{"@context":"https:\/\/schema.org","@graph":[{"@type":"WebPage","@id":"https:\/\/portalnpm.com\/index.php\/2020\/03\/20\/em-picos-prefeitura-emite-novo-decreto-para-fechamento-de-comercio-local\/","url":"https:\/\/portalnpm.com\/index.php\/2020\/03\/20\/em-picos-prefeitura-emite-novo-decreto-para-fechamento-de-comercio-local\/","name":"Em Picos, Prefeitura emite novo decreto para fechamento de com\u00e9rcio local - Portal NPM","isPartOf":{"@id":"https:\/\/portalnpm.com\/#website"},"primaryImageOfPage":{"@id":"https:\/\/portalnpm.com\/index.php\/2020\/03\/20\/em-picos-prefeitura-emite-novo-decreto-para-fechamento-de-comercio-local\/#primaryimage"},"image":{"@id":"https:\/\/portalnpm.com\/index.php\/2020\/03\/20\/em-picos-prefeitura-emite-novo-decreto-para-fechamento-de-comercio-local\/#primaryimage"},"thumbnailUrl":"","datePublished":"2020-03-20T23:56:25+00:00","dateModified":"2020-03-20T23:56:25+00:00","author":{"@id":"https:\/\/portalnpm.com\/#\/schema\/person\/5c8006acdf71774cd4e7a5ab98482152"},"breadcrumb":{"@id":"https:\/\/portalnpm.com\/index.php\/2020\/03\/20\/em-picos-prefeitura-emite-novo-decreto-para-fechamento-de-comercio-local\/#breadcrumb"},"inLanguage":"pt-BR","potentialAction":[{"@type":"ReadAction","target":["https:\/\/portalnpm.com\/index.php\/2020\/03\/20\/em-picos-prefeitura-emite-novo-decreto-para-fechamento-de-comercio-local\/"]}]},{"@type":"ImageObject","inLanguage":"pt-BR","@id":"https:\/\/portalnpm.com\/index.php\/2020\/03\/20\/em-picos-prefeitura-emite-novo-decreto-para-fechamento-de-comercio-local\/#primaryimage","url":"","contentUrl":""},{"@type":"BreadcrumbList","@id":"https:\/\/portalnpm.com\/index.php\/2020\/03\/20\/em-picos-prefeitura-emite-novo-decreto-para-fechamento-de-comercio-local\/#breadcrumb","itemListElement":[{"@type":"ListItem","position":1,"name":"In\u00edcio","item":"https:\/\/portalnpm.com\/"},{"@type":"ListItem","position":2,"name":"Em Picos, Prefeitura emite novo decreto para fechamento de com\u00e9rcio local"}]},{"@type":"WebSite","@id":"https:\/\/portalnpm.com\/#website","url":"https:\/\/portalnpm.com\/","name":"Portal NPM","description":"Not\u00edcias em Primeira M\u00e3o","potentialAction":[{"@type":"SearchAction","target":{"@type":"EntryPoint","urlTemplate":"https:\/\/portalnpm.com\/?s={search_term_string}"},"query-input":"required name=search_term_string"}],"inLanguage":"pt-BR"},{"@type":"Person","@id":"https:\/\/portalnpm.com\/#\/schema\/person\/5c8006acdf71774cd4e7a5ab98482152","name":"Luis Alberto","image":{"@type":"ImageObject","inLanguage":"pt-BR","@id":"https:\/\/portalnpm.com\/#\/schema\/person\/image\/","url":"https:\/\/portalnpm.com\/wp-content\/uploads\/2024\/12\/avatar_user_3_1734699769-96x96.jpeg","contentUrl":"https:\/\/portalnpm.com\/wp-content\/uploads\/2024\/12\/avatar_user_3_1734699769-96x96.jpeg","caption":"Luis Alberto"},"description":"Editor-geral do Portal NPM, \u00e9 formado como T\u00e9cnico em Seguran\u00e7a do Trabalho pela Escola Metropolitana de Cursos T\u00e9cnicos. Det\u00e9m ainda licenciatura em Educa\u00e7\u00e3o F\u00edsica e bacharelado em Ci\u00eancias Pol\u00edticas, ambos obtidos pela institui\u00e7\u00e3o Anhanguera\/UNOPAR.","url":"https:\/\/portalnpm.com\/index.php\/author\/pereira\/"}]}},"jetpack_sharing_enabled":true,"jetpack_featured_media_url":"","_links":{"self":[{"href":"https:\/\/portalnpm.com\/index.php\/wp-json\/wp\/v2\/posts\/18552"}],"collection":[{"href":"https:\/\/portalnpm.com\/index.php\/wp-json\/wp\/v2\/posts"}],"about":[{"href":"https:\/\/portalnpm.com\/index.php\/wp-json\/wp\/v2\/types\/post"}],"author":[{"embeddable":true,"href":"https:\/\/portalnpm.com\/index.php\/wp-json\/wp\/v2\/users\/3"}],"replies":[{"embeddable":true,"href":"https:\/\/portalnpm.com\/index.php\/wp-json\/wp\/v2\/comments?post=18552"}],"version-history":[{"count":0,"href":"https:\/\/portalnpm.com\/index.php\/wp-json\/wp\/v2\/posts\/18552\/revisions"}],"wp:featuredmedia":[{"embeddable":true,"href":"https:\/\/portalnpm.com\/index.php\/wp-json\/"}],"wp:attachment":[{"href":"https:\/\/portalnpm.com\/index.php\/wp-json\/wp\/v2\/media?parent=18552"}],"wp:term":[{"taxonomy":"category","embeddable":true,"href":"https:\/\/portalnpm.com\/index.php\/wp-json\/wp\/v2\/categories?post=18552"},{"taxonomy":"post_tag","embeddable":true,"href":"https:\/\/portalnpm.com\/index.php\/wp-json\/wp\/v2\/tags?post=18552"}],"curies":[{"name":"wp","href":"https:\/\/api.w.org\/{rel}","templated":true}]}}