{"id":18566,"date":"2020-03-21T10:14:23","date_gmt":"2020-03-21T13:14:23","guid":{"rendered":"http:\/\/srv.portalnpm.com.br\/?p=18566"},"modified":"2020-03-21T10:14:23","modified_gmt":"2020-03-21T13:14:23","slug":"major-olimpio-sugere-adiar-eleicoes-municipais-e-unificar-pleitos-em-2022","status":"publish","type":"post","link":"https:\/\/portalnpm.com\/index.php\/2020\/03\/21\/major-olimpio-sugere-adiar-eleicoes-municipais-e-unificar-pleitos-em-2022\/","title":{"rendered":"Major Ol\u00edmpio sugere adiar elei\u00e7\u00f5es municipais e unificar pleitos em 2022"},"content":{"rendered":"<p style=\"text-align: justify;\">Evitar o gasto com elei\u00e7\u00f5es neste ano em raz\u00e3o da pandemia de covid-19 e ainda unificar as elei\u00e7\u00f5es federais, estaduais e municipais. Essa \u00e9 a proposta do senador Major Ol\u00edmpio (PSL-SP), que informou nesta sexta-feira (20) o envio de um of\u00edcio ao Tribunal Superior Eleitoral (TSE) pedindo o adiamento das elei\u00e7\u00f5es municipais de 2020. Ele tamb\u00e9m deve apresentar uma Proposta de Emenda \u00e0 Constitui\u00e7\u00e3o (PEC) para determinar a coincid\u00eancia das elei\u00e7\u00f5es.<\/p>\n<p>&nbsp;<\/p>\n<p style=\"text-align: justify;\">\u2014 Faltam menos de 200 dias para as elei\u00e7\u00f5es municipais e, com essa crise de sa\u00fade p\u00fablica, que n\u00f3s esperamos que serene o mais r\u00e1pido poss\u00edvel, a administra\u00e7\u00e3o p\u00fablica tem que se planejar. N\u00e3o acredito que n\u00f3s tenhamos tempo para campanhas eleitorais \u2014 afirmou o senador nesta sexta-feira (20).<\/p>\n<p style=\"text-align: justify;\">De acordo com Major Ol\u00edmpio, a inten\u00e7\u00e3o \u00e9 prorrogar os mandatos dos atuais prefeitos e vereadores at\u00e9 2022, mantendo a impossibilidade de reelei\u00e7\u00e3o para os prefeitos que j\u00e1 est\u00e3o no segundo mandato consecutivo. Com isso, as elei\u00e7\u00f5es para todos os cargos ficariam coincidentes, a cada quatro anos. A economia esperada, segundo o senador \u00e9 de R$ 1,5 bilh\u00e3o, al\u00e9m de recursos do fundo eleitoral.<\/p>\n<figure id=\"attachment_18567\" aria-describedby=\"caption-attachment-18567\" style=\"width: 750px\" class=\"wp-caption aligncenter\"><img fetchpriority=\"high\" decoding=\"async\" class=\"size-full wp-image-18567\" src=\"http:\/\/portalnpm.com\/wp-content\/uploads\/2020\/03\/senador-major-olimpio-psl-sp-lider-do-partido-do-presidente-da-republica-jair-bolsonaro-no-senado-disse-que-talvez-a-casa-consiga-votar-o-segundo-da-reforma-da-previdenc-07102019134349597.jpeg\" alt=\"\" width=\"750\" height=\"500\" \/><figcaption id=\"caption-attachment-18567\" class=\"wp-caption-text\">Senador Major Ol\u00edmpio (PSL-SP) \u2013 Foto: Reprodu\u00e7\u00e3o<\/figcaption><\/figure>\n<p style=\"text-align: justify;\">\u2014 N\u00e3o vai baratear s\u00f3 neste momento, em que poderemos pegar mais R$ 1,5 bilh\u00e3o e levar para a sa\u00fade p\u00fablica. Ser\u00e3o permanentemente elei\u00e7\u00f5es gerais de quatro em quatro anos. Isso significa economia e, neste momento, emerg\u00eancia, necessidade \u2014 explicou.<\/p>\n<p style=\"text-align: justify;\">Em entrevistas publicadas nesta sexta-feira, o vice-presidente do Tribunal Superior Eleitoral (TSE), ministro Lu\u00eds Roberto Barroso, disse que n\u00e3o h\u00e1 motivos para adiar as elei\u00e7\u00f5es, que neste ano est\u00e3o marcadas para 4 de outubro, com segundo turno em 25 de outubro. Barroso afirmou ainda que s\u00f3 se deve cogitar o adiamento de um pleito diante da absoluta impossibilidade de sua realiza\u00e7\u00e3o. O ministro vai assumir a presid\u00eancia do TSE em maio, em substitui\u00e7\u00e3o \u00e0 atual ocupante do cargo, ministra Rosa Weber.<\/p>\n<h3 style=\"text-align: justify;\"><b>PEC<\/b><\/h3>\n<p style=\"text-align: justify;\">Para que a PEC seja apresentada, Major Ol\u00edmpio precisa colher assinaturas de mais 26 parlamentares, o que pode n\u00e3o acontecer rapidamente, j\u00e1 que os trabalhos do Senado est\u00e3o sendo feitos de forma remota, sem a presen\u00e7a dos parlamentares na Casa. Al\u00e9m da proposta que o senador pretende apresentar, h\u00e1 outras PECs em an\u00e1lise no Senado que pedem a unifica\u00e7\u00e3o das elei\u00e7\u00f5es federais, estaduais e municipais.<\/p>\n<p style=\"text-align: justify;\">A mais recente delas \u00e9 a\u00a0<a href=\"https:\/\/www25.senado.leg.br\/web\/atividade\/materias\/-\/materia\/138894\">PEC 143\/2019<\/a>, do senador Luiz do Carmo (MDB-GO), que altera a dura\u00e7\u00e3o do mandato dos prefeitos e vereadores eleitos em 2020 para viabilizar a coincid\u00eancia geral dos mandatos a partir de 2026. A ideia \u00e9 semelhante \u00e0 da\u00a0<a href=\"https:\/\/www25.senado.leg.br\/web\/atividade\/materias\/-\/materia\/138000\">PEC 123\/2019<\/a>, do senador Marcelo Castro (MDB-PI). As duas propostas est\u00e3o na Comiss\u00e3o de Constitui\u00e7\u00e3o e Justi\u00e7a (CCJ) e t\u00eam como relator o senador Marcos Rog\u00e9rio (DEM-RO).<\/p>\n<h3 style=\"text-align: justify;\"><strong>Crise do coronav\u00edrus<\/strong><\/h3>\n<p style=\"text-align: justify;\">No pronunciamento feito na sess\u00e3o virtual desta sexta-feira (20), Ol\u00edmpio tamb\u00e9m parabenizou o governo federal pela condu\u00e7\u00e3o da crise causada pela pandemia de covid-19, especialmente os ministros da Sa\u00fade, Luiz Henrique Mandetta, e da Economia, Paulo Guedes, pelos esfor\u00e7os empreendidos para tirar o pa\u00eds da crise global. Ele ressaltou que \u201ctodos somos o povo brasileiro e precisamos sair dessa juntos\u201d.<\/p>\n<p style=\"text-align: justify;\">\u2014 Est\u00e3o com olheiras, est\u00e3o dormindo tr\u00eas, quatro horas por noite, mas est\u00e3o dizendo para os investidores nacionais e internacionais: \u201cAcreditem no Brasil! Continuem a perseverar pelo Brasil! N\u00f3s vamos sair dessa!\u201d O Mandetta est\u00e1 dando um show de humildade, de capacidade. Conquistou toda a \u00e1rea de sa\u00fade no Brasil, conquistou a popula\u00e7\u00e3o, conquistou a imprensa. Deixe o Mandetta trabalhar nisso a\u00ed, minha gente, que vai sair coisa boa para o nosso pa\u00eds \u2014 ressaltou Major Ol\u00edmpio.<\/p>\n<p style=\"text-align: justify;\"><strong>Fonte: Ag\u00eancia Senado<\/strong><\/p>\n","protected":false},"excerpt":{"rendered":"<p>Evitar o gasto com elei\u00e7\u00f5es neste ano em raz\u00e3o da pandemia de covid-19 e ainda unificar as elei\u00e7\u00f5es federais, estaduais e municipais. Essa \u00e9 a proposta do senador Major Ol\u00edmpio (PSL-SP), que informou nesta sexta-feira (20) o envio de um of\u00edcio ao Tribunal Superior Eleitoral (TSE) pedindo o adiamento das elei\u00e7\u00f5es municipais de 2020. Ele &hellip;<\/p>\n","protected":false},"author":8,"featured_media":18568,"comment_status":"open","ping_status":"open","sticky":false,"template":"","format":"standard","meta":{"content-type":"","rop_custom_images_group":[],"rop_custom_messages_group":[],"rop_publish_now":"initial","rop_publish_now_accounts":{"facebook_2648258775420054_1618374048415101":""},"rop_publish_now_history":[],"rop_publish_now_status":"pending","footnotes":"","_jetpack_memberships_contains_paid_content":false},"categories":[113],"tags":[3913,382,3914,2701],"yoast_head":"<!-- This site is optimized with the Yoast SEO plugin v22.3 - https:\/\/yoast.com\/wordpress\/plugins\/seo\/ -->\n<title>Major Ol\u00edmpio sugere adiar elei\u00e7\u00f5es municipais e unificar pleitos em 2022 - Portal NPM<\/title>\n<meta name=\"robots\" content=\"index, follow, max-snippet:-1, max-image-preview:large, max-video-preview:-1\" \/>\n<link rel=\"canonical\" href=\"https:\/\/portalnpm.com\/index.php\/2020\/03\/21\/major-olimpio-sugere-adiar-eleicoes-municipais-e-unificar-pleitos-em-2022\/\" \/>\n<meta property=\"og:locale\" content=\"pt_BR\" \/>\n<meta property=\"og:type\" content=\"article\" \/>\n<meta property=\"og:title\" content=\"Major Ol\u00edmpio sugere adiar elei\u00e7\u00f5es municipais e unificar pleitos em 2022 - Portal NPM\" \/>\n<meta property=\"og:description\" content=\"Evitar o gasto com elei\u00e7\u00f5es neste ano em raz\u00e3o da pandemia de covid-19 e ainda unificar as elei\u00e7\u00f5es federais, estaduais e municipais. Essa \u00e9 a proposta do senador Major Ol\u00edmpio (PSL-SP), que informou nesta sexta-feira (20) o envio de um of\u00edcio ao Tribunal Superior Eleitoral (TSE) pedindo o adiamento das elei\u00e7\u00f5es municipais de 2020. Ele &hellip;\" \/>\n<meta property=\"og:url\" content=\"https:\/\/portalnpm.com\/index.php\/2020\/03\/21\/major-olimpio-sugere-adiar-eleicoes-municipais-e-unificar-pleitos-em-2022\/\" \/>\n<meta property=\"og:site_name\" content=\"Portal NPM\" \/>\n<meta property=\"article:published_time\" content=\"2020-03-21T13:14:23+00:00\" \/>\n<meta name=\"author\" content=\"Zenilton Lima\" \/>\n<meta name=\"twitter:card\" content=\"summary_large_image\" \/>\n<meta name=\"twitter:label1\" content=\"Escrito por\" \/>\n\t<meta name=\"twitter:data1\" content=\"Zenilton Lima\" \/>\n\t<meta name=\"twitter:label2\" content=\"Est. tempo de leitura\" \/>\n\t<meta name=\"twitter:data2\" content=\"3 minutos\" \/>\n<script type=\"application\/ld+json\" class=\"yoast-schema-graph\">{\"@context\":\"https:\/\/schema.org\",\"@graph\":[{\"@type\":\"WebPage\",\"@id\":\"https:\/\/portalnpm.com\/index.php\/2020\/03\/21\/major-olimpio-sugere-adiar-eleicoes-municipais-e-unificar-pleitos-em-2022\/\",\"url\":\"https:\/\/portalnpm.com\/index.php\/2020\/03\/21\/major-olimpio-sugere-adiar-eleicoes-municipais-e-unificar-pleitos-em-2022\/\",\"name\":\"Major Ol\u00edmpio sugere adiar elei\u00e7\u00f5es municipais e unificar pleitos em 2022 - Portal NPM\",\"isPartOf\":{\"@id\":\"https:\/\/portalnpm.com\/#website\"},\"primaryImageOfPage\":{\"@id\":\"https:\/\/portalnpm.com\/index.php\/2020\/03\/21\/major-olimpio-sugere-adiar-eleicoes-municipais-e-unificar-pleitos-em-2022\/#primaryimage\"},\"image\":{\"@id\":\"https:\/\/portalnpm.com\/index.php\/2020\/03\/21\/major-olimpio-sugere-adiar-eleicoes-municipais-e-unificar-pleitos-em-2022\/#primaryimage\"},\"thumbnailUrl\":\"\",\"datePublished\":\"2020-03-21T13:14:23+00:00\",\"dateModified\":\"2020-03-21T13:14:23+00:00\",\"author\":{\"@id\":\"https:\/\/portalnpm.com\/#\/schema\/person\/35cb55186eae3f074b6783da6d35591e\"},\"breadcrumb\":{\"@id\":\"https:\/\/portalnpm.com\/index.php\/2020\/03\/21\/major-olimpio-sugere-adiar-eleicoes-municipais-e-unificar-pleitos-em-2022\/#breadcrumb\"},\"inLanguage\":\"pt-BR\",\"potentialAction\":[{\"@type\":\"ReadAction\",\"target\":[\"https:\/\/portalnpm.com\/index.php\/2020\/03\/21\/major-olimpio-sugere-adiar-eleicoes-municipais-e-unificar-pleitos-em-2022\/\"]}]},{\"@type\":\"ImageObject\",\"inLanguage\":\"pt-BR\",\"@id\":\"https:\/\/portalnpm.com\/index.php\/2020\/03\/21\/major-olimpio-sugere-adiar-eleicoes-municipais-e-unificar-pleitos-em-2022\/#primaryimage\",\"url\":\"\",\"contentUrl\":\"\"},{\"@type\":\"BreadcrumbList\",\"@id\":\"https:\/\/portalnpm.com\/index.php\/2020\/03\/21\/major-olimpio-sugere-adiar-eleicoes-municipais-e-unificar-pleitos-em-2022\/#breadcrumb\",\"itemListElement\":[{\"@type\":\"ListItem\",\"position\":1,\"name\":\"In\u00edcio\",\"item\":\"https:\/\/portalnpm.com\/\"},{\"@type\":\"ListItem\",\"position\":2,\"name\":\"Major Ol\u00edmpio sugere adiar elei\u00e7\u00f5es municipais e unificar pleitos em 2022\"}]},{\"@type\":\"WebSite\",\"@id\":\"https:\/\/portalnpm.com\/#website\",\"url\":\"https:\/\/portalnpm.com\/\",\"name\":\"Portal NPM\",\"description\":\"Not\u00edcias em Primeira M\u00e3o\",\"potentialAction\":[{\"@type\":\"SearchAction\",\"target\":{\"@type\":\"EntryPoint\",\"urlTemplate\":\"https:\/\/portalnpm.com\/?s={search_term_string}\"},\"query-input\":\"required name=search_term_string\"}],\"inLanguage\":\"pt-BR\"},{\"@type\":\"Person\",\"@id\":\"https:\/\/portalnpm.com\/#\/schema\/person\/35cb55186eae3f074b6783da6d35591e\",\"name\":\"Zenilton Lima\",\"image\":{\"@type\":\"ImageObject\",\"inLanguage\":\"pt-BR\",\"@id\":\"https:\/\/portalnpm.com\/#\/schema\/person\/image\/\",\"url\":\"https:\/\/portalnpm.com\/wp-content\/uploads\/2024\/12\/avatar_user_8_1733658137-96x96.jpeg\",\"contentUrl\":\"https:\/\/portalnpm.com\/wp-content\/uploads\/2024\/12\/avatar_user_8_1733658137-96x96.jpeg\",\"caption\":\"Zenilton Lima\"},\"url\":\"https:\/\/portalnpm.com\/index.php\/author\/zenilton\/\"}]}<\/script>\n<!-- \/ Yoast SEO plugin. -->","yoast_head_json":{"title":"Major Ol\u00edmpio sugere adiar elei\u00e7\u00f5es municipais e unificar pleitos em 2022 - Portal NPM","robots":{"index":"index","follow":"follow","max-snippet":"max-snippet:-1","max-image-preview":"max-image-preview:large","max-video-preview":"max-video-preview:-1"},"canonical":"https:\/\/portalnpm.com\/index.php\/2020\/03\/21\/major-olimpio-sugere-adiar-eleicoes-municipais-e-unificar-pleitos-em-2022\/","og_locale":"pt_BR","og_type":"article","og_title":"Major Ol\u00edmpio sugere adiar elei\u00e7\u00f5es municipais e unificar pleitos em 2022 - Portal NPM","og_description":"Evitar o gasto com elei\u00e7\u00f5es neste ano em raz\u00e3o da pandemia de covid-19 e ainda unificar as elei\u00e7\u00f5es federais, estaduais e municipais. Essa \u00e9 a proposta do senador Major Ol\u00edmpio (PSL-SP), que informou nesta sexta-feira (20) o envio de um of\u00edcio ao Tribunal Superior Eleitoral (TSE) pedindo o adiamento das elei\u00e7\u00f5es municipais de 2020. Ele &hellip;","og_url":"https:\/\/portalnpm.com\/index.php\/2020\/03\/21\/major-olimpio-sugere-adiar-eleicoes-municipais-e-unificar-pleitos-em-2022\/","og_site_name":"Portal NPM","article_published_time":"2020-03-21T13:14:23+00:00","author":"Zenilton Lima","twitter_card":"summary_large_image","twitter_misc":{"Escrito por":"Zenilton Lima","Est. tempo de leitura":"3 minutos"},"schema":{"@context":"https:\/\/schema.org","@graph":[{"@type":"WebPage","@id":"https:\/\/portalnpm.com\/index.php\/2020\/03\/21\/major-olimpio-sugere-adiar-eleicoes-municipais-e-unificar-pleitos-em-2022\/","url":"https:\/\/portalnpm.com\/index.php\/2020\/03\/21\/major-olimpio-sugere-adiar-eleicoes-municipais-e-unificar-pleitos-em-2022\/","name":"Major Ol\u00edmpio sugere adiar elei\u00e7\u00f5es municipais e unificar pleitos em 2022 - Portal NPM","isPartOf":{"@id":"https:\/\/portalnpm.com\/#website"},"primaryImageOfPage":{"@id":"https:\/\/portalnpm.com\/index.php\/2020\/03\/21\/major-olimpio-sugere-adiar-eleicoes-municipais-e-unificar-pleitos-em-2022\/#primaryimage"},"image":{"@id":"https:\/\/portalnpm.com\/index.php\/2020\/03\/21\/major-olimpio-sugere-adiar-eleicoes-municipais-e-unificar-pleitos-em-2022\/#primaryimage"},"thumbnailUrl":"","datePublished":"2020-03-21T13:14:23+00:00","dateModified":"2020-03-21T13:14:23+00:00","author":{"@id":"https:\/\/portalnpm.com\/#\/schema\/person\/35cb55186eae3f074b6783da6d35591e"},"breadcrumb":{"@id":"https:\/\/portalnpm.com\/index.php\/2020\/03\/21\/major-olimpio-sugere-adiar-eleicoes-municipais-e-unificar-pleitos-em-2022\/#breadcrumb"},"inLanguage":"pt-BR","potentialAction":[{"@type":"ReadAction","target":["https:\/\/portalnpm.com\/index.php\/2020\/03\/21\/major-olimpio-sugere-adiar-eleicoes-municipais-e-unificar-pleitos-em-2022\/"]}]},{"@type":"ImageObject","inLanguage":"pt-BR","@id":"https:\/\/portalnpm.com\/index.php\/2020\/03\/21\/major-olimpio-sugere-adiar-eleicoes-municipais-e-unificar-pleitos-em-2022\/#primaryimage","url":"","contentUrl":""},{"@type":"BreadcrumbList","@id":"https:\/\/portalnpm.com\/index.php\/2020\/03\/21\/major-olimpio-sugere-adiar-eleicoes-municipais-e-unificar-pleitos-em-2022\/#breadcrumb","itemListElement":[{"@type":"ListItem","position":1,"name":"In\u00edcio","item":"https:\/\/portalnpm.com\/"},{"@type":"ListItem","position":2,"name":"Major Ol\u00edmpio sugere adiar elei\u00e7\u00f5es municipais e unificar pleitos em 2022"}]},{"@type":"WebSite","@id":"https:\/\/portalnpm.com\/#website","url":"https:\/\/portalnpm.com\/","name":"Portal NPM","description":"Not\u00edcias em Primeira M\u00e3o","potentialAction":[{"@type":"SearchAction","target":{"@type":"EntryPoint","urlTemplate":"https:\/\/portalnpm.com\/?s={search_term_string}"},"query-input":"required name=search_term_string"}],"inLanguage":"pt-BR"},{"@type":"Person","@id":"https:\/\/portalnpm.com\/#\/schema\/person\/35cb55186eae3f074b6783da6d35591e","name":"Zenilton Lima","image":{"@type":"ImageObject","inLanguage":"pt-BR","@id":"https:\/\/portalnpm.com\/#\/schema\/person\/image\/","url":"https:\/\/portalnpm.com\/wp-content\/uploads\/2024\/12\/avatar_user_8_1733658137-96x96.jpeg","contentUrl":"https:\/\/portalnpm.com\/wp-content\/uploads\/2024\/12\/avatar_user_8_1733658137-96x96.jpeg","caption":"Zenilton Lima"},"url":"https:\/\/portalnpm.com\/index.php\/author\/zenilton\/"}]}},"jetpack_sharing_enabled":true,"jetpack_featured_media_url":"","_links":{"self":[{"href":"https:\/\/portalnpm.com\/index.php\/wp-json\/wp\/v2\/posts\/18566"}],"collection":[{"href":"https:\/\/portalnpm.com\/index.php\/wp-json\/wp\/v2\/posts"}],"about":[{"href":"https:\/\/portalnpm.com\/index.php\/wp-json\/wp\/v2\/types\/post"}],"author":[{"embeddable":true,"href":"https:\/\/portalnpm.com\/index.php\/wp-json\/wp\/v2\/users\/8"}],"replies":[{"embeddable":true,"href":"https:\/\/portalnpm.com\/index.php\/wp-json\/wp\/v2\/comments?post=18566"}],"version-history":[{"count":0,"href":"https:\/\/portalnpm.com\/index.php\/wp-json\/wp\/v2\/posts\/18566\/revisions"}],"wp:featuredmedia":[{"embeddable":true,"href":"https:\/\/portalnpm.com\/index.php\/wp-json\/"}],"wp:attachment":[{"href":"https:\/\/portalnpm.com\/index.php\/wp-json\/wp\/v2\/media?parent=18566"}],"wp:term":[{"taxonomy":"category","embeddable":true,"href":"https:\/\/portalnpm.com\/index.php\/wp-json\/wp\/v2\/categories?post=18566"},{"taxonomy":"post_tag","embeddable":true,"href":"https:\/\/portalnpm.com\/index.php\/wp-json\/wp\/v2\/tags?post=18566"}],"curies":[{"name":"wp","href":"https:\/\/api.w.org\/{rel}","templated":true}]}}