{"id":1858,"date":"2018-10-21T12:39:57","date_gmt":"2018-10-21T14:39:57","guid":{"rendered":"http:\/\/srv.portalnpm.com.br\/?p=1858"},"modified":"2018-10-21T12:39:57","modified_gmt":"2018-10-21T14:39:57","slug":"policia-prende-homem-acusado-de-espancar-violentamente-irmaos-no-piaui","status":"publish","type":"post","link":"https:\/\/portalnpm.com\/index.php\/2018\/10\/21\/policia-prende-homem-acusado-de-espancar-violentamente-irmaos-no-piaui\/","title":{"rendered":"Pol\u00edcia prende homem acusado de espancar violentamente irm\u00e3os no Piau\u00ed"},"content":{"rendered":"<blockquote><p>Os policiais deram in\u00edcio a procura na zona rural e urbana das cidades de Acau\u00e3 e Paulistana.<\/p><\/blockquote>\n<p style=\"text-align: justify;\">A pol\u00edcia militar cumpriu um mandado de pris\u00e3o preventiva, contra Francisco Jo\u00e3o Rodrigues, de 37 anos de idade, nesse s\u00e1bado (20), acusado de espancar violentamente os irm\u00e3os Andrade e Dod\u00f4, que veio a \u00f3bito, no munic\u00edpio de Paulistana.<\/p>\n<p style=\"text-align: justify;\">O crime aconteceu em uma mesa de jogo, no bar do Vaqueirinho as margens da BR 407.<\/p>\n<p style=\"text-align: justify;\">Os policiais deram in\u00edcio a procura na zona rural e urbana das cidades de Acau\u00e3 e Paulistana, para tentar localizar e prender o acusado, que segundo informa\u00e7\u00f5es estaria fazendo um deslocamento por uma mata a procura de refei\u00e7\u00e3o.<\/p>\n<p style=\"text-align: justify;\">Com a informa\u00e7\u00e3o foi montado uma campana nos carreiros que d\u00e3o acesso a algumas casas de parentes, na localidade Braunas, munic\u00edpio de Acau\u00e3. O acusado foi localizado e preso, onde se mostrou arrependido, dizendo a seguinte frase &#8220;S\u00d3 PODE TER SIDO COISA DO DEM\u00d4NIO&#8221;.<\/p>\n<p style=\"text-align: justify;\">Francisco foi encaminhado para a 12 DRPC de Paulistana para os procedimentos cab\u00edveis.<\/p>\n<p style=\"text-align: justify;\"><b>Fonte:<\/b>\u00a0PMPI<\/p>\n","protected":false},"excerpt":{"rendered":"<p>Os policiais deram in\u00edcio a procura na zona rural e urbana das cidades de Acau\u00e3 e Paulistana. A pol\u00edcia militar cumpriu um mandado de pris\u00e3o preventiva, contra Francisco Jo\u00e3o Rodrigues, de 37 anos de idade, nesse s\u00e1bado (20), acusado de espancar violentamente os irm\u00e3os Andrade e Dod\u00f4, que veio a \u00f3bito, no munic\u00edpio de Paulistana. &hellip;<\/p>\n","protected":false},"author":4,"featured_media":1859,"comment_status":"open","ping_status":"open","sticky":false,"template":"","format":"standard","meta":{"content-type":"","rop_custom_images_group":[],"rop_custom_messages_group":[],"rop_publish_now":"initial","rop_publish_now_accounts":{"facebook_2648258775420054_1618374048415101":""},"rop_publish_now_history":[],"rop_publish_now_status":"pending","footnotes":"","_jetpack_memberships_contains_paid_content":false},"categories":[113,145],"tags":[459,515,749],"yoast_head":"<!-- This site is optimized with the Yoast SEO plugin v22.3 - https:\/\/yoast.com\/wordpress\/plugins\/seo\/ -->\n<title>Pol\u00edcia prende homem acusado de espancar violentamente irm\u00e3os no Piau\u00ed - Portal NPM<\/title>\n<meta name=\"robots\" content=\"index, follow, max-snippet:-1, max-image-preview:large, max-video-preview:-1\" \/>\n<link rel=\"canonical\" href=\"https:\/\/portalnpm.com\/index.php\/2018\/10\/21\/policia-prende-homem-acusado-de-espancar-violentamente-irmaos-no-piaui\/\" \/>\n<meta property=\"og:locale\" content=\"pt_BR\" \/>\n<meta property=\"og:type\" content=\"article\" \/>\n<meta property=\"og:title\" content=\"Pol\u00edcia prende homem acusado de espancar violentamente irm\u00e3os no Piau\u00ed - Portal NPM\" \/>\n<meta property=\"og:description\" content=\"Os policiais deram in\u00edcio a procura na zona rural e urbana das cidades de Acau\u00e3 e Paulistana. A pol\u00edcia militar cumpriu um mandado de pris\u00e3o preventiva, contra Francisco Jo\u00e3o Rodrigues, de 37 anos de idade, nesse s\u00e1bado (20), acusado de espancar violentamente os irm\u00e3os Andrade e Dod\u00f4, que veio a \u00f3bito, no munic\u00edpio de Paulistana. &hellip;\" \/>\n<meta property=\"og:url\" content=\"https:\/\/portalnpm.com\/index.php\/2018\/10\/21\/policia-prende-homem-acusado-de-espancar-violentamente-irmaos-no-piaui\/\" \/>\n<meta property=\"og:site_name\" content=\"Portal NPM\" \/>\n<meta property=\"article:published_time\" content=\"2018-10-21T14:39:57+00:00\" \/>\n<meta property=\"og:image\" content=\"https:\/\/portalnpm.com\/wp-content\/uploads\/2018\/10\/702616438-1.jpg\" \/>\n\t<meta property=\"og:image:width\" content=\"487\" \/>\n\t<meta property=\"og:image:height\" content=\"650\" \/>\n\t<meta property=\"og:image:type\" content=\"image\/jpeg\" \/>\n<meta name=\"author\" content=\"Reda\u00e7\u00e3o\" \/>\n<meta name=\"twitter:card\" content=\"summary_large_image\" \/>\n<meta name=\"twitter:label1\" content=\"Escrito por\" \/>\n\t<meta name=\"twitter:data1\" content=\"Reda\u00e7\u00e3o\" \/>\n\t<meta name=\"twitter:label2\" content=\"Est. tempo de leitura\" \/>\n\t<meta name=\"twitter:data2\" content=\"1 minuto\" \/>\n<script type=\"application\/ld+json\" class=\"yoast-schema-graph\">{\"@context\":\"https:\/\/schema.org\",\"@graph\":[{\"@type\":\"WebPage\",\"@id\":\"https:\/\/portalnpm.com\/index.php\/2018\/10\/21\/policia-prende-homem-acusado-de-espancar-violentamente-irmaos-no-piaui\/\",\"url\":\"https:\/\/portalnpm.com\/index.php\/2018\/10\/21\/policia-prende-homem-acusado-de-espancar-violentamente-irmaos-no-piaui\/\",\"name\":\"Pol\u00edcia prende homem acusado de espancar violentamente irm\u00e3os no Piau\u00ed - Portal NPM\",\"isPartOf\":{\"@id\":\"https:\/\/portalnpm.com\/#website\"},\"primaryImageOfPage\":{\"@id\":\"https:\/\/portalnpm.com\/index.php\/2018\/10\/21\/policia-prende-homem-acusado-de-espancar-violentamente-irmaos-no-piaui\/#primaryimage\"},\"image\":{\"@id\":\"https:\/\/portalnpm.com\/index.php\/2018\/10\/21\/policia-prende-homem-acusado-de-espancar-violentamente-irmaos-no-piaui\/#primaryimage\"},\"thumbnailUrl\":\"https:\/\/portalnpm.com\/wp-content\/uploads\/2018\/10\/702616438-1.jpg\",\"datePublished\":\"2018-10-21T14:39:57+00:00\",\"dateModified\":\"2018-10-21T14:39:57+00:00\",\"author\":{\"@id\":\"https:\/\/portalnpm.com\/#\/schema\/person\/0b5f230ec96cee25504fa328e7f2b733\"},\"breadcrumb\":{\"@id\":\"https:\/\/portalnpm.com\/index.php\/2018\/10\/21\/policia-prende-homem-acusado-de-espancar-violentamente-irmaos-no-piaui\/#breadcrumb\"},\"inLanguage\":\"pt-BR\",\"potentialAction\":[{\"@type\":\"ReadAction\",\"target\":[\"https:\/\/portalnpm.com\/index.php\/2018\/10\/21\/policia-prende-homem-acusado-de-espancar-violentamente-irmaos-no-piaui\/\"]}]},{\"@type\":\"ImageObject\",\"inLanguage\":\"pt-BR\",\"@id\":\"https:\/\/portalnpm.com\/index.php\/2018\/10\/21\/policia-prende-homem-acusado-de-espancar-violentamente-irmaos-no-piaui\/#primaryimage\",\"url\":\"https:\/\/portalnpm.com\/wp-content\/uploads\/2018\/10\/702616438-1.jpg\",\"contentUrl\":\"https:\/\/portalnpm.com\/wp-content\/uploads\/2018\/10\/702616438-1.jpg\",\"width\":487,\"height\":650},{\"@type\":\"BreadcrumbList\",\"@id\":\"https:\/\/portalnpm.com\/index.php\/2018\/10\/21\/policia-prende-homem-acusado-de-espancar-violentamente-irmaos-no-piaui\/#breadcrumb\",\"itemListElement\":[{\"@type\":\"ListItem\",\"position\":1,\"name\":\"In\u00edcio\",\"item\":\"https:\/\/portalnpm.com\/\"},{\"@type\":\"ListItem\",\"position\":2,\"name\":\"Pol\u00edcia prende homem acusado de espancar violentamente irm\u00e3os no Piau\u00ed\"}]},{\"@type\":\"WebSite\",\"@id\":\"https:\/\/portalnpm.com\/#website\",\"url\":\"https:\/\/portalnpm.com\/\",\"name\":\"Portal NPM\",\"description\":\"Not\u00edcias em Primeira M\u00e3o\",\"potentialAction\":[{\"@type\":\"SearchAction\",\"target\":{\"@type\":\"EntryPoint\",\"urlTemplate\":\"https:\/\/portalnpm.com\/?s={search_term_string}\"},\"query-input\":\"required name=search_term_string\"}],\"inLanguage\":\"pt-BR\"},{\"@type\":\"Person\",\"@id\":\"https:\/\/portalnpm.com\/#\/schema\/person\/0b5f230ec96cee25504fa328e7f2b733\",\"name\":\"Reda\u00e7\u00e3o\",\"image\":{\"@type\":\"ImageObject\",\"inLanguage\":\"pt-BR\",\"@id\":\"https:\/\/portalnpm.com\/#\/schema\/person\/image\/\",\"url\":\"https:\/\/portalnpm.com\/wp-content\/uploads\/2024\/03\/avatar_user_4_1710097212-96x96.png\",\"contentUrl\":\"https:\/\/portalnpm.com\/wp-content\/uploads\/2024\/03\/avatar_user_4_1710097212-96x96.png\",\"caption\":\"Reda\u00e7\u00e3o\"},\"url\":\"https:\/\/portalnpm.com\/index.php\/author\/redacao\/\"}]}<\/script>\n<!-- \/ Yoast SEO plugin. -->","yoast_head_json":{"title":"Pol\u00edcia prende homem acusado de espancar violentamente irm\u00e3os no Piau\u00ed - Portal NPM","robots":{"index":"index","follow":"follow","max-snippet":"max-snippet:-1","max-image-preview":"max-image-preview:large","max-video-preview":"max-video-preview:-1"},"canonical":"https:\/\/portalnpm.com\/index.php\/2018\/10\/21\/policia-prende-homem-acusado-de-espancar-violentamente-irmaos-no-piaui\/","og_locale":"pt_BR","og_type":"article","og_title":"Pol\u00edcia prende homem acusado de espancar violentamente irm\u00e3os no Piau\u00ed - Portal NPM","og_description":"Os policiais deram in\u00edcio a procura na zona rural e urbana das cidades de Acau\u00e3 e Paulistana. A pol\u00edcia militar cumpriu um mandado de pris\u00e3o preventiva, contra Francisco Jo\u00e3o Rodrigues, de 37 anos de idade, nesse s\u00e1bado (20), acusado de espancar violentamente os irm\u00e3os Andrade e Dod\u00f4, que veio a \u00f3bito, no munic\u00edpio de Paulistana. &hellip;","og_url":"https:\/\/portalnpm.com\/index.php\/2018\/10\/21\/policia-prende-homem-acusado-de-espancar-violentamente-irmaos-no-piaui\/","og_site_name":"Portal NPM","article_published_time":"2018-10-21T14:39:57+00:00","og_image":[{"width":487,"height":650,"url":"https:\/\/portalnpm.com\/wp-content\/uploads\/2018\/10\/702616438-1.jpg","type":"image\/jpeg"}],"author":"Reda\u00e7\u00e3o","twitter_card":"summary_large_image","twitter_misc":{"Escrito por":"Reda\u00e7\u00e3o","Est. tempo de leitura":"1 minuto"},"schema":{"@context":"https:\/\/schema.org","@graph":[{"@type":"WebPage","@id":"https:\/\/portalnpm.com\/index.php\/2018\/10\/21\/policia-prende-homem-acusado-de-espancar-violentamente-irmaos-no-piaui\/","url":"https:\/\/portalnpm.com\/index.php\/2018\/10\/21\/policia-prende-homem-acusado-de-espancar-violentamente-irmaos-no-piaui\/","name":"Pol\u00edcia prende homem acusado de espancar violentamente irm\u00e3os no Piau\u00ed - Portal NPM","isPartOf":{"@id":"https:\/\/portalnpm.com\/#website"},"primaryImageOfPage":{"@id":"https:\/\/portalnpm.com\/index.php\/2018\/10\/21\/policia-prende-homem-acusado-de-espancar-violentamente-irmaos-no-piaui\/#primaryimage"},"image":{"@id":"https:\/\/portalnpm.com\/index.php\/2018\/10\/21\/policia-prende-homem-acusado-de-espancar-violentamente-irmaos-no-piaui\/#primaryimage"},"thumbnailUrl":"https:\/\/portalnpm.com\/wp-content\/uploads\/2018\/10\/702616438-1.jpg","datePublished":"2018-10-21T14:39:57+00:00","dateModified":"2018-10-21T14:39:57+00:00","author":{"@id":"https:\/\/portalnpm.com\/#\/schema\/person\/0b5f230ec96cee25504fa328e7f2b733"},"breadcrumb":{"@id":"https:\/\/portalnpm.com\/index.php\/2018\/10\/21\/policia-prende-homem-acusado-de-espancar-violentamente-irmaos-no-piaui\/#breadcrumb"},"inLanguage":"pt-BR","potentialAction":[{"@type":"ReadAction","target":["https:\/\/portalnpm.com\/index.php\/2018\/10\/21\/policia-prende-homem-acusado-de-espancar-violentamente-irmaos-no-piaui\/"]}]},{"@type":"ImageObject","inLanguage":"pt-BR","@id":"https:\/\/portalnpm.com\/index.php\/2018\/10\/21\/policia-prende-homem-acusado-de-espancar-violentamente-irmaos-no-piaui\/#primaryimage","url":"https:\/\/portalnpm.com\/wp-content\/uploads\/2018\/10\/702616438-1.jpg","contentUrl":"https:\/\/portalnpm.com\/wp-content\/uploads\/2018\/10\/702616438-1.jpg","width":487,"height":650},{"@type":"BreadcrumbList","@id":"https:\/\/portalnpm.com\/index.php\/2018\/10\/21\/policia-prende-homem-acusado-de-espancar-violentamente-irmaos-no-piaui\/#breadcrumb","itemListElement":[{"@type":"ListItem","position":1,"name":"In\u00edcio","item":"https:\/\/portalnpm.com\/"},{"@type":"ListItem","position":2,"name":"Pol\u00edcia prende homem acusado de espancar violentamente irm\u00e3os no Piau\u00ed"}]},{"@type":"WebSite","@id":"https:\/\/portalnpm.com\/#website","url":"https:\/\/portalnpm.com\/","name":"Portal NPM","description":"Not\u00edcias em Primeira M\u00e3o","potentialAction":[{"@type":"SearchAction","target":{"@type":"EntryPoint","urlTemplate":"https:\/\/portalnpm.com\/?s={search_term_string}"},"query-input":"required name=search_term_string"}],"inLanguage":"pt-BR"},{"@type":"Person","@id":"https:\/\/portalnpm.com\/#\/schema\/person\/0b5f230ec96cee25504fa328e7f2b733","name":"Reda\u00e7\u00e3o","image":{"@type":"ImageObject","inLanguage":"pt-BR","@id":"https:\/\/portalnpm.com\/#\/schema\/person\/image\/","url":"https:\/\/portalnpm.com\/wp-content\/uploads\/2024\/03\/avatar_user_4_1710097212-96x96.png","contentUrl":"https:\/\/portalnpm.com\/wp-content\/uploads\/2024\/03\/avatar_user_4_1710097212-96x96.png","caption":"Reda\u00e7\u00e3o"},"url":"https:\/\/portalnpm.com\/index.php\/author\/redacao\/"}]}},"jetpack_sharing_enabled":true,"jetpack_featured_media_url":"https:\/\/portalnpm.com\/wp-content\/uploads\/2018\/10\/702616438-1.jpg","_links":{"self":[{"href":"https:\/\/portalnpm.com\/index.php\/wp-json\/wp\/v2\/posts\/1858"}],"collection":[{"href":"https:\/\/portalnpm.com\/index.php\/wp-json\/wp\/v2\/posts"}],"about":[{"href":"https:\/\/portalnpm.com\/index.php\/wp-json\/wp\/v2\/types\/post"}],"author":[{"embeddable":true,"href":"https:\/\/portalnpm.com\/index.php\/wp-json\/wp\/v2\/users\/4"}],"replies":[{"embeddable":true,"href":"https:\/\/portalnpm.com\/index.php\/wp-json\/wp\/v2\/comments?post=1858"}],"version-history":[{"count":0,"href":"https:\/\/portalnpm.com\/index.php\/wp-json\/wp\/v2\/posts\/1858\/revisions"}],"wp:featuredmedia":[{"embeddable":true,"href":"https:\/\/portalnpm.com\/index.php\/wp-json\/wp\/v2\/media\/1859"}],"wp:attachment":[{"href":"https:\/\/portalnpm.com\/index.php\/wp-json\/wp\/v2\/media?parent=1858"}],"wp:term":[{"taxonomy":"category","embeddable":true,"href":"https:\/\/portalnpm.com\/index.php\/wp-json\/wp\/v2\/categories?post=1858"},{"taxonomy":"post_tag","embeddable":true,"href":"https:\/\/portalnpm.com\/index.php\/wp-json\/wp\/v2\/tags?post=1858"}],"curies":[{"name":"wp","href":"https:\/\/api.w.org\/{rel}","templated":true}]}}