{"id":1868,"date":"2018-10-21T21:55:26","date_gmt":"2018-10-21T23:55:26","guid":{"rendered":"http:\/\/srv.portalnpm.com.br\/?p=1868"},"modified":"2018-10-21T21:55:26","modified_gmt":"2018-10-21T23:55:26","slug":"apoiadores-realizam-carreata-a-favor-de-bolsonaro-em-alegrete-do-piaui-veja-fotos","status":"publish","type":"post","link":"https:\/\/portalnpm.com\/index.php\/2018\/10\/21\/apoiadores-realizam-carreata-a-favor-de-bolsonaro-em-alegrete-do-piaui-veja-fotos\/","title":{"rendered":"Apoiadores realizam carreata a favor de Bolsonaro em Alegrete do Piau\u00ed; veja fotos"},"content":{"rendered":"<p style=\"text-align: justify;\">Faltando poucos dias para a elei\u00e7\u00e3o presidencial do 2\u00ba turno, apoiadores do presidenci\u00e1vel Jair Bolsonaro (PSL \u2013 RJ) realizaram uma carreata na tarde deste domingo, 21, na cidade de Alegrete do Piau\u00ed, distante cerca de 380 km da capital do Estado.<\/p>\n<p style=\"text-align: justify;\">Os simpatizantes se concentraram na Pousada Europa, \u00e0s margens da BR \u2013 316, de onde partiram em carreata, percorrendo algumas das principais ruas da cidade, atraindo a aten\u00e7\u00e3o da popula\u00e7\u00e3o por onde passavam.<\/p>\n<p style=\"text-align: justify;\">Puxada por som automotivo, a carreata foi realizada sob buzina\u00e7o e tocando jingles que evidenciaram a p\u00e1tria e o nome de Bolsonaro. O ato contou com o apoio dos policiais do Grupamento de Pol\u00edcia Militar \u2013 GPM e de agentes da Pol\u00edcia Rodovi\u00e1ria Federal \u2013 PRF que acompanharam todo o percurso.<\/p>\n<p style=\"text-align: justify;\"><img fetchpriority=\"high\" decoding=\"async\" class=\"aligncenter size-full wp-image-500800 colorbox-500772 visible animated\" src=\"http:\/\/cidadesnanet.com\/news\/wp-content\/uploads\/2018\/10\/DSC_0662.jpg\" sizes=\"(max-width: 1000px) 100vw, 1000px\" srcset=\"http:\/\/cidadesnanet.com\/news\/wp-content\/uploads\/2018\/10\/DSC_0662.jpg 1000w, http:\/\/cidadesnanet.com\/news\/wp-content\/uploads\/2018\/10\/DSC_0662-300x200.jpg 300w, http:\/\/cidadesnanet.com\/news\/wp-content\/uploads\/2018\/10\/DSC_0662-768x512.jpg 768w\" alt=\"\" width=\"1000\" height=\"667\" \/><\/p>\n<p style=\"text-align: justify;\">A professora Amanda Patr\u00edcia, uma das organizadoras do ato em apoio ao candidato \u00e0 presid\u00eancia da Rep\u00fablica pelo Partido Social Liberal (PSL), afirmou ao Portal\u00a0<strong>Cidades Na Net,<\/strong>\u00a0que a manifesta\u00e7\u00e3o foi positiva.<\/p>\n<p style=\"text-align: justify;\"><img decoding=\"async\" class=\"aligncenter size-full wp-image-500777 colorbox-500772 visible animated\" src=\"http:\/\/cidadesnanet.com\/news\/wp-content\/uploads\/2018\/10\/DSC_0619.jpg\" sizes=\"(max-width: 1000px) 100vw, 1000px\" srcset=\"http:\/\/cidadesnanet.com\/news\/wp-content\/uploads\/2018\/10\/DSC_0619.jpg 1000w, http:\/\/cidadesnanet.com\/news\/wp-content\/uploads\/2018\/10\/DSC_0619-300x200.jpg 300w, http:\/\/cidadesnanet.com\/news\/wp-content\/uploads\/2018\/10\/DSC_0619-768x512.jpg 768w\" alt=\"\" width=\"1000\" height=\"667\" \/><\/p>\n<p style=\"text-align: justify;\">\u201cFoi uma manifesta\u00e7\u00e3o extremamente positiva e volunt\u00e1ria. Entre os objetivos est\u00e3o reunir os simpatizantes que se alinham ao movimento conservador defendido por Bolsonaro, divulgar o nome do mesmo como candidato a presidente, mobilizar a juventude que quer mudan\u00e7a e incentivar aos eleitores que ainda est\u00e3o indecisos a votarem no Jair Bolsonaro\u201d, disse.<\/p>\n<p style=\"text-align: justify;\"><img decoding=\"async\" class=\"aligncenter size-full wp-image-500774 colorbox-500772 visible animated\" src=\"http:\/\/cidadesnanet.com\/news\/wp-content\/uploads\/2018\/10\/DSC_0612.jpg\" sizes=\"(max-width: 1000px) 100vw, 1000px\" srcset=\"http:\/\/cidadesnanet.com\/news\/wp-content\/uploads\/2018\/10\/DSC_0612.jpg 1000w, http:\/\/cidadesnanet.com\/news\/wp-content\/uploads\/2018\/10\/DSC_0612-300x200.jpg 300w, http:\/\/cidadesnanet.com\/news\/wp-content\/uploads\/2018\/10\/DSC_0612-768x512.jpg 768w\" alt=\"\" width=\"1000\" height=\"667\" \/><\/p>\n<p style=\"text-align: justify;\">O advogado Elias Costa, que integra a \u201cDireita Jaicoense\u201d, auxiliou o grupo de Alegrete, na organiza\u00e7\u00e3o do ato. Em entrevista ele disse que o povo sonha com um Brasil melhor para todos.<\/p>\n<p style=\"text-align: justify;\"><img loading=\"lazy\" decoding=\"async\" class=\"aligncenter size-full wp-image-500785 colorbox-500772 visible animated\" src=\"http:\/\/cidadesnanet.com\/news\/wp-content\/uploads\/2018\/10\/DSC_0635.jpg\" sizes=\"(max-width: 1000px) 100vw, 1000px\" srcset=\"http:\/\/cidadesnanet.com\/news\/wp-content\/uploads\/2018\/10\/DSC_0635.jpg 1000w, http:\/\/cidadesnanet.com\/news\/wp-content\/uploads\/2018\/10\/DSC_0635-300x200.jpg 300w, http:\/\/cidadesnanet.com\/news\/wp-content\/uploads\/2018\/10\/DSC_0635-768x512.jpg 768w\" alt=\"\" width=\"1000\" height=\"667\" \/><\/p>\n<p style=\"text-align: justify;\">\u201cAs pessoas de certa forma est\u00e3o se mobilizando em busca de desenvolvimento do nosso pa\u00eds. O Piau\u00ed sonha com um pa\u00eds de oportunidades para todos. O hist\u00f3rico na nossa regi\u00e3o \u00e9 de fam\u00edlias que v\u00e3o buscar emprego no sudeste, no centro-oeste e no sul. Abandonando seu povo, sua gente. E neste contexto, as pessoas enxergam e Bolsonaro como um pol\u00edtico independente, fora da politicagem, sem cabos eleitorais, sem dinheiro e que far\u00e1 um bom governo, com oportunidade de emprego e renda. Ent\u00e3o o nordestino, o piauiense, o brasileiro adotou Jair Messias Bolsonaro como presidente e essas pessoas que est\u00e3o aqui hoje, querem uma nova cara na pol\u00edtica. Aqui \u00e9 uma manifesta\u00e7\u00e3o livre, aut\u00f4noma e volunt\u00e1ria, onde todos sonham com um Brasil melhor para todos\u201d, disse.<\/p>\n<p><strong>_Veja mais fotos:<\/strong><\/p>\n<p><img loading=\"lazy\" decoding=\"async\" class=\"aligncenter size-full wp-image-500796 colorbox-500772 visible animated\" src=\"http:\/\/cidadesnanet.com\/news\/wp-content\/uploads\/2018\/10\/DSC_0655.jpg\" sizes=\"(max-width: 1000px) 100vw, 1000px\" srcset=\"http:\/\/cidadesnanet.com\/news\/wp-content\/uploads\/2018\/10\/DSC_0655.jpg 1000w, http:\/\/cidadesnanet.com\/news\/wp-content\/uploads\/2018\/10\/DSC_0655-300x200.jpg 300w, http:\/\/cidadesnanet.com\/news\/wp-content\/uploads\/2018\/10\/DSC_0655-768x512.jpg 768w\" alt=\"\" width=\"1000\" height=\"667\" \/><img loading=\"lazy\" decoding=\"async\" class=\"aligncenter size-full wp-image-500795 colorbox-500772 visible animated\" src=\"http:\/\/cidadesnanet.com\/news\/wp-content\/uploads\/2018\/10\/DSC_0654.jpg\" sizes=\"(max-width: 1000px) 100vw, 1000px\" srcset=\"http:\/\/cidadesnanet.com\/news\/wp-content\/uploads\/2018\/10\/DSC_0654.jpg 1000w, http:\/\/cidadesnanet.com\/news\/wp-content\/uploads\/2018\/10\/DSC_0654-300x200.jpg 300w, http:\/\/cidadesnanet.com\/news\/wp-content\/uploads\/2018\/10\/DSC_0654-768x512.jpg 768w\" alt=\"\" width=\"1000\" height=\"667\" \/><img loading=\"lazy\" decoding=\"async\" class=\"aligncenter size-full wp-image-500840 colorbox-500772 visible animated\" src=\"http:\/\/cidadesnanet.com\/news\/wp-content\/uploads\/2018\/10\/DSC_0610-1.jpg\" sizes=\"(max-width: 1000px) 100vw, 1000px\" srcset=\"http:\/\/cidadesnanet.com\/news\/wp-content\/uploads\/2018\/10\/DSC_0610-1.jpg 1000w, http:\/\/cidadesnanet.com\/news\/wp-content\/uploads\/2018\/10\/DSC_0610-1-300x200.jpg 300w, http:\/\/cidadesnanet.com\/news\/wp-content\/uploads\/2018\/10\/DSC_0610-1-768x512.jpg 768w\" alt=\"\" width=\"1000\" height=\"667\" \/><img loading=\"lazy\" decoding=\"async\" class=\"aligncenter size-full wp-image-500794 colorbox-500772 visible animated\" src=\"http:\/\/cidadesnanet.com\/news\/wp-content\/uploads\/2018\/10\/DSC_0653.jpg\" sizes=\"(max-width: 1000px) 100vw, 1000px\" srcset=\"http:\/\/cidadesnanet.com\/news\/wp-content\/uploads\/2018\/10\/DSC_0653.jpg 1000w, http:\/\/cidadesnanet.com\/news\/wp-content\/uploads\/2018\/10\/DSC_0653-300x200.jpg 300w, http:\/\/cidadesnanet.com\/news\/wp-content\/uploads\/2018\/10\/DSC_0653-768x512.jpg 768w\" alt=\"\" width=\"1000\" height=\"667\" \/><img loading=\"lazy\" decoding=\"async\" class=\"aligncenter size-full wp-image-500793 colorbox-500772 visible animated\" src=\"http:\/\/cidadesnanet.com\/news\/wp-content\/uploads\/2018\/10\/DSC_0651.jpg\" sizes=\"(max-width: 1000px) 100vw, 1000px\" srcset=\"http:\/\/cidadesnanet.com\/news\/wp-content\/uploads\/2018\/10\/DSC_0651.jpg 1000w, http:\/\/cidadesnanet.com\/news\/wp-content\/uploads\/2018\/10\/DSC_0651-300x200.jpg 300w, http:\/\/cidadesnanet.com\/news\/wp-content\/uploads\/2018\/10\/DSC_0651-768x512.jpg 768w\" alt=\"\" width=\"1000\" height=\"667\" \/><img loading=\"lazy\" decoding=\"async\" class=\"aligncenter size-full wp-image-500792 colorbox-500772 visible animated\" src=\"http:\/\/cidadesnanet.com\/news\/wp-content\/uploads\/2018\/10\/DSC_0650.jpg\" sizes=\"(max-width: 1000px) 100vw, 1000px\" srcset=\"http:\/\/cidadesnanet.com\/news\/wp-content\/uploads\/2018\/10\/DSC_0650.jpg 1000w, http:\/\/cidadesnanet.com\/news\/wp-content\/uploads\/2018\/10\/DSC_0650-300x200.jpg 300w, http:\/\/cidadesnanet.com\/news\/wp-content\/uploads\/2018\/10\/DSC_0650-768x512.jpg 768w\" alt=\"\" width=\"1000\" height=\"667\" \/><img loading=\"lazy\" decoding=\"async\" class=\"aligncenter size-full wp-image-500791 colorbox-500772 visible animated\" src=\"http:\/\/cidadesnanet.com\/news\/wp-content\/uploads\/2018\/10\/DSC_0649.jpg\" sizes=\"(max-width: 1000px) 100vw, 1000px\" srcset=\"http:\/\/cidadesnanet.com\/news\/wp-content\/uploads\/2018\/10\/DSC_0649.jpg 1000w, http:\/\/cidadesnanet.com\/news\/wp-content\/uploads\/2018\/10\/DSC_0649-300x200.jpg 300w, http:\/\/cidadesnanet.com\/news\/wp-content\/uploads\/2018\/10\/DSC_0649-768x512.jpg 768w\" alt=\"\" width=\"1000\" height=\"667\" \/><img loading=\"lazy\" decoding=\"async\" class=\"aligncenter size-full wp-image-500790 colorbox-500772 visible animated\" src=\"http:\/\/cidadesnanet.com\/news\/wp-content\/uploads\/2018\/10\/DSC_0645.jpg\" sizes=\"(max-width: 1000px) 100vw, 1000px\" srcset=\"http:\/\/cidadesnanet.com\/news\/wp-content\/uploads\/2018\/10\/DSC_0645.jpg 1000w, http:\/\/cidadesnanet.com\/news\/wp-content\/uploads\/2018\/10\/DSC_0645-300x200.jpg 300w, http:\/\/cidadesnanet.com\/news\/wp-content\/uploads\/2018\/10\/DSC_0645-768x512.jpg 768w\" alt=\"\" width=\"1000\" height=\"667\" \/><img loading=\"lazy\" decoding=\"async\" class=\"aligncenter size-full wp-image-500789 colorbox-500772 visible animated\" src=\"http:\/\/cidadesnanet.com\/news\/wp-content\/uploads\/2018\/10\/DSC_0644.jpg\" sizes=\"(max-width: 1000px) 100vw, 1000px\" srcset=\"http:\/\/cidadesnanet.com\/news\/wp-content\/uploads\/2018\/10\/DSC_0644.jpg 1000w, http:\/\/cidadesnanet.com\/news\/wp-content\/uploads\/2018\/10\/DSC_0644-300x200.jpg 300w, http:\/\/cidadesnanet.com\/news\/wp-content\/uploads\/2018\/10\/DSC_0644-768x512.jpg 768w\" alt=\"\" width=\"1000\" height=\"667\" \/><img loading=\"lazy\" decoding=\"async\" class=\"aligncenter size-full wp-image-500788 colorbox-500772 visible animated\" src=\"http:\/\/cidadesnanet.com\/news\/wp-content\/uploads\/2018\/10\/DSC_0641.jpg\" sizes=\"(max-width: 1000px) 100vw, 1000px\" srcset=\"http:\/\/cidadesnanet.com\/news\/wp-content\/uploads\/2018\/10\/DSC_0641.jpg 1000w, http:\/\/cidadesnanet.com\/news\/wp-content\/uploads\/2018\/10\/DSC_0641-300x200.jpg 300w, http:\/\/cidadesnanet.com\/news\/wp-content\/uploads\/2018\/10\/DSC_0641-768x512.jpg 768w\" alt=\"\" width=\"1000\" height=\"667\" \/><img loading=\"lazy\" decoding=\"async\" class=\"aligncenter size-full wp-image-500787 colorbox-500772 visible animated\" src=\"http:\/\/cidadesnanet.com\/news\/wp-content\/uploads\/2018\/10\/DSC_0640.jpg\" sizes=\"(max-width: 1000px) 100vw, 1000px\" srcset=\"http:\/\/cidadesnanet.com\/news\/wp-content\/uploads\/2018\/10\/DSC_0640.jpg 1000w, http:\/\/cidadesnanet.com\/news\/wp-content\/uploads\/2018\/10\/DSC_0640-300x200.jpg 300w, http:\/\/cidadesnanet.com\/news\/wp-content\/uploads\/2018\/10\/DSC_0640-768x512.jpg 768w\" alt=\"\" width=\"1000\" height=\"667\" \/><img loading=\"lazy\" decoding=\"async\" class=\"aligncenter size-full wp-image-500786 colorbox-500772 visible animated\" src=\"http:\/\/cidadesnanet.com\/news\/wp-content\/uploads\/2018\/10\/DSC_0638.jpg\" sizes=\"(max-width: 1000px) 100vw, 1000px\" srcset=\"http:\/\/cidadesnanet.com\/news\/wp-content\/uploads\/2018\/10\/DSC_0638.jpg 1000w, http:\/\/cidadesnanet.com\/news\/wp-content\/uploads\/2018\/10\/DSC_0638-300x200.jpg 300w, http:\/\/cidadesnanet.com\/news\/wp-content\/uploads\/2018\/10\/DSC_0638-768x512.jpg 768w\" alt=\"\" width=\"1000\" height=\"667\" \/><img loading=\"lazy\" decoding=\"async\" class=\"aligncenter size-full wp-image-500784 colorbox-500772 visible animated\" src=\"http:\/\/cidadesnanet.com\/news\/wp-content\/uploads\/2018\/10\/DSC_0634.jpg\" sizes=\"(max-width: 1000px) 100vw, 1000px\" srcset=\"http:\/\/cidadesnanet.com\/news\/wp-content\/uploads\/2018\/10\/DSC_0634.jpg 1000w, http:\/\/cidadesnanet.com\/news\/wp-content\/uploads\/2018\/10\/DSC_0634-300x200.jpg 300w, http:\/\/cidadesnanet.com\/news\/wp-content\/uploads\/2018\/10\/DSC_0634-768x512.jpg 768w\" alt=\"\" width=\"1000\" height=\"667\" \/><img loading=\"lazy\" decoding=\"async\" class=\"aligncenter size-full wp-image-500783 colorbox-500772\" src=\"http:\/\/cidadesnanet.com\/news\/wp-content\/uploads\/2018\/10\/DSC_0631.jpg\" sizes=\"(max-width: 1000px) 100vw, 1000px\" srcset=\"http:\/\/cidadesnanet.com\/news\/wp-content\/uploads\/2018\/10\/DSC_0631.jpg 1000w, http:\/\/cidadesnanet.com\/news\/wp-content\/uploads\/2018\/10\/DSC_0631-300x200.jpg 300w, http:\/\/cidadesnanet.com\/news\/wp-content\/uploads\/2018\/10\/DSC_0631-768x512.jpg 768w\" alt=\"\" width=\"1000\" height=\"667\" \/><img loading=\"lazy\" decoding=\"async\" class=\"aligncenter size-full wp-image-500782 colorbox-500772\" src=\"http:\/\/cidadesnanet.com\/news\/wp-content\/uploads\/2018\/10\/DSC_0628.jpg\" sizes=\"(max-width: 1000px) 100vw, 1000px\" srcset=\"http:\/\/cidadesnanet.com\/news\/wp-content\/uploads\/2018\/10\/DSC_0628.jpg 1000w, http:\/\/cidadesnanet.com\/news\/wp-content\/uploads\/2018\/10\/DSC_0628-300x200.jpg 300w, http:\/\/cidadesnanet.com\/news\/wp-content\/uploads\/2018\/10\/DSC_0628-768x512.jpg 768w\" alt=\"\" width=\"1000\" height=\"667\" \/><img loading=\"lazy\" decoding=\"async\" class=\"aligncenter size-full wp-image-500781 colorbox-500772\" src=\"http:\/\/cidadesnanet.com\/news\/wp-content\/uploads\/2018\/10\/DSC_0627.jpg\" sizes=\"(max-width: 1000px) 100vw, 1000px\" srcset=\"http:\/\/cidadesnanet.com\/news\/wp-content\/uploads\/2018\/10\/DSC_0627.jpg 1000w, http:\/\/cidadesnanet.com\/news\/wp-content\/uploads\/2018\/10\/DSC_0627-300x200.jpg 300w, http:\/\/cidadesnanet.com\/news\/wp-content\/uploads\/2018\/10\/DSC_0627-768x512.jpg 768w\" alt=\"\" width=\"1000\" height=\"667\" \/><img loading=\"lazy\" decoding=\"async\" class=\"aligncenter size-full wp-image-500780 colorbox-500772\" src=\"http:\/\/cidadesnanet.com\/news\/wp-content\/uploads\/2018\/10\/DSC_0625.jpg\" sizes=\"(max-width: 1000px) 100vw, 1000px\" srcset=\"http:\/\/cidadesnanet.com\/news\/wp-content\/uploads\/2018\/10\/DSC_0625.jpg 1000w, http:\/\/cidadesnanet.com\/news\/wp-content\/uploads\/2018\/10\/DSC_0625-300x200.jpg 300w, http:\/\/cidadesnanet.com\/news\/wp-content\/uploads\/2018\/10\/DSC_0625-768x512.jpg 768w\" alt=\"\" width=\"1000\" height=\"667\" \/><img loading=\"lazy\" decoding=\"async\" class=\"aligncenter size-full wp-image-500779 colorbox-500772\" src=\"http:\/\/cidadesnanet.com\/news\/wp-content\/uploads\/2018\/10\/DSC_0623.jpg\" sizes=\"(max-width: 1000px) 100vw, 1000px\" srcset=\"http:\/\/cidadesnanet.com\/news\/wp-content\/uploads\/2018\/10\/DSC_0623.jpg 1000w, http:\/\/cidadesnanet.com\/news\/wp-content\/uploads\/2018\/10\/DSC_0623-300x200.jpg 300w, http:\/\/cidadesnanet.com\/news\/wp-content\/uploads\/2018\/10\/DSC_0623-768x512.jpg 768w\" alt=\"\" width=\"1000\" height=\"667\" \/><img loading=\"lazy\" decoding=\"async\" class=\"aligncenter size-full wp-image-500778 colorbox-500772\" src=\"http:\/\/cidadesnanet.com\/news\/wp-content\/uploads\/2018\/10\/DSC_0620.jpg\" sizes=\"(max-width: 1000px) 100vw, 1000px\" srcset=\"http:\/\/cidadesnanet.com\/news\/wp-content\/uploads\/2018\/10\/DSC_0620.jpg 1000w, http:\/\/cidadesnanet.com\/news\/wp-content\/uploads\/2018\/10\/DSC_0620-300x200.jpg 300w, http:\/\/cidadesnanet.com\/news\/wp-content\/uploads\/2018\/10\/DSC_0620-768x512.jpg 768w\" alt=\"\" width=\"1000\" height=\"667\" \/><img loading=\"lazy\" decoding=\"async\" class=\"aligncenter size-full wp-image-500776 colorbox-500772\" src=\"http:\/\/cidadesnanet.com\/news\/wp-content\/uploads\/2018\/10\/DSC_0617.jpg\" sizes=\"(max-width: 1000px) 100vw, 1000px\" srcset=\"http:\/\/cidadesnanet.com\/news\/wp-content\/uploads\/2018\/10\/DSC_0617.jpg 1000w, http:\/\/cidadesnanet.com\/news\/wp-content\/uploads\/2018\/10\/DSC_0617-300x200.jpg 300w, http:\/\/cidadesnanet.com\/news\/wp-content\/uploads\/2018\/10\/DSC_0617-768x512.jpg 768w\" alt=\"\" width=\"1000\" height=\"667\" \/><img loading=\"lazy\" decoding=\"async\" class=\"aligncenter size-full wp-image-500775 colorbox-500772\" src=\"http:\/\/cidadesnanet.com\/news\/wp-content\/uploads\/2018\/10\/DSC_0615.jpg\" sizes=\"(max-width: 1000px) 100vw, 1000px\" srcset=\"http:\/\/cidadesnanet.com\/news\/wp-content\/uploads\/2018\/10\/DSC_0615.jpg 1000w, http:\/\/cidadesnanet.com\/news\/wp-content\/uploads\/2018\/10\/DSC_0615-300x200.jpg 300w, http:\/\/cidadesnanet.com\/news\/wp-content\/uploads\/2018\/10\/DSC_0615-768x512.jpg 768w\" alt=\"\" width=\"1000\" height=\"667\" \/><img loading=\"lazy\" decoding=\"async\" class=\"aligncenter size-full wp-image-500839 colorbox-500772\" src=\"http:\/\/cidadesnanet.com\/news\/wp-content\/uploads\/2018\/10\/DSC_0710.jpg\" sizes=\"(max-width: 1000px) 100vw, 1000px\" srcset=\"http:\/\/cidadesnanet.com\/news\/wp-content\/uploads\/2018\/10\/DSC_0710.jpg 1000w, http:\/\/cidadesnanet.com\/news\/wp-content\/uploads\/2018\/10\/DSC_0710-300x200.jpg 300w, http:\/\/cidadesnanet.com\/news\/wp-content\/uploads\/2018\/10\/DSC_0710-768x512.jpg 768w\" alt=\"\" width=\"1000\" height=\"667\" \/><img loading=\"lazy\" decoding=\"async\" class=\"aligncenter size-full wp-image-500838 colorbox-500772\" src=\"http:\/\/cidadesnanet.com\/news\/wp-content\/uploads\/2018\/10\/DSC_0708.jpg\" sizes=\"(max-width: 1000px) 100vw, 1000px\" srcset=\"http:\/\/cidadesnanet.com\/news\/wp-content\/uploads\/2018\/10\/DSC_0708.jpg 1000w, http:\/\/cidadesnanet.com\/news\/wp-content\/uploads\/2018\/10\/DSC_0708-300x200.jpg 300w, http:\/\/cidadesnanet.com\/news\/wp-content\/uploads\/2018\/10\/DSC_0708-768x512.jpg 768w\" alt=\"\" width=\"1000\" height=\"667\" \/><img loading=\"lazy\" decoding=\"async\" class=\"aligncenter size-full wp-image-500837 colorbox-500772\" src=\"http:\/\/cidadesnanet.com\/news\/wp-content\/uploads\/2018\/10\/DSC_0705.jpg\" sizes=\"(max-width: 1000px) 100vw, 1000px\" srcset=\"http:\/\/cidadesnanet.com\/news\/wp-content\/uploads\/2018\/10\/DSC_0705.jpg 1000w, http:\/\/cidadesnanet.com\/news\/wp-content\/uploads\/2018\/10\/DSC_0705-300x200.jpg 300w, http:\/\/cidadesnanet.com\/news\/wp-content\/uploads\/2018\/10\/DSC_0705-768x512.jpg 768w\" alt=\"\" width=\"1000\" height=\"667\" \/><img loading=\"lazy\" decoding=\"async\" class=\"aligncenter size-full wp-image-500836 colorbox-500772\" src=\"http:\/\/cidadesnanet.com\/news\/wp-content\/uploads\/2018\/10\/DSC_0703.jpg\" sizes=\"(max-width: 1000px) 100vw, 1000px\" srcset=\"http:\/\/cidadesnanet.com\/news\/wp-content\/uploads\/2018\/10\/DSC_0703.jpg 1000w, http:\/\/cidadesnanet.com\/news\/wp-content\/uploads\/2018\/10\/DSC_0703-300x200.jpg 300w, http:\/\/cidadesnanet.com\/news\/wp-content\/uploads\/2018\/10\/DSC_0703-768x512.jpg 768w\" alt=\"\" width=\"1000\" height=\"667\" \/><img loading=\"lazy\" decoding=\"async\" class=\"aligncenter size-full wp-image-500835 colorbox-500772\" src=\"http:\/\/cidadesnanet.com\/news\/wp-content\/uploads\/2018\/10\/DSC_0701.jpg\" sizes=\"(max-width: 1000px) 100vw, 1000px\" srcset=\"http:\/\/cidadesnanet.com\/news\/wp-content\/uploads\/2018\/10\/DSC_0701.jpg 1000w, http:\/\/cidadesnanet.com\/news\/wp-content\/uploads\/2018\/10\/DSC_0701-300x200.jpg 300w, http:\/\/cidadesnanet.com\/news\/wp-content\/uploads\/2018\/10\/DSC_0701-768x512.jpg 768w\" alt=\"\" width=\"1000\" height=\"667\" \/><img loading=\"lazy\" decoding=\"async\" class=\"aligncenter size-full wp-image-500834 colorbox-500772\" src=\"http:\/\/cidadesnanet.com\/news\/wp-content\/uploads\/2018\/10\/DSC_0699.jpg\" sizes=\"(max-width: 1000px) 100vw, 1000px\" srcset=\"http:\/\/cidadesnanet.com\/news\/wp-content\/uploads\/2018\/10\/DSC_0699.jpg 1000w, http:\/\/cidadesnanet.com\/news\/wp-content\/uploads\/2018\/10\/DSC_0699-300x200.jpg 300w, http:\/\/cidadesnanet.com\/news\/wp-content\/uploads\/2018\/10\/DSC_0699-768x512.jpg 768w\" alt=\"\" width=\"1000\" height=\"667\" \/><img loading=\"lazy\" decoding=\"async\" class=\"aligncenter size-full wp-image-500833 colorbox-500772\" src=\"http:\/\/cidadesnanet.com\/news\/wp-content\/uploads\/2018\/10\/DSC_0698.jpg\" sizes=\"(max-width: 1000px) 100vw, 1000px\" srcset=\"http:\/\/cidadesnanet.com\/news\/wp-content\/uploads\/2018\/10\/DSC_0698.jpg 1000w, http:\/\/cidadesnanet.com\/news\/wp-content\/uploads\/2018\/10\/DSC_0698-300x200.jpg 300w, http:\/\/cidadesnanet.com\/news\/wp-content\/uploads\/2018\/10\/DSC_0698-768x512.jpg 768w\" alt=\"\" width=\"1000\" height=\"667\" \/><img loading=\"lazy\" decoding=\"async\" class=\"aligncenter size-full wp-image-500832 colorbox-500772 visible animated\" src=\"http:\/\/cidadesnanet.com\/news\/wp-content\/uploads\/2018\/10\/DSC_0697.jpg\" sizes=\"(max-width: 1000px) 100vw, 1000px\" srcset=\"http:\/\/cidadesnanet.com\/news\/wp-content\/uploads\/2018\/10\/DSC_0697.jpg 1000w, http:\/\/cidadesnanet.com\/news\/wp-content\/uploads\/2018\/10\/DSC_0697-300x200.jpg 300w, http:\/\/cidadesnanet.com\/news\/wp-content\/uploads\/2018\/10\/DSC_0697-768x512.jpg 768w\" alt=\"\" width=\"1000\" height=\"667\" \/><img loading=\"lazy\" decoding=\"async\" class=\"aligncenter size-full wp-image-500831 colorbox-500772 visible animated\" src=\"http:\/\/cidadesnanet.com\/news\/wp-content\/uploads\/2018\/10\/DSC_0696.jpg\" sizes=\"(max-width: 1000px) 100vw, 1000px\" srcset=\"http:\/\/cidadesnanet.com\/news\/wp-content\/uploads\/2018\/10\/DSC_0696.jpg 1000w, http:\/\/cidadesnanet.com\/news\/wp-content\/uploads\/2018\/10\/DSC_0696-300x200.jpg 300w, http:\/\/cidadesnanet.com\/news\/wp-content\/uploads\/2018\/10\/DSC_0696-768x512.jpg 768w\" alt=\"\" width=\"1000\" height=\"667\" \/><img loading=\"lazy\" decoding=\"async\" class=\"aligncenter size-full wp-image-500830 colorbox-500772 visible animated\" src=\"http:\/\/cidadesnanet.com\/news\/wp-content\/uploads\/2018\/10\/DSC_0695.jpg\" sizes=\"(max-width: 1000px) 100vw, 1000px\" srcset=\"http:\/\/cidadesnanet.com\/news\/wp-content\/uploads\/2018\/10\/DSC_0695.jpg 1000w, http:\/\/cidadesnanet.com\/news\/wp-content\/uploads\/2018\/10\/DSC_0695-300x200.jpg 300w, http:\/\/cidadesnanet.com\/news\/wp-content\/uploads\/2018\/10\/DSC_0695-768x512.jpg 768w\" alt=\"\" width=\"1000\" height=\"667\" \/><img loading=\"lazy\" decoding=\"async\" class=\"aligncenter size-full wp-image-500829 colorbox-500772 visible animated\" src=\"http:\/\/cidadesnanet.com\/news\/wp-content\/uploads\/2018\/10\/DSC_0694.jpg\" sizes=\"(max-width: 1000px) 100vw, 1000px\" srcset=\"http:\/\/cidadesnanet.com\/news\/wp-content\/uploads\/2018\/10\/DSC_0694.jpg 1000w, http:\/\/cidadesnanet.com\/news\/wp-content\/uploads\/2018\/10\/DSC_0694-300x200.jpg 300w, http:\/\/cidadesnanet.com\/news\/wp-content\/uploads\/2018\/10\/DSC_0694-768x512.jpg 768w\" alt=\"\" width=\"1000\" height=\"667\" \/><img loading=\"lazy\" decoding=\"async\" class=\"aligncenter size-full wp-image-500828 colorbox-500772 visible animated\" src=\"http:\/\/cidadesnanet.com\/news\/wp-content\/uploads\/2018\/10\/DSC_0693.jpg\" sizes=\"(max-width: 1000px) 100vw, 1000px\" srcset=\"http:\/\/cidadesnanet.com\/news\/wp-content\/uploads\/2018\/10\/DSC_0693.jpg 1000w, http:\/\/cidadesnanet.com\/news\/wp-content\/uploads\/2018\/10\/DSC_0693-300x200.jpg 300w, http:\/\/cidadesnanet.com\/news\/wp-content\/uploads\/2018\/10\/DSC_0693-768x512.jpg 768w\" alt=\"\" width=\"1000\" height=\"667\" \/><img loading=\"lazy\" decoding=\"async\" class=\"aligncenter size-full wp-image-500827 colorbox-500772 visible animated\" src=\"http:\/\/cidadesnanet.com\/news\/wp-content\/uploads\/2018\/10\/DSC_0692.jpg\" sizes=\"(max-width: 1000px) 100vw, 1000px\" srcset=\"http:\/\/cidadesnanet.com\/news\/wp-content\/uploads\/2018\/10\/DSC_0692.jpg 1000w, http:\/\/cidadesnanet.com\/news\/wp-content\/uploads\/2018\/10\/DSC_0692-300x200.jpg 300w, http:\/\/cidadesnanet.com\/news\/wp-content\/uploads\/2018\/10\/DSC_0692-768x512.jpg 768w\" alt=\"\" width=\"1000\" height=\"667\" \/><img loading=\"lazy\" decoding=\"async\" class=\"aligncenter size-full wp-image-500826 colorbox-500772 visible animated\" src=\"http:\/\/cidadesnanet.com\/news\/wp-content\/uploads\/2018\/10\/DSC_0691.jpg\" sizes=\"(max-width: 1000px) 100vw, 1000px\" srcset=\"http:\/\/cidadesnanet.com\/news\/wp-content\/uploads\/2018\/10\/DSC_0691.jpg 1000w, http:\/\/cidadesnanet.com\/news\/wp-content\/uploads\/2018\/10\/DSC_0691-300x200.jpg 300w, http:\/\/cidadesnanet.com\/news\/wp-content\/uploads\/2018\/10\/DSC_0691-768x512.jpg 768w\" alt=\"\" width=\"1000\" height=\"667\" \/><img loading=\"lazy\" decoding=\"async\" class=\"aligncenter size-full wp-image-500825 colorbox-500772 visible animated\" src=\"http:\/\/cidadesnanet.com\/news\/wp-content\/uploads\/2018\/10\/DSC_0690.jpg\" sizes=\"(max-width: 1000px) 100vw, 1000px\" srcset=\"http:\/\/cidadesnanet.com\/news\/wp-content\/uploads\/2018\/10\/DSC_0690.jpg 1000w, http:\/\/cidadesnanet.com\/news\/wp-content\/uploads\/2018\/10\/DSC_0690-300x200.jpg 300w, http:\/\/cidadesnanet.com\/news\/wp-content\/uploads\/2018\/10\/DSC_0690-768x512.jpg 768w\" alt=\"\" width=\"1000\" height=\"667\" \/><img loading=\"lazy\" decoding=\"async\" class=\"aligncenter size-full wp-image-500824 colorbox-500772\" src=\"http:\/\/cidadesnanet.com\/news\/wp-content\/uploads\/2018\/10\/DSC_0689.jpg\" sizes=\"(max-width: 1000px) 100vw, 1000px\" srcset=\"http:\/\/cidadesnanet.com\/news\/wp-content\/uploads\/2018\/10\/DSC_0689.jpg 1000w, http:\/\/cidadesnanet.com\/news\/wp-content\/uploads\/2018\/10\/DSC_0689-300x200.jpg 300w, http:\/\/cidadesnanet.com\/news\/wp-content\/uploads\/2018\/10\/DSC_0689-768x512.jpg 768w\" alt=\"\" width=\"1000\" height=\"667\" \/><img loading=\"lazy\" decoding=\"async\" class=\"aligncenter size-full wp-image-500823 colorbox-500772\" src=\"http:\/\/cidadesnanet.com\/news\/wp-content\/uploads\/2018\/10\/DSC_0688.jpg\" sizes=\"(max-width: 1000px) 100vw, 1000px\" srcset=\"http:\/\/cidadesnanet.com\/news\/wp-content\/uploads\/2018\/10\/DSC_0688.jpg 1000w, http:\/\/cidadesnanet.com\/news\/wp-content\/uploads\/2018\/10\/DSC_0688-300x200.jpg 300w, http:\/\/cidadesnanet.com\/news\/wp-content\/uploads\/2018\/10\/DSC_0688-768x512.jpg 768w\" alt=\"\" width=\"1000\" height=\"667\" \/><img loading=\"lazy\" decoding=\"async\" class=\"aligncenter size-full wp-image-500822 colorbox-500772\" src=\"http:\/\/cidadesnanet.com\/news\/wp-content\/uploads\/2018\/10\/DSC_0687.jpg\" sizes=\"(max-width: 1000px) 100vw, 1000px\" srcset=\"http:\/\/cidadesnanet.com\/news\/wp-content\/uploads\/2018\/10\/DSC_0687.jpg 1000w, http:\/\/cidadesnanet.com\/news\/wp-content\/uploads\/2018\/10\/DSC_0687-300x200.jpg 300w, http:\/\/cidadesnanet.com\/news\/wp-content\/uploads\/2018\/10\/DSC_0687-768x512.jpg 768w\" alt=\"\" width=\"1000\" height=\"667\" \/><img loading=\"lazy\" decoding=\"async\" class=\"aligncenter size-full wp-image-500821 colorbox-500772\" src=\"http:\/\/cidadesnanet.com\/news\/wp-content\/uploads\/2018\/10\/DSC_0686.jpg\" sizes=\"(max-width: 1000px) 100vw, 1000px\" srcset=\"http:\/\/cidadesnanet.com\/news\/wp-content\/uploads\/2018\/10\/DSC_0686.jpg 1000w, http:\/\/cidadesnanet.com\/news\/wp-content\/uploads\/2018\/10\/DSC_0686-300x200.jpg 300w, http:\/\/cidadesnanet.com\/news\/wp-content\/uploads\/2018\/10\/DSC_0686-768x512.jpg 768w\" alt=\"\" width=\"1000\" height=\"667\" \/><img loading=\"lazy\" decoding=\"async\" class=\"aligncenter size-full wp-image-500820 colorbox-500772\" src=\"http:\/\/cidadesnanet.com\/news\/wp-content\/uploads\/2018\/10\/DSC_0685.jpg\" sizes=\"(max-width: 1000px) 100vw, 1000px\" srcset=\"http:\/\/cidadesnanet.com\/news\/wp-content\/uploads\/2018\/10\/DSC_0685.jpg 1000w, http:\/\/cidadesnanet.com\/news\/wp-content\/uploads\/2018\/10\/DSC_0685-300x200.jpg 300w, http:\/\/cidadesnanet.com\/news\/wp-content\/uploads\/2018\/10\/DSC_0685-768x512.jpg 768w\" alt=\"\" width=\"1000\" height=\"667\" \/><img loading=\"lazy\" decoding=\"async\" class=\"aligncenter size-full wp-image-500819 colorbox-500772\" src=\"http:\/\/cidadesnanet.com\/news\/wp-content\/uploads\/2018\/10\/DSC_0684.jpg\" sizes=\"(max-width: 1000px) 100vw, 1000px\" srcset=\"http:\/\/cidadesnanet.com\/news\/wp-content\/uploads\/2018\/10\/DSC_0684.jpg 1000w, http:\/\/cidadesnanet.com\/news\/wp-content\/uploads\/2018\/10\/DSC_0684-300x200.jpg 300w, http:\/\/cidadesnanet.com\/news\/wp-content\/uploads\/2018\/10\/DSC_0684-768x512.jpg 768w\" alt=\"\" width=\"1000\" height=\"667\" \/><img loading=\"lazy\" decoding=\"async\" class=\"aligncenter size-full wp-image-500818 colorbox-500772\" src=\"http:\/\/cidadesnanet.com\/news\/wp-content\/uploads\/2018\/10\/DSC_0683.jpg\" sizes=\"(max-width: 1000px) 100vw, 1000px\" srcset=\"http:\/\/cidadesnanet.com\/news\/wp-content\/uploads\/2018\/10\/DSC_0683.jpg 1000w, http:\/\/cidadesnanet.com\/news\/wp-content\/uploads\/2018\/10\/DSC_0683-300x200.jpg 300w, http:\/\/cidadesnanet.com\/news\/wp-content\/uploads\/2018\/10\/DSC_0683-768x512.jpg 768w\" alt=\"\" width=\"1000\" height=\"667\" \/><img loading=\"lazy\" decoding=\"async\" class=\"aligncenter size-full wp-image-500817 colorbox-500772\" src=\"http:\/\/cidadesnanet.com\/news\/wp-content\/uploads\/2018\/10\/DSC_0682.jpg\" sizes=\"(max-width: 1000px) 100vw, 1000px\" srcset=\"http:\/\/cidadesnanet.com\/news\/wp-content\/uploads\/2018\/10\/DSC_0682.jpg 1000w, http:\/\/cidadesnanet.com\/news\/wp-content\/uploads\/2018\/10\/DSC_0682-300x200.jpg 300w, http:\/\/cidadesnanet.com\/news\/wp-content\/uploads\/2018\/10\/DSC_0682-768x512.jpg 768w\" alt=\"\" width=\"1000\" height=\"667\" \/><img loading=\"lazy\" decoding=\"async\" class=\"aligncenter size-full wp-image-500816 colorbox-500772\" src=\"http:\/\/cidadesnanet.com\/news\/wp-content\/uploads\/2018\/10\/DSC_0681.jpg\" sizes=\"(max-width: 1000px) 100vw, 1000px\" srcset=\"http:\/\/cidadesnanet.com\/news\/wp-content\/uploads\/2018\/10\/DSC_0681.jpg 1000w, http:\/\/cidadesnanet.com\/news\/wp-content\/uploads\/2018\/10\/DSC_0681-300x200.jpg 300w, http:\/\/cidadesnanet.com\/news\/wp-content\/uploads\/2018\/10\/DSC_0681-768x512.jpg 768w\" alt=\"\" width=\"1000\" height=\"667\" \/><img loading=\"lazy\" decoding=\"async\" class=\"aligncenter size-full wp-image-500815 colorbox-500772\" src=\"http:\/\/cidadesnanet.com\/news\/wp-content\/uploads\/2018\/10\/DSC_0680.jpg\" sizes=\"(max-width: 1000px) 100vw, 1000px\" srcset=\"http:\/\/cidadesnanet.com\/news\/wp-content\/uploads\/2018\/10\/DSC_0680.jpg 1000w, http:\/\/cidadesnanet.com\/news\/wp-content\/uploads\/2018\/10\/DSC_0680-300x200.jpg 300w, http:\/\/cidadesnanet.com\/news\/wp-content\/uploads\/2018\/10\/DSC_0680-768x512.jpg 768w\" alt=\"\" width=\"1000\" height=\"667\" \/><img loading=\"lazy\" decoding=\"async\" class=\"aligncenter size-full wp-image-500814 colorbox-500772\" src=\"http:\/\/cidadesnanet.com\/news\/wp-content\/uploads\/2018\/10\/DSC_0679.jpg\" sizes=\"(max-width: 1000px) 100vw, 1000px\" srcset=\"http:\/\/cidadesnanet.com\/news\/wp-content\/uploads\/2018\/10\/DSC_0679.jpg 1000w, http:\/\/cidadesnanet.com\/news\/wp-content\/uploads\/2018\/10\/DSC_0679-300x200.jpg 300w, http:\/\/cidadesnanet.com\/news\/wp-content\/uploads\/2018\/10\/DSC_0679-768x512.jpg 768w\" alt=\"\" width=\"1000\" height=\"667\" \/><img loading=\"lazy\" decoding=\"async\" class=\"aligncenter size-full wp-image-500813 colorbox-500772\" src=\"http:\/\/cidadesnanet.com\/news\/wp-content\/uploads\/2018\/10\/DSC_0678.jpg\" sizes=\"(max-width: 1000px) 100vw, 1000px\" srcset=\"http:\/\/cidadesnanet.com\/news\/wp-content\/uploads\/2018\/10\/DSC_0678.jpg 1000w, http:\/\/cidadesnanet.com\/news\/wp-content\/uploads\/2018\/10\/DSC_0678-300x200.jpg 300w, http:\/\/cidadesnanet.com\/news\/wp-content\/uploads\/2018\/10\/DSC_0678-768x512.jpg 768w\" alt=\"\" width=\"1000\" height=\"667\" \/><img loading=\"lazy\" decoding=\"async\" class=\"aligncenter size-full wp-image-500812 colorbox-500772\" src=\"http:\/\/cidadesnanet.com\/news\/wp-content\/uploads\/2018\/10\/DSC_0677.jpg\" sizes=\"(max-width: 1000px) 100vw, 1000px\" srcset=\"http:\/\/cidadesnanet.com\/news\/wp-content\/uploads\/2018\/10\/DSC_0677.jpg 1000w, http:\/\/cidadesnanet.com\/news\/wp-content\/uploads\/2018\/10\/DSC_0677-300x200.jpg 300w, http:\/\/cidadesnanet.com\/news\/wp-content\/uploads\/2018\/10\/DSC_0677-768x512.jpg 768w\" alt=\"\" width=\"1000\" height=\"667\" \/><img loading=\"lazy\" decoding=\"async\" class=\"aligncenter size-full wp-image-500811 colorbox-500772\" src=\"http:\/\/cidadesnanet.com\/news\/wp-content\/uploads\/2018\/10\/DSC_0676.jpg\" sizes=\"(max-width: 1000px) 100vw, 1000px\" srcset=\"http:\/\/cidadesnanet.com\/news\/wp-content\/uploads\/2018\/10\/DSC_0676.jpg 1000w, http:\/\/cidadesnanet.com\/news\/wp-content\/uploads\/2018\/10\/DSC_0676-300x200.jpg 300w, http:\/\/cidadesnanet.com\/news\/wp-content\/uploads\/2018\/10\/DSC_0676-768x512.jpg 768w\" alt=\"\" width=\"1000\" height=\"667\" \/><img loading=\"lazy\" decoding=\"async\" class=\"aligncenter size-full wp-image-500810 colorbox-500772 visible animated\" src=\"http:\/\/cidadesnanet.com\/news\/wp-content\/uploads\/2018\/10\/DSC_0675.jpg\" sizes=\"(max-width: 1000px) 100vw, 1000px\" srcset=\"http:\/\/cidadesnanet.com\/news\/wp-content\/uploads\/2018\/10\/DSC_0675.jpg 1000w, http:\/\/cidadesnanet.com\/news\/wp-content\/uploads\/2018\/10\/DSC_0675-300x200.jpg 300w, http:\/\/cidadesnanet.com\/news\/wp-content\/uploads\/2018\/10\/DSC_0675-768x512.jpg 768w\" alt=\"\" width=\"1000\" height=\"667\" \/><img loading=\"lazy\" decoding=\"async\" class=\"aligncenter size-full wp-image-500809 colorbox-500772 visible animated\" src=\"http:\/\/cidadesnanet.com\/news\/wp-content\/uploads\/2018\/10\/DSC_0674.jpg\" sizes=\"(max-width: 1000px) 100vw, 1000px\" srcset=\"http:\/\/cidadesnanet.com\/news\/wp-content\/uploads\/2018\/10\/DSC_0674.jpg 1000w, http:\/\/cidadesnanet.com\/news\/wp-content\/uploads\/2018\/10\/DSC_0674-300x200.jpg 300w, http:\/\/cidadesnanet.com\/news\/wp-content\/uploads\/2018\/10\/DSC_0674-768x512.jpg 768w\" alt=\"\" width=\"1000\" height=\"667\" \/><img loading=\"lazy\" decoding=\"async\" class=\"aligncenter size-full wp-image-500808 colorbox-500772 visible animated\" src=\"http:\/\/cidadesnanet.com\/news\/wp-content\/uploads\/2018\/10\/DSC_0673.jpg\" sizes=\"(max-width: 1000px) 100vw, 1000px\" srcset=\"http:\/\/cidadesnanet.com\/news\/wp-content\/uploads\/2018\/10\/DSC_0673.jpg 1000w, http:\/\/cidadesnanet.com\/news\/wp-content\/uploads\/2018\/10\/DSC_0673-300x200.jpg 300w, http:\/\/cidadesnanet.com\/news\/wp-content\/uploads\/2018\/10\/DSC_0673-768x512.jpg 768w\" alt=\"\" width=\"1000\" height=\"667\" \/><img loading=\"lazy\" decoding=\"async\" class=\"aligncenter size-full wp-image-500807 colorbox-500772 visible animated\" src=\"http:\/\/cidadesnanet.com\/news\/wp-content\/uploads\/2018\/10\/DSC_0672.jpg\" sizes=\"(max-width: 1000px) 100vw, 1000px\" srcset=\"http:\/\/cidadesnanet.com\/news\/wp-content\/uploads\/2018\/10\/DSC_0672.jpg 1000w, http:\/\/cidadesnanet.com\/news\/wp-content\/uploads\/2018\/10\/DSC_0672-300x200.jpg 300w, http:\/\/cidadesnanet.com\/news\/wp-content\/uploads\/2018\/10\/DSC_0672-768x512.jpg 768w\" alt=\"\" width=\"1000\" height=\"667\" \/><img loading=\"lazy\" decoding=\"async\" class=\"aligncenter size-full wp-image-500806 colorbox-500772\" src=\"http:\/\/cidadesnanet.com\/news\/wp-content\/uploads\/2018\/10\/DSC_0671.jpg\" sizes=\"(max-width: 1000px) 100vw, 1000px\" srcset=\"http:\/\/cidadesnanet.com\/news\/wp-content\/uploads\/2018\/10\/DSC_0671.jpg 1000w, http:\/\/cidadesnanet.com\/news\/wp-content\/uploads\/2018\/10\/DSC_0671-300x200.jpg 300w, http:\/\/cidadesnanet.com\/news\/wp-content\/uploads\/2018\/10\/DSC_0671-768x512.jpg 768w\" alt=\"\" width=\"1000\" height=\"667\" \/><img loading=\"lazy\" decoding=\"async\" class=\"aligncenter size-full wp-image-500805 colorbox-500772 visible animated\" src=\"http:\/\/cidadesnanet.com\/news\/wp-content\/uploads\/2018\/10\/DSC_0670.jpg\" sizes=\"(max-width: 1000px) 100vw, 1000px\" srcset=\"http:\/\/cidadesnanet.com\/news\/wp-content\/uploads\/2018\/10\/DSC_0670.jpg 1000w, http:\/\/cidadesnanet.com\/news\/wp-content\/uploads\/2018\/10\/DSC_0670-300x200.jpg 300w, http:\/\/cidadesnanet.com\/news\/wp-content\/uploads\/2018\/10\/DSC_0670-768x512.jpg 768w\" alt=\"\" width=\"1000\" height=\"667\" \/><img loading=\"lazy\" decoding=\"async\" class=\"aligncenter size-full wp-image-500804 colorbox-500772 visible animated\" src=\"http:\/\/cidadesnanet.com\/news\/wp-content\/uploads\/2018\/10\/DSC_0669.jpg\" sizes=\"(max-width: 1000px) 100vw, 1000px\" srcset=\"http:\/\/cidadesnanet.com\/news\/wp-content\/uploads\/2018\/10\/DSC_0669.jpg 1000w, http:\/\/cidadesnanet.com\/news\/wp-content\/uploads\/2018\/10\/DSC_0669-300x200.jpg 300w, http:\/\/cidadesnanet.com\/news\/wp-content\/uploads\/2018\/10\/DSC_0669-768x512.jpg 768w\" alt=\"\" width=\"1000\" height=\"667\" \/><img loading=\"lazy\" decoding=\"async\" class=\"aligncenter size-full wp-image-500803 colorbox-500772 visible animated\" src=\"http:\/\/cidadesnanet.com\/news\/wp-content\/uploads\/2018\/10\/DSC_0667.jpg\" sizes=\"(max-width: 1000px) 100vw, 1000px\" srcset=\"http:\/\/cidadesnanet.com\/news\/wp-content\/uploads\/2018\/10\/DSC_0667.jpg 1000w, http:\/\/cidadesnanet.com\/news\/wp-content\/uploads\/2018\/10\/DSC_0667-300x200.jpg 300w, http:\/\/cidadesnanet.com\/news\/wp-content\/uploads\/2018\/10\/DSC_0667-768x512.jpg 768w\" alt=\"\" width=\"1000\" height=\"667\" \/><img loading=\"lazy\" decoding=\"async\" class=\"aligncenter size-full wp-image-500802 colorbox-500772 visible animated\" src=\"http:\/\/cidadesnanet.com\/news\/wp-content\/uploads\/2018\/10\/DSC_0666.jpg\" sizes=\"(max-width: 1000px) 100vw, 1000px\" srcset=\"http:\/\/cidadesnanet.com\/news\/wp-content\/uploads\/2018\/10\/DSC_0666.jpg 1000w, http:\/\/cidadesnanet.com\/news\/wp-content\/uploads\/2018\/10\/DSC_0666-300x200.jpg 300w, http:\/\/cidadesnanet.com\/news\/wp-content\/uploads\/2018\/10\/DSC_0666-768x512.jpg 768w\" alt=\"\" width=\"1000\" height=\"667\" \/><img loading=\"lazy\" decoding=\"async\" class=\"aligncenter size-full wp-image-500801 colorbox-500772\" src=\"http:\/\/cidadesnanet.com\/news\/wp-content\/uploads\/2018\/10\/DSC_0664.jpg\" sizes=\"(max-width: 1000px) 100vw, 1000px\" srcset=\"http:\/\/cidadesnanet.com\/news\/wp-content\/uploads\/2018\/10\/DSC_0664.jpg 1000w, http:\/\/cidadesnanet.com\/news\/wp-content\/uploads\/2018\/10\/DSC_0664-300x200.jpg 300w, http:\/\/cidadesnanet.com\/news\/wp-content\/uploads\/2018\/10\/DSC_0664-768x512.jpg 768w\" alt=\"\" width=\"1000\" height=\"667\" \/><img loading=\"lazy\" decoding=\"async\" class=\"aligncenter size-full wp-image-500799 colorbox-500772\" src=\"http:\/\/cidadesnanet.com\/news\/wp-content\/uploads\/2018\/10\/DSC_0661.jpg\" sizes=\"(max-width: 1000px) 100vw, 1000px\" srcset=\"http:\/\/cidadesnanet.com\/news\/wp-content\/uploads\/2018\/10\/DSC_0661.jpg 1000w, http:\/\/cidadesnanet.com\/news\/wp-content\/uploads\/2018\/10\/DSC_0661-300x200.jpg 300w, http:\/\/cidadesnanet.com\/news\/wp-content\/uploads\/2018\/10\/DSC_0661-768x512.jpg 768w\" alt=\"\" width=\"1000\" height=\"667\" \/><img loading=\"lazy\" decoding=\"async\" class=\"aligncenter size-full wp-image-500798 colorbox-500772\" src=\"http:\/\/cidadesnanet.com\/news\/wp-content\/uploads\/2018\/10\/DSC_0660.jpg\" sizes=\"(max-width: 1000px) 100vw, 1000px\" srcset=\"http:\/\/cidadesnanet.com\/news\/wp-content\/uploads\/2018\/10\/DSC_0660.jpg 1000w, http:\/\/cidadesnanet.com\/news\/wp-content\/uploads\/2018\/10\/DSC_0660-300x200.jpg 300w, http:\/\/cidadesnanet.com\/news\/wp-content\/uploads\/2018\/10\/DSC_0660-768x512.jpg 768w\" alt=\"\" width=\"1000\" height=\"667\" \/><img loading=\"lazy\" decoding=\"async\" class=\"aligncenter size-full wp-image-500797 colorbox-500772 visible animated\" src=\"http:\/\/cidadesnanet.com\/news\/wp-content\/uploads\/2018\/10\/DSC_0659.jpg\" sizes=\"(max-width: 1000px) 100vw, 1000px\" srcset=\"http:\/\/cidadesnanet.com\/news\/wp-content\/uploads\/2018\/10\/DSC_0659.jpg 1000w, http:\/\/cidadesnanet.com\/news\/wp-content\/uploads\/2018\/10\/DSC_0659-300x200.jpg 300w, http:\/\/cidadesnanet.com\/news\/wp-content\/uploads\/2018\/10\/DSC_0659-768x512.jpg 768w\" alt=\"\" width=\"1000\" height=\"667\" \/><\/p>\n<div class=\"at-below-post addthis_tool\" data-url=\"http:\/\/cidadesnanet.com\/news\/municipios\/alegrete-municipios-3\/apoiadores-realizam-carreata-a-favor-de-bolsonaro-em-alegrete-do-piaui-veja-fotos\/\" data-title=\"Apoiadores realizam carreata a favor de Bolsonaro em Alegrete do Piau\u00ed; veja fotos - Cidades na Net\" data-description=\"Faltando poucos dias para a elei\u00e7\u00e3o presidencial do 2\u00ba turno, apoiadores do presidenci\u00e1vel Jair Bolsonaro (PSL \u2013 RJ) realizaram uma carreata na tarde deste domingo, 21, na cidade de Alegrete\">\n<div id=\"atstbx\" class=\"at-share-tbx-element addthis-smartlayers addthis-animated at4-show\" role=\"region\" aria-labelledby=\"at-b177f5db-a2dc-4146-a520-2ee7f1630056\"><span id=\"at-b177f5db-a2dc-4146-a520-2ee7f1630056\" class=\"at4-visually-hidden\"><\/span><\/p>\n<div class=\"at-share-btn-elements\"><strong><span class=\"at_flat_counter\">Fonte: Cidades na Net <\/span><\/strong><\/div>\n<\/div>\n<\/div>\n","protected":false},"excerpt":{"rendered":"<p>Faltando poucos dias para a elei\u00e7\u00e3o presidencial do 2\u00ba turno, apoiadores do presidenci\u00e1vel Jair Bolsonaro (PSL \u2013 RJ) realizaram uma carreata na tarde deste domingo, 21, na cidade de Alegrete do Piau\u00ed, distante cerca de 380 km da capital do Estado. Os simpatizantes se concentraram na Pousada Europa, \u00e0s margens da BR \u2013 316, de &hellip;<\/p>\n","protected":false},"author":3,"featured_media":1869,"comment_status":"open","ping_status":"open","sticky":false,"template":"","format":"standard","meta":{"content-type":"","rop_custom_images_group":[],"rop_custom_messages_group":[],"rop_publish_now":"initial","rop_publish_now_accounts":{"facebook_2648258775420054_1618374048415101":""},"rop_publish_now_history":[],"rop_publish_now_status":"pending","footnotes":"","_jetpack_memberships_contains_paid_content":false},"categories":[110,113,109],"tags":[111,767,680,1044],"yoast_head":"<!-- This site is optimized with the Yoast SEO plugin v22.3 - https:\/\/yoast.com\/wordpress\/plugins\/seo\/ -->\n<title>Apoiadores realizam carreata a favor de Bolsonaro em Alegrete do Piau\u00ed; veja fotos - Portal NPM<\/title>\n<meta name=\"robots\" content=\"index, follow, max-snippet:-1, max-image-preview:large, max-video-preview:-1\" \/>\n<link rel=\"canonical\" href=\"https:\/\/portalnpm.com\/index.php\/2018\/10\/21\/apoiadores-realizam-carreata-a-favor-de-bolsonaro-em-alegrete-do-piaui-veja-fotos\/\" \/>\n<meta property=\"og:locale\" content=\"pt_BR\" \/>\n<meta property=\"og:type\" content=\"article\" \/>\n<meta property=\"og:title\" content=\"Apoiadores realizam carreata a favor de Bolsonaro em Alegrete do Piau\u00ed; veja fotos - Portal NPM\" \/>\n<meta property=\"og:description\" content=\"Faltando poucos dias para a elei\u00e7\u00e3o presidencial do 2\u00ba turno, apoiadores do presidenci\u00e1vel Jair Bolsonaro (PSL \u2013 RJ) realizaram uma carreata na tarde deste domingo, 21, na cidade de Alegrete do Piau\u00ed, distante cerca de 380 km da capital do Estado. Os simpatizantes se concentraram na Pousada Europa, \u00e0s margens da BR \u2013 316, de &hellip;\" \/>\n<meta property=\"og:url\" content=\"https:\/\/portalnpm.com\/index.php\/2018\/10\/21\/apoiadores-realizam-carreata-a-favor-de-bolsonaro-em-alegrete-do-piaui-veja-fotos\/\" \/>\n<meta property=\"og:site_name\" content=\"Portal NPM\" \/>\n<meta property=\"article:published_time\" content=\"2018-10-21T23:55:26+00:00\" \/>\n<meta name=\"author\" content=\"Luis Alberto\" \/>\n<meta name=\"twitter:card\" content=\"summary_large_image\" \/>\n<meta name=\"twitter:label1\" content=\"Escrito por\" \/>\n\t<meta name=\"twitter:data1\" content=\"Luis Alberto\" \/>\n\t<meta name=\"twitter:label2\" content=\"Est. tempo de leitura\" \/>\n\t<meta name=\"twitter:data2\" content=\"2 minutos\" \/>\n<script type=\"application\/ld+json\" class=\"yoast-schema-graph\">{\"@context\":\"https:\/\/schema.org\",\"@graph\":[{\"@type\":\"WebPage\",\"@id\":\"https:\/\/portalnpm.com\/index.php\/2018\/10\/21\/apoiadores-realizam-carreata-a-favor-de-bolsonaro-em-alegrete-do-piaui-veja-fotos\/\",\"url\":\"https:\/\/portalnpm.com\/index.php\/2018\/10\/21\/apoiadores-realizam-carreata-a-favor-de-bolsonaro-em-alegrete-do-piaui-veja-fotos\/\",\"name\":\"Apoiadores realizam carreata a favor de Bolsonaro em Alegrete do Piau\u00ed; veja fotos - Portal NPM\",\"isPartOf\":{\"@id\":\"https:\/\/portalnpm.com\/#website\"},\"primaryImageOfPage\":{\"@id\":\"https:\/\/portalnpm.com\/index.php\/2018\/10\/21\/apoiadores-realizam-carreata-a-favor-de-bolsonaro-em-alegrete-do-piaui-veja-fotos\/#primaryimage\"},\"image\":{\"@id\":\"https:\/\/portalnpm.com\/index.php\/2018\/10\/21\/apoiadores-realizam-carreata-a-favor-de-bolsonaro-em-alegrete-do-piaui-veja-fotos\/#primaryimage\"},\"thumbnailUrl\":\"\",\"datePublished\":\"2018-10-21T23:55:26+00:00\",\"dateModified\":\"2018-10-21T23:55:26+00:00\",\"author\":{\"@id\":\"https:\/\/portalnpm.com\/#\/schema\/person\/5c8006acdf71774cd4e7a5ab98482152\"},\"breadcrumb\":{\"@id\":\"https:\/\/portalnpm.com\/index.php\/2018\/10\/21\/apoiadores-realizam-carreata-a-favor-de-bolsonaro-em-alegrete-do-piaui-veja-fotos\/#breadcrumb\"},\"inLanguage\":\"pt-BR\",\"potentialAction\":[{\"@type\":\"ReadAction\",\"target\":[\"https:\/\/portalnpm.com\/index.php\/2018\/10\/21\/apoiadores-realizam-carreata-a-favor-de-bolsonaro-em-alegrete-do-piaui-veja-fotos\/\"]}]},{\"@type\":\"ImageObject\",\"inLanguage\":\"pt-BR\",\"@id\":\"https:\/\/portalnpm.com\/index.php\/2018\/10\/21\/apoiadores-realizam-carreata-a-favor-de-bolsonaro-em-alegrete-do-piaui-veja-fotos\/#primaryimage\",\"url\":\"\",\"contentUrl\":\"\"},{\"@type\":\"BreadcrumbList\",\"@id\":\"https:\/\/portalnpm.com\/index.php\/2018\/10\/21\/apoiadores-realizam-carreata-a-favor-de-bolsonaro-em-alegrete-do-piaui-veja-fotos\/#breadcrumb\",\"itemListElement\":[{\"@type\":\"ListItem\",\"position\":1,\"name\":\"In\u00edcio\",\"item\":\"https:\/\/portalnpm.com\/\"},{\"@type\":\"ListItem\",\"position\":2,\"name\":\"Apoiadores realizam carreata a favor de Bolsonaro em Alegrete do Piau\u00ed; veja fotos\"}]},{\"@type\":\"WebSite\",\"@id\":\"https:\/\/portalnpm.com\/#website\",\"url\":\"https:\/\/portalnpm.com\/\",\"name\":\"Portal NPM\",\"description\":\"Not\u00edcias em Primeira M\u00e3o\",\"potentialAction\":[{\"@type\":\"SearchAction\",\"target\":{\"@type\":\"EntryPoint\",\"urlTemplate\":\"https:\/\/portalnpm.com\/?s={search_term_string}\"},\"query-input\":\"required name=search_term_string\"}],\"inLanguage\":\"pt-BR\"},{\"@type\":\"Person\",\"@id\":\"https:\/\/portalnpm.com\/#\/schema\/person\/5c8006acdf71774cd4e7a5ab98482152\",\"name\":\"Luis Alberto\",\"image\":{\"@type\":\"ImageObject\",\"inLanguage\":\"pt-BR\",\"@id\":\"https:\/\/portalnpm.com\/#\/schema\/person\/image\/\",\"url\":\"https:\/\/portalnpm.com\/wp-content\/uploads\/2024\/12\/avatar_user_3_1734699769-96x96.jpeg\",\"contentUrl\":\"https:\/\/portalnpm.com\/wp-content\/uploads\/2024\/12\/avatar_user_3_1734699769-96x96.jpeg\",\"caption\":\"Luis Alberto\"},\"description\":\"Editor-geral do Portal NPM, \u00e9 formado como T\u00e9cnico em Seguran\u00e7a do Trabalho pela Escola Metropolitana de Cursos T\u00e9cnicos. Det\u00e9m ainda licenciatura em Educa\u00e7\u00e3o F\u00edsica e bacharelado em Ci\u00eancias Pol\u00edticas, ambos obtidos pela institui\u00e7\u00e3o Anhanguera\/UNOPAR.\",\"url\":\"https:\/\/portalnpm.com\/index.php\/author\/pereira\/\"}]}<\/script>\n<!-- \/ Yoast SEO plugin. -->","yoast_head_json":{"title":"Apoiadores realizam carreata a favor de Bolsonaro em Alegrete do Piau\u00ed; veja fotos - Portal NPM","robots":{"index":"index","follow":"follow","max-snippet":"max-snippet:-1","max-image-preview":"max-image-preview:large","max-video-preview":"max-video-preview:-1"},"canonical":"https:\/\/portalnpm.com\/index.php\/2018\/10\/21\/apoiadores-realizam-carreata-a-favor-de-bolsonaro-em-alegrete-do-piaui-veja-fotos\/","og_locale":"pt_BR","og_type":"article","og_title":"Apoiadores realizam carreata a favor de Bolsonaro em Alegrete do Piau\u00ed; veja fotos - Portal NPM","og_description":"Faltando poucos dias para a elei\u00e7\u00e3o presidencial do 2\u00ba turno, apoiadores do presidenci\u00e1vel Jair Bolsonaro (PSL \u2013 RJ) realizaram uma carreata na tarde deste domingo, 21, na cidade de Alegrete do Piau\u00ed, distante cerca de 380 km da capital do Estado. Os simpatizantes se concentraram na Pousada Europa, \u00e0s margens da BR \u2013 316, de &hellip;","og_url":"https:\/\/portalnpm.com\/index.php\/2018\/10\/21\/apoiadores-realizam-carreata-a-favor-de-bolsonaro-em-alegrete-do-piaui-veja-fotos\/","og_site_name":"Portal NPM","article_published_time":"2018-10-21T23:55:26+00:00","author":"Luis Alberto","twitter_card":"summary_large_image","twitter_misc":{"Escrito por":"Luis Alberto","Est. tempo de leitura":"2 minutos"},"schema":{"@context":"https:\/\/schema.org","@graph":[{"@type":"WebPage","@id":"https:\/\/portalnpm.com\/index.php\/2018\/10\/21\/apoiadores-realizam-carreata-a-favor-de-bolsonaro-em-alegrete-do-piaui-veja-fotos\/","url":"https:\/\/portalnpm.com\/index.php\/2018\/10\/21\/apoiadores-realizam-carreata-a-favor-de-bolsonaro-em-alegrete-do-piaui-veja-fotos\/","name":"Apoiadores realizam carreata a favor de Bolsonaro em Alegrete do Piau\u00ed; veja fotos - Portal NPM","isPartOf":{"@id":"https:\/\/portalnpm.com\/#website"},"primaryImageOfPage":{"@id":"https:\/\/portalnpm.com\/index.php\/2018\/10\/21\/apoiadores-realizam-carreata-a-favor-de-bolsonaro-em-alegrete-do-piaui-veja-fotos\/#primaryimage"},"image":{"@id":"https:\/\/portalnpm.com\/index.php\/2018\/10\/21\/apoiadores-realizam-carreata-a-favor-de-bolsonaro-em-alegrete-do-piaui-veja-fotos\/#primaryimage"},"thumbnailUrl":"","datePublished":"2018-10-21T23:55:26+00:00","dateModified":"2018-10-21T23:55:26+00:00","author":{"@id":"https:\/\/portalnpm.com\/#\/schema\/person\/5c8006acdf71774cd4e7a5ab98482152"},"breadcrumb":{"@id":"https:\/\/portalnpm.com\/index.php\/2018\/10\/21\/apoiadores-realizam-carreata-a-favor-de-bolsonaro-em-alegrete-do-piaui-veja-fotos\/#breadcrumb"},"inLanguage":"pt-BR","potentialAction":[{"@type":"ReadAction","target":["https:\/\/portalnpm.com\/index.php\/2018\/10\/21\/apoiadores-realizam-carreata-a-favor-de-bolsonaro-em-alegrete-do-piaui-veja-fotos\/"]}]},{"@type":"ImageObject","inLanguage":"pt-BR","@id":"https:\/\/portalnpm.com\/index.php\/2018\/10\/21\/apoiadores-realizam-carreata-a-favor-de-bolsonaro-em-alegrete-do-piaui-veja-fotos\/#primaryimage","url":"","contentUrl":""},{"@type":"BreadcrumbList","@id":"https:\/\/portalnpm.com\/index.php\/2018\/10\/21\/apoiadores-realizam-carreata-a-favor-de-bolsonaro-em-alegrete-do-piaui-veja-fotos\/#breadcrumb","itemListElement":[{"@type":"ListItem","position":1,"name":"In\u00edcio","item":"https:\/\/portalnpm.com\/"},{"@type":"ListItem","position":2,"name":"Apoiadores realizam carreata a favor de Bolsonaro em Alegrete do Piau\u00ed; veja fotos"}]},{"@type":"WebSite","@id":"https:\/\/portalnpm.com\/#website","url":"https:\/\/portalnpm.com\/","name":"Portal NPM","description":"Not\u00edcias em Primeira M\u00e3o","potentialAction":[{"@type":"SearchAction","target":{"@type":"EntryPoint","urlTemplate":"https:\/\/portalnpm.com\/?s={search_term_string}"},"query-input":"required name=search_term_string"}],"inLanguage":"pt-BR"},{"@type":"Person","@id":"https:\/\/portalnpm.com\/#\/schema\/person\/5c8006acdf71774cd4e7a5ab98482152","name":"Luis Alberto","image":{"@type":"ImageObject","inLanguage":"pt-BR","@id":"https:\/\/portalnpm.com\/#\/schema\/person\/image\/","url":"https:\/\/portalnpm.com\/wp-content\/uploads\/2024\/12\/avatar_user_3_1734699769-96x96.jpeg","contentUrl":"https:\/\/portalnpm.com\/wp-content\/uploads\/2024\/12\/avatar_user_3_1734699769-96x96.jpeg","caption":"Luis Alberto"},"description":"Editor-geral do Portal NPM, \u00e9 formado como T\u00e9cnico em Seguran\u00e7a do Trabalho pela Escola Metropolitana de Cursos T\u00e9cnicos. Det\u00e9m ainda licenciatura em Educa\u00e7\u00e3o F\u00edsica e bacharelado em Ci\u00eancias Pol\u00edticas, ambos obtidos pela institui\u00e7\u00e3o Anhanguera\/UNOPAR.","url":"https:\/\/portalnpm.com\/index.php\/author\/pereira\/"}]}},"jetpack_sharing_enabled":true,"jetpack_featured_media_url":"","_links":{"self":[{"href":"https:\/\/portalnpm.com\/index.php\/wp-json\/wp\/v2\/posts\/1868"}],"collection":[{"href":"https:\/\/portalnpm.com\/index.php\/wp-json\/wp\/v2\/posts"}],"about":[{"href":"https:\/\/portalnpm.com\/index.php\/wp-json\/wp\/v2\/types\/post"}],"author":[{"embeddable":true,"href":"https:\/\/portalnpm.com\/index.php\/wp-json\/wp\/v2\/users\/3"}],"replies":[{"embeddable":true,"href":"https:\/\/portalnpm.com\/index.php\/wp-json\/wp\/v2\/comments?post=1868"}],"version-history":[{"count":0,"href":"https:\/\/portalnpm.com\/index.php\/wp-json\/wp\/v2\/posts\/1868\/revisions"}],"wp:featuredmedia":[{"embeddable":true,"href":"https:\/\/portalnpm.com\/index.php\/wp-json\/"}],"wp:attachment":[{"href":"https:\/\/portalnpm.com\/index.php\/wp-json\/wp\/v2\/media?parent=1868"}],"wp:term":[{"taxonomy":"category","embeddable":true,"href":"https:\/\/portalnpm.com\/index.php\/wp-json\/wp\/v2\/categories?post=1868"},{"taxonomy":"post_tag","embeddable":true,"href":"https:\/\/portalnpm.com\/index.php\/wp-json\/wp\/v2\/tags?post=1868"}],"curies":[{"name":"wp","href":"https:\/\/api.w.org\/{rel}","templated":true}]}}