{"id":18786,"date":"2020-03-26T15:24:56","date_gmt":"2020-03-26T18:24:56","guid":{"rendered":"http:\/\/srv.portalnpm.com.br\/?p=18786"},"modified":"2020-03-26T15:24:56","modified_gmt":"2020-03-26T18:24:56","slug":"detentos-cavam-tunel-em-cela-e-14-fogem-da-penitenciaria-de-picos","status":"publish","type":"post","link":"https:\/\/portalnpm.com\/index.php\/2020\/03\/26\/detentos-cavam-tunel-em-cela-e-14-fogem-da-penitenciaria-de-picos\/","title":{"rendered":"Detentos cavam t\u00fanel em cela e 14 fogem da Penitenci\u00e1ria de Picos"},"content":{"rendered":"<p style=\"text-align: justify;\">Na madrugada desta quinta-feira (26), cerca de 14 detentos fugiram da Penitenci\u00e1ria Jos\u00e9 de Deus Barros, em Picos, ap\u00f3s cavarem um t\u00fanel em uma das celas do pavilh\u00e3o C.<\/p>\n<p>&nbsp;<\/p>\n<p style=\"text-align: justify;\">Os detentos utilizaram-se do vaso sanit\u00e1rio que fica dentro da cela para articular a fa\u00e7anha e conseguirem acesso \u00e0 \u00e1rea externa da penitenci\u00e1ria. Segundo o diretor do sistema prisional, Sinval Hip\u00f3lito, os presos aproveitaram a chuva durante a madrugada para realizarem a fuga.<\/p>\n<p style=\"text-align: justify;\">\u201cOs presos cavaram um t\u00fanel a partir do buraco do vaso sanit\u00e1rio. Aproveitaram o momento de chuva, durante a madrugada para fugirem. O agente penitenci\u00e1rio conseguiu ver o \u00faltimo preso pulando o muro. Foi ent\u00e3o que os demais agentes foram acionados. Desde ent\u00e3o, estamos em dilig\u00eancia para capturar os presos foragidos\u201d, informou o diretor.<\/p>\n<p style=\"text-align: justify;\">Sinval informou ainda que uma lista que tem circulado pelas redes sociais n\u00e3o \u00e9 ver\u00eddica.<\/p>\n<p style=\"text-align: justify;\">Dos 14 detentos, cinco s\u00e3o de Picos, dois de Fronteiras, um de Inhuma, quatro de Valen\u00e7a do Piau\u00ed, e dois de outros estados, sendo um de Tocantins e outro do Cear\u00e1. Destes, quatro j\u00e1 foram capturados \u2013 dois na localidade Tr\u00eas Potes e dois pr\u00f3ximos a S\u00e3o Jos\u00e9 do Piau\u00ed.<\/p>\n<p style=\"text-align: justify;\">Em \u00e1udio, uma moradora da comunidade Cristovinho, zona rural de Picos, relata o desespero vivido pelos moradores do lugar. \u201cMeu Deus, o desespero aqui \u00e9 muito grande. Pelo amor de Deus. \u00c9 tiroteio, \u00e9 pol\u00edcia para todo lugar e todo mundo preso. N\u00e3o sabemos mais o que fazer\u201d.<\/p>\n<p style=\"text-align: justify;\">A Pol\u00edcia Militar de Picos est\u00e1 em dilig\u00eancia no intuito de capturar os demais foragidos.<\/p>\n<p style=\"text-align: justify;\"><em><strong>Atualizada \u00e0s 11h22<\/strong><\/em><br \/>\nA Pol\u00edcia Militar de Picos capturou, ainda na manh\u00e3 desta quinta-feira, 26, mais dois foragidos. Ambos passaram pela Morada do sol, segundo relatos de WhatsApp, e foram presos no bairro Ipueiras.<\/p>\n<p><strong>Fonte<\/strong>: Cidades na Net<\/p>\n","protected":false},"excerpt":{"rendered":"<p>Na madrugada desta quinta-feira (26), cerca de 14 detentos fugiram da Penitenci\u00e1ria Jos\u00e9 de Deus Barros, em Picos, ap\u00f3s cavarem um t\u00fanel em uma das celas do pavilh\u00e3o C. &nbsp; Os detentos utilizaram-se do vaso sanit\u00e1rio que fica dentro da cela para articular a fa\u00e7anha e conseguirem acesso \u00e0 \u00e1rea externa da penitenci\u00e1ria. Segundo o &hellip;<\/p>\n","protected":false},"author":8,"featured_media":18787,"comment_status":"open","ping_status":"open","sticky":false,"template":"","format":"standard","meta":{"content-type":"","rop_custom_images_group":[],"rop_custom_messages_group":[],"rop_publish_now":"initial","rop_publish_now_accounts":{"facebook_2648258775420054_1618374048415101":""},"rop_publish_now_history":[],"rop_publish_now_status":"pending","footnotes":"","_jetpack_memberships_contains_paid_content":false},"categories":[113,109,127,145],"tags":[3951,3952,3953],"yoast_head":"<!-- This site is optimized with the Yoast SEO plugin v22.3 - https:\/\/yoast.com\/wordpress\/plugins\/seo\/ -->\n<title>Detentos cavam t\u00fanel em cela e 14 fogem da Penitenci\u00e1ria de Picos - Portal NPM<\/title>\n<meta name=\"robots\" content=\"index, follow, max-snippet:-1, max-image-preview:large, max-video-preview:-1\" \/>\n<link rel=\"canonical\" href=\"https:\/\/portalnpm.com\/index.php\/2020\/03\/26\/detentos-cavam-tunel-em-cela-e-14-fogem-da-penitenciaria-de-picos\/\" \/>\n<meta property=\"og:locale\" content=\"pt_BR\" \/>\n<meta property=\"og:type\" content=\"article\" \/>\n<meta property=\"og:title\" content=\"Detentos cavam t\u00fanel em cela e 14 fogem da Penitenci\u00e1ria de Picos - Portal NPM\" \/>\n<meta property=\"og:description\" content=\"Na madrugada desta quinta-feira (26), cerca de 14 detentos fugiram da Penitenci\u00e1ria Jos\u00e9 de Deus Barros, em Picos, ap\u00f3s cavarem um t\u00fanel em uma das celas do pavilh\u00e3o C. &nbsp; Os detentos utilizaram-se do vaso sanit\u00e1rio que fica dentro da cela para articular a fa\u00e7anha e conseguirem acesso \u00e0 \u00e1rea externa da penitenci\u00e1ria. Segundo o &hellip;\" \/>\n<meta property=\"og:url\" content=\"https:\/\/portalnpm.com\/index.php\/2020\/03\/26\/detentos-cavam-tunel-em-cela-e-14-fogem-da-penitenciaria-de-picos\/\" \/>\n<meta property=\"og:site_name\" content=\"Portal NPM\" \/>\n<meta property=\"article:published_time\" content=\"2020-03-26T18:24:56+00:00\" \/>\n<meta name=\"author\" content=\"Zenilton Lima\" \/>\n<meta name=\"twitter:card\" content=\"summary_large_image\" \/>\n<meta name=\"twitter:label1\" content=\"Escrito por\" \/>\n\t<meta name=\"twitter:data1\" content=\"Zenilton Lima\" \/>\n\t<meta name=\"twitter:label2\" content=\"Est. tempo de leitura\" \/>\n\t<meta name=\"twitter:data2\" content=\"2 minutos\" \/>\n<script type=\"application\/ld+json\" class=\"yoast-schema-graph\">{\"@context\":\"https:\/\/schema.org\",\"@graph\":[{\"@type\":\"WebPage\",\"@id\":\"https:\/\/portalnpm.com\/index.php\/2020\/03\/26\/detentos-cavam-tunel-em-cela-e-14-fogem-da-penitenciaria-de-picos\/\",\"url\":\"https:\/\/portalnpm.com\/index.php\/2020\/03\/26\/detentos-cavam-tunel-em-cela-e-14-fogem-da-penitenciaria-de-picos\/\",\"name\":\"Detentos cavam t\u00fanel em cela e 14 fogem da Penitenci\u00e1ria de Picos - Portal NPM\",\"isPartOf\":{\"@id\":\"https:\/\/portalnpm.com\/#website\"},\"primaryImageOfPage\":{\"@id\":\"https:\/\/portalnpm.com\/index.php\/2020\/03\/26\/detentos-cavam-tunel-em-cela-e-14-fogem-da-penitenciaria-de-picos\/#primaryimage\"},\"image\":{\"@id\":\"https:\/\/portalnpm.com\/index.php\/2020\/03\/26\/detentos-cavam-tunel-em-cela-e-14-fogem-da-penitenciaria-de-picos\/#primaryimage\"},\"thumbnailUrl\":\"\",\"datePublished\":\"2020-03-26T18:24:56+00:00\",\"dateModified\":\"2020-03-26T18:24:56+00:00\",\"author\":{\"@id\":\"https:\/\/portalnpm.com\/#\/schema\/person\/35cb55186eae3f074b6783da6d35591e\"},\"breadcrumb\":{\"@id\":\"https:\/\/portalnpm.com\/index.php\/2020\/03\/26\/detentos-cavam-tunel-em-cela-e-14-fogem-da-penitenciaria-de-picos\/#breadcrumb\"},\"inLanguage\":\"pt-BR\",\"potentialAction\":[{\"@type\":\"ReadAction\",\"target\":[\"https:\/\/portalnpm.com\/index.php\/2020\/03\/26\/detentos-cavam-tunel-em-cela-e-14-fogem-da-penitenciaria-de-picos\/\"]}]},{\"@type\":\"ImageObject\",\"inLanguage\":\"pt-BR\",\"@id\":\"https:\/\/portalnpm.com\/index.php\/2020\/03\/26\/detentos-cavam-tunel-em-cela-e-14-fogem-da-penitenciaria-de-picos\/#primaryimage\",\"url\":\"\",\"contentUrl\":\"\"},{\"@type\":\"BreadcrumbList\",\"@id\":\"https:\/\/portalnpm.com\/index.php\/2020\/03\/26\/detentos-cavam-tunel-em-cela-e-14-fogem-da-penitenciaria-de-picos\/#breadcrumb\",\"itemListElement\":[{\"@type\":\"ListItem\",\"position\":1,\"name\":\"In\u00edcio\",\"item\":\"https:\/\/portalnpm.com\/\"},{\"@type\":\"ListItem\",\"position\":2,\"name\":\"Detentos cavam t\u00fanel em cela e 14 fogem da Penitenci\u00e1ria de Picos\"}]},{\"@type\":\"WebSite\",\"@id\":\"https:\/\/portalnpm.com\/#website\",\"url\":\"https:\/\/portalnpm.com\/\",\"name\":\"Portal NPM\",\"description\":\"Not\u00edcias em Primeira M\u00e3o\",\"potentialAction\":[{\"@type\":\"SearchAction\",\"target\":{\"@type\":\"EntryPoint\",\"urlTemplate\":\"https:\/\/portalnpm.com\/?s={search_term_string}\"},\"query-input\":\"required name=search_term_string\"}],\"inLanguage\":\"pt-BR\"},{\"@type\":\"Person\",\"@id\":\"https:\/\/portalnpm.com\/#\/schema\/person\/35cb55186eae3f074b6783da6d35591e\",\"name\":\"Zenilton Lima\",\"image\":{\"@type\":\"ImageObject\",\"inLanguage\":\"pt-BR\",\"@id\":\"https:\/\/portalnpm.com\/#\/schema\/person\/image\/\",\"url\":\"https:\/\/portalnpm.com\/wp-content\/uploads\/2024\/12\/avatar_user_8_1733658137-96x96.jpeg\",\"contentUrl\":\"https:\/\/portalnpm.com\/wp-content\/uploads\/2024\/12\/avatar_user_8_1733658137-96x96.jpeg\",\"caption\":\"Zenilton Lima\"},\"url\":\"https:\/\/portalnpm.com\/index.php\/author\/zenilton\/\"}]}<\/script>\n<!-- \/ Yoast SEO plugin. -->","yoast_head_json":{"title":"Detentos cavam t\u00fanel em cela e 14 fogem da Penitenci\u00e1ria de Picos - Portal NPM","robots":{"index":"index","follow":"follow","max-snippet":"max-snippet:-1","max-image-preview":"max-image-preview:large","max-video-preview":"max-video-preview:-1"},"canonical":"https:\/\/portalnpm.com\/index.php\/2020\/03\/26\/detentos-cavam-tunel-em-cela-e-14-fogem-da-penitenciaria-de-picos\/","og_locale":"pt_BR","og_type":"article","og_title":"Detentos cavam t\u00fanel em cela e 14 fogem da Penitenci\u00e1ria de Picos - Portal NPM","og_description":"Na madrugada desta quinta-feira (26), cerca de 14 detentos fugiram da Penitenci\u00e1ria Jos\u00e9 de Deus Barros, em Picos, ap\u00f3s cavarem um t\u00fanel em uma das celas do pavilh\u00e3o C. &nbsp; Os detentos utilizaram-se do vaso sanit\u00e1rio que fica dentro da cela para articular a fa\u00e7anha e conseguirem acesso \u00e0 \u00e1rea externa da penitenci\u00e1ria. Segundo o &hellip;","og_url":"https:\/\/portalnpm.com\/index.php\/2020\/03\/26\/detentos-cavam-tunel-em-cela-e-14-fogem-da-penitenciaria-de-picos\/","og_site_name":"Portal NPM","article_published_time":"2020-03-26T18:24:56+00:00","author":"Zenilton Lima","twitter_card":"summary_large_image","twitter_misc":{"Escrito por":"Zenilton Lima","Est. tempo de leitura":"2 minutos"},"schema":{"@context":"https:\/\/schema.org","@graph":[{"@type":"WebPage","@id":"https:\/\/portalnpm.com\/index.php\/2020\/03\/26\/detentos-cavam-tunel-em-cela-e-14-fogem-da-penitenciaria-de-picos\/","url":"https:\/\/portalnpm.com\/index.php\/2020\/03\/26\/detentos-cavam-tunel-em-cela-e-14-fogem-da-penitenciaria-de-picos\/","name":"Detentos cavam t\u00fanel em cela e 14 fogem da Penitenci\u00e1ria de Picos - Portal NPM","isPartOf":{"@id":"https:\/\/portalnpm.com\/#website"},"primaryImageOfPage":{"@id":"https:\/\/portalnpm.com\/index.php\/2020\/03\/26\/detentos-cavam-tunel-em-cela-e-14-fogem-da-penitenciaria-de-picos\/#primaryimage"},"image":{"@id":"https:\/\/portalnpm.com\/index.php\/2020\/03\/26\/detentos-cavam-tunel-em-cela-e-14-fogem-da-penitenciaria-de-picos\/#primaryimage"},"thumbnailUrl":"","datePublished":"2020-03-26T18:24:56+00:00","dateModified":"2020-03-26T18:24:56+00:00","author":{"@id":"https:\/\/portalnpm.com\/#\/schema\/person\/35cb55186eae3f074b6783da6d35591e"},"breadcrumb":{"@id":"https:\/\/portalnpm.com\/index.php\/2020\/03\/26\/detentos-cavam-tunel-em-cela-e-14-fogem-da-penitenciaria-de-picos\/#breadcrumb"},"inLanguage":"pt-BR","potentialAction":[{"@type":"ReadAction","target":["https:\/\/portalnpm.com\/index.php\/2020\/03\/26\/detentos-cavam-tunel-em-cela-e-14-fogem-da-penitenciaria-de-picos\/"]}]},{"@type":"ImageObject","inLanguage":"pt-BR","@id":"https:\/\/portalnpm.com\/index.php\/2020\/03\/26\/detentos-cavam-tunel-em-cela-e-14-fogem-da-penitenciaria-de-picos\/#primaryimage","url":"","contentUrl":""},{"@type":"BreadcrumbList","@id":"https:\/\/portalnpm.com\/index.php\/2020\/03\/26\/detentos-cavam-tunel-em-cela-e-14-fogem-da-penitenciaria-de-picos\/#breadcrumb","itemListElement":[{"@type":"ListItem","position":1,"name":"In\u00edcio","item":"https:\/\/portalnpm.com\/"},{"@type":"ListItem","position":2,"name":"Detentos cavam t\u00fanel em cela e 14 fogem da Penitenci\u00e1ria de Picos"}]},{"@type":"WebSite","@id":"https:\/\/portalnpm.com\/#website","url":"https:\/\/portalnpm.com\/","name":"Portal NPM","description":"Not\u00edcias em Primeira M\u00e3o","potentialAction":[{"@type":"SearchAction","target":{"@type":"EntryPoint","urlTemplate":"https:\/\/portalnpm.com\/?s={search_term_string}"},"query-input":"required name=search_term_string"}],"inLanguage":"pt-BR"},{"@type":"Person","@id":"https:\/\/portalnpm.com\/#\/schema\/person\/35cb55186eae3f074b6783da6d35591e","name":"Zenilton Lima","image":{"@type":"ImageObject","inLanguage":"pt-BR","@id":"https:\/\/portalnpm.com\/#\/schema\/person\/image\/","url":"https:\/\/portalnpm.com\/wp-content\/uploads\/2024\/12\/avatar_user_8_1733658137-96x96.jpeg","contentUrl":"https:\/\/portalnpm.com\/wp-content\/uploads\/2024\/12\/avatar_user_8_1733658137-96x96.jpeg","caption":"Zenilton Lima"},"url":"https:\/\/portalnpm.com\/index.php\/author\/zenilton\/"}]}},"jetpack_sharing_enabled":true,"jetpack_featured_media_url":"","_links":{"self":[{"href":"https:\/\/portalnpm.com\/index.php\/wp-json\/wp\/v2\/posts\/18786"}],"collection":[{"href":"https:\/\/portalnpm.com\/index.php\/wp-json\/wp\/v2\/posts"}],"about":[{"href":"https:\/\/portalnpm.com\/index.php\/wp-json\/wp\/v2\/types\/post"}],"author":[{"embeddable":true,"href":"https:\/\/portalnpm.com\/index.php\/wp-json\/wp\/v2\/users\/8"}],"replies":[{"embeddable":true,"href":"https:\/\/portalnpm.com\/index.php\/wp-json\/wp\/v2\/comments?post=18786"}],"version-history":[{"count":0,"href":"https:\/\/portalnpm.com\/index.php\/wp-json\/wp\/v2\/posts\/18786\/revisions"}],"wp:featuredmedia":[{"embeddable":true,"href":"https:\/\/portalnpm.com\/index.php\/wp-json\/"}],"wp:attachment":[{"href":"https:\/\/portalnpm.com\/index.php\/wp-json\/wp\/v2\/media?parent=18786"}],"wp:term":[{"taxonomy":"category","embeddable":true,"href":"https:\/\/portalnpm.com\/index.php\/wp-json\/wp\/v2\/categories?post=18786"},{"taxonomy":"post_tag","embeddable":true,"href":"https:\/\/portalnpm.com\/index.php\/wp-json\/wp\/v2\/tags?post=18786"}],"curies":[{"name":"wp","href":"https:\/\/api.w.org\/{rel}","templated":true}]}}