{"id":18815,"date":"2020-03-27T20:40:58","date_gmt":"2020-03-27T23:40:58","guid":{"rendered":"http:\/\/srv.portalnpm.com.br\/?p=18815"},"modified":"2020-03-27T20:40:58","modified_gmt":"2020-03-27T23:40:58","slug":"belem-do-piaui-apos-9-anos-barragem-do-caboclo-transborda-veja-imagens","status":"publish","type":"post","link":"https:\/\/portalnpm.com\/index.php\/2020\/03\/27\/belem-do-piaui-apos-9-anos-barragem-do-caboclo-transborda-veja-imagens\/","title":{"rendered":"Bel\u00e9m do Piau\u00ed | Ap\u00f3s 9 anos, Barragem do Caboclo transborda; veja imagens!"},"content":{"rendered":"<p style=\"text-align: justify;\">O per\u00edodo chuvoso no sert\u00e3o do Piau\u00ed est\u00e1 transformando a paisagem dos munic\u00edpios e renovando a esperan\u00e7a da popula\u00e7\u00e3o, sobretudo, do homem do campo.<img fetchpriority=\"high\" decoding=\"async\" class=\"alignnone size-full wp-image-18816\" src=\"http:\/\/portalnpm.com\/wp-content\/uploads\/2020\/03\/19-30-54-27be9ad9-a069-49d4-9e59-6c06384c9f78-1-1900x900_c.jpeg\" alt=\"\" width=\"1900\" height=\"900\" \/><\/p>\n<p style=\"text-align: justify;\">Um dos exemplos \u00e9 Bel\u00e9m do Piau\u00ed, onde a barragem do Riacho do Padre, situada no povoado Caboclo, atingiu sua capacidade m\u00e1xima de ac\u00famulo de \u00e1gua e come\u00e7ou a transbordar na tarde desta sexta-feira, 27 de mar\u00e7o.\u00a0A cena, segundo moradores, foi vista pela \u00faltima vez no ano de 2011, ou seja, h\u00e1 nove anos.<\/p>\n<p style=\"text-align: justify;\">Atualmente, n\u00e3o \u00e9 poss\u00edvel precisar qual o volume de \u00e1gua acumulado de \u00e1gua na barragem, considerando o processo natural de assoreamento. Quando foi constru\u00edda, sua capacidade era de 2,2 milh\u00f5es de metros c\u00fabicos.<\/p>\n<p style=\"text-align: justify;\">Em 2017, a represa chegou a secar totalmente, um fato que nunca havia acontecido desde a sua inaugura\u00e7\u00e3o, ocorrida em mar\u00e7o de 1983.<\/p>\n<p style=\"text-align: justify;\">Al\u00e9m da comunidade de Caboclo, por muitos anos, o a\u00e7ude do Caboclo foi respons\u00e1vel pelo abastecimento de \u00e1gua das cidades de Bel\u00e9m do Piau\u00ed e Padre Marcos e do povoado Riacho do Padre.<\/p>\n<p style=\"text-align: justify;\"><strong>Veja imagens:<\/strong><\/p>\n<p><img decoding=\"async\" class=\"alignnone size-full wp-image-18817\" src=\"http:\/\/portalnpm.com\/wp-content\/uploads\/2020\/03\/19-31-36-0da776f9-6e49-42cf-9580-d11bbf22f185.jpeg\" alt=\"\" width=\"800\" height=\"450\" \/> <img decoding=\"async\" class=\"alignnone size-medium wp-image-18818\" src=\"http:\/\/portalnpm.com\/wp-content\/uploads\/2020\/03\/19-31-44-06dbd52f-aa53-4202-8f75-86dc65da5f64.jpeg\" alt=\"\" width=\"800\" height=\"450\" \/> <img loading=\"lazy\" decoding=\"async\" class=\"alignnone size-medium wp-image-18819\" src=\"http:\/\/portalnpm.com\/wp-content\/uploads\/2020\/03\/19-31-46-9b0b2d42-37cf-415c-bc9f-b7915cdd896d.jpeg\" alt=\"\" width=\"800\" height=\"450\" \/> <img loading=\"lazy\" decoding=\"async\" class=\"alignnone size-medium wp-image-18820\" src=\"http:\/\/portalnpm.com\/wp-content\/uploads\/2020\/03\/19-32-30-f6ab6fd6-a2f6-4ac2-93a8-177553e84750.jpeg\" alt=\"\" width=\"800\" height=\"450\" \/> <img loading=\"lazy\" decoding=\"async\" class=\"alignnone size-medium wp-image-18821\" src=\"http:\/\/portalnpm.com\/wp-content\/uploads\/2020\/03\/19-31-39-4a9e2d9d-09df-475b-9c51-096e6a2b7236.jpeg\" alt=\"\" width=\"800\" height=\"450\" \/> <img loading=\"lazy\" decoding=\"async\" class=\"alignnone size-medium wp-image-18822\" src=\"http:\/\/portalnpm.com\/wp-content\/uploads\/2020\/03\/19-31-41-4cb73740-6d41-495a-a1f5-b1871b0116d4.jpeg\" alt=\"\" width=\"800\" height=\"450\" \/> <img loading=\"lazy\" decoding=\"async\" class=\"alignnone size-medium wp-image-18823\" src=\"http:\/\/portalnpm.com\/wp-content\/uploads\/2020\/03\/19-32-17-bd610bb9-4f14-4e18-a717-7178331d8193.jpeg\" alt=\"\" width=\"800\" height=\"450\" \/> <img loading=\"lazy\" decoding=\"async\" class=\"alignnone size-medium wp-image-18824\" src=\"http:\/\/portalnpm.com\/wp-content\/uploads\/2020\/03\/19-32-27-e7982de5-41f0-4319-8c9d-5cd98d9d440c.jpeg\" alt=\"\" width=\"800\" height=\"450\" \/> <img loading=\"lazy\" decoding=\"async\" class=\"alignnone size-medium wp-image-18825\" src=\"http:\/\/portalnpm.com\/wp-content\/uploads\/2020\/03\/19-31-36-0da776f9-6e49-42cf-9580-d11bbf22f185-1.jpeg\" alt=\"\" width=\"800\" height=\"450\" \/> <img loading=\"lazy\" decoding=\"async\" class=\"alignnone size-medium wp-image-18826\" src=\"http:\/\/portalnpm.com\/wp-content\/uploads\/2020\/03\/19-32-05-7347e9c0-f149-4a31-852b-3b731043bd35.jpeg\" alt=\"\" width=\"800\" height=\"450\" \/> <img loading=\"lazy\" decoding=\"async\" class=\"alignnone size-medium wp-image-18827\" src=\"http:\/\/portalnpm.com\/wp-content\/uploads\/2020\/03\/19-32-14-b44861d4-4ac1-457d-a7ed-97a231888204.jpeg\" alt=\"\" width=\"800\" height=\"450\" \/> <img loading=\"lazy\" decoding=\"async\" class=\"alignnone size-medium wp-image-18828\" src=\"http:\/\/portalnpm.com\/wp-content\/uploads\/2020\/03\/19-31-53-65caf59b-4718-4ff7-8eac-5e944778019b.jpeg\" alt=\"\" width=\"800\" height=\"450\" \/> <img loading=\"lazy\" decoding=\"async\" class=\"alignnone size-medium wp-image-18829\" src=\"http:\/\/portalnpm.com\/wp-content\/uploads\/2020\/03\/19-31-57-253e7f9a-b4c8-4196-80a7-c828346e7041.jpeg\" alt=\"\" width=\"800\" height=\"450\" \/> <img loading=\"lazy\" decoding=\"async\" class=\"alignnone size-medium wp-image-18830\" src=\"http:\/\/portalnpm.com\/wp-content\/uploads\/2020\/03\/19-31-49-6e0ebe58-10cc-4390-b9c6-59dd02b74c43.jpeg\" alt=\"\" width=\"800\" height=\"450\" \/><\/p>\n<p><strong><em>Fonte: Cidades na Net<\/em><\/strong><\/p>\n","protected":false},"excerpt":{"rendered":"<p>O per\u00edodo chuvoso no sert\u00e3o do Piau\u00ed est\u00e1 transformando a paisagem dos munic\u00edpios e renovando a esperan\u00e7a da popula\u00e7\u00e3o, sobretudo, do homem do campo. Um dos exemplos \u00e9 Bel\u00e9m do Piau\u00ed, onde a barragem do Riacho do Padre, situada no povoado Caboclo, atingiu sua capacidade m\u00e1xima de ac\u00famulo de \u00e1gua e come\u00e7ou a transbordar na &hellip;<\/p>\n","protected":false},"author":3,"featured_media":18817,"comment_status":"open","ping_status":"open","sticky":false,"template":"","format":"standard","meta":{"content-type":"","rop_custom_images_group":[],"rop_custom_messages_group":[],"rop_publish_now":"initial","rop_publish_now_accounts":{"facebook_2648258775420054_1618374048415101":""},"rop_publish_now_history":[],"rop_publish_now_status":"pending","footnotes":"","_jetpack_memberships_contains_paid_content":false},"categories":[106,113,109],"tags":[1608,3956,1640],"yoast_head":"<!-- This site is optimized with the Yoast SEO plugin v22.3 - https:\/\/yoast.com\/wordpress\/plugins\/seo\/ -->\n<title>Bel\u00e9m do Piau\u00ed | Ap\u00f3s 9 anos, Barragem do Caboclo transborda; veja imagens! - Portal NPM<\/title>\n<meta name=\"robots\" content=\"index, follow, max-snippet:-1, max-image-preview:large, max-video-preview:-1\" \/>\n<link rel=\"canonical\" href=\"https:\/\/portalnpm.com\/index.php\/2020\/03\/27\/belem-do-piaui-apos-9-anos-barragem-do-caboclo-transborda-veja-imagens\/\" \/>\n<meta property=\"og:locale\" content=\"pt_BR\" \/>\n<meta property=\"og:type\" content=\"article\" \/>\n<meta property=\"og:title\" content=\"Bel\u00e9m do Piau\u00ed | Ap\u00f3s 9 anos, Barragem do Caboclo transborda; veja imagens! - Portal NPM\" \/>\n<meta property=\"og:description\" content=\"O per\u00edodo chuvoso no sert\u00e3o do Piau\u00ed est\u00e1 transformando a paisagem dos munic\u00edpios e renovando a esperan\u00e7a da popula\u00e7\u00e3o, sobretudo, do homem do campo. Um dos exemplos \u00e9 Bel\u00e9m do Piau\u00ed, onde a barragem do Riacho do Padre, situada no povoado Caboclo, atingiu sua capacidade m\u00e1xima de ac\u00famulo de \u00e1gua e come\u00e7ou a transbordar na &hellip;\" \/>\n<meta property=\"og:url\" content=\"https:\/\/portalnpm.com\/index.php\/2020\/03\/27\/belem-do-piaui-apos-9-anos-barragem-do-caboclo-transborda-veja-imagens\/\" \/>\n<meta property=\"og:site_name\" content=\"Portal NPM\" \/>\n<meta property=\"article:published_time\" content=\"2020-03-27T23:40:58+00:00\" \/>\n<meta name=\"author\" content=\"Luis Alberto\" \/>\n<meta name=\"twitter:card\" content=\"summary_large_image\" \/>\n<meta name=\"twitter:label1\" content=\"Escrito por\" \/>\n\t<meta name=\"twitter:data1\" content=\"Luis Alberto\" \/>\n\t<meta name=\"twitter:label2\" content=\"Est. tempo de leitura\" \/>\n\t<meta name=\"twitter:data2\" content=\"1 minuto\" \/>\n<script type=\"application\/ld+json\" class=\"yoast-schema-graph\">{\"@context\":\"https:\/\/schema.org\",\"@graph\":[{\"@type\":\"WebPage\",\"@id\":\"https:\/\/portalnpm.com\/index.php\/2020\/03\/27\/belem-do-piaui-apos-9-anos-barragem-do-caboclo-transborda-veja-imagens\/\",\"url\":\"https:\/\/portalnpm.com\/index.php\/2020\/03\/27\/belem-do-piaui-apos-9-anos-barragem-do-caboclo-transborda-veja-imagens\/\",\"name\":\"Bel\u00e9m do Piau\u00ed | Ap\u00f3s 9 anos, Barragem do Caboclo transborda; veja imagens! - Portal NPM\",\"isPartOf\":{\"@id\":\"https:\/\/portalnpm.com\/#website\"},\"primaryImageOfPage\":{\"@id\":\"https:\/\/portalnpm.com\/index.php\/2020\/03\/27\/belem-do-piaui-apos-9-anos-barragem-do-caboclo-transborda-veja-imagens\/#primaryimage\"},\"image\":{\"@id\":\"https:\/\/portalnpm.com\/index.php\/2020\/03\/27\/belem-do-piaui-apos-9-anos-barragem-do-caboclo-transborda-veja-imagens\/#primaryimage\"},\"thumbnailUrl\":\"\",\"datePublished\":\"2020-03-27T23:40:58+00:00\",\"dateModified\":\"2020-03-27T23:40:58+00:00\",\"author\":{\"@id\":\"https:\/\/portalnpm.com\/#\/schema\/person\/5c8006acdf71774cd4e7a5ab98482152\"},\"breadcrumb\":{\"@id\":\"https:\/\/portalnpm.com\/index.php\/2020\/03\/27\/belem-do-piaui-apos-9-anos-barragem-do-caboclo-transborda-veja-imagens\/#breadcrumb\"},\"inLanguage\":\"pt-BR\",\"potentialAction\":[{\"@type\":\"ReadAction\",\"target\":[\"https:\/\/portalnpm.com\/index.php\/2020\/03\/27\/belem-do-piaui-apos-9-anos-barragem-do-caboclo-transborda-veja-imagens\/\"]}]},{\"@type\":\"ImageObject\",\"inLanguage\":\"pt-BR\",\"@id\":\"https:\/\/portalnpm.com\/index.php\/2020\/03\/27\/belem-do-piaui-apos-9-anos-barragem-do-caboclo-transborda-veja-imagens\/#primaryimage\",\"url\":\"\",\"contentUrl\":\"\"},{\"@type\":\"BreadcrumbList\",\"@id\":\"https:\/\/portalnpm.com\/index.php\/2020\/03\/27\/belem-do-piaui-apos-9-anos-barragem-do-caboclo-transborda-veja-imagens\/#breadcrumb\",\"itemListElement\":[{\"@type\":\"ListItem\",\"position\":1,\"name\":\"In\u00edcio\",\"item\":\"https:\/\/portalnpm.com\/\"},{\"@type\":\"ListItem\",\"position\":2,\"name\":\"Bel\u00e9m do Piau\u00ed | Ap\u00f3s 9 anos, Barragem do Caboclo transborda; veja imagens!\"}]},{\"@type\":\"WebSite\",\"@id\":\"https:\/\/portalnpm.com\/#website\",\"url\":\"https:\/\/portalnpm.com\/\",\"name\":\"Portal NPM\",\"description\":\"Not\u00edcias em Primeira M\u00e3o\",\"potentialAction\":[{\"@type\":\"SearchAction\",\"target\":{\"@type\":\"EntryPoint\",\"urlTemplate\":\"https:\/\/portalnpm.com\/?s={search_term_string}\"},\"query-input\":\"required name=search_term_string\"}],\"inLanguage\":\"pt-BR\"},{\"@type\":\"Person\",\"@id\":\"https:\/\/portalnpm.com\/#\/schema\/person\/5c8006acdf71774cd4e7a5ab98482152\",\"name\":\"Luis Alberto\",\"image\":{\"@type\":\"ImageObject\",\"inLanguage\":\"pt-BR\",\"@id\":\"https:\/\/portalnpm.com\/#\/schema\/person\/image\/\",\"url\":\"https:\/\/portalnpm.com\/wp-content\/uploads\/2024\/12\/avatar_user_3_1734699769-96x96.jpeg\",\"contentUrl\":\"https:\/\/portalnpm.com\/wp-content\/uploads\/2024\/12\/avatar_user_3_1734699769-96x96.jpeg\",\"caption\":\"Luis Alberto\"},\"description\":\"Editor-geral do Portal NPM, \u00e9 formado como T\u00e9cnico em Seguran\u00e7a do Trabalho pela Escola Metropolitana de Cursos T\u00e9cnicos. Det\u00e9m ainda licenciatura em Educa\u00e7\u00e3o F\u00edsica e bacharelado em Ci\u00eancias Pol\u00edticas, ambos obtidos pela institui\u00e7\u00e3o Anhanguera\/UNOPAR.\",\"url\":\"https:\/\/portalnpm.com\/index.php\/author\/pereira\/\"}]}<\/script>\n<!-- \/ Yoast SEO plugin. -->","yoast_head_json":{"title":"Bel\u00e9m do Piau\u00ed | Ap\u00f3s 9 anos, Barragem do Caboclo transborda; veja imagens! - Portal NPM","robots":{"index":"index","follow":"follow","max-snippet":"max-snippet:-1","max-image-preview":"max-image-preview:large","max-video-preview":"max-video-preview:-1"},"canonical":"https:\/\/portalnpm.com\/index.php\/2020\/03\/27\/belem-do-piaui-apos-9-anos-barragem-do-caboclo-transborda-veja-imagens\/","og_locale":"pt_BR","og_type":"article","og_title":"Bel\u00e9m do Piau\u00ed | Ap\u00f3s 9 anos, Barragem do Caboclo transborda; veja imagens! - Portal NPM","og_description":"O per\u00edodo chuvoso no sert\u00e3o do Piau\u00ed est\u00e1 transformando a paisagem dos munic\u00edpios e renovando a esperan\u00e7a da popula\u00e7\u00e3o, sobretudo, do homem do campo. Um dos exemplos \u00e9 Bel\u00e9m do Piau\u00ed, onde a barragem do Riacho do Padre, situada no povoado Caboclo, atingiu sua capacidade m\u00e1xima de ac\u00famulo de \u00e1gua e come\u00e7ou a transbordar na &hellip;","og_url":"https:\/\/portalnpm.com\/index.php\/2020\/03\/27\/belem-do-piaui-apos-9-anos-barragem-do-caboclo-transborda-veja-imagens\/","og_site_name":"Portal NPM","article_published_time":"2020-03-27T23:40:58+00:00","author":"Luis Alberto","twitter_card":"summary_large_image","twitter_misc":{"Escrito por":"Luis Alberto","Est. tempo de leitura":"1 minuto"},"schema":{"@context":"https:\/\/schema.org","@graph":[{"@type":"WebPage","@id":"https:\/\/portalnpm.com\/index.php\/2020\/03\/27\/belem-do-piaui-apos-9-anos-barragem-do-caboclo-transborda-veja-imagens\/","url":"https:\/\/portalnpm.com\/index.php\/2020\/03\/27\/belem-do-piaui-apos-9-anos-barragem-do-caboclo-transborda-veja-imagens\/","name":"Bel\u00e9m do Piau\u00ed | Ap\u00f3s 9 anos, Barragem do Caboclo transborda; veja imagens! - Portal NPM","isPartOf":{"@id":"https:\/\/portalnpm.com\/#website"},"primaryImageOfPage":{"@id":"https:\/\/portalnpm.com\/index.php\/2020\/03\/27\/belem-do-piaui-apos-9-anos-barragem-do-caboclo-transborda-veja-imagens\/#primaryimage"},"image":{"@id":"https:\/\/portalnpm.com\/index.php\/2020\/03\/27\/belem-do-piaui-apos-9-anos-barragem-do-caboclo-transborda-veja-imagens\/#primaryimage"},"thumbnailUrl":"","datePublished":"2020-03-27T23:40:58+00:00","dateModified":"2020-03-27T23:40:58+00:00","author":{"@id":"https:\/\/portalnpm.com\/#\/schema\/person\/5c8006acdf71774cd4e7a5ab98482152"},"breadcrumb":{"@id":"https:\/\/portalnpm.com\/index.php\/2020\/03\/27\/belem-do-piaui-apos-9-anos-barragem-do-caboclo-transborda-veja-imagens\/#breadcrumb"},"inLanguage":"pt-BR","potentialAction":[{"@type":"ReadAction","target":["https:\/\/portalnpm.com\/index.php\/2020\/03\/27\/belem-do-piaui-apos-9-anos-barragem-do-caboclo-transborda-veja-imagens\/"]}]},{"@type":"ImageObject","inLanguage":"pt-BR","@id":"https:\/\/portalnpm.com\/index.php\/2020\/03\/27\/belem-do-piaui-apos-9-anos-barragem-do-caboclo-transborda-veja-imagens\/#primaryimage","url":"","contentUrl":""},{"@type":"BreadcrumbList","@id":"https:\/\/portalnpm.com\/index.php\/2020\/03\/27\/belem-do-piaui-apos-9-anos-barragem-do-caboclo-transborda-veja-imagens\/#breadcrumb","itemListElement":[{"@type":"ListItem","position":1,"name":"In\u00edcio","item":"https:\/\/portalnpm.com\/"},{"@type":"ListItem","position":2,"name":"Bel\u00e9m do Piau\u00ed | Ap\u00f3s 9 anos, Barragem do Caboclo transborda; veja imagens!"}]},{"@type":"WebSite","@id":"https:\/\/portalnpm.com\/#website","url":"https:\/\/portalnpm.com\/","name":"Portal NPM","description":"Not\u00edcias em Primeira M\u00e3o","potentialAction":[{"@type":"SearchAction","target":{"@type":"EntryPoint","urlTemplate":"https:\/\/portalnpm.com\/?s={search_term_string}"},"query-input":"required name=search_term_string"}],"inLanguage":"pt-BR"},{"@type":"Person","@id":"https:\/\/portalnpm.com\/#\/schema\/person\/5c8006acdf71774cd4e7a5ab98482152","name":"Luis Alberto","image":{"@type":"ImageObject","inLanguage":"pt-BR","@id":"https:\/\/portalnpm.com\/#\/schema\/person\/image\/","url":"https:\/\/portalnpm.com\/wp-content\/uploads\/2024\/12\/avatar_user_3_1734699769-96x96.jpeg","contentUrl":"https:\/\/portalnpm.com\/wp-content\/uploads\/2024\/12\/avatar_user_3_1734699769-96x96.jpeg","caption":"Luis Alberto"},"description":"Editor-geral do Portal NPM, \u00e9 formado como T\u00e9cnico em Seguran\u00e7a do Trabalho pela Escola Metropolitana de Cursos T\u00e9cnicos. Det\u00e9m ainda licenciatura em Educa\u00e7\u00e3o F\u00edsica e bacharelado em Ci\u00eancias Pol\u00edticas, ambos obtidos pela institui\u00e7\u00e3o Anhanguera\/UNOPAR.","url":"https:\/\/portalnpm.com\/index.php\/author\/pereira\/"}]}},"jetpack_sharing_enabled":true,"jetpack_featured_media_url":"","_links":{"self":[{"href":"https:\/\/portalnpm.com\/index.php\/wp-json\/wp\/v2\/posts\/18815"}],"collection":[{"href":"https:\/\/portalnpm.com\/index.php\/wp-json\/wp\/v2\/posts"}],"about":[{"href":"https:\/\/portalnpm.com\/index.php\/wp-json\/wp\/v2\/types\/post"}],"author":[{"embeddable":true,"href":"https:\/\/portalnpm.com\/index.php\/wp-json\/wp\/v2\/users\/3"}],"replies":[{"embeddable":true,"href":"https:\/\/portalnpm.com\/index.php\/wp-json\/wp\/v2\/comments?post=18815"}],"version-history":[{"count":0,"href":"https:\/\/portalnpm.com\/index.php\/wp-json\/wp\/v2\/posts\/18815\/revisions"}],"wp:featuredmedia":[{"embeddable":true,"href":"https:\/\/portalnpm.com\/index.php\/wp-json\/"}],"wp:attachment":[{"href":"https:\/\/portalnpm.com\/index.php\/wp-json\/wp\/v2\/media?parent=18815"}],"wp:term":[{"taxonomy":"category","embeddable":true,"href":"https:\/\/portalnpm.com\/index.php\/wp-json\/wp\/v2\/categories?post=18815"},{"taxonomy":"post_tag","embeddable":true,"href":"https:\/\/portalnpm.com\/index.php\/wp-json\/wp\/v2\/tags?post=18815"}],"curies":[{"name":"wp","href":"https:\/\/api.w.org\/{rel}","templated":true}]}}